{"id":60623,"date":"2022-07-28T08:47:29","date_gmt":"2022-07-28T13:47:29","guid":{"rendered":"https:\/\/www.dev.nitu.mx\/?p=60623"},"modified":"2022-07-28T08:47:29","modified_gmt":"2022-07-28T13:47:29","slug":"hoteleros-de-cancun-reconocen-a-sus-empleados-destacados","status":"publish","type":"post","link":"https:\/\/nitu.mx\/index.php\/2022\/07\/28\/hoteleros-de-cancun-reconocen-a-sus-empleados-destacados\/","title":{"rendered":"Hoteleros de Canc\u00fan reconocen a sus empleados destacados"},"content":{"rendered":"<p>La Asociaci\u00f3n de Hoteles de Canc\u00fan, Puerto Morelos e Isla Mujeres que encabeza Jes\u00fas Almaguer, entreg\u00f3 reconocimientos al &#8220;Empleado Hotelero m\u00e1s Destacado&#8221; ante asociados y Miembros Aliados, en un evento que se realiz\u00f3 la primera edici\u00f3n de la premiaci\u00f3n.<\/p>\n<p>Los seleccionados fueron Marialena Ch\u00e1vez Maga\u00f1a del hotel Four Points by Sheraton Canc\u00fan Centro, William Bastarrachea Gonz\u00e1lez, de The Westin Lagunamar Ocean Resort Villas &amp; Spa de la Zona Hotelera de Canc\u00fan, Estrella Rej\u00f3n Vel\u00e1zquez de M\u00eda Reef Isla Mujeres y Jos\u00e9 Cen Ac del hotel Ocean Coral &amp; Turquesa Puerto Morelos.<\/p>\n<p>El evento se llev\u00f3 a cabo ante la presencia de consejeros y asociados, siendo muy emotivo ya que los ganadores estuvieron acompa\u00f1ados de sus gerentes generales, encargados de las \u00e1reas correspondientes y otros ejecutivos de sus hoteles, lo que reforz\u00f3 el reconocimiento a su dedicaci\u00f3n y empe\u00f1o.<\/p>\n<p>Con anterioridad se envi\u00f3 una convocatoria abierta a los hoteles asociados de los destinos Canc\u00fan, Puerto Morelos e Isla Mujeres presentando las bases de participaci\u00f3n para candidatos: desempe\u00f1o, antig\u00fcedad, casos de \u00e9xito, asistencia, actitud con colaboradores y clientes, recomendaciones en redes sociales.<\/p>\n<p>Los trabajadores reconocidos, tambi\u00e9n obtuvieron premios que consistieron en una tarjeta de regalo econ\u00f3mico para cada uno y un galard\u00f3n.<\/p>\n<p>\u201cUn proceso que nos entusiasma mucho, es el reconocer al empleado hotelero m\u00e1s destacado de cada uno de los destinos que representa esta Asociaci\u00f3n, a partir de hoy vamos a instaurar este reconocimiento entre nuestros empleados\u201d, expres\u00f3 Jes\u00fas Almaguer.<\/p>\n","protected":false},"excerpt":{"rendered":"<p>La Asociaci\u00f3n de Hoteles de Canc\u00fan, Puerto Morelos e Isla Mujeres que encabeza Jes\u00fas Almaguer, entreg\u00f3 reconocimientos al &#8220;Empleado Hotelero m\u00e1s Destacado&#8221; ante asociados y Miembros Aliados, en un evento que se realiz\u00f3 la primera edici\u00f3n de la premiaci\u00f3n. Los seleccionados fueron Marialena Ch\u00e1vez Maga\u00f1a del hotel Four Points by Sheraton Canc\u00fan Centro, William Bastarrachea [&hellip;]<\/p>\n","protected":false},"author":2,"featured_media":60628,"comment_status":"open","ping_status":"open","sticky":false,"template":"","format":"standard","meta":{"footnotes":""},"categories":[2],"tags":[19729,91],"yoast_head":"<!-- This site is optimized with the Yoast SEO plugin v22.2 - https:\/\/yoast.com\/wordpress\/plugins\/seo\/ -->\n<title>Hoteleros de Canc\u00fan reconocen a sus empleados destacados - Nitu - Noticias de la Industria Turistica<\/title>\n<meta name=\"robots\" content=\"index, follow, max-snippet:-1, max-image-preview:large, max-video-preview:-1\" \/>\n<link rel=\"canonical\" href=\"https:\/\/nitu.mx\/index.php\/2022\/07\/28\/hoteleros-de-cancun-reconocen-a-sus-empleados-destacados\/\" \/>\n<meta name=\"twitter:card\" content=\"summary_large_image\" \/>\n<meta name=\"twitter:title\" content=\"Hoteleros de Canc\u00fan reconocen a sus empleados destacados - Nitu - Noticias de la Industria Turistica\" \/>\n<meta name=\"twitter:description\" content=\"La Asociaci\u00f3n de Hoteles de Canc\u00fan, Puerto Morelos e Isla Mujeres que encabeza Jes\u00fas Almaguer, entreg\u00f3 reconocimientos al &#8220;Empleado Hotelero m\u00e1s Destacado&#8221; ante asociados y Miembros Aliados, en un evento que se realiz\u00f3 la primera edici\u00f3n de la premiaci\u00f3n. Los seleccionados fueron Marialena Ch\u00e1vez Maga\u00f1a del hotel Four Points by Sheraton Canc\u00fan Centro, William Bastarrachea [&hellip;]\" \/>\n<meta name=\"twitter:image\" content=\"https:\/\/nitu.mx\/wp-content\/uploads\/2022\/07\/7C711252-C6C5-4F7C-915D-2D2936D1990C.jpeg\" \/>\n<meta name=\"twitter:creator\" content=\"@Arturo_Medina_G\" \/>\n<meta name=\"twitter:site\" content=\"@Arturo_Medina_G\" \/>\n<meta name=\"twitter:label1\" content=\"Escrito por\" \/>\n\t<meta name=\"twitter:data1\" content=\"Arturo Medina\" \/>\n\t<meta name=\"twitter:label2\" content=\"Tiempo de lectura\" \/>\n\t<meta name=\"twitter:data2\" content=\"1 minuto\" \/>\n<script type=\"application\/ld+json\" class=\"yoast-schema-graph\">{\"@context\":\"https:\/\/schema.org\",\"@graph\":[{\"@type\":\"Article\",\"@id\":\"https:\/\/nitu.mx\/index.php\/2022\/07\/28\/hoteleros-de-cancun-reconocen-a-sus-empleados-destacados\/#article\",\"isPartOf\":{\"@id\":\"https:\/\/nitu.mx\/index.php\/2022\/07\/28\/hoteleros-de-cancun-reconocen-a-sus-empleados-destacados\/\"},\"author\":{\"name\":\"Arturo Medina\",\"@id\":\"https:\/\/nitu.mx\/#\/schema\/person\/ae7a53426417292d3dd07b45a33e01bc\"},\"headline\":\"Hoteleros de Canc\u00fan reconocen a sus empleados destacados\",\"datePublished\":\"2022-07-28T13:47:29+00:00\",\"dateModified\":\"2022-07-28T13:47:29+00:00\",\"mainEntityOfPage\":{\"@id\":\"https:\/\/nitu.mx\/index.php\/2022\/07\/28\/hoteleros-de-cancun-reconocen-a-sus-empleados-destacados\/\"},\"wordCount\":275,\"commentCount\":0,\"publisher\":{\"@id\":\"https:\/\/nitu.mx\/#\/schema\/person\/ae7a53426417292d3dd07b45a33e01bc\"},\"image\":{\"@id\":\"https:\/\/nitu.mx\/index.php\/2022\/07\/28\/hoteleros-de-cancun-reconocen-a-sus-empleados-destacados\/#primaryimage\"},\"thumbnailUrl\":\"https:\/\/nitu.mx\/wp-content\/uploads\/2022\/07\/7C711252-C6C5-4F7C-915D-2D2936D1990C.jpeg\",\"keywords\":[\"Asociaci\u00f3n de Hoteles de Canc\u00fan Puerto Morelos &amp; Isla Mujeres\",\"Jes\u00fas Almaguer Salazar\"],\"articleSection\":[\"Hoteles\"],\"inLanguage\":\"es-MX\",\"potentialAction\":[{\"@type\":\"CommentAction\",\"name\":\"Comment\",\"target\":[\"https:\/\/nitu.mx\/index.php\/2022\/07\/28\/hoteleros-de-cancun-reconocen-a-sus-empleados-destacados\/#respond\"]}]},{\"@type\":\"WebPage\",\"@id\":\"https:\/\/nitu.mx\/index.php\/2022\/07\/28\/hoteleros-de-cancun-reconocen-a-sus-empleados-destacados\/\",\"url\":\"https:\/\/nitu.mx\/index.php\/2022\/07\/28\/hoteleros-de-cancun-reconocen-a-sus-empleados-destacados\/\",\"name\":\"Hoteleros de Canc\u00fan reconocen a sus empleados destacados - Nitu - Noticias de la Industria Turistica\",\"isPartOf\":{\"@id\":\"https:\/\/nitu.mx\/#website\"},\"primaryImageOfPage\":{\"@id\":\"https:\/\/nitu.mx\/index.php\/2022\/07\/28\/hoteleros-de-cancun-reconocen-a-sus-empleados-destacados\/#primaryimage\"},\"image\":{\"@id\":\"https:\/\/nitu.mx\/index.php\/2022\/07\/28\/hoteleros-de-cancun-reconocen-a-sus-empleados-destacados\/#primaryimage\"},\"thumbnailUrl\":\"https:\/\/nitu.mx\/wp-content\/uploads\/2022\/07\/7C711252-C6C5-4F7C-915D-2D2936D1990C.jpeg\",\"datePublished\":\"2022-07-28T13:47:29+00:00\",\"dateModified\":\"2022-07-28T13:47:29+00:00\",\"breadcrumb\":{\"@id\":\"https:\/\/nitu.mx\/index.php\/2022\/07\/28\/hoteleros-de-cancun-reconocen-a-sus-empleados-destacados\/#breadcrumb\"},\"inLanguage\":\"es-MX\",\"potentialAction\":[{\"@type\":\"ReadAction\",\"target\":[\"https:\/\/nitu.mx\/index.php\/2022\/07\/28\/hoteleros-de-cancun-reconocen-a-sus-empleados-destacados\/\"]}]},{\"@type\":\"ImageObject\",\"inLanguage\":\"es-MX\",\"@id\":\"https:\/\/nitu.mx\/index.php\/2022\/07\/28\/hoteleros-de-cancun-reconocen-a-sus-empleados-destacados\/#primaryimage\",\"url\":\"https:\/\/nitu.mx\/wp-content\/uploads\/2022\/07\/7C711252-C6C5-4F7C-915D-2D2936D1990C.jpeg\",\"contentUrl\":\"https:\/\/nitu.mx\/wp-content\/uploads\/2022\/07\/7C711252-C6C5-4F7C-915D-2D2936D1990C.jpeg\",\"width\":1280,\"height\":958},{\"@type\":\"BreadcrumbList\",\"@id\":\"https:\/\/nitu.mx\/index.php\/2022\/07\/28\/hoteleros-de-cancun-reconocen-a-sus-empleados-destacados\/#breadcrumb\",\"itemListElement\":[{\"@type\":\"ListItem\",\"position\":1,\"name\":\"Inicio\",\"item\":\"https:\/\/nitu.mx\/\"},{\"@type\":\"ListItem\",\"position\":2,\"name\":\"Hoteleros de Canc\u00fan reconocen a sus empleados destacados\"}]},{\"@type\":\"WebSite\",\"@id\":\"https:\/\/nitu.mx\/#website\",\"url\":\"https:\/\/nitu.mx\/\",\"name\":\"Nitu - Noticias de la Industria Turistica\",\"description\":\"Noticias de la Industria Turistica\",\"publisher\":{\"@id\":\"https:\/\/nitu.mx\/#\/schema\/person\/ae7a53426417292d3dd07b45a33e01bc\"},\"alternateName\":\"Noticias de la Industria Turistica\",\"potentialAction\":[{\"@type\":\"SearchAction\",\"target\":{\"@type\":\"EntryPoint\",\"urlTemplate\":\"https:\/\/nitu.mx\/?s={search_term_string}\"},\"query-input\":\"required name=search_term_string\"}],\"inLanguage\":\"es-MX\"},{\"@type\":[\"Person\",\"Organization\"],\"@id\":\"https:\/\/nitu.mx\/#\/schema\/person\/ae7a53426417292d3dd07b45a33e01bc\",\"name\":\"Arturo Medina\",\"image\":{\"@type\":\"ImageObject\",\"inLanguage\":\"es-MX\",\"@id\":\"https:\/\/nitu.mx\/#\/schema\/person\/image\/\",\"url\":\"https:\/\/nitu.mx\/wp-content\/uploads\/2024\/04\/4A315622-1904-4D5C-B022-878CDC840E04-90x90-1.jpeg\",\"contentUrl\":\"https:\/\/nitu.mx\/wp-content\/uploads\/2024\/04\/4A315622-1904-4D5C-B022-878CDC840E04-90x90-1.jpeg\",\"width\":90,\"height\":90,\"caption\":\"Arturo Medina\"},\"logo\":{\"@id\":\"https:\/\/nitu.mx\/#\/schema\/person\/image\/\"},\"description\":\"Director NITU.mx, Egresado de la Escuela de Periodismo Carlos Septi\u00e9n Garc\u00eda. Periodista y analista especializado en turismo desde hace 35 a\u00f1os, radicado en Canc\u00fan Q.Roo. arturo@nitu.mx\",\"sameAs\":[\"https:\/\/nitu.mx\",\"https:\/\/www.facebook.com\/NITUmx\/\",\"medinacancun\",\"https:\/\/twitter.com\/@Arturo_Medina_G\"],\"url\":\"https:\/\/nitu.mx\/index.php\/author\/arturo-medina\/\"}]}<\/script>\n<!-- \/ Yoast SEO plugin. -->","yoast_head_json":{"title":"Hoteleros de Canc\u00fan reconocen a sus empleados destacados - Nitu - Noticias de la Industria Turistica","robots":{"index":"index","follow":"follow","max-snippet":"max-snippet:-1","max-image-preview":"max-image-preview:large","max-video-preview":"max-video-preview:-1"},"canonical":"https:\/\/nitu.mx\/index.php\/2022\/07\/28\/hoteleros-de-cancun-reconocen-a-sus-empleados-destacados\/","twitter_card":"summary_large_image","twitter_title":"Hoteleros de Canc\u00fan reconocen a sus empleados destacados - Nitu - Noticias de la Industria Turistica","twitter_description":"La Asociaci\u00f3n de Hoteles de Canc\u00fan, Puerto Morelos e Isla Mujeres que encabeza Jes\u00fas Almaguer, entreg\u00f3 reconocimientos al &#8220;Empleado Hotelero m\u00e1s Destacado&#8221; ante asociados y Miembros Aliados, en un evento que se realiz\u00f3 la primera edici\u00f3n de la premiaci\u00f3n. Los seleccionados fueron Marialena Ch\u00e1vez Maga\u00f1a del hotel Four Points by Sheraton Canc\u00fan Centro, William Bastarrachea [&hellip;]","twitter_image":"https:\/\/nitu.mx\/wp-content\/uploads\/2022\/07\/7C711252-C6C5-4F7C-915D-2D2936D1990C.jpeg","twitter_creator":"@Arturo_Medina_G","twitter_site":"@Arturo_Medina_G","twitter_misc":{"Escrito por":"Arturo Medina","Tiempo de lectura":"1 minuto"},"schema":{"@context":"https:\/\/schema.org","@graph":[{"@type":"Article","@id":"https:\/\/nitu.mx\/index.php\/2022\/07\/28\/hoteleros-de-cancun-reconocen-a-sus-empleados-destacados\/#article","isPartOf":{"@id":"https:\/\/nitu.mx\/index.php\/2022\/07\/28\/hoteleros-de-cancun-reconocen-a-sus-empleados-destacados\/"},"author":{"name":"Arturo Medina","@id":"https:\/\/nitu.mx\/#\/schema\/person\/ae7a53426417292d3dd07b45a33e01bc"},"headline":"Hoteleros de Canc\u00fan reconocen a sus empleados destacados","datePublished":"2022-07-28T13:47:29+00:00","dateModified":"2022-07-28T13:47:29+00:00","mainEntityOfPage":{"@id":"https:\/\/nitu.mx\/index.php\/2022\/07\/28\/hoteleros-de-cancun-reconocen-a-sus-empleados-destacados\/"},"wordCount":275,"commentCount":0,"publisher":{"@id":"https:\/\/nitu.mx\/#\/schema\/person\/ae7a53426417292d3dd07b45a33e01bc"},"image":{"@id":"https:\/\/nitu.mx\/index.php\/2022\/07\/28\/hoteleros-de-cancun-reconocen-a-sus-empleados-destacados\/#primaryimage"},"thumbnailUrl":"https:\/\/nitu.mx\/wp-content\/uploads\/2022\/07\/7C711252-C6C5-4F7C-915D-2D2936D1990C.jpeg","keywords":["Asociaci\u00f3n de Hoteles de Canc\u00fan Puerto Morelos &amp; Isla Mujeres","Jes\u00fas Almaguer Salazar"],"articleSection":["Hoteles"],"inLanguage":"es-MX","potentialAction":[{"@type":"CommentAction","name":"Comment","target":["https:\/\/nitu.mx\/index.php\/2022\/07\/28\/hoteleros-de-cancun-reconocen-a-sus-empleados-destacados\/#respond"]}]},{"@type":"WebPage","@id":"https:\/\/nitu.mx\/index.php\/2022\/07\/28\/hoteleros-de-cancun-reconocen-a-sus-empleados-destacados\/","url":"https:\/\/nitu.mx\/index.php\/2022\/07\/28\/hoteleros-de-cancun-reconocen-a-sus-empleados-destacados\/","name":"Hoteleros de Canc\u00fan reconocen a sus empleados destacados - Nitu - Noticias de la Industria Turistica","isPartOf":{"@id":"https:\/\/nitu.mx\/#website"},"primaryImageOfPage":{"@id":"https:\/\/nitu.mx\/index.php\/2022\/07\/28\/hoteleros-de-cancun-reconocen-a-sus-empleados-destacados\/#primaryimage"},"image":{"@id":"https:\/\/nitu.mx\/index.php\/2022\/07\/28\/hoteleros-de-cancun-reconocen-a-sus-empleados-destacados\/#primaryimage"},"thumbnailUrl":"https:\/\/nitu.mx\/wp-content\/uploads\/2022\/07\/7C711252-C6C5-4F7C-915D-2D2936D1990C.jpeg","datePublished":"2022-07-28T13:47:29+00:00","dateModified":"2022-07-28T13:47:29+00:00","breadcrumb":{"@id":"https:\/\/nitu.mx\/index.php\/2022\/07\/28\/hoteleros-de-cancun-reconocen-a-sus-empleados-destacados\/#breadcrumb"},"inLanguage":"es-MX","potentialAction":[{"@type":"ReadAction","target":["https:\/\/nitu.mx\/index.php\/2022\/07\/28\/hoteleros-de-cancun-reconocen-a-sus-empleados-destacados\/"]}]},{"@type":"ImageObject","inLanguage":"es-MX","@id":"https:\/\/nitu.mx\/index.php\/2022\/07\/28\/hoteleros-de-cancun-reconocen-a-sus-empleados-destacados\/#primaryimage","url":"https:\/\/nitu.mx\/wp-content\/uploads\/2022\/07\/7C711252-C6C5-4F7C-915D-2D2936D1990C.jpeg","contentUrl":"https:\/\/nitu.mx\/wp-content\/uploads\/2022\/07\/7C711252-C6C5-4F7C-915D-2D2936D1990C.jpeg","width":1280,"height":958},{"@type":"BreadcrumbList","@id":"https:\/\/nitu.mx\/index.php\/2022\/07\/28\/hoteleros-de-cancun-reconocen-a-sus-empleados-destacados\/#breadcrumb","itemListElement":[{"@type":"ListItem","position":1,"name":"Inicio","item":"https:\/\/nitu.mx\/"},{"@type":"ListItem","position":2,"name":"Hoteleros de Canc\u00fan reconocen a sus empleados destacados"}]},{"@type":"WebSite","@id":"https:\/\/nitu.mx\/#website","url":"https:\/\/nitu.mx\/","name":"Nitu - Noticias de la Industria Turistica","description":"Noticias de la Industria Turistica","publisher":{"@id":"https:\/\/nitu.mx\/#\/schema\/person\/ae7a53426417292d3dd07b45a33e01bc"},"alternateName":"Noticias de la Industria Turistica","potentialAction":[{"@type":"SearchAction","target":{"@type":"EntryPoint","urlTemplate":"https:\/\/nitu.mx\/?s={search_term_string}"},"query-input":"required name=search_term_string"}],"inLanguage":"es-MX"},{"@type":["Person","Organization"],"@id":"https:\/\/nitu.mx\/#\/schema\/person\/ae7a53426417292d3dd07b45a33e01bc","name":"Arturo Medina","image":{"@type":"ImageObject","inLanguage":"es-MX","@id":"https:\/\/nitu.mx\/#\/schema\/person\/image\/","url":"https:\/\/nitu.mx\/wp-content\/uploads\/2024\/04\/4A315622-1904-4D5C-B022-878CDC840E04-90x90-1.jpeg","contentUrl":"https:\/\/nitu.mx\/wp-content\/uploads\/2024\/04\/4A315622-1904-4D5C-B022-878CDC840E04-90x90-1.jpeg","width":90,"height":90,"caption":"Arturo Medina"},"logo":{"@id":"https:\/\/nitu.mx\/#\/schema\/person\/image\/"},"description":"Director NITU.mx, Egresado de la Escuela de Periodismo Carlos Septi\u00e9n Garc\u00eda. Periodista y analista especializado en turismo desde hace 35 a\u00f1os, radicado en Canc\u00fan Q.Roo. arturo@nitu.mx","sameAs":["https:\/\/nitu.mx","https:\/\/www.facebook.com\/NITUmx\/","medinacancun","https:\/\/twitter.com\/@Arturo_Medina_G"],"url":"https:\/\/nitu.mx\/index.php\/author\/arturo-medina\/"}]}},"views":329,"_links":{"self":[{"href":"https:\/\/nitu.mx\/index.php\/wp-json\/wp\/v2\/posts\/60623"}],"collection":[{"href":"https:\/\/nitu.mx\/index.php\/wp-json\/wp\/v2\/posts"}],"about":[{"href":"https:\/\/nitu.mx\/index.php\/wp-json\/wp\/v2\/types\/post"}],"author":[{"embeddable":true,"href":"https:\/\/nitu.mx\/index.php\/wp-json\/wp\/v2\/users\/2"}],"replies":[{"embeddable":true,"href":"https:\/\/nitu.mx\/index.php\/wp-json\/wp\/v2\/comments?post=60623"}],"version-history":[{"count":4,"href":"https:\/\/nitu.mx\/index.php\/wp-json\/wp\/v2\/posts\/60623\/revisions"}],"predecessor-version":[{"id":60627,"href":"https:\/\/nitu.mx\/index.php\/wp-json\/wp\/v2\/posts\/60623\/revisions\/60627"}],"wp:featuredmedia":[{"embeddable":true,"href":"https:\/\/nitu.mx\/index.php\/wp-json\/wp\/v2\/media\/60628"}],"wp:attachment":[{"href":"https:\/\/nitu.mx\/index.php\/wp-json\/wp\/v2\/media?parent=60623"}],"wp:term":[{"taxonomy":"category","embeddable":true,"href":"https:\/\/nitu.mx\/index.php\/wp-json\/wp\/v2\/categories?post=60623"},{"taxonomy":"post_tag","embeddable":true,"href":"https:\/\/nitu.mx\/index.php\/wp-json\/wp\/v2\/tags?post=60623"}],"curies":[{"name":"wp","href":"https:\/\/api.w.org\/{rel}","templated":true}]}}