{"id":60617,"date":"2022-07-27T23:39:56","date_gmt":"2022-07-28T04:39:56","guid":{"rendered":"https:\/\/www.dev.nitu.mx\/?p=60617"},"modified":"2022-07-28T00:29:35","modified_gmt":"2022-07-28T05:29:35","slug":"volaris-reanudara-su-ruta-exclusiva-de-guanajuato-a-merida","status":"publish","type":"post","link":"https:\/\/nitu.mx\/index.php\/2022\/07\/27\/volaris-reanudara-su-ruta-exclusiva-de-guanajuato-a-merida\/","title":{"rendered":"Volaris reanudar\u00e1 su ruta exclusiva de Guanajuato a M\u00e9rida"},"content":{"rendered":"<p>Volaris anunci\u00f3 el inicio de venta para la reapertura de la ruta que conecta a Guanajuato con M\u00e9rida, que iniciar\u00e1 operaciones a partir del 18 de noviembre 2022.<\/p>\n<p>De acuerdo con la Secretar\u00eda de Fomento Tur\u00edstico de Yucat\u00e1n (Sefotur), durante mayo de 2022, M\u00e9rida concentr\u00f3 casi el 79 por ciento del total de visitantes con pernocta en la entidad. Actualmente, est\u00e1 dentro de los 10 destinos mexicanos con mayor remuneraci\u00f3n por turismo, subiendo la aportaci\u00f3n del sector al PIB estatal por encima del 11 por ciento.<\/p>\n<p>Con esta reapertura, Volaris se consolida como la aerol\u00ednea que ofrece mayor n\u00famero de asientos y rutas desde el Baj\u00edo: 12 en el Aeropuerto Internacional de Guanajuato (BJX) y seis en el Aeropuerto Internacional de M\u00e9rida (MID).<\/p>\n<p>Omar Carrera, director Comercial de Volaris, se\u00f1al\u00f3: \u201cEsta conexi\u00f3n les permitir\u00e1 a m\u00e1s personas viajar desde Guanajuato, una de las ciudades m\u00e1s importantes del pa\u00eds para quienes visitan amigos y familiares, a uno de los destinos de turismo y negocios con m\u00e1s crecimiento durante el \u00faltimo a\u00f1o.\u00a0Y reducir\u00e1 el tiempo de traslado en autob\u00fas, al pasar de 28 horas de camino a solo 2 horas de vuelo\u201d.<\/p>\n<p>La ruta operar\u00e1 con dos frecuencias semanales los lunes y viernes, y ofrecer\u00e1 tarifas desde los 699 pesos en vuelo sencillo e impuestos incluidos, en los siguientes itinerarios:<\/p>\n<p style=\"font-weight: 400;\"><strong>Saliendo de Guanajuato<\/strong>\u00a0a las 13:12 hrs., llegando a M\u00e9rida a las 15:16 hrs.<\/p>\n<p style=\"font-weight: 400;\"><strong>Saliendo de M\u00e9rida<\/strong>\u00a0a las 10:23 hrs., llegando a Guanajuato a las 12:37 hrs.<\/p>\n<p>Por su parte, Michelle Fridman Hirsch, titular de Sefotur, destac\u00f3 la importancia de esta ruta, con la que Yucat\u00e1n estar\u00e1 reconectado no s\u00f3lo con Guanajuato, sino con todo el Baj\u00edo y zona centro del pa\u00eds, como Aguascalientes, San Luis Potos\u00ed y otros estados aleda\u00f1os que concentran cerca del 40 por ciento de la poblaci\u00f3n en un per\u00edmetro colindante al aeropuerto.<\/p>\n<p>\u201cEstamos muy contentos de restablecer una de las rutas indispensables para la recuperaci\u00f3n de los indicadores prepandemia, y que nos conectar\u00e1 con el Baj\u00edo, donde podremos trabajar de la mano con Volaris y el gobierno de Guanajuato para fortalecer la promoci\u00f3n conjunta\u201d, finaliz\u00f3.<\/p>\n<p>Con esta reactivaci\u00f3n, Volaris reafirma su compromiso con el crecimiento del turismo en Guanajuato y M\u00e9rida, donde aterriz\u00f3 por primera vez durante 2006 y 2007, respectivamente, y ha transportado de manera conjunta a m\u00e1s de 11 millones de pasajeros.\u00a0<a title=\"Asume Volaris p\u00e9rdida de 49 millones abril-junio por el costo del combustible\" href=\"https:\/\/www.dev.nitu.mx\/index.php\/2022\/07\/22\/asume-volaris-perdida-de-49-millones-abril-junio-por-el-costo-del-combustible\/\" rel=\"bookmark\">(Asume Volaris p\u00e9rdida de 49 millones abril-junio por el costo del combustible<\/a>).<\/p>\n","protected":false},"excerpt":{"rendered":"<p>Volaris anunci\u00f3 el inicio de venta para la reapertura de la ruta que conecta a Guanajuato con M\u00e9rida, que iniciar\u00e1 operaciones a partir del 18 de noviembre 2022. De acuerdo con la Secretar\u00eda de Fomento Tur\u00edstico de Yucat\u00e1n (Sefotur), durante mayo de 2022, M\u00e9rida concentr\u00f3 casi el 79 por ciento del total de visitantes con [&hellip;]<\/p>\n","protected":false},"author":17,"featured_media":7069,"comment_status":"open","ping_status":"open","sticky":false,"template":"","format":"standard","meta":{"footnotes":""},"categories":[29],"tags":[511,301,12599,22860,131],"yoast_head":"<!-- This site is optimized with the Yoast SEO plugin v22.2 - https:\/\/yoast.com\/wordpress\/plugins\/seo\/ -->\n<title>Volaris reanudar\u00e1 su ruta exclusiva de Guanajuato a M\u00e9rida - Nitu - Noticias de la Industria Turistica<\/title>\n<meta name=\"robots\" content=\"index, follow, max-snippet:-1, max-image-preview:large, max-video-preview:-1\" \/>\n<link rel=\"canonical\" href=\"https:\/\/nitu.mx\/index.php\/2022\/07\/27\/volaris-reanudara-su-ruta-exclusiva-de-guanajuato-a-merida\/\" \/>\n<meta name=\"twitter:card\" content=\"summary_large_image\" \/>\n<meta name=\"twitter:title\" content=\"Volaris reanudar\u00e1 su ruta exclusiva de Guanajuato a M\u00e9rida - Nitu - Noticias de la Industria Turistica\" \/>\n<meta name=\"twitter:description\" content=\"Volaris anunci\u00f3 el inicio de venta para la reapertura de la ruta que conecta a Guanajuato con M\u00e9rida, que iniciar\u00e1 operaciones a partir del 18 de noviembre 2022. De acuerdo con la Secretar\u00eda de Fomento Tur\u00edstico de Yucat\u00e1n (Sefotur), durante mayo de 2022, M\u00e9rida concentr\u00f3 casi el 79 por ciento del total de visitantes con [&hellip;]\" \/>\n<meta name=\"twitter:image\" content=\"https:\/\/nitu.mx\/wp-content\/uploads\/2017\/02\/Volaris-Chicago.jpg\" \/>\n<meta name=\"twitter:creator\" content=\"@NITUmx\" \/>\n<meta name=\"twitter:site\" content=\"@Arturo_Medina_G\" \/>\n<meta name=\"twitter:label1\" content=\"Escrito por\" \/>\n\t<meta name=\"twitter:data1\" content=\"Redacci\u00f3n\" \/>\n\t<meta name=\"twitter:label2\" content=\"Tiempo de lectura\" \/>\n\t<meta name=\"twitter:data2\" content=\"2 minutos\" \/>\n<script type=\"application\/ld+json\" class=\"yoast-schema-graph\">{\"@context\":\"https:\/\/schema.org\",\"@graph\":[{\"@type\":\"Article\",\"@id\":\"https:\/\/nitu.mx\/index.php\/2022\/07\/27\/volaris-reanudara-su-ruta-exclusiva-de-guanajuato-a-merida\/#article\",\"isPartOf\":{\"@id\":\"https:\/\/nitu.mx\/index.php\/2022\/07\/27\/volaris-reanudara-su-ruta-exclusiva-de-guanajuato-a-merida\/\"},\"author\":{\"name\":\"Redacci\u00f3n\",\"@id\":\"https:\/\/nitu.mx\/#\/schema\/person\/4a28fe9bd65924f7c90623773daf1b0b\"},\"headline\":\"Volaris reanudar\u00e1 su ruta exclusiva de Guanajuato a M\u00e9rida\",\"datePublished\":\"2022-07-28T04:39:56+00:00\",\"dateModified\":\"2022-07-28T05:29:35+00:00\",\"mainEntityOfPage\":{\"@id\":\"https:\/\/nitu.mx\/index.php\/2022\/07\/27\/volaris-reanudara-su-ruta-exclusiva-de-guanajuato-a-merida\/\"},\"wordCount\":427,\"commentCount\":0,\"publisher\":{\"@id\":\"https:\/\/nitu.mx\/#\/schema\/person\/ae7a53426417292d3dd07b45a33e01bc\"},\"image\":{\"@id\":\"https:\/\/nitu.mx\/index.php\/2022\/07\/27\/volaris-reanudara-su-ruta-exclusiva-de-guanajuato-a-merida\/#primaryimage\"},\"thumbnailUrl\":\"https:\/\/nitu.mx\/wp-content\/uploads\/2017\/02\/Volaris-Chicago.jpg\",\"keywords\":[\"Guanajuato\",\"M\u00e9rida\",\"Michelle Fridman\",\"Omar Carrera\",\"Volaris\"],\"articleSection\":[\"Aerol\u00edneas\"],\"inLanguage\":\"es-MX\",\"potentialAction\":[{\"@type\":\"CommentAction\",\"name\":\"Comment\",\"target\":[\"https:\/\/nitu.mx\/index.php\/2022\/07\/27\/volaris-reanudara-su-ruta-exclusiva-de-guanajuato-a-merida\/#respond\"]}]},{\"@type\":\"WebPage\",\"@id\":\"https:\/\/nitu.mx\/index.php\/2022\/07\/27\/volaris-reanudara-su-ruta-exclusiva-de-guanajuato-a-merida\/\",\"url\":\"https:\/\/nitu.mx\/index.php\/2022\/07\/27\/volaris-reanudara-su-ruta-exclusiva-de-guanajuato-a-merida\/\",\"name\":\"Volaris reanudar\u00e1 su ruta exclusiva de Guanajuato a M\u00e9rida - Nitu - Noticias de la Industria Turistica\",\"isPartOf\":{\"@id\":\"https:\/\/nitu.mx\/#website\"},\"primaryImageOfPage\":{\"@id\":\"https:\/\/nitu.mx\/index.php\/2022\/07\/27\/volaris-reanudara-su-ruta-exclusiva-de-guanajuato-a-merida\/#primaryimage\"},\"image\":{\"@id\":\"https:\/\/nitu.mx\/index.php\/2022\/07\/27\/volaris-reanudara-su-ruta-exclusiva-de-guanajuato-a-merida\/#primaryimage\"},\"thumbnailUrl\":\"https:\/\/nitu.mx\/wp-content\/uploads\/2017\/02\/Volaris-Chicago.jpg\",\"datePublished\":\"2022-07-28T04:39:56+00:00\",\"dateModified\":\"2022-07-28T05:29:35+00:00\",\"breadcrumb\":{\"@id\":\"https:\/\/nitu.mx\/index.php\/2022\/07\/27\/volaris-reanudara-su-ruta-exclusiva-de-guanajuato-a-merida\/#breadcrumb\"},\"inLanguage\":\"es-MX\",\"potentialAction\":[{\"@type\":\"ReadAction\",\"target\":[\"https:\/\/nitu.mx\/index.php\/2022\/07\/27\/volaris-reanudara-su-ruta-exclusiva-de-guanajuato-a-merida\/\"]}]},{\"@type\":\"ImageObject\",\"inLanguage\":\"es-MX\",\"@id\":\"https:\/\/nitu.mx\/index.php\/2022\/07\/27\/volaris-reanudara-su-ruta-exclusiva-de-guanajuato-a-merida\/#primaryimage\",\"url\":\"https:\/\/nitu.mx\/wp-content\/uploads\/2017\/02\/Volaris-Chicago.jpg\",\"contentUrl\":\"https:\/\/nitu.mx\/wp-content\/uploads\/2017\/02\/Volaris-Chicago.jpg\",\"width\":850,\"height\":480,\"caption\":\"Volaris\"},{\"@type\":\"BreadcrumbList\",\"@id\":\"https:\/\/nitu.mx\/index.php\/2022\/07\/27\/volaris-reanudara-su-ruta-exclusiva-de-guanajuato-a-merida\/#breadcrumb\",\"itemListElement\":[{\"@type\":\"ListItem\",\"position\":1,\"name\":\"Inicio\",\"item\":\"https:\/\/nitu.mx\/\"},{\"@type\":\"ListItem\",\"position\":2,\"name\":\"Volaris reanudar\u00e1 su ruta exclusiva de Guanajuato a M\u00e9rida\"}]},{\"@type\":\"WebSite\",\"@id\":\"https:\/\/nitu.mx\/#website\",\"url\":\"https:\/\/nitu.mx\/\",\"name\":\"Nitu - Noticias de la Industria Turistica\",\"description\":\"Noticias de la Industria Turistica\",\"publisher\":{\"@id\":\"https:\/\/nitu.mx\/#\/schema\/person\/ae7a53426417292d3dd07b45a33e01bc\"},\"alternateName\":\"Noticias de la Industria Turistica\",\"potentialAction\":[{\"@type\":\"SearchAction\",\"target\":{\"@type\":\"EntryPoint\",\"urlTemplate\":\"https:\/\/nitu.mx\/?s={search_term_string}\"},\"query-input\":\"required name=search_term_string\"}],\"inLanguage\":\"es-MX\"},{\"@type\":[\"Person\",\"Organization\"],\"@id\":\"https:\/\/nitu.mx\/#\/schema\/person\/ae7a53426417292d3dd07b45a33e01bc\",\"name\":\"Arturo Medina\",\"image\":{\"@type\":\"ImageObject\",\"inLanguage\":\"es-MX\",\"@id\":\"https:\/\/nitu.mx\/#\/schema\/person\/image\/\",\"url\":\"https:\/\/nitu.mx\/wp-content\/uploads\/2024\/04\/4A315622-1904-4D5C-B022-878CDC840E04-90x90-1.jpeg\",\"contentUrl\":\"https:\/\/nitu.mx\/wp-content\/uploads\/2024\/04\/4A315622-1904-4D5C-B022-878CDC840E04-90x90-1.jpeg\",\"width\":90,\"height\":90,\"caption\":\"Arturo Medina\"},\"logo\":{\"@id\":\"https:\/\/nitu.mx\/#\/schema\/person\/image\/\"},\"description\":\"Director NITU.mx, Egresado de la Escuela de Periodismo Carlos Septi\u00e9n Garc\u00eda. Periodista y analista especializado en turismo desde hace 35 a\u00f1os, radicado en Canc\u00fan Q.Roo. arturo@nitu.mx\",\"sameAs\":[\"https:\/\/nitu.mx\",\"https:\/\/www.facebook.com\/NITUmx\/\",\"medinacancun\",\"https:\/\/twitter.com\/@Arturo_Medina_G\"]},{\"@type\":\"Person\",\"@id\":\"https:\/\/nitu.mx\/#\/schema\/person\/4a28fe9bd65924f7c90623773daf1b0b\",\"name\":\"Redacci\u00f3n\",\"image\":{\"@type\":\"ImageObject\",\"inLanguage\":\"es-MX\",\"@id\":\"https:\/\/nitu.mx\/#\/schema\/person\/image\/\",\"url\":\"https:\/\/secure.gravatar.com\/avatar\/5dd011c8ccfc5cd7e4c81e42252aab38?s=96&d=mm&r=g\",\"contentUrl\":\"https:\/\/secure.gravatar.com\/avatar\/5dd011c8ccfc5cd7e4c81e42252aab38?s=96&d=mm&r=g\",\"caption\":\"Redacci\u00f3n\"},\"url\":\"https:\/\/nitu.mx\/index.php\/author\/redaccion\/\"}]}<\/script>\n<!-- \/ Yoast SEO plugin. -->","yoast_head_json":{"title":"Volaris reanudar\u00e1 su ruta exclusiva de Guanajuato a M\u00e9rida - Nitu - Noticias de la Industria Turistica","robots":{"index":"index","follow":"follow","max-snippet":"max-snippet:-1","max-image-preview":"max-image-preview:large","max-video-preview":"max-video-preview:-1"},"canonical":"https:\/\/nitu.mx\/index.php\/2022\/07\/27\/volaris-reanudara-su-ruta-exclusiva-de-guanajuato-a-merida\/","twitter_card":"summary_large_image","twitter_title":"Volaris reanudar\u00e1 su ruta exclusiva de Guanajuato a M\u00e9rida - Nitu - Noticias de la Industria Turistica","twitter_description":"Volaris anunci\u00f3 el inicio de venta para la reapertura de la ruta que conecta a Guanajuato con M\u00e9rida, que iniciar\u00e1 operaciones a partir del 18 de noviembre 2022. De acuerdo con la Secretar\u00eda de Fomento Tur\u00edstico de Yucat\u00e1n (Sefotur), durante mayo de 2022, M\u00e9rida concentr\u00f3 casi el 79 por ciento del total de visitantes con [&hellip;]","twitter_image":"https:\/\/nitu.mx\/wp-content\/uploads\/2017\/02\/Volaris-Chicago.jpg","twitter_creator":"@NITUmx","twitter_site":"@Arturo_Medina_G","twitter_misc":{"Escrito por":"Redacci\u00f3n","Tiempo de lectura":"2 minutos"},"schema":{"@context":"https:\/\/schema.org","@graph":[{"@type":"Article","@id":"https:\/\/nitu.mx\/index.php\/2022\/07\/27\/volaris-reanudara-su-ruta-exclusiva-de-guanajuato-a-merida\/#article","isPartOf":{"@id":"https:\/\/nitu.mx\/index.php\/2022\/07\/27\/volaris-reanudara-su-ruta-exclusiva-de-guanajuato-a-merida\/"},"author":{"name":"Redacci\u00f3n","@id":"https:\/\/nitu.mx\/#\/schema\/person\/4a28fe9bd65924f7c90623773daf1b0b"},"headline":"Volaris reanudar\u00e1 su ruta exclusiva de Guanajuato a M\u00e9rida","datePublished":"2022-07-28T04:39:56+00:00","dateModified":"2022-07-28T05:29:35+00:00","mainEntityOfPage":{"@id":"https:\/\/nitu.mx\/index.php\/2022\/07\/27\/volaris-reanudara-su-ruta-exclusiva-de-guanajuato-a-merida\/"},"wordCount":427,"commentCount":0,"publisher":{"@id":"https:\/\/nitu.mx\/#\/schema\/person\/ae7a53426417292d3dd07b45a33e01bc"},"image":{"@id":"https:\/\/nitu.mx\/index.php\/2022\/07\/27\/volaris-reanudara-su-ruta-exclusiva-de-guanajuato-a-merida\/#primaryimage"},"thumbnailUrl":"https:\/\/nitu.mx\/wp-content\/uploads\/2017\/02\/Volaris-Chicago.jpg","keywords":["Guanajuato","M\u00e9rida","Michelle Fridman","Omar Carrera","Volaris"],"articleSection":["Aerol\u00edneas"],"inLanguage":"es-MX","potentialAction":[{"@type":"CommentAction","name":"Comment","target":["https:\/\/nitu.mx\/index.php\/2022\/07\/27\/volaris-reanudara-su-ruta-exclusiva-de-guanajuato-a-merida\/#respond"]}]},{"@type":"WebPage","@id":"https:\/\/nitu.mx\/index.php\/2022\/07\/27\/volaris-reanudara-su-ruta-exclusiva-de-guanajuato-a-merida\/","url":"https:\/\/nitu.mx\/index.php\/2022\/07\/27\/volaris-reanudara-su-ruta-exclusiva-de-guanajuato-a-merida\/","name":"Volaris reanudar\u00e1 su ruta exclusiva de Guanajuato a M\u00e9rida - Nitu - Noticias de la Industria Turistica","isPartOf":{"@id":"https:\/\/nitu.mx\/#website"},"primaryImageOfPage":{"@id":"https:\/\/nitu.mx\/index.php\/2022\/07\/27\/volaris-reanudara-su-ruta-exclusiva-de-guanajuato-a-merida\/#primaryimage"},"image":{"@id":"https:\/\/nitu.mx\/index.php\/2022\/07\/27\/volaris-reanudara-su-ruta-exclusiva-de-guanajuato-a-merida\/#primaryimage"},"thumbnailUrl":"https:\/\/nitu.mx\/wp-content\/uploads\/2017\/02\/Volaris-Chicago.jpg","datePublished":"2022-07-28T04:39:56+00:00","dateModified":"2022-07-28T05:29:35+00:00","breadcrumb":{"@id":"https:\/\/nitu.mx\/index.php\/2022\/07\/27\/volaris-reanudara-su-ruta-exclusiva-de-guanajuato-a-merida\/#breadcrumb"},"inLanguage":"es-MX","potentialAction":[{"@type":"ReadAction","target":["https:\/\/nitu.mx\/index.php\/2022\/07\/27\/volaris-reanudara-su-ruta-exclusiva-de-guanajuato-a-merida\/"]}]},{"@type":"ImageObject","inLanguage":"es-MX","@id":"https:\/\/nitu.mx\/index.php\/2022\/07\/27\/volaris-reanudara-su-ruta-exclusiva-de-guanajuato-a-merida\/#primaryimage","url":"https:\/\/nitu.mx\/wp-content\/uploads\/2017\/02\/Volaris-Chicago.jpg","contentUrl":"https:\/\/nitu.mx\/wp-content\/uploads\/2017\/02\/Volaris-Chicago.jpg","width":850,"height":480,"caption":"Volaris"},{"@type":"BreadcrumbList","@id":"https:\/\/nitu.mx\/index.php\/2022\/07\/27\/volaris-reanudara-su-ruta-exclusiva-de-guanajuato-a-merida\/#breadcrumb","itemListElement":[{"@type":"ListItem","position":1,"name":"Inicio","item":"https:\/\/nitu.mx\/"},{"@type":"ListItem","position":2,"name":"Volaris reanudar\u00e1 su ruta exclusiva de Guanajuato a M\u00e9rida"}]},{"@type":"WebSite","@id":"https:\/\/nitu.mx\/#website","url":"https:\/\/nitu.mx\/","name":"Nitu - Noticias de la Industria Turistica","description":"Noticias de la Industria Turistica","publisher":{"@id":"https:\/\/nitu.mx\/#\/schema\/person\/ae7a53426417292d3dd07b45a33e01bc"},"alternateName":"Noticias de la Industria Turistica","potentialAction":[{"@type":"SearchAction","target":{"@type":"EntryPoint","urlTemplate":"https:\/\/nitu.mx\/?s={search_term_string}"},"query-input":"required name=search_term_string"}],"inLanguage":"es-MX"},{"@type":["Person","Organization"],"@id":"https:\/\/nitu.mx\/#\/schema\/person\/ae7a53426417292d3dd07b45a33e01bc","name":"Arturo Medina","image":{"@type":"ImageObject","inLanguage":"es-MX","@id":"https:\/\/nitu.mx\/#\/schema\/person\/image\/","url":"https:\/\/nitu.mx\/wp-content\/uploads\/2024\/04\/4A315622-1904-4D5C-B022-878CDC840E04-90x90-1.jpeg","contentUrl":"https:\/\/nitu.mx\/wp-content\/uploads\/2024\/04\/4A315622-1904-4D5C-B022-878CDC840E04-90x90-1.jpeg","width":90,"height":90,"caption":"Arturo Medina"},"logo":{"@id":"https:\/\/nitu.mx\/#\/schema\/person\/image\/"},"description":"Director NITU.mx, Egresado de la Escuela de Periodismo Carlos Septi\u00e9n Garc\u00eda. Periodista y analista especializado en turismo desde hace 35 a\u00f1os, radicado en Canc\u00fan Q.Roo. arturo@nitu.mx","sameAs":["https:\/\/nitu.mx","https:\/\/www.facebook.com\/NITUmx\/","medinacancun","https:\/\/twitter.com\/@Arturo_Medina_G"]},{"@type":"Person","@id":"https:\/\/nitu.mx\/#\/schema\/person\/4a28fe9bd65924f7c90623773daf1b0b","name":"Redacci\u00f3n","image":{"@type":"ImageObject","inLanguage":"es-MX","@id":"https:\/\/nitu.mx\/#\/schema\/person\/image\/","url":"https:\/\/secure.gravatar.com\/avatar\/5dd011c8ccfc5cd7e4c81e42252aab38?s=96&d=mm&r=g","contentUrl":"https:\/\/secure.gravatar.com\/avatar\/5dd011c8ccfc5cd7e4c81e42252aab38?s=96&d=mm&r=g","caption":"Redacci\u00f3n"},"url":"https:\/\/nitu.mx\/index.php\/author\/redaccion\/"}]}},"views":328,"_links":{"self":[{"href":"https:\/\/nitu.mx\/index.php\/wp-json\/wp\/v2\/posts\/60617"}],"collection":[{"href":"https:\/\/nitu.mx\/index.php\/wp-json\/wp\/v2\/posts"}],"about":[{"href":"https:\/\/nitu.mx\/index.php\/wp-json\/wp\/v2\/types\/post"}],"author":[{"embeddable":true,"href":"https:\/\/nitu.mx\/index.php\/wp-json\/wp\/v2\/users\/17"}],"replies":[{"embeddable":true,"href":"https:\/\/nitu.mx\/index.php\/wp-json\/wp\/v2\/comments?post=60617"}],"version-history":[{"count":1,"href":"https:\/\/nitu.mx\/index.php\/wp-json\/wp\/v2\/posts\/60617\/revisions"}],"predecessor-version":[{"id":60618,"href":"https:\/\/nitu.mx\/index.php\/wp-json\/wp\/v2\/posts\/60617\/revisions\/60618"}],"wp:featuredmedia":[{"embeddable":true,"href":"https:\/\/nitu.mx\/index.php\/wp-json\/wp\/v2\/media\/7069"}],"wp:attachment":[{"href":"https:\/\/nitu.mx\/index.php\/wp-json\/wp\/v2\/media?parent=60617"}],"wp:term":[{"taxonomy":"category","embeddable":true,"href":"https:\/\/nitu.mx\/index.php\/wp-json\/wp\/v2\/categories?post=60617"},{"taxonomy":"post_tag","embeddable":true,"href":"https:\/\/nitu.mx\/index.php\/wp-json\/wp\/v2\/tags?post=60617"}],"curies":[{"name":"wp","href":"https:\/\/api.w.org\/{rel}","templated":true}]}}