{"id":60611,"date":"2022-07-27T23:09:40","date_gmt":"2022-07-28T04:09:40","guid":{"rendered":"https:\/\/www.dev.nitu.mx\/?p=60611"},"modified":"2022-07-28T00:30:00","modified_gmt":"2022-07-28T05:30:00","slug":"aeromexico-desiste-de-volar-a-cancun-y-otros-destinos-desde-el-aifa","status":"publish","type":"post","link":"https:\/\/nitu.mx\/index.php\/2022\/07\/27\/aeromexico-desiste-de-volar-a-cancun-y-otros-destinos-desde-el-aifa\/","title":{"rendered":"Aerom\u00e9xico desiste de volar a Canc\u00fan y Villahermosa desde el AIFA"},"content":{"rendered":"<p>Aerom\u00e9xico ajust\u00f3 sus planes de rutas y frecuencias que operar\u00e1 desde el Aeropuerto Internacional Felipe \u00c1ngeles (AIFA) a partir del 15 de agosto pr\u00f3ximo, en donde ya no figura el vuelo hacia Canc\u00fan, que anunci\u00f3 en mayo pasado.<\/p>\n<p>La aerol\u00ednea bandera de M\u00e9xico destac\u00f3 que contin\u00faa con el plan estrat\u00e9gico establecido para conectar al AIFA, y para agosto, este avance representar\u00e1 duplicar la oferta de destinos en dicho aeropuerto, comparado con lo operado desde marzo de este a\u00f1o cuando se inaugur\u00f3 ese nuevo aeropuerto.<\/p>\n<p>Originalmente, desde el 15 de agosto, Aerom\u00e9xico iniciar\u00eda una ruta del AIFA a Canc\u00fan con siete frecuencias semanales, adem\u00e1s, incrementar\u00eda de tres a siete el n\u00famero de vuelos a Villahermosa, pero en el nuevo aviso ya no figura este destino.<\/p>\n<p>La oferta de asientos prometida por la l\u00ednea a\u00e9rea era cercana a los 50 mil asientos durante agosto, lo que representar\u00eda 400% de crecimiento comparado con lo que opera actualmente.<\/p>\n<p>De acuerdo con Aerom\u00e9xico, el ajuste es para responder a las necesidades de los clientes y del negocio. Por ello, a partir del 15 del pr\u00f3ximo mes, la aerol\u00ednea operar\u00e1 seis rutas desde el AIFA, con una oferta total de 112 llegadas y salidas que representan m\u00e1s de 10 mil asientos semanales.<\/p>\n<p>Los destinos y frecuencias que operar\u00e1 as\u00ed como las frecuencias que tendr\u00e1, son:<\/p>\n<ul>\n<li>Acapulco, siete.<\/li>\n<li>Guadalajara, catorce.<\/li>\n<li>Monterrey, catorce.<\/li>\n<li>Oaxaca, siete.<\/li>\n<li>M\u00e9rida, siete.<\/li>\n<li>Puerto Vallarta, siete.<\/li>\n<\/ul>\n<p>Siendo estas dos \u00faltimas las que ya operaban, solo en esta ocasi\u00f3n, Puerto Vallarta ver\u00e1 un incremento en el n\u00famero de frecuencias de cuatro a siete.<\/p>\n<p>La estrategia de flota de Aerom\u00e9xico hace posible que estos destinos ofrecidos desde y hacia el AIFA, sean adicionales a lo ya operado desde el Aeropuerto Internacional de la Ciudad de M\u00e9xico (AICM), inform\u00f3 la compa\u00f1\u00eda a\u00e9rea.<\/p>\n<p>En mayo pasado, tambi\u00e9n anunci\u00f3 que para la segunda quincena de septiembre se sumar\u00e1 Veracruz como, y se incrementar\u00e1n las frecuencias en tres rutas. As\u00ed, Aerom\u00e9xico estar\u00eda realizando 900 operaciones mensuales de llegada y salida desde el AIFA con una oferta mensual de m\u00e1s de 100 mil asientos, planes que al menos para el arranque del 15 de agosto ya se vieron limitados.\u00a0<a title=\"Aerom\u00e9xico reanudar\u00e1 vuelos a Morelia a partir de septiembre\" href=\"https:\/\/www.dev.nitu.mx\/index.php\/2022\/06\/23\/aeromexico-reanudara-vuelos-a-morelia-a-partir-de-septiembre\/\" rel=\"bookmark\">(Aerom\u00e9xico reanudar\u00e1 vuelos a Morelia a partir de septiembre<\/a>).<\/p>\n","protected":false},"excerpt":{"rendered":"<p>Aerom\u00e9xico ajust\u00f3 sus planes de rutas y frecuencias que operar\u00e1 desde el Aeropuerto Internacional Felipe \u00c1ngeles (AIFA) a partir del 15 de agosto pr\u00f3ximo, en donde ya no figura el vuelo hacia Canc\u00fan, que anunci\u00f3 en mayo pasado. La aerol\u00ednea bandera de M\u00e9xico destac\u00f3 que contin\u00faa con el plan estrat\u00e9gico establecido para conectar al AIFA, [&hellip;]<\/p>\n","protected":false},"author":17,"featured_media":54076,"comment_status":"open","ping_status":"open","sticky":false,"template":"","format":"standard","meta":{"footnotes":""},"categories":[29],"tags":[30,21925,43,5168,718],"yoast_head":"<!-- This site is optimized with the Yoast SEO plugin v22.2 - https:\/\/yoast.com\/wordpress\/plugins\/seo\/ -->\n<title>Aerom\u00e9xico desiste de volar a Canc\u00fan y Villahermosa desde el AIFA - Nitu - Noticias de la Industria Turistica<\/title>\n<meta name=\"robots\" content=\"index, follow, max-snippet:-1, max-image-preview:large, max-video-preview:-1\" \/>\n<link rel=\"canonical\" href=\"https:\/\/nitu.mx\/index.php\/2022\/07\/27\/aeromexico-desiste-de-volar-a-cancun-y-otros-destinos-desde-el-aifa\/\" \/>\n<meta name=\"twitter:card\" content=\"summary_large_image\" \/>\n<meta name=\"twitter:title\" content=\"Aerom\u00e9xico desiste de volar a Canc\u00fan y Villahermosa desde el AIFA - Nitu - Noticias de la Industria Turistica\" \/>\n<meta name=\"twitter:description\" content=\"Aerom\u00e9xico ajust\u00f3 sus planes de rutas y frecuencias que operar\u00e1 desde el Aeropuerto Internacional Felipe \u00c1ngeles (AIFA) a partir del 15 de agosto pr\u00f3ximo, en donde ya no figura el vuelo hacia Canc\u00fan, que anunci\u00f3 en mayo pasado. La aerol\u00ednea bandera de M\u00e9xico destac\u00f3 que contin\u00faa con el plan estrat\u00e9gico establecido para conectar al AIFA, [&hellip;]\" \/>\n<meta name=\"twitter:image\" content=\"https:\/\/nitu.mx\/wp-content\/uploads\/2021\/07\/Aeromexico-737-MAX.jpg\" \/>\n<meta name=\"twitter:creator\" content=\"@NITUmx\" \/>\n<meta name=\"twitter:site\" content=\"@Arturo_Medina_G\" \/>\n<meta name=\"twitter:label1\" content=\"Escrito por\" \/>\n\t<meta name=\"twitter:data1\" content=\"Redacci\u00f3n\" \/>\n\t<meta name=\"twitter:label2\" content=\"Tiempo de lectura\" \/>\n\t<meta name=\"twitter:data2\" content=\"2 minutos\" \/>\n<script type=\"application\/ld+json\" class=\"yoast-schema-graph\">{\"@context\":\"https:\/\/schema.org\",\"@graph\":[{\"@type\":\"Article\",\"@id\":\"https:\/\/nitu.mx\/index.php\/2022\/07\/27\/aeromexico-desiste-de-volar-a-cancun-y-otros-destinos-desde-el-aifa\/#article\",\"isPartOf\":{\"@id\":\"https:\/\/nitu.mx\/index.php\/2022\/07\/27\/aeromexico-desiste-de-volar-a-cancun-y-otros-destinos-desde-el-aifa\/\"},\"author\":{\"name\":\"Redacci\u00f3n\",\"@id\":\"https:\/\/nitu.mx\/#\/schema\/person\/4a28fe9bd65924f7c90623773daf1b0b\"},\"headline\":\"Aerom\u00e9xico desiste de volar a Canc\u00fan y Villahermosa desde el AIFA\",\"datePublished\":\"2022-07-28T04:09:40+00:00\",\"dateModified\":\"2022-07-28T05:30:00+00:00\",\"mainEntityOfPage\":{\"@id\":\"https:\/\/nitu.mx\/index.php\/2022\/07\/27\/aeromexico-desiste-de-volar-a-cancun-y-otros-destinos-desde-el-aifa\/\"},\"wordCount\":404,\"commentCount\":0,\"publisher\":{\"@id\":\"https:\/\/nitu.mx\/#\/schema\/person\/ae7a53426417292d3dd07b45a33e01bc\"},\"image\":{\"@id\":\"https:\/\/nitu.mx\/index.php\/2022\/07\/27\/aeromexico-desiste-de-volar-a-cancun-y-otros-destinos-desde-el-aifa\/#primaryimage\"},\"thumbnailUrl\":\"https:\/\/nitu.mx\/wp-content\/uploads\/2021\/07\/Aeromexico-737-MAX.jpg\",\"keywords\":[\"Aerom\u00e9xico\",\"AIFA\",\"Canc\u00fan\",\"rutas\",\"Villahermosa\"],\"articleSection\":[\"Aerol\u00edneas\"],\"inLanguage\":\"es-MX\",\"potentialAction\":[{\"@type\":\"CommentAction\",\"name\":\"Comment\",\"target\":[\"https:\/\/nitu.mx\/index.php\/2022\/07\/27\/aeromexico-desiste-de-volar-a-cancun-y-otros-destinos-desde-el-aifa\/#respond\"]}]},{\"@type\":\"WebPage\",\"@id\":\"https:\/\/nitu.mx\/index.php\/2022\/07\/27\/aeromexico-desiste-de-volar-a-cancun-y-otros-destinos-desde-el-aifa\/\",\"url\":\"https:\/\/nitu.mx\/index.php\/2022\/07\/27\/aeromexico-desiste-de-volar-a-cancun-y-otros-destinos-desde-el-aifa\/\",\"name\":\"Aerom\u00e9xico desiste de volar a Canc\u00fan y Villahermosa desde el AIFA - Nitu - Noticias de la Industria Turistica\",\"isPartOf\":{\"@id\":\"https:\/\/nitu.mx\/#website\"},\"primaryImageOfPage\":{\"@id\":\"https:\/\/nitu.mx\/index.php\/2022\/07\/27\/aeromexico-desiste-de-volar-a-cancun-y-otros-destinos-desde-el-aifa\/#primaryimage\"},\"image\":{\"@id\":\"https:\/\/nitu.mx\/index.php\/2022\/07\/27\/aeromexico-desiste-de-volar-a-cancun-y-otros-destinos-desde-el-aifa\/#primaryimage\"},\"thumbnailUrl\":\"https:\/\/nitu.mx\/wp-content\/uploads\/2021\/07\/Aeromexico-737-MAX.jpg\",\"datePublished\":\"2022-07-28T04:09:40+00:00\",\"dateModified\":\"2022-07-28T05:30:00+00:00\",\"breadcrumb\":{\"@id\":\"https:\/\/nitu.mx\/index.php\/2022\/07\/27\/aeromexico-desiste-de-volar-a-cancun-y-otros-destinos-desde-el-aifa\/#breadcrumb\"},\"inLanguage\":\"es-MX\",\"potentialAction\":[{\"@type\":\"ReadAction\",\"target\":[\"https:\/\/nitu.mx\/index.php\/2022\/07\/27\/aeromexico-desiste-de-volar-a-cancun-y-otros-destinos-desde-el-aifa\/\"]}]},{\"@type\":\"ImageObject\",\"inLanguage\":\"es-MX\",\"@id\":\"https:\/\/nitu.mx\/index.php\/2022\/07\/27\/aeromexico-desiste-de-volar-a-cancun-y-otros-destinos-desde-el-aifa\/#primaryimage\",\"url\":\"https:\/\/nitu.mx\/wp-content\/uploads\/2021\/07\/Aeromexico-737-MAX.jpg\",\"contentUrl\":\"https:\/\/nitu.mx\/wp-content\/uploads\/2021\/07\/Aeromexico-737-MAX.jpg\",\"width\":1200,\"height\":675,\"caption\":\"Aerom\u00e9xico\"},{\"@type\":\"BreadcrumbList\",\"@id\":\"https:\/\/nitu.mx\/index.php\/2022\/07\/27\/aeromexico-desiste-de-volar-a-cancun-y-otros-destinos-desde-el-aifa\/#breadcrumb\",\"itemListElement\":[{\"@type\":\"ListItem\",\"position\":1,\"name\":\"Inicio\",\"item\":\"https:\/\/nitu.mx\/\"},{\"@type\":\"ListItem\",\"position\":2,\"name\":\"Aerom\u00e9xico desiste de volar a Canc\u00fan y Villahermosa desde el AIFA\"}]},{\"@type\":\"WebSite\",\"@id\":\"https:\/\/nitu.mx\/#website\",\"url\":\"https:\/\/nitu.mx\/\",\"name\":\"Nitu - Noticias de la Industria Turistica\",\"description\":\"Noticias de la Industria Turistica\",\"publisher\":{\"@id\":\"https:\/\/nitu.mx\/#\/schema\/person\/ae7a53426417292d3dd07b45a33e01bc\"},\"alternateName\":\"Noticias de la Industria Turistica\",\"potentialAction\":[{\"@type\":\"SearchAction\",\"target\":{\"@type\":\"EntryPoint\",\"urlTemplate\":\"https:\/\/nitu.mx\/?s={search_term_string}\"},\"query-input\":\"required name=search_term_string\"}],\"inLanguage\":\"es-MX\"},{\"@type\":[\"Person\",\"Organization\"],\"@id\":\"https:\/\/nitu.mx\/#\/schema\/person\/ae7a53426417292d3dd07b45a33e01bc\",\"name\":\"Arturo Medina\",\"image\":{\"@type\":\"ImageObject\",\"inLanguage\":\"es-MX\",\"@id\":\"https:\/\/nitu.mx\/#\/schema\/person\/image\/\",\"url\":\"https:\/\/nitu.mx\/wp-content\/uploads\/2024\/04\/4A315622-1904-4D5C-B022-878CDC840E04-90x90-1.jpeg\",\"contentUrl\":\"https:\/\/nitu.mx\/wp-content\/uploads\/2024\/04\/4A315622-1904-4D5C-B022-878CDC840E04-90x90-1.jpeg\",\"width\":90,\"height\":90,\"caption\":\"Arturo Medina\"},\"logo\":{\"@id\":\"https:\/\/nitu.mx\/#\/schema\/person\/image\/\"},\"description\":\"Director NITU.mx, Egresado de la Escuela de Periodismo Carlos Septi\u00e9n Garc\u00eda. Periodista y analista especializado en turismo desde hace 35 a\u00f1os, radicado en Canc\u00fan Q.Roo. arturo@nitu.mx\",\"sameAs\":[\"https:\/\/nitu.mx\",\"https:\/\/www.facebook.com\/NITUmx\/\",\"medinacancun\",\"https:\/\/twitter.com\/@Arturo_Medina_G\"]},{\"@type\":\"Person\",\"@id\":\"https:\/\/nitu.mx\/#\/schema\/person\/4a28fe9bd65924f7c90623773daf1b0b\",\"name\":\"Redacci\u00f3n\",\"image\":{\"@type\":\"ImageObject\",\"inLanguage\":\"es-MX\",\"@id\":\"https:\/\/nitu.mx\/#\/schema\/person\/image\/\",\"url\":\"https:\/\/secure.gravatar.com\/avatar\/5dd011c8ccfc5cd7e4c81e42252aab38?s=96&d=mm&r=g\",\"contentUrl\":\"https:\/\/secure.gravatar.com\/avatar\/5dd011c8ccfc5cd7e4c81e42252aab38?s=96&d=mm&r=g\",\"caption\":\"Redacci\u00f3n\"},\"url\":\"https:\/\/nitu.mx\/index.php\/author\/redaccion\/\"}]}<\/script>\n<!-- \/ Yoast SEO plugin. -->","yoast_head_json":{"title":"Aerom\u00e9xico desiste de volar a Canc\u00fan y Villahermosa desde el AIFA - Nitu - Noticias de la Industria Turistica","robots":{"index":"index","follow":"follow","max-snippet":"max-snippet:-1","max-image-preview":"max-image-preview:large","max-video-preview":"max-video-preview:-1"},"canonical":"https:\/\/nitu.mx\/index.php\/2022\/07\/27\/aeromexico-desiste-de-volar-a-cancun-y-otros-destinos-desde-el-aifa\/","twitter_card":"summary_large_image","twitter_title":"Aerom\u00e9xico desiste de volar a Canc\u00fan y Villahermosa desde el AIFA - Nitu - Noticias de la Industria Turistica","twitter_description":"Aerom\u00e9xico ajust\u00f3 sus planes de rutas y frecuencias que operar\u00e1 desde el Aeropuerto Internacional Felipe \u00c1ngeles (AIFA) a partir del 15 de agosto pr\u00f3ximo, en donde ya no figura el vuelo hacia Canc\u00fan, que anunci\u00f3 en mayo pasado. La aerol\u00ednea bandera de M\u00e9xico destac\u00f3 que contin\u00faa con el plan estrat\u00e9gico establecido para conectar al AIFA, [&hellip;]","twitter_image":"https:\/\/nitu.mx\/wp-content\/uploads\/2021\/07\/Aeromexico-737-MAX.jpg","twitter_creator":"@NITUmx","twitter_site":"@Arturo_Medina_G","twitter_misc":{"Escrito por":"Redacci\u00f3n","Tiempo de lectura":"2 minutos"},"schema":{"@context":"https:\/\/schema.org","@graph":[{"@type":"Article","@id":"https:\/\/nitu.mx\/index.php\/2022\/07\/27\/aeromexico-desiste-de-volar-a-cancun-y-otros-destinos-desde-el-aifa\/#article","isPartOf":{"@id":"https:\/\/nitu.mx\/index.php\/2022\/07\/27\/aeromexico-desiste-de-volar-a-cancun-y-otros-destinos-desde-el-aifa\/"},"author":{"name":"Redacci\u00f3n","@id":"https:\/\/nitu.mx\/#\/schema\/person\/4a28fe9bd65924f7c90623773daf1b0b"},"headline":"Aerom\u00e9xico desiste de volar a Canc\u00fan y Villahermosa desde el AIFA","datePublished":"2022-07-28T04:09:40+00:00","dateModified":"2022-07-28T05:30:00+00:00","mainEntityOfPage":{"@id":"https:\/\/nitu.mx\/index.php\/2022\/07\/27\/aeromexico-desiste-de-volar-a-cancun-y-otros-destinos-desde-el-aifa\/"},"wordCount":404,"commentCount":0,"publisher":{"@id":"https:\/\/nitu.mx\/#\/schema\/person\/ae7a53426417292d3dd07b45a33e01bc"},"image":{"@id":"https:\/\/nitu.mx\/index.php\/2022\/07\/27\/aeromexico-desiste-de-volar-a-cancun-y-otros-destinos-desde-el-aifa\/#primaryimage"},"thumbnailUrl":"https:\/\/nitu.mx\/wp-content\/uploads\/2021\/07\/Aeromexico-737-MAX.jpg","keywords":["Aerom\u00e9xico","AIFA","Canc\u00fan","rutas","Villahermosa"],"articleSection":["Aerol\u00edneas"],"inLanguage":"es-MX","potentialAction":[{"@type":"CommentAction","name":"Comment","target":["https:\/\/nitu.mx\/index.php\/2022\/07\/27\/aeromexico-desiste-de-volar-a-cancun-y-otros-destinos-desde-el-aifa\/#respond"]}]},{"@type":"WebPage","@id":"https:\/\/nitu.mx\/index.php\/2022\/07\/27\/aeromexico-desiste-de-volar-a-cancun-y-otros-destinos-desde-el-aifa\/","url":"https:\/\/nitu.mx\/index.php\/2022\/07\/27\/aeromexico-desiste-de-volar-a-cancun-y-otros-destinos-desde-el-aifa\/","name":"Aerom\u00e9xico desiste de volar a Canc\u00fan y Villahermosa desde el AIFA - Nitu - Noticias de la Industria Turistica","isPartOf":{"@id":"https:\/\/nitu.mx\/#website"},"primaryImageOfPage":{"@id":"https:\/\/nitu.mx\/index.php\/2022\/07\/27\/aeromexico-desiste-de-volar-a-cancun-y-otros-destinos-desde-el-aifa\/#primaryimage"},"image":{"@id":"https:\/\/nitu.mx\/index.php\/2022\/07\/27\/aeromexico-desiste-de-volar-a-cancun-y-otros-destinos-desde-el-aifa\/#primaryimage"},"thumbnailUrl":"https:\/\/nitu.mx\/wp-content\/uploads\/2021\/07\/Aeromexico-737-MAX.jpg","datePublished":"2022-07-28T04:09:40+00:00","dateModified":"2022-07-28T05:30:00+00:00","breadcrumb":{"@id":"https:\/\/nitu.mx\/index.php\/2022\/07\/27\/aeromexico-desiste-de-volar-a-cancun-y-otros-destinos-desde-el-aifa\/#breadcrumb"},"inLanguage":"es-MX","potentialAction":[{"@type":"ReadAction","target":["https:\/\/nitu.mx\/index.php\/2022\/07\/27\/aeromexico-desiste-de-volar-a-cancun-y-otros-destinos-desde-el-aifa\/"]}]},{"@type":"ImageObject","inLanguage":"es-MX","@id":"https:\/\/nitu.mx\/index.php\/2022\/07\/27\/aeromexico-desiste-de-volar-a-cancun-y-otros-destinos-desde-el-aifa\/#primaryimage","url":"https:\/\/nitu.mx\/wp-content\/uploads\/2021\/07\/Aeromexico-737-MAX.jpg","contentUrl":"https:\/\/nitu.mx\/wp-content\/uploads\/2021\/07\/Aeromexico-737-MAX.jpg","width":1200,"height":675,"caption":"Aerom\u00e9xico"},{"@type":"BreadcrumbList","@id":"https:\/\/nitu.mx\/index.php\/2022\/07\/27\/aeromexico-desiste-de-volar-a-cancun-y-otros-destinos-desde-el-aifa\/#breadcrumb","itemListElement":[{"@type":"ListItem","position":1,"name":"Inicio","item":"https:\/\/nitu.mx\/"},{"@type":"ListItem","position":2,"name":"Aerom\u00e9xico desiste de volar a Canc\u00fan y Villahermosa desde el AIFA"}]},{"@type":"WebSite","@id":"https:\/\/nitu.mx\/#website","url":"https:\/\/nitu.mx\/","name":"Nitu - Noticias de la Industria Turistica","description":"Noticias de la Industria Turistica","publisher":{"@id":"https:\/\/nitu.mx\/#\/schema\/person\/ae7a53426417292d3dd07b45a33e01bc"},"alternateName":"Noticias de la Industria Turistica","potentialAction":[{"@type":"SearchAction","target":{"@type":"EntryPoint","urlTemplate":"https:\/\/nitu.mx\/?s={search_term_string}"},"query-input":"required name=search_term_string"}],"inLanguage":"es-MX"},{"@type":["Person","Organization"],"@id":"https:\/\/nitu.mx\/#\/schema\/person\/ae7a53426417292d3dd07b45a33e01bc","name":"Arturo Medina","image":{"@type":"ImageObject","inLanguage":"es-MX","@id":"https:\/\/nitu.mx\/#\/schema\/person\/image\/","url":"https:\/\/nitu.mx\/wp-content\/uploads\/2024\/04\/4A315622-1904-4D5C-B022-878CDC840E04-90x90-1.jpeg","contentUrl":"https:\/\/nitu.mx\/wp-content\/uploads\/2024\/04\/4A315622-1904-4D5C-B022-878CDC840E04-90x90-1.jpeg","width":90,"height":90,"caption":"Arturo Medina"},"logo":{"@id":"https:\/\/nitu.mx\/#\/schema\/person\/image\/"},"description":"Director NITU.mx, Egresado de la Escuela de Periodismo Carlos Septi\u00e9n Garc\u00eda. Periodista y analista especializado en turismo desde hace 35 a\u00f1os, radicado en Canc\u00fan Q.Roo. arturo@nitu.mx","sameAs":["https:\/\/nitu.mx","https:\/\/www.facebook.com\/NITUmx\/","medinacancun","https:\/\/twitter.com\/@Arturo_Medina_G"]},{"@type":"Person","@id":"https:\/\/nitu.mx\/#\/schema\/person\/4a28fe9bd65924f7c90623773daf1b0b","name":"Redacci\u00f3n","image":{"@type":"ImageObject","inLanguage":"es-MX","@id":"https:\/\/nitu.mx\/#\/schema\/person\/image\/","url":"https:\/\/secure.gravatar.com\/avatar\/5dd011c8ccfc5cd7e4c81e42252aab38?s=96&d=mm&r=g","contentUrl":"https:\/\/secure.gravatar.com\/avatar\/5dd011c8ccfc5cd7e4c81e42252aab38?s=96&d=mm&r=g","caption":"Redacci\u00f3n"},"url":"https:\/\/nitu.mx\/index.php\/author\/redaccion\/"}]}},"views":367,"_links":{"self":[{"href":"https:\/\/nitu.mx\/index.php\/wp-json\/wp\/v2\/posts\/60611"}],"collection":[{"href":"https:\/\/nitu.mx\/index.php\/wp-json\/wp\/v2\/posts"}],"about":[{"href":"https:\/\/nitu.mx\/index.php\/wp-json\/wp\/v2\/types\/post"}],"author":[{"embeddable":true,"href":"https:\/\/nitu.mx\/index.php\/wp-json\/wp\/v2\/users\/17"}],"replies":[{"embeddable":true,"href":"https:\/\/nitu.mx\/index.php\/wp-json\/wp\/v2\/comments?post=60611"}],"version-history":[{"count":5,"href":"https:\/\/nitu.mx\/index.php\/wp-json\/wp\/v2\/posts\/60611\/revisions"}],"predecessor-version":[{"id":60622,"href":"https:\/\/nitu.mx\/index.php\/wp-json\/wp\/v2\/posts\/60611\/revisions\/60622"}],"wp:featuredmedia":[{"embeddable":true,"href":"https:\/\/nitu.mx\/index.php\/wp-json\/wp\/v2\/media\/54076"}],"wp:attachment":[{"href":"https:\/\/nitu.mx\/index.php\/wp-json\/wp\/v2\/media?parent=60611"}],"wp:term":[{"taxonomy":"category","embeddable":true,"href":"https:\/\/nitu.mx\/index.php\/wp-json\/wp\/v2\/categories?post=60611"},{"taxonomy":"post_tag","embeddable":true,"href":"https:\/\/nitu.mx\/index.php\/wp-json\/wp\/v2\/tags?post=60611"}],"curies":[{"name":"wp","href":"https:\/\/api.w.org\/{rel}","templated":true}]}}