{"id":60581,"date":"2022-07-25T23:26:39","date_gmt":"2022-07-26T04:26:39","guid":{"rendered":"https:\/\/www.dev.nitu.mx\/?p=60581"},"modified":"2022-07-26T00:25:25","modified_gmt":"2022-07-26T05:25:25","slug":"tren-maya-concentra-su-construccion-en-tabasco-campeche-y-yucatan","status":"publish","type":"post","link":"https:\/\/nitu.mx\/index.php\/2022\/07\/25\/tren-maya-concentra-su-construccion-en-tabasco-campeche-y-yucatan\/","title":{"rendered":"Tren Maya concentra su construcci\u00f3n en Tabasco, Campeche y Yucat\u00e1n"},"content":{"rendered":"<p>Con el objetivo de agilizar la construcci\u00f3n del Tren Maya, y concluirlas en diciembre de 2023 como lo prometi\u00f3 el presidente Andr\u00e9s Manuel L\u00f3pez Obrador, la construcci\u00f3n de los Tramos del 1 al 4 contin\u00faa, mientras el atropellado Tramo 5 prevalece en las dudas legales, ambientales y t\u00e9cnicas.<\/p>\n<p>El Fondo Nacional de Fomento al Turismo (Fonatur) inform\u00f3 que el Tren Maya avanza en la construcci\u00f3n de cunetas para evitar inundaciones al paso del tren, pasos ganaderos y agr\u00edcolas que conectar\u00e1n ejidos, colocaci\u00f3n de rieles, cimentaci\u00f3n de la estaci\u00f3n Edzn\u00e1, en Campeche y obras del Muelle Beacon en Yucat\u00e1n para acopio de balasto.<\/p>\n<p>La dependencia se\u00f1ala que hasta ahora, el Tren Maya ha generado en el sureste m\u00e1s de 114 mil empleos, muchos de ellos en el tramo 1, que va de Palenque a Esc\u00e1rcega, e incluye el municipio de Balanc\u00e1n, Tabasco, donde se construyen cunetas a un costado del terrapl\u00e9n para encauzar el agua de la plataforma de v\u00eda a la obra de drenaje transversal m\u00e1s cercana y evitar encharcamientos o inundaciones para el libre paso del tren.<\/p>\n<p>En este tramo tambi\u00e9n avanzan m\u00e1s de 50 pasos ganaderos y agr\u00edcolas que conectar\u00e1n ejidos y garantizar\u00e1n la realizaci\u00f3n de actividades primarias de la regi\u00f3n.<\/p>\n<p>Igualmente, en el tramo 2, Esc\u00e1rcega-Calkini, avanzan la cimentaci\u00f3n y la construcci\u00f3n de la base de montaje para la estaci\u00f3n Edzn\u00e1, el acopio de durmientes y balasto, as\u00ed como el arribo de placas para el paso inferior vehicular que beneficiar\u00e1 a las comunidades de Hool, Tixmucuy, Edzn\u00e1 y Ruiz Cortines, en Campeche, refiere Fonatur en su informe semanal.<\/p>\n<p>En el tramo 3, de Calkin\u00ed a Izamal, cerca de San Bernardo, en Kopom\u00e1, Yucat\u00e1n, contin\u00faa la colocaci\u00f3n de riel sobre los durmientes y la primera capa de balasto.<\/p>\n<p>Al mismo tiempo, en el tramo 4, de Izamal a Canc\u00fan, comenz\u00f3 a construirse en Puerto Progreso, Yucat\u00e1n, el Muelle Beacon, destinado al servicio del Tren Maya, que recibir\u00e1 de manera simult\u00e1nea hasta 20 mil toneladas de balasto con el atraque de dos barcazas, agiliz\u00e1ndose el suministro de este material indispensable para la v\u00eda.<\/p>\n<p>En este tramo tambi\u00e9n contin\u00faa la construcci\u00f3n de un viaducto que contempla la edificaci\u00f3n de tres pasos inferiores vehiculares que conectar\u00e1n destinos como M\u00e9rida, Tizim\u00edn e Izamal.\u00a0<a title=\"Tren Maya: Constructores y transportistas de Quintana Roo acelerar\u00e1n obras\" href=\"https:\/\/www.dev.nitu.mx\/index.php\/2022\/07\/24\/tren-maya-constructores-y-transportistas-de-quintana-roo-aceleraran-obras\/\" rel=\"bookmark\">(Tren Maya: Constructores y transportistas de Quintana Roo acelerar\u00e1n obras<\/a>).<\/p>\n","protected":false},"excerpt":{"rendered":"<p>Con el objetivo de agilizar la construcci\u00f3n del Tren Maya, y concluirlas en diciembre de 2023 como lo prometi\u00f3 el presidente Andr\u00e9s Manuel L\u00f3pez Obrador, la construcci\u00f3n de los Tramos del 1 al 4 contin\u00faa, mientras el atropellado Tramo 5 prevalece en las dudas legales, ambientales y t\u00e9cnicas. El Fondo Nacional de Fomento al Turismo [&hellip;]<\/p>\n","protected":false},"author":17,"featured_media":60582,"comment_status":"open","ping_status":"open","sticky":false,"template":"","format":"standard","meta":{"footnotes":""},"categories":[22813],"tags":[400,13812,889,3818,399,11427,449],"yoast_head":"<!-- This site is optimized with the Yoast SEO plugin v22.2 - https:\/\/yoast.com\/wordpress\/plugins\/seo\/ -->\n<title>Tren Maya concentra su construcci\u00f3n en Tabasco, Campeche y Yucat\u00e1n - Nitu - Noticias de la Industria Turistica<\/title>\n<meta name=\"robots\" content=\"index, follow, max-snippet:-1, max-image-preview:large, max-video-preview:-1\" \/>\n<link rel=\"canonical\" href=\"https:\/\/nitu.mx\/index.php\/2022\/07\/25\/tren-maya-concentra-su-construccion-en-tabasco-campeche-y-yucatan\/\" \/>\n<meta name=\"twitter:card\" content=\"summary_large_image\" \/>\n<meta name=\"twitter:title\" content=\"Tren Maya concentra su construcci\u00f3n en Tabasco, Campeche y Yucat\u00e1n - Nitu - Noticias de la Industria Turistica\" \/>\n<meta name=\"twitter:description\" content=\"Con el objetivo de agilizar la construcci\u00f3n del Tren Maya, y concluirlas en diciembre de 2023 como lo prometi\u00f3 el presidente Andr\u00e9s Manuel L\u00f3pez Obrador, la construcci\u00f3n de los Tramos del 1 al 4 contin\u00faa, mientras el atropellado Tramo 5 prevalece en las dudas legales, ambientales y t\u00e9cnicas. El Fondo Nacional de Fomento al Turismo [&hellip;]\" \/>\n<meta name=\"twitter:image\" content=\"https:\/\/nitu.mx\/wp-content\/uploads\/2022\/07\/Tren-Maya-Campeche-Yucat\u00e1n-Tabasco.jpg\" \/>\n<meta name=\"twitter:creator\" content=\"@NITUmx\" \/>\n<meta name=\"twitter:site\" content=\"@Arturo_Medina_G\" \/>\n<meta name=\"twitter:label1\" content=\"Escrito por\" \/>\n\t<meta name=\"twitter:data1\" content=\"Redacci\u00f3n\" \/>\n\t<meta name=\"twitter:label2\" content=\"Tiempo de lectura\" \/>\n\t<meta name=\"twitter:data2\" content=\"2 minutos\" \/>\n<script type=\"application\/ld+json\" class=\"yoast-schema-graph\">{\"@context\":\"https:\/\/schema.org\",\"@graph\":[{\"@type\":\"Article\",\"@id\":\"https:\/\/nitu.mx\/index.php\/2022\/07\/25\/tren-maya-concentra-su-construccion-en-tabasco-campeche-y-yucatan\/#article\",\"isPartOf\":{\"@id\":\"https:\/\/nitu.mx\/index.php\/2022\/07\/25\/tren-maya-concentra-su-construccion-en-tabasco-campeche-y-yucatan\/\"},\"author\":{\"name\":\"Redacci\u00f3n\",\"@id\":\"https:\/\/nitu.mx\/#\/schema\/person\/4a28fe9bd65924f7c90623773daf1b0b\"},\"headline\":\"Tren Maya concentra su construcci\u00f3n en Tabasco, Campeche y Yucat\u00e1n\",\"datePublished\":\"2022-07-26T04:26:39+00:00\",\"dateModified\":\"2022-07-26T05:25:25+00:00\",\"mainEntityOfPage\":{\"@id\":\"https:\/\/nitu.mx\/index.php\/2022\/07\/25\/tren-maya-concentra-su-construccion-en-tabasco-campeche-y-yucatan\/\"},\"wordCount\":429,\"commentCount\":0,\"publisher\":{\"@id\":\"https:\/\/nitu.mx\/#\/schema\/person\/ae7a53426417292d3dd07b45a33e01bc\"},\"image\":{\"@id\":\"https:\/\/nitu.mx\/index.php\/2022\/07\/25\/tren-maya-concentra-su-construccion-en-tabasco-campeche-y-yucatan\/#primaryimage\"},\"thumbnailUrl\":\"https:\/\/nitu.mx\/wp-content\/uploads\/2022\/07\/Tren-Maya-Campeche-Yucat\u00e1n-Tabasco.jpg\",\"keywords\":[\"Campeche\",\"Edzn\u00e1\",\"Fonatur\",\"Puerto Progreso\",\"Tabasco\",\"Tren Maya\",\"Yucat\u00e1n\"],\"articleSection\":[\"Tren Maya\"],\"inLanguage\":\"es-MX\",\"potentialAction\":[{\"@type\":\"CommentAction\",\"name\":\"Comment\",\"target\":[\"https:\/\/nitu.mx\/index.php\/2022\/07\/25\/tren-maya-concentra-su-construccion-en-tabasco-campeche-y-yucatan\/#respond\"]}]},{\"@type\":\"WebPage\",\"@id\":\"https:\/\/nitu.mx\/index.php\/2022\/07\/25\/tren-maya-concentra-su-construccion-en-tabasco-campeche-y-yucatan\/\",\"url\":\"https:\/\/nitu.mx\/index.php\/2022\/07\/25\/tren-maya-concentra-su-construccion-en-tabasco-campeche-y-yucatan\/\",\"name\":\"Tren Maya concentra su construcci\u00f3n en Tabasco, Campeche y Yucat\u00e1n - Nitu - Noticias de la Industria Turistica\",\"isPartOf\":{\"@id\":\"https:\/\/nitu.mx\/#website\"},\"primaryImageOfPage\":{\"@id\":\"https:\/\/nitu.mx\/index.php\/2022\/07\/25\/tren-maya-concentra-su-construccion-en-tabasco-campeche-y-yucatan\/#primaryimage\"},\"image\":{\"@id\":\"https:\/\/nitu.mx\/index.php\/2022\/07\/25\/tren-maya-concentra-su-construccion-en-tabasco-campeche-y-yucatan\/#primaryimage\"},\"thumbnailUrl\":\"https:\/\/nitu.mx\/wp-content\/uploads\/2022\/07\/Tren-Maya-Campeche-Yucat\u00e1n-Tabasco.jpg\",\"datePublished\":\"2022-07-26T04:26:39+00:00\",\"dateModified\":\"2022-07-26T05:25:25+00:00\",\"breadcrumb\":{\"@id\":\"https:\/\/nitu.mx\/index.php\/2022\/07\/25\/tren-maya-concentra-su-construccion-en-tabasco-campeche-y-yucatan\/#breadcrumb\"},\"inLanguage\":\"es-MX\",\"potentialAction\":[{\"@type\":\"ReadAction\",\"target\":[\"https:\/\/nitu.mx\/index.php\/2022\/07\/25\/tren-maya-concentra-su-construccion-en-tabasco-campeche-y-yucatan\/\"]}]},{\"@type\":\"ImageObject\",\"inLanguage\":\"es-MX\",\"@id\":\"https:\/\/nitu.mx\/index.php\/2022\/07\/25\/tren-maya-concentra-su-construccion-en-tabasco-campeche-y-yucatan\/#primaryimage\",\"url\":\"https:\/\/nitu.mx\/wp-content\/uploads\/2022\/07\/Tren-Maya-Campeche-Yucat\u00e1n-Tabasco.jpg\",\"contentUrl\":\"https:\/\/nitu.mx\/wp-content\/uploads\/2022\/07\/Tren-Maya-Campeche-Yucat\u00e1n-Tabasco.jpg\",\"width\":1200,\"height\":675,\"caption\":\"Tren Maya\"},{\"@type\":\"BreadcrumbList\",\"@id\":\"https:\/\/nitu.mx\/index.php\/2022\/07\/25\/tren-maya-concentra-su-construccion-en-tabasco-campeche-y-yucatan\/#breadcrumb\",\"itemListElement\":[{\"@type\":\"ListItem\",\"position\":1,\"name\":\"Inicio\",\"item\":\"https:\/\/nitu.mx\/\"},{\"@type\":\"ListItem\",\"position\":2,\"name\":\"Tren Maya concentra su construcci\u00f3n en Tabasco, Campeche y Yucat\u00e1n\"}]},{\"@type\":\"WebSite\",\"@id\":\"https:\/\/nitu.mx\/#website\",\"url\":\"https:\/\/nitu.mx\/\",\"name\":\"Nitu - Noticias de la Industria Turistica\",\"description\":\"Noticias de la Industria Turistica\",\"publisher\":{\"@id\":\"https:\/\/nitu.mx\/#\/schema\/person\/ae7a53426417292d3dd07b45a33e01bc\"},\"alternateName\":\"Noticias de la Industria Turistica\",\"potentialAction\":[{\"@type\":\"SearchAction\",\"target\":{\"@type\":\"EntryPoint\",\"urlTemplate\":\"https:\/\/nitu.mx\/?s={search_term_string}\"},\"query-input\":\"required name=search_term_string\"}],\"inLanguage\":\"es-MX\"},{\"@type\":[\"Person\",\"Organization\"],\"@id\":\"https:\/\/nitu.mx\/#\/schema\/person\/ae7a53426417292d3dd07b45a33e01bc\",\"name\":\"Arturo Medina\",\"image\":{\"@type\":\"ImageObject\",\"inLanguage\":\"es-MX\",\"@id\":\"https:\/\/nitu.mx\/#\/schema\/person\/image\/\",\"url\":\"https:\/\/nitu.mx\/wp-content\/uploads\/2024\/04\/4A315622-1904-4D5C-B022-878CDC840E04-90x90-1.jpeg\",\"contentUrl\":\"https:\/\/nitu.mx\/wp-content\/uploads\/2024\/04\/4A315622-1904-4D5C-B022-878CDC840E04-90x90-1.jpeg\",\"width\":90,\"height\":90,\"caption\":\"Arturo Medina\"},\"logo\":{\"@id\":\"https:\/\/nitu.mx\/#\/schema\/person\/image\/\"},\"description\":\"Director NITU.mx, Egresado de la Escuela de Periodismo Carlos Septi\u00e9n Garc\u00eda. Periodista y analista especializado en turismo desde hace 35 a\u00f1os, radicado en Canc\u00fan Q.Roo. arturo@nitu.mx\",\"sameAs\":[\"https:\/\/nitu.mx\",\"https:\/\/www.facebook.com\/NITUmx\/\",\"medinacancun\",\"https:\/\/twitter.com\/@Arturo_Medina_G\"]},{\"@type\":\"Person\",\"@id\":\"https:\/\/nitu.mx\/#\/schema\/person\/4a28fe9bd65924f7c90623773daf1b0b\",\"name\":\"Redacci\u00f3n\",\"image\":{\"@type\":\"ImageObject\",\"inLanguage\":\"es-MX\",\"@id\":\"https:\/\/nitu.mx\/#\/schema\/person\/image\/\",\"url\":\"https:\/\/secure.gravatar.com\/avatar\/5dd011c8ccfc5cd7e4c81e42252aab38?s=96&d=mm&r=g\",\"contentUrl\":\"https:\/\/secure.gravatar.com\/avatar\/5dd011c8ccfc5cd7e4c81e42252aab38?s=96&d=mm&r=g\",\"caption\":\"Redacci\u00f3n\"},\"url\":\"https:\/\/nitu.mx\/index.php\/author\/redaccion\/\"}]}<\/script>\n<!-- \/ Yoast SEO plugin. -->","yoast_head_json":{"title":"Tren Maya concentra su construcci\u00f3n en Tabasco, Campeche y Yucat\u00e1n - Nitu - Noticias de la Industria Turistica","robots":{"index":"index","follow":"follow","max-snippet":"max-snippet:-1","max-image-preview":"max-image-preview:large","max-video-preview":"max-video-preview:-1"},"canonical":"https:\/\/nitu.mx\/index.php\/2022\/07\/25\/tren-maya-concentra-su-construccion-en-tabasco-campeche-y-yucatan\/","twitter_card":"summary_large_image","twitter_title":"Tren Maya concentra su construcci\u00f3n en Tabasco, Campeche y Yucat\u00e1n - Nitu - Noticias de la Industria Turistica","twitter_description":"Con el objetivo de agilizar la construcci\u00f3n del Tren Maya, y concluirlas en diciembre de 2023 como lo prometi\u00f3 el presidente Andr\u00e9s Manuel L\u00f3pez Obrador, la construcci\u00f3n de los Tramos del 1 al 4 contin\u00faa, mientras el atropellado Tramo 5 prevalece en las dudas legales, ambientales y t\u00e9cnicas. El Fondo Nacional de Fomento al Turismo [&hellip;]","twitter_image":"https:\/\/nitu.mx\/wp-content\/uploads\/2022\/07\/Tren-Maya-Campeche-Yucat\u00e1n-Tabasco.jpg","twitter_creator":"@NITUmx","twitter_site":"@Arturo_Medina_G","twitter_misc":{"Escrito por":"Redacci\u00f3n","Tiempo de lectura":"2 minutos"},"schema":{"@context":"https:\/\/schema.org","@graph":[{"@type":"Article","@id":"https:\/\/nitu.mx\/index.php\/2022\/07\/25\/tren-maya-concentra-su-construccion-en-tabasco-campeche-y-yucatan\/#article","isPartOf":{"@id":"https:\/\/nitu.mx\/index.php\/2022\/07\/25\/tren-maya-concentra-su-construccion-en-tabasco-campeche-y-yucatan\/"},"author":{"name":"Redacci\u00f3n","@id":"https:\/\/nitu.mx\/#\/schema\/person\/4a28fe9bd65924f7c90623773daf1b0b"},"headline":"Tren Maya concentra su construcci\u00f3n en Tabasco, Campeche y Yucat\u00e1n","datePublished":"2022-07-26T04:26:39+00:00","dateModified":"2022-07-26T05:25:25+00:00","mainEntityOfPage":{"@id":"https:\/\/nitu.mx\/index.php\/2022\/07\/25\/tren-maya-concentra-su-construccion-en-tabasco-campeche-y-yucatan\/"},"wordCount":429,"commentCount":0,"publisher":{"@id":"https:\/\/nitu.mx\/#\/schema\/person\/ae7a53426417292d3dd07b45a33e01bc"},"image":{"@id":"https:\/\/nitu.mx\/index.php\/2022\/07\/25\/tren-maya-concentra-su-construccion-en-tabasco-campeche-y-yucatan\/#primaryimage"},"thumbnailUrl":"https:\/\/nitu.mx\/wp-content\/uploads\/2022\/07\/Tren-Maya-Campeche-Yucat\u00e1n-Tabasco.jpg","keywords":["Campeche","Edzn\u00e1","Fonatur","Puerto Progreso","Tabasco","Tren Maya","Yucat\u00e1n"],"articleSection":["Tren Maya"],"inLanguage":"es-MX","potentialAction":[{"@type":"CommentAction","name":"Comment","target":["https:\/\/nitu.mx\/index.php\/2022\/07\/25\/tren-maya-concentra-su-construccion-en-tabasco-campeche-y-yucatan\/#respond"]}]},{"@type":"WebPage","@id":"https:\/\/nitu.mx\/index.php\/2022\/07\/25\/tren-maya-concentra-su-construccion-en-tabasco-campeche-y-yucatan\/","url":"https:\/\/nitu.mx\/index.php\/2022\/07\/25\/tren-maya-concentra-su-construccion-en-tabasco-campeche-y-yucatan\/","name":"Tren Maya concentra su construcci\u00f3n en Tabasco, Campeche y Yucat\u00e1n - Nitu - Noticias de la Industria Turistica","isPartOf":{"@id":"https:\/\/nitu.mx\/#website"},"primaryImageOfPage":{"@id":"https:\/\/nitu.mx\/index.php\/2022\/07\/25\/tren-maya-concentra-su-construccion-en-tabasco-campeche-y-yucatan\/#primaryimage"},"image":{"@id":"https:\/\/nitu.mx\/index.php\/2022\/07\/25\/tren-maya-concentra-su-construccion-en-tabasco-campeche-y-yucatan\/#primaryimage"},"thumbnailUrl":"https:\/\/nitu.mx\/wp-content\/uploads\/2022\/07\/Tren-Maya-Campeche-Yucat\u00e1n-Tabasco.jpg","datePublished":"2022-07-26T04:26:39+00:00","dateModified":"2022-07-26T05:25:25+00:00","breadcrumb":{"@id":"https:\/\/nitu.mx\/index.php\/2022\/07\/25\/tren-maya-concentra-su-construccion-en-tabasco-campeche-y-yucatan\/#breadcrumb"},"inLanguage":"es-MX","potentialAction":[{"@type":"ReadAction","target":["https:\/\/nitu.mx\/index.php\/2022\/07\/25\/tren-maya-concentra-su-construccion-en-tabasco-campeche-y-yucatan\/"]}]},{"@type":"ImageObject","inLanguage":"es-MX","@id":"https:\/\/nitu.mx\/index.php\/2022\/07\/25\/tren-maya-concentra-su-construccion-en-tabasco-campeche-y-yucatan\/#primaryimage","url":"https:\/\/nitu.mx\/wp-content\/uploads\/2022\/07\/Tren-Maya-Campeche-Yucat\u00e1n-Tabasco.jpg","contentUrl":"https:\/\/nitu.mx\/wp-content\/uploads\/2022\/07\/Tren-Maya-Campeche-Yucat\u00e1n-Tabasco.jpg","width":1200,"height":675,"caption":"Tren Maya"},{"@type":"BreadcrumbList","@id":"https:\/\/nitu.mx\/index.php\/2022\/07\/25\/tren-maya-concentra-su-construccion-en-tabasco-campeche-y-yucatan\/#breadcrumb","itemListElement":[{"@type":"ListItem","position":1,"name":"Inicio","item":"https:\/\/nitu.mx\/"},{"@type":"ListItem","position":2,"name":"Tren Maya concentra su construcci\u00f3n en Tabasco, Campeche y Yucat\u00e1n"}]},{"@type":"WebSite","@id":"https:\/\/nitu.mx\/#website","url":"https:\/\/nitu.mx\/","name":"Nitu - Noticias de la Industria Turistica","description":"Noticias de la Industria Turistica","publisher":{"@id":"https:\/\/nitu.mx\/#\/schema\/person\/ae7a53426417292d3dd07b45a33e01bc"},"alternateName":"Noticias de la Industria Turistica","potentialAction":[{"@type":"SearchAction","target":{"@type":"EntryPoint","urlTemplate":"https:\/\/nitu.mx\/?s={search_term_string}"},"query-input":"required name=search_term_string"}],"inLanguage":"es-MX"},{"@type":["Person","Organization"],"@id":"https:\/\/nitu.mx\/#\/schema\/person\/ae7a53426417292d3dd07b45a33e01bc","name":"Arturo Medina","image":{"@type":"ImageObject","inLanguage":"es-MX","@id":"https:\/\/nitu.mx\/#\/schema\/person\/image\/","url":"https:\/\/nitu.mx\/wp-content\/uploads\/2024\/04\/4A315622-1904-4D5C-B022-878CDC840E04-90x90-1.jpeg","contentUrl":"https:\/\/nitu.mx\/wp-content\/uploads\/2024\/04\/4A315622-1904-4D5C-B022-878CDC840E04-90x90-1.jpeg","width":90,"height":90,"caption":"Arturo Medina"},"logo":{"@id":"https:\/\/nitu.mx\/#\/schema\/person\/image\/"},"description":"Director NITU.mx, Egresado de la Escuela de Periodismo Carlos Septi\u00e9n Garc\u00eda. Periodista y analista especializado en turismo desde hace 35 a\u00f1os, radicado en Canc\u00fan Q.Roo. arturo@nitu.mx","sameAs":["https:\/\/nitu.mx","https:\/\/www.facebook.com\/NITUmx\/","medinacancun","https:\/\/twitter.com\/@Arturo_Medina_G"]},{"@type":"Person","@id":"https:\/\/nitu.mx\/#\/schema\/person\/4a28fe9bd65924f7c90623773daf1b0b","name":"Redacci\u00f3n","image":{"@type":"ImageObject","inLanguage":"es-MX","@id":"https:\/\/nitu.mx\/#\/schema\/person\/image\/","url":"https:\/\/secure.gravatar.com\/avatar\/5dd011c8ccfc5cd7e4c81e42252aab38?s=96&d=mm&r=g","contentUrl":"https:\/\/secure.gravatar.com\/avatar\/5dd011c8ccfc5cd7e4c81e42252aab38?s=96&d=mm&r=g","caption":"Redacci\u00f3n"},"url":"https:\/\/nitu.mx\/index.php\/author\/redaccion\/"}]}},"views":732,"_links":{"self":[{"href":"https:\/\/nitu.mx\/index.php\/wp-json\/wp\/v2\/posts\/60581"}],"collection":[{"href":"https:\/\/nitu.mx\/index.php\/wp-json\/wp\/v2\/posts"}],"about":[{"href":"https:\/\/nitu.mx\/index.php\/wp-json\/wp\/v2\/types\/post"}],"author":[{"embeddable":true,"href":"https:\/\/nitu.mx\/index.php\/wp-json\/wp\/v2\/users\/17"}],"replies":[{"embeddable":true,"href":"https:\/\/nitu.mx\/index.php\/wp-json\/wp\/v2\/comments?post=60581"}],"version-history":[{"count":1,"href":"https:\/\/nitu.mx\/index.php\/wp-json\/wp\/v2\/posts\/60581\/revisions"}],"predecessor-version":[{"id":60583,"href":"https:\/\/nitu.mx\/index.php\/wp-json\/wp\/v2\/posts\/60581\/revisions\/60583"}],"wp:featuredmedia":[{"embeddable":true,"href":"https:\/\/nitu.mx\/index.php\/wp-json\/wp\/v2\/media\/60582"}],"wp:attachment":[{"href":"https:\/\/nitu.mx\/index.php\/wp-json\/wp\/v2\/media?parent=60581"}],"wp:term":[{"taxonomy":"category","embeddable":true,"href":"https:\/\/nitu.mx\/index.php\/wp-json\/wp\/v2\/categories?post=60581"},{"taxonomy":"post_tag","embeddable":true,"href":"https:\/\/nitu.mx\/index.php\/wp-json\/wp\/v2\/tags?post=60581"}],"curies":[{"name":"wp","href":"https:\/\/api.w.org\/{rel}","templated":true}]}}