{"id":60546,"date":"2022-07-24T15:45:31","date_gmt":"2022-07-24T20:45:31","guid":{"rendered":"https:\/\/www.dev.nitu.mx\/?p=60546"},"modified":"2022-07-24T23:44:28","modified_gmt":"2022-07-25T04:44:28","slug":"tren-maya-constructores-y-transportistas-de-quintana-roo-aceleraran-obras","status":"publish","type":"post","link":"https:\/\/nitu.mx\/index.php\/2022\/07\/24\/tren-maya-constructores-y-transportistas-de-quintana-roo-aceleraran-obras\/","title":{"rendered":"Tren Maya: Constructores y transportistas de Quintana Roo acelerar\u00e1n obras"},"content":{"rendered":"<p>El secretario de Gobernaci\u00f3n, Ad\u00e1n Augusto L\u00f3pez Hern\u00e1ndez, en coordinaci\u00f3n con el gobernador de Quintana Roo, Carlos Manuel Joaqu\u00edn Gonz\u00e1lez, encabez\u00f3 en Canc\u00fan la firma de un acuerdo con constructores y sindicatos locales de transporte para desarrollar sin contratiempos las obras del Tren Maya.<\/p>\n<p>Durante su gira de trabajo por la entidad, el titular de Segob particip\u00f3 en la segunda reuni\u00f3n de evaluaci\u00f3n con integrantes del gabinete del Gobierno de M\u00e9xico para dar continuidad a esta obra y concluirla en el tiempo establecido, que de acuerdo con lo programado ser\u00e1 diciembre de 2023.<\/p>\n<p>En la reuni\u00f3n estuvieron presentes la consejera jur\u00eddica del Ejecutivo federal, Mar\u00eda Estela R\u00edos Gonz\u00e1lez; los secretarios de Infraestructura, Comunicaciones y Transportes (SICT), Jorge Arganis D\u00edaz Leal; de Bienestar, Ariadna Montiel Reyes; de Medio Ambiente y Recursos Naturales (Semarnat), Mar\u00eda Luisa Albores Gonz\u00e1lez; de Desarrollo Agrario, Territorial y Urbano (Sedatu), Rom\u00e1n Meyer Falc\u00f3n; y de la Funci\u00f3n P\u00fablica (SFP), Roberto Salcedo Aquino.<\/p>\n<p>Tambi\u00e9n estuvieron el subsecretario de la Secretar\u00eda de la Defensa Nacional (Sedena), Agust\u00edn Radilla Suastegui; y los directores generales del Instituto Nacional de Antropolog\u00eda e Historia (INAH), Diego Prieto Hern\u00e1ndez; y del Fondo Nacional de Fomento al Turismo (Fonatur), Javier May Rodr\u00edguez.<\/p>\n<p>L\u00f3pez Hern\u00e1ndez afirm\u00f3 que el Gobierno de M\u00e9xico trabaja en coordinaci\u00f3n con las autoridades estatales, a fin de que el Tren Maya se concluya en tiempo y forma, conforme a la instrucci\u00f3n del presidente de la Rep\u00fablica.<\/p>\n<p>La gira de trabajo del Secretario de Gobernaci\u00f3n se da en el marco de la disputa entre las autoridades y los grupos ambientalistas que han ganado amparos para frenar la construcci\u00f3n del Tren Maya, en el Tramo 5, que correr\u00e1 por Quintana Roo.<\/p>\n<p>El presidente Andr\u00e9s Manuel L\u00f3pez Obrador catalog\u00f3 al proyecto como \u201cSeguridad nacional\u201d con el prop\u00f3sito de no frenar el avance, sin embargo, analistas legales aseguran que esto no interfiere con las prohibiciones declaradas por el Poder Judicial.\u00a0<a title=\"Tren Maya revive discusi\u00f3n entre AMLO y ambientalistas\" href=\"https:\/\/www.dev.nitu.mx\/index.php\/2022\/07\/20\/tren-maya-revive-discusion-entre-amlo-y-ambientalistas\/\" rel=\"bookmark\">(Tren Maya revive discusi\u00f3n entre AMLO y ambientalistas<\/a>).<\/p>\n<p>Este lunes, como cada semana, se dar\u00e1n a conocer los avances que lleva el Tren Maya, que en los \u00faltimos reportes solo ha informado sobre lo acontecido en los tramos del 1 al 4.<\/p>\n","protected":false},"excerpt":{"rendered":"<p>El secretario de Gobernaci\u00f3n, Ad\u00e1n Augusto L\u00f3pez Hern\u00e1ndez, en coordinaci\u00f3n con el gobernador de Quintana Roo, Carlos Manuel Joaqu\u00edn Gonz\u00e1lez, encabez\u00f3 en Canc\u00fan la firma de un acuerdo con constructores y sindicatos locales de transporte para desarrollar sin contratiempos las obras del Tren Maya. Durante su gira de trabajo por la entidad, el titular de [&hellip;]<\/p>\n","protected":false},"author":17,"featured_media":60548,"comment_status":"open","ping_status":"open","sticky":false,"template":"","format":"standard","meta":{"footnotes":""},"categories":[22813],"tags":[12226,261,260,1062,21118,11427],"yoast_head":"<!-- This site is optimized with the Yoast SEO plugin v22.2 - https:\/\/yoast.com\/wordpress\/plugins\/seo\/ -->\n<title>Tren Maya: Constructores y transportistas de Quintana Roo acelerar\u00e1n obras - Nitu - Noticias de la Industria Turistica<\/title>\n<meta name=\"robots\" content=\"index, follow, max-snippet:-1, max-image-preview:large, max-video-preview:-1\" \/>\n<link rel=\"canonical\" href=\"https:\/\/nitu.mx\/index.php\/2022\/07\/24\/tren-maya-constructores-y-transportistas-de-quintana-roo-aceleraran-obras\/\" \/>\n<meta name=\"twitter:card\" content=\"summary_large_image\" \/>\n<meta name=\"twitter:title\" content=\"Tren Maya: Constructores y transportistas de Quintana Roo acelerar\u00e1n obras - Nitu - Noticias de la Industria Turistica\" \/>\n<meta name=\"twitter:description\" content=\"El secretario de Gobernaci\u00f3n, Ad\u00e1n Augusto L\u00f3pez Hern\u00e1ndez, en coordinaci\u00f3n con el gobernador de Quintana Roo, Carlos Manuel Joaqu\u00edn Gonz\u00e1lez, encabez\u00f3 en Canc\u00fan la firma de un acuerdo con constructores y sindicatos locales de transporte para desarrollar sin contratiempos las obras del Tren Maya. Durante su gira de trabajo por la entidad, el titular de [&hellip;]\" \/>\n<meta name=\"twitter:image\" content=\"https:\/\/nitu.mx\/wp-content\/uploads\/2022\/07\/Tren-Maya-Segob.jpg\" \/>\n<meta name=\"twitter:creator\" content=\"@NITUmx\" \/>\n<meta name=\"twitter:site\" content=\"@Arturo_Medina_G\" \/>\n<meta name=\"twitter:label1\" content=\"Escrito por\" \/>\n\t<meta name=\"twitter:data1\" content=\"Redacci\u00f3n\" \/>\n\t<meta name=\"twitter:label2\" content=\"Tiempo de lectura\" \/>\n\t<meta name=\"twitter:data2\" content=\"2 minutos\" \/>\n<script type=\"application\/ld+json\" class=\"yoast-schema-graph\">{\"@context\":\"https:\/\/schema.org\",\"@graph\":[{\"@type\":\"Article\",\"@id\":\"https:\/\/nitu.mx\/index.php\/2022\/07\/24\/tren-maya-constructores-y-transportistas-de-quintana-roo-aceleraran-obras\/#article\",\"isPartOf\":{\"@id\":\"https:\/\/nitu.mx\/index.php\/2022\/07\/24\/tren-maya-constructores-y-transportistas-de-quintana-roo-aceleraran-obras\/\"},\"author\":{\"name\":\"Redacci\u00f3n\",\"@id\":\"https:\/\/nitu.mx\/#\/schema\/person\/4a28fe9bd65924f7c90623773daf1b0b\"},\"headline\":\"Tren Maya: Constructores y transportistas de Quintana Roo acelerar\u00e1n obras\",\"datePublished\":\"2022-07-24T20:45:31+00:00\",\"dateModified\":\"2022-07-25T04:44:28+00:00\",\"mainEntityOfPage\":{\"@id\":\"https:\/\/nitu.mx\/index.php\/2022\/07\/24\/tren-maya-constructores-y-transportistas-de-quintana-roo-aceleraran-obras\/\"},\"wordCount\":405,\"commentCount\":0,\"publisher\":{\"@id\":\"https:\/\/nitu.mx\/#\/schema\/person\/ae7a53426417292d3dd07b45a33e01bc\"},\"image\":{\"@id\":\"https:\/\/nitu.mx\/index.php\/2022\/07\/24\/tren-maya-constructores-y-transportistas-de-quintana-roo-aceleraran-obras\/#primaryimage\"},\"thumbnailUrl\":\"https:\/\/nitu.mx\/wp-content\/uploads\/2022\/07\/Tren-Maya-Segob.jpg\",\"keywords\":[\"Ad\u00e1n Augusto L\u00f3pez\",\"Carlos Joaqu\u00edn Gonz\u00e1lez\",\"Quintana Roo\",\"Segob\",\"Tramo 5\",\"Tren Maya\"],\"articleSection\":[\"Tren Maya\"],\"inLanguage\":\"es-MX\",\"potentialAction\":[{\"@type\":\"CommentAction\",\"name\":\"Comment\",\"target\":[\"https:\/\/nitu.mx\/index.php\/2022\/07\/24\/tren-maya-constructores-y-transportistas-de-quintana-roo-aceleraran-obras\/#respond\"]}]},{\"@type\":\"WebPage\",\"@id\":\"https:\/\/nitu.mx\/index.php\/2022\/07\/24\/tren-maya-constructores-y-transportistas-de-quintana-roo-aceleraran-obras\/\",\"url\":\"https:\/\/nitu.mx\/index.php\/2022\/07\/24\/tren-maya-constructores-y-transportistas-de-quintana-roo-aceleraran-obras\/\",\"name\":\"Tren Maya: Constructores y transportistas de Quintana Roo acelerar\u00e1n obras - Nitu - Noticias de la Industria Turistica\",\"isPartOf\":{\"@id\":\"https:\/\/nitu.mx\/#website\"},\"primaryImageOfPage\":{\"@id\":\"https:\/\/nitu.mx\/index.php\/2022\/07\/24\/tren-maya-constructores-y-transportistas-de-quintana-roo-aceleraran-obras\/#primaryimage\"},\"image\":{\"@id\":\"https:\/\/nitu.mx\/index.php\/2022\/07\/24\/tren-maya-constructores-y-transportistas-de-quintana-roo-aceleraran-obras\/#primaryimage\"},\"thumbnailUrl\":\"https:\/\/nitu.mx\/wp-content\/uploads\/2022\/07\/Tren-Maya-Segob.jpg\",\"datePublished\":\"2022-07-24T20:45:31+00:00\",\"dateModified\":\"2022-07-25T04:44:28+00:00\",\"breadcrumb\":{\"@id\":\"https:\/\/nitu.mx\/index.php\/2022\/07\/24\/tren-maya-constructores-y-transportistas-de-quintana-roo-aceleraran-obras\/#breadcrumb\"},\"inLanguage\":\"es-MX\",\"potentialAction\":[{\"@type\":\"ReadAction\",\"target\":[\"https:\/\/nitu.mx\/index.php\/2022\/07\/24\/tren-maya-constructores-y-transportistas-de-quintana-roo-aceleraran-obras\/\"]}]},{\"@type\":\"ImageObject\",\"inLanguage\":\"es-MX\",\"@id\":\"https:\/\/nitu.mx\/index.php\/2022\/07\/24\/tren-maya-constructores-y-transportistas-de-quintana-roo-aceleraran-obras\/#primaryimage\",\"url\":\"https:\/\/nitu.mx\/wp-content\/uploads\/2022\/07\/Tren-Maya-Segob.jpg\",\"contentUrl\":\"https:\/\/nitu.mx\/wp-content\/uploads\/2022\/07\/Tren-Maya-Segob.jpg\",\"width\":1200,\"height\":675,\"caption\":\"Tren Maya\"},{\"@type\":\"BreadcrumbList\",\"@id\":\"https:\/\/nitu.mx\/index.php\/2022\/07\/24\/tren-maya-constructores-y-transportistas-de-quintana-roo-aceleraran-obras\/#breadcrumb\",\"itemListElement\":[{\"@type\":\"ListItem\",\"position\":1,\"name\":\"Inicio\",\"item\":\"https:\/\/nitu.mx\/\"},{\"@type\":\"ListItem\",\"position\":2,\"name\":\"Tren Maya: Constructores y transportistas de Quintana Roo acelerar\u00e1n obras\"}]},{\"@type\":\"WebSite\",\"@id\":\"https:\/\/nitu.mx\/#website\",\"url\":\"https:\/\/nitu.mx\/\",\"name\":\"Nitu - Noticias de la Industria Turistica\",\"description\":\"Noticias de la Industria Turistica\",\"publisher\":{\"@id\":\"https:\/\/nitu.mx\/#\/schema\/person\/ae7a53426417292d3dd07b45a33e01bc\"},\"alternateName\":\"Noticias de la Industria Turistica\",\"potentialAction\":[{\"@type\":\"SearchAction\",\"target\":{\"@type\":\"EntryPoint\",\"urlTemplate\":\"https:\/\/nitu.mx\/?s={search_term_string}\"},\"query-input\":\"required name=search_term_string\"}],\"inLanguage\":\"es-MX\"},{\"@type\":[\"Person\",\"Organization\"],\"@id\":\"https:\/\/nitu.mx\/#\/schema\/person\/ae7a53426417292d3dd07b45a33e01bc\",\"name\":\"Arturo Medina\",\"image\":{\"@type\":\"ImageObject\",\"inLanguage\":\"es-MX\",\"@id\":\"https:\/\/nitu.mx\/#\/schema\/person\/image\/\",\"url\":\"https:\/\/nitu.mx\/wp-content\/uploads\/2024\/04\/4A315622-1904-4D5C-B022-878CDC840E04-90x90-1.jpeg\",\"contentUrl\":\"https:\/\/nitu.mx\/wp-content\/uploads\/2024\/04\/4A315622-1904-4D5C-B022-878CDC840E04-90x90-1.jpeg\",\"width\":90,\"height\":90,\"caption\":\"Arturo Medina\"},\"logo\":{\"@id\":\"https:\/\/nitu.mx\/#\/schema\/person\/image\/\"},\"description\":\"Director NITU.mx, Egresado de la Escuela de Periodismo Carlos Septi\u00e9n Garc\u00eda. Periodista y analista especializado en turismo desde hace 35 a\u00f1os, radicado en Canc\u00fan Q.Roo. arturo@nitu.mx\",\"sameAs\":[\"https:\/\/nitu.mx\",\"https:\/\/www.facebook.com\/NITUmx\/\",\"medinacancun\",\"https:\/\/twitter.com\/@Arturo_Medina_G\"]},{\"@type\":\"Person\",\"@id\":\"https:\/\/nitu.mx\/#\/schema\/person\/4a28fe9bd65924f7c90623773daf1b0b\",\"name\":\"Redacci\u00f3n\",\"image\":{\"@type\":\"ImageObject\",\"inLanguage\":\"es-MX\",\"@id\":\"https:\/\/nitu.mx\/#\/schema\/person\/image\/\",\"url\":\"https:\/\/secure.gravatar.com\/avatar\/5dd011c8ccfc5cd7e4c81e42252aab38?s=96&d=mm&r=g\",\"contentUrl\":\"https:\/\/secure.gravatar.com\/avatar\/5dd011c8ccfc5cd7e4c81e42252aab38?s=96&d=mm&r=g\",\"caption\":\"Redacci\u00f3n\"},\"url\":\"https:\/\/nitu.mx\/index.php\/author\/redaccion\/\"}]}<\/script>\n<!-- \/ Yoast SEO plugin. -->","yoast_head_json":{"title":"Tren Maya: Constructores y transportistas de Quintana Roo acelerar\u00e1n obras - Nitu - Noticias de la Industria Turistica","robots":{"index":"index","follow":"follow","max-snippet":"max-snippet:-1","max-image-preview":"max-image-preview:large","max-video-preview":"max-video-preview:-1"},"canonical":"https:\/\/nitu.mx\/index.php\/2022\/07\/24\/tren-maya-constructores-y-transportistas-de-quintana-roo-aceleraran-obras\/","twitter_card":"summary_large_image","twitter_title":"Tren Maya: Constructores y transportistas de Quintana Roo acelerar\u00e1n obras - Nitu - Noticias de la Industria Turistica","twitter_description":"El secretario de Gobernaci\u00f3n, Ad\u00e1n Augusto L\u00f3pez Hern\u00e1ndez, en coordinaci\u00f3n con el gobernador de Quintana Roo, Carlos Manuel Joaqu\u00edn Gonz\u00e1lez, encabez\u00f3 en Canc\u00fan la firma de un acuerdo con constructores y sindicatos locales de transporte para desarrollar sin contratiempos las obras del Tren Maya. Durante su gira de trabajo por la entidad, el titular de [&hellip;]","twitter_image":"https:\/\/nitu.mx\/wp-content\/uploads\/2022\/07\/Tren-Maya-Segob.jpg","twitter_creator":"@NITUmx","twitter_site":"@Arturo_Medina_G","twitter_misc":{"Escrito por":"Redacci\u00f3n","Tiempo de lectura":"2 minutos"},"schema":{"@context":"https:\/\/schema.org","@graph":[{"@type":"Article","@id":"https:\/\/nitu.mx\/index.php\/2022\/07\/24\/tren-maya-constructores-y-transportistas-de-quintana-roo-aceleraran-obras\/#article","isPartOf":{"@id":"https:\/\/nitu.mx\/index.php\/2022\/07\/24\/tren-maya-constructores-y-transportistas-de-quintana-roo-aceleraran-obras\/"},"author":{"name":"Redacci\u00f3n","@id":"https:\/\/nitu.mx\/#\/schema\/person\/4a28fe9bd65924f7c90623773daf1b0b"},"headline":"Tren Maya: Constructores y transportistas de Quintana Roo acelerar\u00e1n obras","datePublished":"2022-07-24T20:45:31+00:00","dateModified":"2022-07-25T04:44:28+00:00","mainEntityOfPage":{"@id":"https:\/\/nitu.mx\/index.php\/2022\/07\/24\/tren-maya-constructores-y-transportistas-de-quintana-roo-aceleraran-obras\/"},"wordCount":405,"commentCount":0,"publisher":{"@id":"https:\/\/nitu.mx\/#\/schema\/person\/ae7a53426417292d3dd07b45a33e01bc"},"image":{"@id":"https:\/\/nitu.mx\/index.php\/2022\/07\/24\/tren-maya-constructores-y-transportistas-de-quintana-roo-aceleraran-obras\/#primaryimage"},"thumbnailUrl":"https:\/\/nitu.mx\/wp-content\/uploads\/2022\/07\/Tren-Maya-Segob.jpg","keywords":["Ad\u00e1n Augusto L\u00f3pez","Carlos Joaqu\u00edn Gonz\u00e1lez","Quintana Roo","Segob","Tramo 5","Tren Maya"],"articleSection":["Tren Maya"],"inLanguage":"es-MX","potentialAction":[{"@type":"CommentAction","name":"Comment","target":["https:\/\/nitu.mx\/index.php\/2022\/07\/24\/tren-maya-constructores-y-transportistas-de-quintana-roo-aceleraran-obras\/#respond"]}]},{"@type":"WebPage","@id":"https:\/\/nitu.mx\/index.php\/2022\/07\/24\/tren-maya-constructores-y-transportistas-de-quintana-roo-aceleraran-obras\/","url":"https:\/\/nitu.mx\/index.php\/2022\/07\/24\/tren-maya-constructores-y-transportistas-de-quintana-roo-aceleraran-obras\/","name":"Tren Maya: Constructores y transportistas de Quintana Roo acelerar\u00e1n obras - Nitu - Noticias de la Industria Turistica","isPartOf":{"@id":"https:\/\/nitu.mx\/#website"},"primaryImageOfPage":{"@id":"https:\/\/nitu.mx\/index.php\/2022\/07\/24\/tren-maya-constructores-y-transportistas-de-quintana-roo-aceleraran-obras\/#primaryimage"},"image":{"@id":"https:\/\/nitu.mx\/index.php\/2022\/07\/24\/tren-maya-constructores-y-transportistas-de-quintana-roo-aceleraran-obras\/#primaryimage"},"thumbnailUrl":"https:\/\/nitu.mx\/wp-content\/uploads\/2022\/07\/Tren-Maya-Segob.jpg","datePublished":"2022-07-24T20:45:31+00:00","dateModified":"2022-07-25T04:44:28+00:00","breadcrumb":{"@id":"https:\/\/nitu.mx\/index.php\/2022\/07\/24\/tren-maya-constructores-y-transportistas-de-quintana-roo-aceleraran-obras\/#breadcrumb"},"inLanguage":"es-MX","potentialAction":[{"@type":"ReadAction","target":["https:\/\/nitu.mx\/index.php\/2022\/07\/24\/tren-maya-constructores-y-transportistas-de-quintana-roo-aceleraran-obras\/"]}]},{"@type":"ImageObject","inLanguage":"es-MX","@id":"https:\/\/nitu.mx\/index.php\/2022\/07\/24\/tren-maya-constructores-y-transportistas-de-quintana-roo-aceleraran-obras\/#primaryimage","url":"https:\/\/nitu.mx\/wp-content\/uploads\/2022\/07\/Tren-Maya-Segob.jpg","contentUrl":"https:\/\/nitu.mx\/wp-content\/uploads\/2022\/07\/Tren-Maya-Segob.jpg","width":1200,"height":675,"caption":"Tren Maya"},{"@type":"BreadcrumbList","@id":"https:\/\/nitu.mx\/index.php\/2022\/07\/24\/tren-maya-constructores-y-transportistas-de-quintana-roo-aceleraran-obras\/#breadcrumb","itemListElement":[{"@type":"ListItem","position":1,"name":"Inicio","item":"https:\/\/nitu.mx\/"},{"@type":"ListItem","position":2,"name":"Tren Maya: Constructores y transportistas de Quintana Roo acelerar\u00e1n obras"}]},{"@type":"WebSite","@id":"https:\/\/nitu.mx\/#website","url":"https:\/\/nitu.mx\/","name":"Nitu - Noticias de la Industria Turistica","description":"Noticias de la Industria Turistica","publisher":{"@id":"https:\/\/nitu.mx\/#\/schema\/person\/ae7a53426417292d3dd07b45a33e01bc"},"alternateName":"Noticias de la Industria Turistica","potentialAction":[{"@type":"SearchAction","target":{"@type":"EntryPoint","urlTemplate":"https:\/\/nitu.mx\/?s={search_term_string}"},"query-input":"required name=search_term_string"}],"inLanguage":"es-MX"},{"@type":["Person","Organization"],"@id":"https:\/\/nitu.mx\/#\/schema\/person\/ae7a53426417292d3dd07b45a33e01bc","name":"Arturo Medina","image":{"@type":"ImageObject","inLanguage":"es-MX","@id":"https:\/\/nitu.mx\/#\/schema\/person\/image\/","url":"https:\/\/nitu.mx\/wp-content\/uploads\/2024\/04\/4A315622-1904-4D5C-B022-878CDC840E04-90x90-1.jpeg","contentUrl":"https:\/\/nitu.mx\/wp-content\/uploads\/2024\/04\/4A315622-1904-4D5C-B022-878CDC840E04-90x90-1.jpeg","width":90,"height":90,"caption":"Arturo Medina"},"logo":{"@id":"https:\/\/nitu.mx\/#\/schema\/person\/image\/"},"description":"Director NITU.mx, Egresado de la Escuela de Periodismo Carlos Septi\u00e9n Garc\u00eda. Periodista y analista especializado en turismo desde hace 35 a\u00f1os, radicado en Canc\u00fan Q.Roo. arturo@nitu.mx","sameAs":["https:\/\/nitu.mx","https:\/\/www.facebook.com\/NITUmx\/","medinacancun","https:\/\/twitter.com\/@Arturo_Medina_G"]},{"@type":"Person","@id":"https:\/\/nitu.mx\/#\/schema\/person\/4a28fe9bd65924f7c90623773daf1b0b","name":"Redacci\u00f3n","image":{"@type":"ImageObject","inLanguage":"es-MX","@id":"https:\/\/nitu.mx\/#\/schema\/person\/image\/","url":"https:\/\/secure.gravatar.com\/avatar\/5dd011c8ccfc5cd7e4c81e42252aab38?s=96&d=mm&r=g","contentUrl":"https:\/\/secure.gravatar.com\/avatar\/5dd011c8ccfc5cd7e4c81e42252aab38?s=96&d=mm&r=g","caption":"Redacci\u00f3n"},"url":"https:\/\/nitu.mx\/index.php\/author\/redaccion\/"}]}},"views":986,"_links":{"self":[{"href":"https:\/\/nitu.mx\/index.php\/wp-json\/wp\/v2\/posts\/60546"}],"collection":[{"href":"https:\/\/nitu.mx\/index.php\/wp-json\/wp\/v2\/posts"}],"about":[{"href":"https:\/\/nitu.mx\/index.php\/wp-json\/wp\/v2\/types\/post"}],"author":[{"embeddable":true,"href":"https:\/\/nitu.mx\/index.php\/wp-json\/wp\/v2\/users\/17"}],"replies":[{"embeddable":true,"href":"https:\/\/nitu.mx\/index.php\/wp-json\/wp\/v2\/comments?post=60546"}],"version-history":[{"count":1,"href":"https:\/\/nitu.mx\/index.php\/wp-json\/wp\/v2\/posts\/60546\/revisions"}],"predecessor-version":[{"id":60547,"href":"https:\/\/nitu.mx\/index.php\/wp-json\/wp\/v2\/posts\/60546\/revisions\/60547"}],"wp:featuredmedia":[{"embeddable":true,"href":"https:\/\/nitu.mx\/index.php\/wp-json\/wp\/v2\/media\/60548"}],"wp:attachment":[{"href":"https:\/\/nitu.mx\/index.php\/wp-json\/wp\/v2\/media?parent=60546"}],"wp:term":[{"taxonomy":"category","embeddable":true,"href":"https:\/\/nitu.mx\/index.php\/wp-json\/wp\/v2\/categories?post=60546"},{"taxonomy":"post_tag","embeddable":true,"href":"https:\/\/nitu.mx\/index.php\/wp-json\/wp\/v2\/tags?post=60546"}],"curies":[{"name":"wp","href":"https:\/\/api.w.org\/{rel}","templated":true}]}}