{"id":60495,"date":"2022-07-20T00:24:52","date_gmt":"2022-07-20T05:24:52","guid":{"rendered":"https:\/\/www.dev.nitu.mx\/?p=60495"},"modified":"2022-07-20T00:28:41","modified_gmt":"2022-07-20T05:28:41","slug":"tren-maya-revive-discusion-entre-amlo-y-ambientalistas","status":"publish","type":"post","link":"https:\/\/nitu.mx\/index.php\/2022\/07\/20\/tren-maya-revive-discusion-entre-amlo-y-ambientalistas\/","title":{"rendered":"Tren Maya revive discusi\u00f3n entre AMLO y ambientalistas"},"content":{"rendered":"<p>Al darse a conocer que la obra del Tren Maya fue declarada asunto de seguridad nacional, los opositores al proyecto emblem\u00e1tico de la actual administraci\u00f3n revivieron la discusi\u00f3n con el presidente Andr\u00e9s Manuel L\u00f3pez Obrador, pues de esta forma, se allana el camino para que contin\u00fae la construcci\u00f3n.<\/p>\n<p>Este lunes, el titular del Fondo Nacional de Fomento al Turismo (Fonatur), Javier May Rodr\u00edguez, dijo a algunos medios de comunicaci\u00f3n que en la Sesi\u00f3n del Consejo de Seguridad, se determin\u00f3 que el Tren Maya se considerara obra de seguridad nacional, y as\u00ed seguir con el Tramo 5, que en sus secciones norte y sur, recorrer\u00e1 el estado de Quintana Roo.<\/p>\n<p>La principal controversia es que dicho Tramo, al no contar con la Manifestaci\u00f3n de Impacto Ambiental por parte de la Secretar\u00eda de Medio Ambiente y Recursos Naturales (Semarnat), lo que deriv\u00f3 en amparos por grupos de la sociedad civil, ambientalistas y de las comunidades para frenar los trabajos.<\/p>\n<p>Pese a que la obra continu\u00f3, exist\u00edan una serie de obst\u00e1culos que limitaban el plan de tenerlo concluido en diciembre de 2023, como prometi\u00f3 el primer mandatario; de esta forma, con la declaratoria de obra de seguridad nacional, el camino queda pr\u00e1cticamente libre.<\/p>\n<p>De acuerdo con May Rodr\u00edguez, fueron las Secretar\u00edas de Gobernaci\u00f3n y la de Seguridad y Protecci\u00f3n Ciudadana, las que determinaron que la construcci\u00f3n del Tren Maya contin\u00fae.<\/p>\n<p>Ante los reclamos de grupos como S\u00e9lvame del Tren, L\u00f3pez Obrador sentenci\u00f3 en su conferencia matutina del martes: \u201cYa se decidi\u00f3 que es un asunto de seguridad nacional, y que no por los intereses de un grupo de corruptos y de seudoambientalistas vamos a detener una obra que es en beneficio del pueblo, y que adem\u00e1s ya el tiempo que se llevaba parada nos estaba significando un alto costo al presupuesto, que es dinero del pueblo, nada m\u00e1s por intereses pol\u00edticos de estos conservadores corruptos\u201d.<\/p>\n<p>El presidente agreg\u00f3 \u201cson obras p\u00fablicas y no podemos aceptar que los intereses de grupos, de facciones, se sit\u00faen por encima del inter\u00e9s general. Eso correspond\u00eda a la \u00e9poca del neoliberalismo o neoporfirismo, ahora es el inter\u00e9s del pueblo lo m\u00e1s importante de todo, el inter\u00e9s general. Entonces, vamos a seguir y vamos a cumplir para entregar el Tren Maya en diciembre del a\u00f1o pr\u00f3ximo\u201d.<\/p>\n<p>Mientras el Tramo 5 mantiene la pol\u00e9mica del Tren Maya, los Tramos del 1 al 4 contin\u00faan su construcci\u00f3n. En el tramo 1, de Palenque a Esc\u00e1rcega, inici\u00f3 en Balanc\u00e1n, Tabasco, el tendido de la nueva v\u00eda del Tren Maya, partiendo de Villa El Triunfo con direcci\u00f3n a Palenque, Chiapas con maquinaria especializada y personal con experiencia y conocimientos.<\/p>\n<p>En el tramo 2, de Esc\u00e1rcega a Calkin\u00ed, se avanza en la estaci\u00f3n Felipe Carrillo Puerto con acciones de cimentaci\u00f3n, herrer\u00eda y armado de estructuras, as\u00ed como compactaci\u00f3n de terrapl\u00e9n y preparativos para la introducci\u00f3n de fibra \u00f3ptica y cableado el\u00e9ctrico.<\/p>\n<p>Igualmente, en el tramo 3, de Calkin\u00ed a Izamal, contin\u00faan los trabajos de terracer\u00eda para la construcci\u00f3n de un viaducto a la altura de las comisar\u00edas de San Antonio Tzacal\u00e1 e Xmatkuil, en el municipio de M\u00e9rida.<\/p>\n<p>Los avances del Tren Maya tambi\u00e9n contin\u00faan en el tramo 4, que va de Izamal a Canc\u00fan, con adelantos en la construcci\u00f3n de diversos puentes vehiculares que conectar\u00e1n con los municipios Dzit\u00e1s, Valladolid, Pist\u00e9 y M\u00e9rida.\u00a0<a title=\"Tren Maya: Sigue construcci\u00f3n de pasos ferroviarios y de fauna\" href=\"https:\/\/www.dev.nitu.mx\/index.php\/2022\/07\/11\/tren-maya-sigue-construccion-de-pasos-ferroviarios-y-de-fauna\/\" rel=\"bookmark\">(Tren Maya: Sigue construcci\u00f3n de pasos ferroviarios y de fauna<\/a>).<\/p>\n","protected":false},"excerpt":{"rendered":"<p>Al darse a conocer que la obra del Tren Maya fue declarada asunto de seguridad nacional, los opositores al proyecto emblem\u00e1tico de la actual administraci\u00f3n revivieron la discusi\u00f3n con el presidente Andr\u00e9s Manuel L\u00f3pez Obrador, pues de esta forma, se allana el camino para que contin\u00fae la construcci\u00f3n. Este lunes, el titular del Fondo Nacional [&hellip;]<\/p>\n","protected":false},"author":17,"featured_media":60497,"comment_status":"open","ping_status":"open","sticky":false,"template":"","format":"standard","meta":{"footnotes":""},"categories":[22813],"tags":[10994,889,1062,45,11427],"yoast_head":"<!-- This site is optimized with the Yoast SEO plugin v22.2 - https:\/\/yoast.com\/wordpress\/plugins\/seo\/ -->\n<title>Tren Maya revive discusi\u00f3n entre AMLO y ambientalistas - Nitu - Noticias de la Industria Turistica<\/title>\n<meta name=\"robots\" content=\"index, follow, max-snippet:-1, max-image-preview:large, max-video-preview:-1\" \/>\n<link rel=\"canonical\" href=\"https:\/\/nitu.mx\/index.php\/2022\/07\/20\/tren-maya-revive-discusion-entre-amlo-y-ambientalistas\/\" \/>\n<meta name=\"twitter:card\" content=\"summary_large_image\" \/>\n<meta name=\"twitter:title\" content=\"Tren Maya revive discusi\u00f3n entre AMLO y ambientalistas - Nitu - Noticias de la Industria Turistica\" \/>\n<meta name=\"twitter:description\" content=\"Al darse a conocer que la obra del Tren Maya fue declarada asunto de seguridad nacional, los opositores al proyecto emblem\u00e1tico de la actual administraci\u00f3n revivieron la discusi\u00f3n con el presidente Andr\u00e9s Manuel L\u00f3pez Obrador, pues de esta forma, se allana el camino para que contin\u00fae la construcci\u00f3n. Este lunes, el titular del Fondo Nacional [&hellip;]\" \/>\n<meta name=\"twitter:image\" content=\"https:\/\/nitu.mx\/wp-content\/uploads\/2022\/07\/Tren-Maya-pol\u00e9mica.jpg\" \/>\n<meta name=\"twitter:creator\" content=\"@NITUmx\" \/>\n<meta name=\"twitter:site\" content=\"@Arturo_Medina_G\" \/>\n<meta name=\"twitter:label1\" content=\"Escrito por\" \/>\n\t<meta name=\"twitter:data1\" content=\"Redacci\u00f3n\" \/>\n\t<meta name=\"twitter:label2\" content=\"Tiempo de lectura\" \/>\n\t<meta name=\"twitter:data2\" content=\"3 minutos\" \/>\n<script type=\"application\/ld+json\" class=\"yoast-schema-graph\">{\"@context\":\"https:\/\/schema.org\",\"@graph\":[{\"@type\":\"Article\",\"@id\":\"https:\/\/nitu.mx\/index.php\/2022\/07\/20\/tren-maya-revive-discusion-entre-amlo-y-ambientalistas\/#article\",\"isPartOf\":{\"@id\":\"https:\/\/nitu.mx\/index.php\/2022\/07\/20\/tren-maya-revive-discusion-entre-amlo-y-ambientalistas\/\"},\"author\":{\"name\":\"Redacci\u00f3n\",\"@id\":\"https:\/\/nitu.mx\/#\/schema\/person\/4a28fe9bd65924f7c90623773daf1b0b\"},\"headline\":\"Tren Maya revive discusi\u00f3n entre AMLO y ambientalistas\",\"datePublished\":\"2022-07-20T05:24:52+00:00\",\"dateModified\":\"2022-07-20T05:28:41+00:00\",\"mainEntityOfPage\":{\"@id\":\"https:\/\/nitu.mx\/index.php\/2022\/07\/20\/tren-maya-revive-discusion-entre-amlo-y-ambientalistas\/\"},\"wordCount\":623,\"commentCount\":0,\"publisher\":{\"@id\":\"https:\/\/nitu.mx\/#\/schema\/person\/ae7a53426417292d3dd07b45a33e01bc\"},\"image\":{\"@id\":\"https:\/\/nitu.mx\/index.php\/2022\/07\/20\/tren-maya-revive-discusion-entre-amlo-y-ambientalistas\/#primaryimage\"},\"thumbnailUrl\":\"https:\/\/nitu.mx\/wp-content\/uploads\/2022\/07\/Tren-Maya-pol\u00e9mica.jpg\",\"keywords\":[\"AMLO\",\"Fonatur\",\"Segob\",\"Semarnat\",\"Tren Maya\"],\"articleSection\":[\"Tren Maya\"],\"inLanguage\":\"es-MX\",\"potentialAction\":[{\"@type\":\"CommentAction\",\"name\":\"Comment\",\"target\":[\"https:\/\/nitu.mx\/index.php\/2022\/07\/20\/tren-maya-revive-discusion-entre-amlo-y-ambientalistas\/#respond\"]}]},{\"@type\":\"WebPage\",\"@id\":\"https:\/\/nitu.mx\/index.php\/2022\/07\/20\/tren-maya-revive-discusion-entre-amlo-y-ambientalistas\/\",\"url\":\"https:\/\/nitu.mx\/index.php\/2022\/07\/20\/tren-maya-revive-discusion-entre-amlo-y-ambientalistas\/\",\"name\":\"Tren Maya revive discusi\u00f3n entre AMLO y ambientalistas - Nitu - Noticias de la Industria Turistica\",\"isPartOf\":{\"@id\":\"https:\/\/nitu.mx\/#website\"},\"primaryImageOfPage\":{\"@id\":\"https:\/\/nitu.mx\/index.php\/2022\/07\/20\/tren-maya-revive-discusion-entre-amlo-y-ambientalistas\/#primaryimage\"},\"image\":{\"@id\":\"https:\/\/nitu.mx\/index.php\/2022\/07\/20\/tren-maya-revive-discusion-entre-amlo-y-ambientalistas\/#primaryimage\"},\"thumbnailUrl\":\"https:\/\/nitu.mx\/wp-content\/uploads\/2022\/07\/Tren-Maya-pol\u00e9mica.jpg\",\"datePublished\":\"2022-07-20T05:24:52+00:00\",\"dateModified\":\"2022-07-20T05:28:41+00:00\",\"breadcrumb\":{\"@id\":\"https:\/\/nitu.mx\/index.php\/2022\/07\/20\/tren-maya-revive-discusion-entre-amlo-y-ambientalistas\/#breadcrumb\"},\"inLanguage\":\"es-MX\",\"potentialAction\":[{\"@type\":\"ReadAction\",\"target\":[\"https:\/\/nitu.mx\/index.php\/2022\/07\/20\/tren-maya-revive-discusion-entre-amlo-y-ambientalistas\/\"]}]},{\"@type\":\"ImageObject\",\"inLanguage\":\"es-MX\",\"@id\":\"https:\/\/nitu.mx\/index.php\/2022\/07\/20\/tren-maya-revive-discusion-entre-amlo-y-ambientalistas\/#primaryimage\",\"url\":\"https:\/\/nitu.mx\/wp-content\/uploads\/2022\/07\/Tren-Maya-pol\u00e9mica.jpg\",\"contentUrl\":\"https:\/\/nitu.mx\/wp-content\/uploads\/2022\/07\/Tren-Maya-pol\u00e9mica.jpg\",\"width\":1200,\"height\":675,\"caption\":\"Tren Maya\"},{\"@type\":\"BreadcrumbList\",\"@id\":\"https:\/\/nitu.mx\/index.php\/2022\/07\/20\/tren-maya-revive-discusion-entre-amlo-y-ambientalistas\/#breadcrumb\",\"itemListElement\":[{\"@type\":\"ListItem\",\"position\":1,\"name\":\"Inicio\",\"item\":\"https:\/\/nitu.mx\/\"},{\"@type\":\"ListItem\",\"position\":2,\"name\":\"Tren Maya revive discusi\u00f3n entre AMLO y ambientalistas\"}]},{\"@type\":\"WebSite\",\"@id\":\"https:\/\/nitu.mx\/#website\",\"url\":\"https:\/\/nitu.mx\/\",\"name\":\"Nitu - Noticias de la Industria Turistica\",\"description\":\"Noticias de la Industria Turistica\",\"publisher\":{\"@id\":\"https:\/\/nitu.mx\/#\/schema\/person\/ae7a53426417292d3dd07b45a33e01bc\"},\"alternateName\":\"Noticias de la Industria Turistica\",\"potentialAction\":[{\"@type\":\"SearchAction\",\"target\":{\"@type\":\"EntryPoint\",\"urlTemplate\":\"https:\/\/nitu.mx\/?s={search_term_string}\"},\"query-input\":\"required name=search_term_string\"}],\"inLanguage\":\"es-MX\"},{\"@type\":[\"Person\",\"Organization\"],\"@id\":\"https:\/\/nitu.mx\/#\/schema\/person\/ae7a53426417292d3dd07b45a33e01bc\",\"name\":\"Arturo Medina\",\"image\":{\"@type\":\"ImageObject\",\"inLanguage\":\"es-MX\",\"@id\":\"https:\/\/nitu.mx\/#\/schema\/person\/image\/\",\"url\":\"https:\/\/nitu.mx\/wp-content\/uploads\/2024\/04\/4A315622-1904-4D5C-B022-878CDC840E04-90x90-1.jpeg\",\"contentUrl\":\"https:\/\/nitu.mx\/wp-content\/uploads\/2024\/04\/4A315622-1904-4D5C-B022-878CDC840E04-90x90-1.jpeg\",\"width\":90,\"height\":90,\"caption\":\"Arturo Medina\"},\"logo\":{\"@id\":\"https:\/\/nitu.mx\/#\/schema\/person\/image\/\"},\"description\":\"Director NITU.mx, Egresado de la Escuela de Periodismo Carlos Septi\u00e9n Garc\u00eda. Periodista y analista especializado en turismo desde hace 35 a\u00f1os, radicado en Canc\u00fan Q.Roo. arturo@nitu.mx\",\"sameAs\":[\"https:\/\/nitu.mx\",\"https:\/\/www.facebook.com\/NITUmx\/\",\"medinacancun\",\"https:\/\/twitter.com\/@Arturo_Medina_G\"]},{\"@type\":\"Person\",\"@id\":\"https:\/\/nitu.mx\/#\/schema\/person\/4a28fe9bd65924f7c90623773daf1b0b\",\"name\":\"Redacci\u00f3n\",\"image\":{\"@type\":\"ImageObject\",\"inLanguage\":\"es-MX\",\"@id\":\"https:\/\/nitu.mx\/#\/schema\/person\/image\/\",\"url\":\"https:\/\/secure.gravatar.com\/avatar\/5dd011c8ccfc5cd7e4c81e42252aab38?s=96&d=mm&r=g\",\"contentUrl\":\"https:\/\/secure.gravatar.com\/avatar\/5dd011c8ccfc5cd7e4c81e42252aab38?s=96&d=mm&r=g\",\"caption\":\"Redacci\u00f3n\"},\"url\":\"https:\/\/nitu.mx\/index.php\/author\/redaccion\/\"}]}<\/script>\n<!-- \/ Yoast SEO plugin. -->","yoast_head_json":{"title":"Tren Maya revive discusi\u00f3n entre AMLO y ambientalistas - Nitu - Noticias de la Industria Turistica","robots":{"index":"index","follow":"follow","max-snippet":"max-snippet:-1","max-image-preview":"max-image-preview:large","max-video-preview":"max-video-preview:-1"},"canonical":"https:\/\/nitu.mx\/index.php\/2022\/07\/20\/tren-maya-revive-discusion-entre-amlo-y-ambientalistas\/","twitter_card":"summary_large_image","twitter_title":"Tren Maya revive discusi\u00f3n entre AMLO y ambientalistas - Nitu - Noticias de la Industria Turistica","twitter_description":"Al darse a conocer que la obra del Tren Maya fue declarada asunto de seguridad nacional, los opositores al proyecto emblem\u00e1tico de la actual administraci\u00f3n revivieron la discusi\u00f3n con el presidente Andr\u00e9s Manuel L\u00f3pez Obrador, pues de esta forma, se allana el camino para que contin\u00fae la construcci\u00f3n. Este lunes, el titular del Fondo Nacional [&hellip;]","twitter_image":"https:\/\/nitu.mx\/wp-content\/uploads\/2022\/07\/Tren-Maya-pol\u00e9mica.jpg","twitter_creator":"@NITUmx","twitter_site":"@Arturo_Medina_G","twitter_misc":{"Escrito por":"Redacci\u00f3n","Tiempo de lectura":"3 minutos"},"schema":{"@context":"https:\/\/schema.org","@graph":[{"@type":"Article","@id":"https:\/\/nitu.mx\/index.php\/2022\/07\/20\/tren-maya-revive-discusion-entre-amlo-y-ambientalistas\/#article","isPartOf":{"@id":"https:\/\/nitu.mx\/index.php\/2022\/07\/20\/tren-maya-revive-discusion-entre-amlo-y-ambientalistas\/"},"author":{"name":"Redacci\u00f3n","@id":"https:\/\/nitu.mx\/#\/schema\/person\/4a28fe9bd65924f7c90623773daf1b0b"},"headline":"Tren Maya revive discusi\u00f3n entre AMLO y ambientalistas","datePublished":"2022-07-20T05:24:52+00:00","dateModified":"2022-07-20T05:28:41+00:00","mainEntityOfPage":{"@id":"https:\/\/nitu.mx\/index.php\/2022\/07\/20\/tren-maya-revive-discusion-entre-amlo-y-ambientalistas\/"},"wordCount":623,"commentCount":0,"publisher":{"@id":"https:\/\/nitu.mx\/#\/schema\/person\/ae7a53426417292d3dd07b45a33e01bc"},"image":{"@id":"https:\/\/nitu.mx\/index.php\/2022\/07\/20\/tren-maya-revive-discusion-entre-amlo-y-ambientalistas\/#primaryimage"},"thumbnailUrl":"https:\/\/nitu.mx\/wp-content\/uploads\/2022\/07\/Tren-Maya-pol\u00e9mica.jpg","keywords":["AMLO","Fonatur","Segob","Semarnat","Tren Maya"],"articleSection":["Tren Maya"],"inLanguage":"es-MX","potentialAction":[{"@type":"CommentAction","name":"Comment","target":["https:\/\/nitu.mx\/index.php\/2022\/07\/20\/tren-maya-revive-discusion-entre-amlo-y-ambientalistas\/#respond"]}]},{"@type":"WebPage","@id":"https:\/\/nitu.mx\/index.php\/2022\/07\/20\/tren-maya-revive-discusion-entre-amlo-y-ambientalistas\/","url":"https:\/\/nitu.mx\/index.php\/2022\/07\/20\/tren-maya-revive-discusion-entre-amlo-y-ambientalistas\/","name":"Tren Maya revive discusi\u00f3n entre AMLO y ambientalistas - Nitu - Noticias de la Industria Turistica","isPartOf":{"@id":"https:\/\/nitu.mx\/#website"},"primaryImageOfPage":{"@id":"https:\/\/nitu.mx\/index.php\/2022\/07\/20\/tren-maya-revive-discusion-entre-amlo-y-ambientalistas\/#primaryimage"},"image":{"@id":"https:\/\/nitu.mx\/index.php\/2022\/07\/20\/tren-maya-revive-discusion-entre-amlo-y-ambientalistas\/#primaryimage"},"thumbnailUrl":"https:\/\/nitu.mx\/wp-content\/uploads\/2022\/07\/Tren-Maya-pol\u00e9mica.jpg","datePublished":"2022-07-20T05:24:52+00:00","dateModified":"2022-07-20T05:28:41+00:00","breadcrumb":{"@id":"https:\/\/nitu.mx\/index.php\/2022\/07\/20\/tren-maya-revive-discusion-entre-amlo-y-ambientalistas\/#breadcrumb"},"inLanguage":"es-MX","potentialAction":[{"@type":"ReadAction","target":["https:\/\/nitu.mx\/index.php\/2022\/07\/20\/tren-maya-revive-discusion-entre-amlo-y-ambientalistas\/"]}]},{"@type":"ImageObject","inLanguage":"es-MX","@id":"https:\/\/nitu.mx\/index.php\/2022\/07\/20\/tren-maya-revive-discusion-entre-amlo-y-ambientalistas\/#primaryimage","url":"https:\/\/nitu.mx\/wp-content\/uploads\/2022\/07\/Tren-Maya-pol\u00e9mica.jpg","contentUrl":"https:\/\/nitu.mx\/wp-content\/uploads\/2022\/07\/Tren-Maya-pol\u00e9mica.jpg","width":1200,"height":675,"caption":"Tren Maya"},{"@type":"BreadcrumbList","@id":"https:\/\/nitu.mx\/index.php\/2022\/07\/20\/tren-maya-revive-discusion-entre-amlo-y-ambientalistas\/#breadcrumb","itemListElement":[{"@type":"ListItem","position":1,"name":"Inicio","item":"https:\/\/nitu.mx\/"},{"@type":"ListItem","position":2,"name":"Tren Maya revive discusi\u00f3n entre AMLO y ambientalistas"}]},{"@type":"WebSite","@id":"https:\/\/nitu.mx\/#website","url":"https:\/\/nitu.mx\/","name":"Nitu - Noticias de la Industria Turistica","description":"Noticias de la Industria Turistica","publisher":{"@id":"https:\/\/nitu.mx\/#\/schema\/person\/ae7a53426417292d3dd07b45a33e01bc"},"alternateName":"Noticias de la Industria Turistica","potentialAction":[{"@type":"SearchAction","target":{"@type":"EntryPoint","urlTemplate":"https:\/\/nitu.mx\/?s={search_term_string}"},"query-input":"required name=search_term_string"}],"inLanguage":"es-MX"},{"@type":["Person","Organization"],"@id":"https:\/\/nitu.mx\/#\/schema\/person\/ae7a53426417292d3dd07b45a33e01bc","name":"Arturo Medina","image":{"@type":"ImageObject","inLanguage":"es-MX","@id":"https:\/\/nitu.mx\/#\/schema\/person\/image\/","url":"https:\/\/nitu.mx\/wp-content\/uploads\/2024\/04\/4A315622-1904-4D5C-B022-878CDC840E04-90x90-1.jpeg","contentUrl":"https:\/\/nitu.mx\/wp-content\/uploads\/2024\/04\/4A315622-1904-4D5C-B022-878CDC840E04-90x90-1.jpeg","width":90,"height":90,"caption":"Arturo Medina"},"logo":{"@id":"https:\/\/nitu.mx\/#\/schema\/person\/image\/"},"description":"Director NITU.mx, Egresado de la Escuela de Periodismo Carlos Septi\u00e9n Garc\u00eda. Periodista y analista especializado en turismo desde hace 35 a\u00f1os, radicado en Canc\u00fan Q.Roo. arturo@nitu.mx","sameAs":["https:\/\/nitu.mx","https:\/\/www.facebook.com\/NITUmx\/","medinacancun","https:\/\/twitter.com\/@Arturo_Medina_G"]},{"@type":"Person","@id":"https:\/\/nitu.mx\/#\/schema\/person\/4a28fe9bd65924f7c90623773daf1b0b","name":"Redacci\u00f3n","image":{"@type":"ImageObject","inLanguage":"es-MX","@id":"https:\/\/nitu.mx\/#\/schema\/person\/image\/","url":"https:\/\/secure.gravatar.com\/avatar\/5dd011c8ccfc5cd7e4c81e42252aab38?s=96&d=mm&r=g","contentUrl":"https:\/\/secure.gravatar.com\/avatar\/5dd011c8ccfc5cd7e4c81e42252aab38?s=96&d=mm&r=g","caption":"Redacci\u00f3n"},"url":"https:\/\/nitu.mx\/index.php\/author\/redaccion\/"}]}},"views":474,"_links":{"self":[{"href":"https:\/\/nitu.mx\/index.php\/wp-json\/wp\/v2\/posts\/60495"}],"collection":[{"href":"https:\/\/nitu.mx\/index.php\/wp-json\/wp\/v2\/posts"}],"about":[{"href":"https:\/\/nitu.mx\/index.php\/wp-json\/wp\/v2\/types\/post"}],"author":[{"embeddable":true,"href":"https:\/\/nitu.mx\/index.php\/wp-json\/wp\/v2\/users\/17"}],"replies":[{"embeddable":true,"href":"https:\/\/nitu.mx\/index.php\/wp-json\/wp\/v2\/comments?post=60495"}],"version-history":[{"count":1,"href":"https:\/\/nitu.mx\/index.php\/wp-json\/wp\/v2\/posts\/60495\/revisions"}],"predecessor-version":[{"id":60496,"href":"https:\/\/nitu.mx\/index.php\/wp-json\/wp\/v2\/posts\/60495\/revisions\/60496"}],"wp:featuredmedia":[{"embeddable":true,"href":"https:\/\/nitu.mx\/index.php\/wp-json\/wp\/v2\/media\/60497"}],"wp:attachment":[{"href":"https:\/\/nitu.mx\/index.php\/wp-json\/wp\/v2\/media?parent=60495"}],"wp:term":[{"taxonomy":"category","embeddable":true,"href":"https:\/\/nitu.mx\/index.php\/wp-json\/wp\/v2\/categories?post=60495"},{"taxonomy":"post_tag","embeddable":true,"href":"https:\/\/nitu.mx\/index.php\/wp-json\/wp\/v2\/tags?post=60495"}],"curies":[{"name":"wp","href":"https:\/\/api.w.org\/{rel}","templated":true}]}}