{"id":60466,"date":"2022-07-18T23:54:43","date_gmt":"2022-07-19T04:54:43","guid":{"rendered":"https:\/\/www.dev.nitu.mx\/?p=60466"},"modified":"2022-07-19T00:15:26","modified_gmt":"2022-07-19T05:15:26","slug":"reconoce-grupo-lomas-a-los-agentes-de-viajes-del-caribe-mexicano","status":"publish","type":"post","link":"https:\/\/nitu.mx\/index.php\/2022\/07\/18\/reconoce-grupo-lomas-a-los-agentes-de-viajes-del-caribe-mexicano\/","title":{"rendered":"Reconoce Grupo Lomas a los agentes de viajes del Caribe Mexicano"},"content":{"rendered":"<p>Lomas Travel celebr\u00f3 a los agentes de viajes del Caribe Mexicano en el evento denominado S\u00faper Agente 7-7-2022 en el que se realizaron diversas actividades para festejar en su d\u00eda a todos aquellos que hacen realidad las mejores experiencias vacacionales.<\/p>\n<p>La presidente del Consejo de Administraci\u00f3n de Grupo Lomas, Dolores L\u00f3pez Lira, dio la bienvenida a los asistentes al evento celebrado en el parque acu\u00e1tico Aqua Nick, y les agradeci\u00f3 a las agencias de viajes afiliadas su apoyo constante, adem\u00e1s, les refrend\u00f3 su compromiso por seguir creando fuertes lazos comerciales y una relaci\u00f3n duradera para brindar inolvidables vacaciones a sus clientes.<\/p>\n<p>Lomas Travel es una empresa orgullosamente mexicana l\u00edder en turismo fundada hace m\u00e1s de 40 a\u00f1os por Dolores L\u00f3pez Lira y su esposo Jos\u00e9 Luis Mart\u00ednez Alday dedicada a crear experiencias inolvidables a visitantes de todo el mundo. El corporativo tur\u00edstico emplea a unos cinco mil colaboradores en varias unidades de negocios.\u00a0<a title=\"Llega ex Xcaret a ventas de Grupo Lomas\" href=\"https:\/\/www.dev.nitu.mx\/index.php\/2022\/06\/07\/llega-ex-xcaret-a-ventas-de-grupo-lomas\/\" rel=\"bookmark\">(Llega ex Xcaret a ventas de Grupo Lomas<\/a>).<\/p>\n","protected":false},"excerpt":{"rendered":"<p>Lomas Travel celebr\u00f3 a los agentes de viajes del Caribe Mexicano en el evento denominado S\u00faper Agente 7-7-2022 en el que se realizaron diversas actividades para festejar en su d\u00eda a todos aquellos que hacen realidad las mejores experiencias vacacionales. La presidente del Consejo de Administraci\u00f3n de Grupo Lomas, Dolores L\u00f3pez Lira, dio la bienvenida [&hellip;]<\/p>\n","protected":false},"author":2,"featured_media":27168,"comment_status":"open","ping_status":"open","sticky":false,"template":"","format":"standard","meta":{"footnotes":""},"categories":[2],"tags":[5826,5920,2096,50],"yoast_head":"<!-- This site is optimized with the Yoast SEO plugin v22.2 - https:\/\/yoast.com\/wordpress\/plugins\/seo\/ -->\n<title>Reconoce Grupo Lomas a los agentes de viajes del Caribe Mexicano - Nitu - Noticias de la Industria Turistica<\/title>\n<meta name=\"robots\" content=\"index, follow, max-snippet:-1, max-image-preview:large, max-video-preview:-1\" \/>\n<link rel=\"canonical\" href=\"https:\/\/nitu.mx\/index.php\/2022\/07\/18\/reconoce-grupo-lomas-a-los-agentes-de-viajes-del-caribe-mexicano\/\" \/>\n<meta name=\"twitter:card\" content=\"summary_large_image\" \/>\n<meta name=\"twitter:title\" content=\"Reconoce Grupo Lomas a los agentes de viajes del Caribe Mexicano - Nitu - Noticias de la Industria Turistica\" \/>\n<meta name=\"twitter:description\" content=\"Lomas Travel celebr\u00f3 a los agentes de viajes del Caribe Mexicano en el evento denominado S\u00faper Agente 7-7-2022 en el que se realizaron diversas actividades para festejar en su d\u00eda a todos aquellos que hacen realidad las mejores experiencias vacacionales. La presidente del Consejo de Administraci\u00f3n de Grupo Lomas, Dolores L\u00f3pez Lira, dio la bienvenida [&hellip;]\" \/>\n<meta name=\"twitter:image\" content=\"https:\/\/nitu.mx\/wp-content\/uploads\/2018\/12\/Lomas-travel.jpg\" \/>\n<meta name=\"twitter:creator\" content=\"@Arturo_Medina_G\" \/>\n<meta name=\"twitter:site\" content=\"@Arturo_Medina_G\" \/>\n<meta name=\"twitter:label1\" content=\"Escrito por\" \/>\n\t<meta name=\"twitter:data1\" content=\"Arturo Medina\" \/>\n\t<meta name=\"twitter:label2\" content=\"Tiempo de lectura\" \/>\n\t<meta name=\"twitter:data2\" content=\"1 minuto\" \/>\n<script type=\"application\/ld+json\" class=\"yoast-schema-graph\">{\"@context\":\"https:\/\/schema.org\",\"@graph\":[{\"@type\":\"Article\",\"@id\":\"https:\/\/nitu.mx\/index.php\/2022\/07\/18\/reconoce-grupo-lomas-a-los-agentes-de-viajes-del-caribe-mexicano\/#article\",\"isPartOf\":{\"@id\":\"https:\/\/nitu.mx\/index.php\/2022\/07\/18\/reconoce-grupo-lomas-a-los-agentes-de-viajes-del-caribe-mexicano\/\"},\"author\":{\"name\":\"Arturo Medina\",\"@id\":\"https:\/\/nitu.mx\/#\/schema\/person\/ae7a53426417292d3dd07b45a33e01bc\"},\"headline\":\"Reconoce Grupo Lomas a los agentes de viajes del Caribe Mexicano\",\"datePublished\":\"2022-07-19T04:54:43+00:00\",\"dateModified\":\"2022-07-19T05:15:26+00:00\",\"mainEntityOfPage\":{\"@id\":\"https:\/\/nitu.mx\/index.php\/2022\/07\/18\/reconoce-grupo-lomas-a-los-agentes-de-viajes-del-caribe-mexicano\/\"},\"wordCount\":185,\"commentCount\":0,\"publisher\":{\"@id\":\"https:\/\/nitu.mx\/#\/schema\/person\/ae7a53426417292d3dd07b45a33e01bc\"},\"image\":{\"@id\":\"https:\/\/nitu.mx\/index.php\/2022\/07\/18\/reconoce-grupo-lomas-a-los-agentes-de-viajes-del-caribe-mexicano\/#primaryimage\"},\"thumbnailUrl\":\"https:\/\/nitu.mx\/wp-content\/uploads\/2018\/12\/Lomas-travel.jpg\",\"keywords\":[\"agentes de viajes\",\"Dolores L\u00f3pez Lira\",\"Grupo Lomas\",\"Lomas Travel\"],\"articleSection\":[\"Hoteles\"],\"inLanguage\":\"es-MX\",\"potentialAction\":[{\"@type\":\"CommentAction\",\"name\":\"Comment\",\"target\":[\"https:\/\/nitu.mx\/index.php\/2022\/07\/18\/reconoce-grupo-lomas-a-los-agentes-de-viajes-del-caribe-mexicano\/#respond\"]}]},{\"@type\":\"WebPage\",\"@id\":\"https:\/\/nitu.mx\/index.php\/2022\/07\/18\/reconoce-grupo-lomas-a-los-agentes-de-viajes-del-caribe-mexicano\/\",\"url\":\"https:\/\/nitu.mx\/index.php\/2022\/07\/18\/reconoce-grupo-lomas-a-los-agentes-de-viajes-del-caribe-mexicano\/\",\"name\":\"Reconoce Grupo Lomas a los agentes de viajes del Caribe Mexicano - Nitu - Noticias de la Industria Turistica\",\"isPartOf\":{\"@id\":\"https:\/\/nitu.mx\/#website\"},\"primaryImageOfPage\":{\"@id\":\"https:\/\/nitu.mx\/index.php\/2022\/07\/18\/reconoce-grupo-lomas-a-los-agentes-de-viajes-del-caribe-mexicano\/#primaryimage\"},\"image\":{\"@id\":\"https:\/\/nitu.mx\/index.php\/2022\/07\/18\/reconoce-grupo-lomas-a-los-agentes-de-viajes-del-caribe-mexicano\/#primaryimage\"},\"thumbnailUrl\":\"https:\/\/nitu.mx\/wp-content\/uploads\/2018\/12\/Lomas-travel.jpg\",\"datePublished\":\"2022-07-19T04:54:43+00:00\",\"dateModified\":\"2022-07-19T05:15:26+00:00\",\"breadcrumb\":{\"@id\":\"https:\/\/nitu.mx\/index.php\/2022\/07\/18\/reconoce-grupo-lomas-a-los-agentes-de-viajes-del-caribe-mexicano\/#breadcrumb\"},\"inLanguage\":\"es-MX\",\"potentialAction\":[{\"@type\":\"ReadAction\",\"target\":[\"https:\/\/nitu.mx\/index.php\/2022\/07\/18\/reconoce-grupo-lomas-a-los-agentes-de-viajes-del-caribe-mexicano\/\"]}]},{\"@type\":\"ImageObject\",\"inLanguage\":\"es-MX\",\"@id\":\"https:\/\/nitu.mx\/index.php\/2022\/07\/18\/reconoce-grupo-lomas-a-los-agentes-de-viajes-del-caribe-mexicano\/#primaryimage\",\"url\":\"https:\/\/nitu.mx\/wp-content\/uploads\/2018\/12\/Lomas-travel.jpg\",\"contentUrl\":\"https:\/\/nitu.mx\/wp-content\/uploads\/2018\/12\/Lomas-travel.jpg\",\"width\":850,\"height\":480,\"caption\":\"Lomas travel\"},{\"@type\":\"BreadcrumbList\",\"@id\":\"https:\/\/nitu.mx\/index.php\/2022\/07\/18\/reconoce-grupo-lomas-a-los-agentes-de-viajes-del-caribe-mexicano\/#breadcrumb\",\"itemListElement\":[{\"@type\":\"ListItem\",\"position\":1,\"name\":\"Inicio\",\"item\":\"https:\/\/nitu.mx\/\"},{\"@type\":\"ListItem\",\"position\":2,\"name\":\"Reconoce Grupo Lomas a los agentes de viajes del Caribe Mexicano\"}]},{\"@type\":\"WebSite\",\"@id\":\"https:\/\/nitu.mx\/#website\",\"url\":\"https:\/\/nitu.mx\/\",\"name\":\"Nitu - Noticias de la Industria Turistica\",\"description\":\"Noticias de la Industria Turistica\",\"publisher\":{\"@id\":\"https:\/\/nitu.mx\/#\/schema\/person\/ae7a53426417292d3dd07b45a33e01bc\"},\"alternateName\":\"Noticias de la Industria Turistica\",\"potentialAction\":[{\"@type\":\"SearchAction\",\"target\":{\"@type\":\"EntryPoint\",\"urlTemplate\":\"https:\/\/nitu.mx\/?s={search_term_string}\"},\"query-input\":\"required name=search_term_string\"}],\"inLanguage\":\"es-MX\"},{\"@type\":[\"Person\",\"Organization\"],\"@id\":\"https:\/\/nitu.mx\/#\/schema\/person\/ae7a53426417292d3dd07b45a33e01bc\",\"name\":\"Arturo Medina\",\"image\":{\"@type\":\"ImageObject\",\"inLanguage\":\"es-MX\",\"@id\":\"https:\/\/nitu.mx\/#\/schema\/person\/image\/\",\"url\":\"https:\/\/nitu.mx\/wp-content\/uploads\/2024\/04\/4A315622-1904-4D5C-B022-878CDC840E04-90x90-1.jpeg\",\"contentUrl\":\"https:\/\/nitu.mx\/wp-content\/uploads\/2024\/04\/4A315622-1904-4D5C-B022-878CDC840E04-90x90-1.jpeg\",\"width\":90,\"height\":90,\"caption\":\"Arturo Medina\"},\"logo\":{\"@id\":\"https:\/\/nitu.mx\/#\/schema\/person\/image\/\"},\"description\":\"Director NITU.mx, Egresado de la Escuela de Periodismo Carlos Septi\u00e9n Garc\u00eda. Periodista y analista especializado en turismo desde hace 35 a\u00f1os, radicado en Canc\u00fan Q.Roo. arturo@nitu.mx\",\"sameAs\":[\"https:\/\/nitu.mx\",\"https:\/\/www.facebook.com\/NITUmx\/\",\"medinacancun\",\"https:\/\/twitter.com\/@Arturo_Medina_G\"],\"url\":\"https:\/\/nitu.mx\/index.php\/author\/arturo-medina\/\"}]}<\/script>\n<!-- \/ Yoast SEO plugin. -->","yoast_head_json":{"title":"Reconoce Grupo Lomas a los agentes de viajes del Caribe Mexicano - Nitu - Noticias de la Industria Turistica","robots":{"index":"index","follow":"follow","max-snippet":"max-snippet:-1","max-image-preview":"max-image-preview:large","max-video-preview":"max-video-preview:-1"},"canonical":"https:\/\/nitu.mx\/index.php\/2022\/07\/18\/reconoce-grupo-lomas-a-los-agentes-de-viajes-del-caribe-mexicano\/","twitter_card":"summary_large_image","twitter_title":"Reconoce Grupo Lomas a los agentes de viajes del Caribe Mexicano - Nitu - Noticias de la Industria Turistica","twitter_description":"Lomas Travel celebr\u00f3 a los agentes de viajes del Caribe Mexicano en el evento denominado S\u00faper Agente 7-7-2022 en el que se realizaron diversas actividades para festejar en su d\u00eda a todos aquellos que hacen realidad las mejores experiencias vacacionales. La presidente del Consejo de Administraci\u00f3n de Grupo Lomas, Dolores L\u00f3pez Lira, dio la bienvenida [&hellip;]","twitter_image":"https:\/\/nitu.mx\/wp-content\/uploads\/2018\/12\/Lomas-travel.jpg","twitter_creator":"@Arturo_Medina_G","twitter_site":"@Arturo_Medina_G","twitter_misc":{"Escrito por":"Arturo Medina","Tiempo de lectura":"1 minuto"},"schema":{"@context":"https:\/\/schema.org","@graph":[{"@type":"Article","@id":"https:\/\/nitu.mx\/index.php\/2022\/07\/18\/reconoce-grupo-lomas-a-los-agentes-de-viajes-del-caribe-mexicano\/#article","isPartOf":{"@id":"https:\/\/nitu.mx\/index.php\/2022\/07\/18\/reconoce-grupo-lomas-a-los-agentes-de-viajes-del-caribe-mexicano\/"},"author":{"name":"Arturo Medina","@id":"https:\/\/nitu.mx\/#\/schema\/person\/ae7a53426417292d3dd07b45a33e01bc"},"headline":"Reconoce Grupo Lomas a los agentes de viajes del Caribe Mexicano","datePublished":"2022-07-19T04:54:43+00:00","dateModified":"2022-07-19T05:15:26+00:00","mainEntityOfPage":{"@id":"https:\/\/nitu.mx\/index.php\/2022\/07\/18\/reconoce-grupo-lomas-a-los-agentes-de-viajes-del-caribe-mexicano\/"},"wordCount":185,"commentCount":0,"publisher":{"@id":"https:\/\/nitu.mx\/#\/schema\/person\/ae7a53426417292d3dd07b45a33e01bc"},"image":{"@id":"https:\/\/nitu.mx\/index.php\/2022\/07\/18\/reconoce-grupo-lomas-a-los-agentes-de-viajes-del-caribe-mexicano\/#primaryimage"},"thumbnailUrl":"https:\/\/nitu.mx\/wp-content\/uploads\/2018\/12\/Lomas-travel.jpg","keywords":["agentes de viajes","Dolores L\u00f3pez Lira","Grupo Lomas","Lomas Travel"],"articleSection":["Hoteles"],"inLanguage":"es-MX","potentialAction":[{"@type":"CommentAction","name":"Comment","target":["https:\/\/nitu.mx\/index.php\/2022\/07\/18\/reconoce-grupo-lomas-a-los-agentes-de-viajes-del-caribe-mexicano\/#respond"]}]},{"@type":"WebPage","@id":"https:\/\/nitu.mx\/index.php\/2022\/07\/18\/reconoce-grupo-lomas-a-los-agentes-de-viajes-del-caribe-mexicano\/","url":"https:\/\/nitu.mx\/index.php\/2022\/07\/18\/reconoce-grupo-lomas-a-los-agentes-de-viajes-del-caribe-mexicano\/","name":"Reconoce Grupo Lomas a los agentes de viajes del Caribe Mexicano - Nitu - Noticias de la Industria Turistica","isPartOf":{"@id":"https:\/\/nitu.mx\/#website"},"primaryImageOfPage":{"@id":"https:\/\/nitu.mx\/index.php\/2022\/07\/18\/reconoce-grupo-lomas-a-los-agentes-de-viajes-del-caribe-mexicano\/#primaryimage"},"image":{"@id":"https:\/\/nitu.mx\/index.php\/2022\/07\/18\/reconoce-grupo-lomas-a-los-agentes-de-viajes-del-caribe-mexicano\/#primaryimage"},"thumbnailUrl":"https:\/\/nitu.mx\/wp-content\/uploads\/2018\/12\/Lomas-travel.jpg","datePublished":"2022-07-19T04:54:43+00:00","dateModified":"2022-07-19T05:15:26+00:00","breadcrumb":{"@id":"https:\/\/nitu.mx\/index.php\/2022\/07\/18\/reconoce-grupo-lomas-a-los-agentes-de-viajes-del-caribe-mexicano\/#breadcrumb"},"inLanguage":"es-MX","potentialAction":[{"@type":"ReadAction","target":["https:\/\/nitu.mx\/index.php\/2022\/07\/18\/reconoce-grupo-lomas-a-los-agentes-de-viajes-del-caribe-mexicano\/"]}]},{"@type":"ImageObject","inLanguage":"es-MX","@id":"https:\/\/nitu.mx\/index.php\/2022\/07\/18\/reconoce-grupo-lomas-a-los-agentes-de-viajes-del-caribe-mexicano\/#primaryimage","url":"https:\/\/nitu.mx\/wp-content\/uploads\/2018\/12\/Lomas-travel.jpg","contentUrl":"https:\/\/nitu.mx\/wp-content\/uploads\/2018\/12\/Lomas-travel.jpg","width":850,"height":480,"caption":"Lomas travel"},{"@type":"BreadcrumbList","@id":"https:\/\/nitu.mx\/index.php\/2022\/07\/18\/reconoce-grupo-lomas-a-los-agentes-de-viajes-del-caribe-mexicano\/#breadcrumb","itemListElement":[{"@type":"ListItem","position":1,"name":"Inicio","item":"https:\/\/nitu.mx\/"},{"@type":"ListItem","position":2,"name":"Reconoce Grupo Lomas a los agentes de viajes del Caribe Mexicano"}]},{"@type":"WebSite","@id":"https:\/\/nitu.mx\/#website","url":"https:\/\/nitu.mx\/","name":"Nitu - Noticias de la Industria Turistica","description":"Noticias de la Industria Turistica","publisher":{"@id":"https:\/\/nitu.mx\/#\/schema\/person\/ae7a53426417292d3dd07b45a33e01bc"},"alternateName":"Noticias de la Industria Turistica","potentialAction":[{"@type":"SearchAction","target":{"@type":"EntryPoint","urlTemplate":"https:\/\/nitu.mx\/?s={search_term_string}"},"query-input":"required name=search_term_string"}],"inLanguage":"es-MX"},{"@type":["Person","Organization"],"@id":"https:\/\/nitu.mx\/#\/schema\/person\/ae7a53426417292d3dd07b45a33e01bc","name":"Arturo Medina","image":{"@type":"ImageObject","inLanguage":"es-MX","@id":"https:\/\/nitu.mx\/#\/schema\/person\/image\/","url":"https:\/\/nitu.mx\/wp-content\/uploads\/2024\/04\/4A315622-1904-4D5C-B022-878CDC840E04-90x90-1.jpeg","contentUrl":"https:\/\/nitu.mx\/wp-content\/uploads\/2024\/04\/4A315622-1904-4D5C-B022-878CDC840E04-90x90-1.jpeg","width":90,"height":90,"caption":"Arturo Medina"},"logo":{"@id":"https:\/\/nitu.mx\/#\/schema\/person\/image\/"},"description":"Director NITU.mx, Egresado de la Escuela de Periodismo Carlos Septi\u00e9n Garc\u00eda. Periodista y analista especializado en turismo desde hace 35 a\u00f1os, radicado en Canc\u00fan Q.Roo. arturo@nitu.mx","sameAs":["https:\/\/nitu.mx","https:\/\/www.facebook.com\/NITUmx\/","medinacancun","https:\/\/twitter.com\/@Arturo_Medina_G"],"url":"https:\/\/nitu.mx\/index.php\/author\/arturo-medina\/"}]}},"views":459,"_links":{"self":[{"href":"https:\/\/nitu.mx\/index.php\/wp-json\/wp\/v2\/posts\/60466"}],"collection":[{"href":"https:\/\/nitu.mx\/index.php\/wp-json\/wp\/v2\/posts"}],"about":[{"href":"https:\/\/nitu.mx\/index.php\/wp-json\/wp\/v2\/types\/post"}],"author":[{"embeddable":true,"href":"https:\/\/nitu.mx\/index.php\/wp-json\/wp\/v2\/users\/2"}],"replies":[{"embeddable":true,"href":"https:\/\/nitu.mx\/index.php\/wp-json\/wp\/v2\/comments?post=60466"}],"version-history":[{"count":3,"href":"https:\/\/nitu.mx\/index.php\/wp-json\/wp\/v2\/posts\/60466\/revisions"}],"predecessor-version":[{"id":60483,"href":"https:\/\/nitu.mx\/index.php\/wp-json\/wp\/v2\/posts\/60466\/revisions\/60483"}],"wp:featuredmedia":[{"embeddable":true,"href":"https:\/\/nitu.mx\/index.php\/wp-json\/wp\/v2\/media\/27168"}],"wp:attachment":[{"href":"https:\/\/nitu.mx\/index.php\/wp-json\/wp\/v2\/media?parent=60466"}],"wp:term":[{"taxonomy":"category","embeddable":true,"href":"https:\/\/nitu.mx\/index.php\/wp-json\/wp\/v2\/categories?post=60466"},{"taxonomy":"post_tag","embeddable":true,"href":"https:\/\/nitu.mx\/index.php\/wp-json\/wp\/v2\/tags?post=60466"}],"curies":[{"name":"wp","href":"https:\/\/api.w.org\/{rel}","templated":true}]}}