{"id":60338,"date":"2022-07-07T22:37:52","date_gmt":"2022-07-08T03:37:52","guid":{"rendered":"https:\/\/www.dev.nitu.mx\/?p=60338"},"modified":"2022-07-07T23:58:05","modified_gmt":"2022-07-08T04:58:05","slug":"llega-carlos-velazquez-tiscareno-a-la-direccion-del-aicm","status":"publish","type":"post","link":"https:\/\/nitu.mx\/index.php\/2022\/07\/07\/llega-carlos-velazquez-tiscareno-a-la-direccion-del-aicm\/","title":{"rendered":"Llega Carlos Vel\u00e1zquez Tiscare\u00f1o a la direcci\u00f3n del AICM"},"content":{"rendered":"<p>Seis meses fueron suficientes para que el gobierno federal desistiera de mantener a Carlos Mor\u00e1n Moguel como director general del Aeropuerto Internacional de la Ciudad de M\u00e9xico, y cederle el cargo al vicealmirante Piloto Aviador Retirado, Carlos Ignacio Vel\u00e1zquez Tiscare\u00f1o.<\/p>\n<p>En enero pasado, Rogelio Jim\u00e9nez Pons fue removido como director general del Fondo Nacional de Fomento al Turismo (Fonatur) seg\u00fan diversas fuentes cercanas, por los retrasos en la construcci\u00f3n del Tren Maya, pero asumi\u00f3 la Subsecretar\u00eda de Transportes de la Secretar\u00eda de Infraestructura, Comunicaciones y Transportes (SICT), y Mor\u00e1n Moguel, que ocupaba esa posici\u00f3n, se le coloc\u00f3 al frente del aeropuerto m\u00e1s saturado y transitado del pa\u00eds.<\/p>\n<p>Luego de diversos incidentes y con un AICM que tiene instalaciones en serios problemas, el presidente Andr\u00e9s Manuel L\u00f3pez Obrador, instruy\u00f3 al titular de la SICT, Jorge Arganis D\u00edaz-Leal, para designar a Carlos Ignacio Vel\u00e1zquez Tiscare\u00f1o, como nuevo director general del aeropuerto capitalino.\u00a0<a title=\"Cambios en Fonatur: sale Rogelio Jim\u00e9nez Pons y entra Javier May\" href=\"https:\/\/www.dev.nitu.mx\/index.php\/2022\/01\/11\/cambios-en-fonatur-sale-rogelio-jimenez-pons-y-entra-javier-may\/\" rel=\"bookmark\">(Cambios en Fonatur: sale Rogelio Jim\u00e9nez Pons y entra Javier May<\/a>).<\/p>\n<p>La formaci\u00f3n acad\u00e9mica de Vel\u00e1zquez Tiscare\u00f1o la llev\u00f3 a cabo en la Heroica Escuela Naval Militar, de donde egres\u00f3 como Guardiamarina, Ingeniero Mec\u00e1nico Naval e Ingeniero Ge\u00f3grafo. Posteriormente, estudi\u00f3 en la Escuela de Aviaci\u00f3n Naval, gradu\u00e1ndose como Piloto Aviador Naval de Ala Fija.<\/p>\n<p>En el Centro de Estudios Superiores Navales (CESNAV) realiz\u00f3 diversos posgrados, entre estos, el curso de Mando Naval, las maestr\u00edas en Administraci\u00f3n Naval y en Planificaci\u00f3n y Seguridad Nacional.<\/p>\n<p>Asimismo, tom\u00f3 el curso de Operaciones Especiales de Comando y otras especialidades de su rama. Curs\u00f3 en la Universidad Nacional de Defensa en Washington DC, la maestr\u00eda de Recursos Nacionales Estrat\u00e9gicos.<\/p>\n<p>Se ha desempe\u00f1ado como Segundo Comandante y Comandante de Aeronave en el Primer Escuadr\u00f3n Aeronaval de Isla Mujeres, Quintana Roo; en el Segundo Escuadr\u00f3n Aeronaval de la Ciudad de M\u00e9xico; y en el Escuadr\u00f3n A\u00e9reo de Transportes Presidenciales en la capital del pa\u00eds.<\/p>\n<p>Adem\u00e1s, ha sido Jefe de Estudios e Instructor de vuelo en la Escuela de Aviaci\u00f3n Naval, en Las Bajadas, Veracruz.<\/p>\n<p>Ejerci\u00f3 tambi\u00e9n el Mando de Comandante de Escuadr\u00f3n Aeronaval en el Cuarto Escuadr\u00f3n Aeronaval de La Paz, Baja California Sur; en el Tercer Escuadr\u00f3n Aeronaval en Las Bajadas, Veracruz; y Escuadr\u00f3n A\u00e9reo de Alerta Temprana y Reconocimiento.<\/p>\n<p>Carlos Ignacio Vel\u00e1zquez Tiscare\u00f1o tambi\u00e9n ha laborado en la Estaci\u00f3n Aeronaval de Guaymas, Sonora; en la Base Aeronaval de Teacap\u00e1n, Sinaloa; y en la Base Aeronaval de Campeche, Campeche.\u00a0 Todos estos cargos con el mando de Comandante.<\/p>\n<p>De igual forma, ha asumido responsabilidades como Jefe de Grupo de Comando en el Sector Naval de Ciudad del Carmen, Campeche, y en la Base Aeronaval de Campeche.<\/p>\n<p>A lo largo de su trayectoria laboral ha fungido como Director del Centro de Mantenimiento Aeronaval y Director de la Escuela de Mec\u00e1nica de Aviaci\u00f3n, ambas funciones en Las Bajadas, Veracruz.<\/p>\n<p>Fue Subinspector Administrativo de la Primera Regi\u00f3n Naval en Tampico, Tamaulipas; Vocal de Relaciones Internacionales de la Comisi\u00f3n de Estudios Especiales de la Secretar\u00eda de Marina (SEMAR); as\u00ed como Director General Adjunto de Servicios A\u00e9reos T\u00e9cnicos en la entonces Procuradur\u00eda General de la Rep\u00fablica.<\/p>\n<p>Como Piloto Aviador, se calific\u00f3 como Comandante de diversos tipos de aeronaves en el extranjero: Lear Jet 24D en la Cia. Fligth Safety de Wichita, Kansas; Sabreliner en la Cia. Fligth Safety de San Louis, Missouri; De HavillandBuffalo DHC-5D en Toronto, Canad\u00e1; Aviocar CASA 212 en Sevilla, Espa\u00f1a; as\u00ed como en Cessna 150 y 152, Push Pull, 402 y 404 TITAN, Beechcraft Bonanza F33A, Beechcraft Baron B55, King Air A60, Grumman Albatross HU-16D, Fairchild F27 y FH22, Lancar IVP.<\/p>\n<p>Durante sus a\u00f1os al servicio de la naci\u00f3n se hizo acreedor a premios y recompensas, entre estos: al M\u00e9rito Docente Naval; Perseverancia de Sexta a Primera Clase y Perseverancia Excepcional de Tercera Clase. Asimismo, recibi\u00f3 diversas Menciones Honor\u00edficas.\u00a0<a title=\"Tomar\u00e1 al menos 2 a\u00f1os cimentaci\u00f3n de AICM\" href=\"https:\/\/www.dev.nitu.mx\/index.php\/2022\/07\/05\/tomara-al-menos-2-anos-cimentacion-de-aicm\/\" rel=\"bookmark\">(Tomar\u00e1 al menos 2 a\u00f1os cimentaci\u00f3n de AICM<\/a>).<\/p>\n","protected":false},"excerpt":{"rendered":"<p>Seis meses fueron suficientes para que el gobierno federal desistiera de mantener a Carlos Mor\u00e1n Moguel como director general del Aeropuerto Internacional de la Ciudad de M\u00e9xico, y cederle el cargo al vicealmirante Piloto Aviador Retirado, Carlos Ignacio Vel\u00e1zquez Tiscare\u00f1o. En enero pasado, Rogelio Jim\u00e9nez Pons fue removido como director general del Fondo Nacional de [&hellip;]<\/p>\n","protected":false},"author":17,"featured_media":60341,"comment_status":"open","ping_status":"open","sticky":false,"template":"","format":"standard","meta":{"footnotes":""},"categories":[19462],"tags":[294,16716,23440,889,21452,23003],"yoast_head":"<!-- This site is optimized with the Yoast SEO plugin v22.2 - https:\/\/yoast.com\/wordpress\/plugins\/seo\/ -->\n<title>Llega Carlos Vel\u00e1zquez Tiscare\u00f1o a la direcci\u00f3n del AICM - Nitu - Noticias de la Industria Turistica<\/title>\n<meta name=\"robots\" content=\"index, follow, max-snippet:-1, max-image-preview:large, max-video-preview:-1\" \/>\n<link rel=\"canonical\" href=\"https:\/\/nitu.mx\/index.php\/2022\/07\/07\/llega-carlos-velazquez-tiscareno-a-la-direccion-del-aicm\/\" \/>\n<meta name=\"twitter:card\" content=\"summary_large_image\" \/>\n<meta name=\"twitter:title\" content=\"Llega Carlos Vel\u00e1zquez Tiscare\u00f1o a la direcci\u00f3n del AICM - Nitu - Noticias de la Industria Turistica\" \/>\n<meta name=\"twitter:description\" content=\"Seis meses fueron suficientes para que el gobierno federal desistiera de mantener a Carlos Mor\u00e1n Moguel como director general del Aeropuerto Internacional de la Ciudad de M\u00e9xico, y cederle el cargo al vicealmirante Piloto Aviador Retirado, Carlos Ignacio Vel\u00e1zquez Tiscare\u00f1o. En enero pasado, Rogelio Jim\u00e9nez Pons fue removido como director general del Fondo Nacional de [&hellip;]\" \/>\n<meta name=\"twitter:image\" content=\"https:\/\/nitu.mx\/wp-content\/uploads\/2022\/07\/Carlos-Vel\u00e1zquez-AICM.jpg\" \/>\n<meta name=\"twitter:creator\" content=\"@NITUmx\" \/>\n<meta name=\"twitter:site\" content=\"@Arturo_Medina_G\" \/>\n<meta name=\"twitter:label1\" content=\"Escrito por\" \/>\n\t<meta name=\"twitter:data1\" content=\"Redacci\u00f3n\" \/>\n\t<meta name=\"twitter:label2\" content=\"Tiempo de lectura\" \/>\n\t<meta name=\"twitter:data2\" content=\"3 minutos\" \/>\n<script type=\"application\/ld+json\" class=\"yoast-schema-graph\">{\"@context\":\"https:\/\/schema.org\",\"@graph\":[{\"@type\":\"Article\",\"@id\":\"https:\/\/nitu.mx\/index.php\/2022\/07\/07\/llega-carlos-velazquez-tiscareno-a-la-direccion-del-aicm\/#article\",\"isPartOf\":{\"@id\":\"https:\/\/nitu.mx\/index.php\/2022\/07\/07\/llega-carlos-velazquez-tiscareno-a-la-direccion-del-aicm\/\"},\"author\":{\"name\":\"Redacci\u00f3n\",\"@id\":\"https:\/\/nitu.mx\/#\/schema\/person\/4a28fe9bd65924f7c90623773daf1b0b\"},\"headline\":\"Llega Carlos Vel\u00e1zquez Tiscare\u00f1o a la direcci\u00f3n del AICM\",\"datePublished\":\"2022-07-08T03:37:52+00:00\",\"dateModified\":\"2022-07-08T04:58:05+00:00\",\"mainEntityOfPage\":{\"@id\":\"https:\/\/nitu.mx\/index.php\/2022\/07\/07\/llega-carlos-velazquez-tiscareno-a-la-direccion-del-aicm\/\"},\"wordCount\":706,\"commentCount\":0,\"publisher\":{\"@id\":\"https:\/\/nitu.mx\/#\/schema\/person\/ae7a53426417292d3dd07b45a33e01bc\"},\"image\":{\"@id\":\"https:\/\/nitu.mx\/index.php\/2022\/07\/07\/llega-carlos-velazquez-tiscareno-a-la-direccion-del-aicm\/#primaryimage\"},\"thumbnailUrl\":\"https:\/\/nitu.mx\/wp-content\/uploads\/2022\/07\/Carlos-Vel\u00e1zquez-AICM.jpg\",\"keywords\":[\"AICM\",\"Carlos Mor\u00e1n Moguel\",\"Carlos Vel\u00e1zquez\",\"Fonatur\",\"Jorge Arganis D\u00edaz\",\"SICT\"],\"articleSection\":[\"Aeropuertos\"],\"inLanguage\":\"es-MX\",\"potentialAction\":[{\"@type\":\"CommentAction\",\"name\":\"Comment\",\"target\":[\"https:\/\/nitu.mx\/index.php\/2022\/07\/07\/llega-carlos-velazquez-tiscareno-a-la-direccion-del-aicm\/#respond\"]}]},{\"@type\":\"WebPage\",\"@id\":\"https:\/\/nitu.mx\/index.php\/2022\/07\/07\/llega-carlos-velazquez-tiscareno-a-la-direccion-del-aicm\/\",\"url\":\"https:\/\/nitu.mx\/index.php\/2022\/07\/07\/llega-carlos-velazquez-tiscareno-a-la-direccion-del-aicm\/\",\"name\":\"Llega Carlos Vel\u00e1zquez Tiscare\u00f1o a la direcci\u00f3n del AICM - Nitu - Noticias de la Industria Turistica\",\"isPartOf\":{\"@id\":\"https:\/\/nitu.mx\/#website\"},\"primaryImageOfPage\":{\"@id\":\"https:\/\/nitu.mx\/index.php\/2022\/07\/07\/llega-carlos-velazquez-tiscareno-a-la-direccion-del-aicm\/#primaryimage\"},\"image\":{\"@id\":\"https:\/\/nitu.mx\/index.php\/2022\/07\/07\/llega-carlos-velazquez-tiscareno-a-la-direccion-del-aicm\/#primaryimage\"},\"thumbnailUrl\":\"https:\/\/nitu.mx\/wp-content\/uploads\/2022\/07\/Carlos-Vel\u00e1zquez-AICM.jpg\",\"datePublished\":\"2022-07-08T03:37:52+00:00\",\"dateModified\":\"2022-07-08T04:58:05+00:00\",\"breadcrumb\":{\"@id\":\"https:\/\/nitu.mx\/index.php\/2022\/07\/07\/llega-carlos-velazquez-tiscareno-a-la-direccion-del-aicm\/#breadcrumb\"},\"inLanguage\":\"es-MX\",\"potentialAction\":[{\"@type\":\"ReadAction\",\"target\":[\"https:\/\/nitu.mx\/index.php\/2022\/07\/07\/llega-carlos-velazquez-tiscareno-a-la-direccion-del-aicm\/\"]}]},{\"@type\":\"ImageObject\",\"inLanguage\":\"es-MX\",\"@id\":\"https:\/\/nitu.mx\/index.php\/2022\/07\/07\/llega-carlos-velazquez-tiscareno-a-la-direccion-del-aicm\/#primaryimage\",\"url\":\"https:\/\/nitu.mx\/wp-content\/uploads\/2022\/07\/Carlos-Vel\u00e1zquez-AICM.jpg\",\"contentUrl\":\"https:\/\/nitu.mx\/wp-content\/uploads\/2022\/07\/Carlos-Vel\u00e1zquez-AICM.jpg\",\"width\":1200,\"height\":675,\"caption\":\"AICM\"},{\"@type\":\"BreadcrumbList\",\"@id\":\"https:\/\/nitu.mx\/index.php\/2022\/07\/07\/llega-carlos-velazquez-tiscareno-a-la-direccion-del-aicm\/#breadcrumb\",\"itemListElement\":[{\"@type\":\"ListItem\",\"position\":1,\"name\":\"Inicio\",\"item\":\"https:\/\/nitu.mx\/\"},{\"@type\":\"ListItem\",\"position\":2,\"name\":\"Llega Carlos Vel\u00e1zquez Tiscare\u00f1o a la direcci\u00f3n del AICM\"}]},{\"@type\":\"WebSite\",\"@id\":\"https:\/\/nitu.mx\/#website\",\"url\":\"https:\/\/nitu.mx\/\",\"name\":\"Nitu - Noticias de la Industria Turistica\",\"description\":\"Noticias de la Industria Turistica\",\"publisher\":{\"@id\":\"https:\/\/nitu.mx\/#\/schema\/person\/ae7a53426417292d3dd07b45a33e01bc\"},\"alternateName\":\"Noticias de la Industria Turistica\",\"potentialAction\":[{\"@type\":\"SearchAction\",\"target\":{\"@type\":\"EntryPoint\",\"urlTemplate\":\"https:\/\/nitu.mx\/?s={search_term_string}\"},\"query-input\":\"required name=search_term_string\"}],\"inLanguage\":\"es-MX\"},{\"@type\":[\"Person\",\"Organization\"],\"@id\":\"https:\/\/nitu.mx\/#\/schema\/person\/ae7a53426417292d3dd07b45a33e01bc\",\"name\":\"Arturo Medina\",\"image\":{\"@type\":\"ImageObject\",\"inLanguage\":\"es-MX\",\"@id\":\"https:\/\/nitu.mx\/#\/schema\/person\/image\/\",\"url\":\"https:\/\/nitu.mx\/wp-content\/uploads\/2024\/04\/4A315622-1904-4D5C-B022-878CDC840E04-90x90-1.jpeg\",\"contentUrl\":\"https:\/\/nitu.mx\/wp-content\/uploads\/2024\/04\/4A315622-1904-4D5C-B022-878CDC840E04-90x90-1.jpeg\",\"width\":90,\"height\":90,\"caption\":\"Arturo Medina\"},\"logo\":{\"@id\":\"https:\/\/nitu.mx\/#\/schema\/person\/image\/\"},\"description\":\"Director NITU.mx, Egresado de la Escuela de Periodismo Carlos Septi\u00e9n Garc\u00eda. Periodista y analista especializado en turismo desde hace 35 a\u00f1os, radicado en Canc\u00fan Q.Roo. arturo@nitu.mx\",\"sameAs\":[\"https:\/\/nitu.mx\",\"https:\/\/www.facebook.com\/NITUmx\/\",\"medinacancun\",\"https:\/\/twitter.com\/@Arturo_Medina_G\"]},{\"@type\":\"Person\",\"@id\":\"https:\/\/nitu.mx\/#\/schema\/person\/4a28fe9bd65924f7c90623773daf1b0b\",\"name\":\"Redacci\u00f3n\",\"image\":{\"@type\":\"ImageObject\",\"inLanguage\":\"es-MX\",\"@id\":\"https:\/\/nitu.mx\/#\/schema\/person\/image\/\",\"url\":\"https:\/\/secure.gravatar.com\/avatar\/5dd011c8ccfc5cd7e4c81e42252aab38?s=96&d=mm&r=g\",\"contentUrl\":\"https:\/\/secure.gravatar.com\/avatar\/5dd011c8ccfc5cd7e4c81e42252aab38?s=96&d=mm&r=g\",\"caption\":\"Redacci\u00f3n\"},\"url\":\"https:\/\/nitu.mx\/index.php\/author\/redaccion\/\"}]}<\/script>\n<!-- \/ Yoast SEO plugin. -->","yoast_head_json":{"title":"Llega Carlos Vel\u00e1zquez Tiscare\u00f1o a la direcci\u00f3n del AICM - Nitu - Noticias de la Industria Turistica","robots":{"index":"index","follow":"follow","max-snippet":"max-snippet:-1","max-image-preview":"max-image-preview:large","max-video-preview":"max-video-preview:-1"},"canonical":"https:\/\/nitu.mx\/index.php\/2022\/07\/07\/llega-carlos-velazquez-tiscareno-a-la-direccion-del-aicm\/","twitter_card":"summary_large_image","twitter_title":"Llega Carlos Vel\u00e1zquez Tiscare\u00f1o a la direcci\u00f3n del AICM - Nitu - Noticias de la Industria Turistica","twitter_description":"Seis meses fueron suficientes para que el gobierno federal desistiera de mantener a Carlos Mor\u00e1n Moguel como director general del Aeropuerto Internacional de la Ciudad de M\u00e9xico, y cederle el cargo al vicealmirante Piloto Aviador Retirado, Carlos Ignacio Vel\u00e1zquez Tiscare\u00f1o. En enero pasado, Rogelio Jim\u00e9nez Pons fue removido como director general del Fondo Nacional de [&hellip;]","twitter_image":"https:\/\/nitu.mx\/wp-content\/uploads\/2022\/07\/Carlos-Vel\u00e1zquez-AICM.jpg","twitter_creator":"@NITUmx","twitter_site":"@Arturo_Medina_G","twitter_misc":{"Escrito por":"Redacci\u00f3n","Tiempo de lectura":"3 minutos"},"schema":{"@context":"https:\/\/schema.org","@graph":[{"@type":"Article","@id":"https:\/\/nitu.mx\/index.php\/2022\/07\/07\/llega-carlos-velazquez-tiscareno-a-la-direccion-del-aicm\/#article","isPartOf":{"@id":"https:\/\/nitu.mx\/index.php\/2022\/07\/07\/llega-carlos-velazquez-tiscareno-a-la-direccion-del-aicm\/"},"author":{"name":"Redacci\u00f3n","@id":"https:\/\/nitu.mx\/#\/schema\/person\/4a28fe9bd65924f7c90623773daf1b0b"},"headline":"Llega Carlos Vel\u00e1zquez Tiscare\u00f1o a la direcci\u00f3n del AICM","datePublished":"2022-07-08T03:37:52+00:00","dateModified":"2022-07-08T04:58:05+00:00","mainEntityOfPage":{"@id":"https:\/\/nitu.mx\/index.php\/2022\/07\/07\/llega-carlos-velazquez-tiscareno-a-la-direccion-del-aicm\/"},"wordCount":706,"commentCount":0,"publisher":{"@id":"https:\/\/nitu.mx\/#\/schema\/person\/ae7a53426417292d3dd07b45a33e01bc"},"image":{"@id":"https:\/\/nitu.mx\/index.php\/2022\/07\/07\/llega-carlos-velazquez-tiscareno-a-la-direccion-del-aicm\/#primaryimage"},"thumbnailUrl":"https:\/\/nitu.mx\/wp-content\/uploads\/2022\/07\/Carlos-Vel\u00e1zquez-AICM.jpg","keywords":["AICM","Carlos Mor\u00e1n Moguel","Carlos Vel\u00e1zquez","Fonatur","Jorge Arganis D\u00edaz","SICT"],"articleSection":["Aeropuertos"],"inLanguage":"es-MX","potentialAction":[{"@type":"CommentAction","name":"Comment","target":["https:\/\/nitu.mx\/index.php\/2022\/07\/07\/llega-carlos-velazquez-tiscareno-a-la-direccion-del-aicm\/#respond"]}]},{"@type":"WebPage","@id":"https:\/\/nitu.mx\/index.php\/2022\/07\/07\/llega-carlos-velazquez-tiscareno-a-la-direccion-del-aicm\/","url":"https:\/\/nitu.mx\/index.php\/2022\/07\/07\/llega-carlos-velazquez-tiscareno-a-la-direccion-del-aicm\/","name":"Llega Carlos Vel\u00e1zquez Tiscare\u00f1o a la direcci\u00f3n del AICM - Nitu - Noticias de la Industria Turistica","isPartOf":{"@id":"https:\/\/nitu.mx\/#website"},"primaryImageOfPage":{"@id":"https:\/\/nitu.mx\/index.php\/2022\/07\/07\/llega-carlos-velazquez-tiscareno-a-la-direccion-del-aicm\/#primaryimage"},"image":{"@id":"https:\/\/nitu.mx\/index.php\/2022\/07\/07\/llega-carlos-velazquez-tiscareno-a-la-direccion-del-aicm\/#primaryimage"},"thumbnailUrl":"https:\/\/nitu.mx\/wp-content\/uploads\/2022\/07\/Carlos-Vel\u00e1zquez-AICM.jpg","datePublished":"2022-07-08T03:37:52+00:00","dateModified":"2022-07-08T04:58:05+00:00","breadcrumb":{"@id":"https:\/\/nitu.mx\/index.php\/2022\/07\/07\/llega-carlos-velazquez-tiscareno-a-la-direccion-del-aicm\/#breadcrumb"},"inLanguage":"es-MX","potentialAction":[{"@type":"ReadAction","target":["https:\/\/nitu.mx\/index.php\/2022\/07\/07\/llega-carlos-velazquez-tiscareno-a-la-direccion-del-aicm\/"]}]},{"@type":"ImageObject","inLanguage":"es-MX","@id":"https:\/\/nitu.mx\/index.php\/2022\/07\/07\/llega-carlos-velazquez-tiscareno-a-la-direccion-del-aicm\/#primaryimage","url":"https:\/\/nitu.mx\/wp-content\/uploads\/2022\/07\/Carlos-Vel\u00e1zquez-AICM.jpg","contentUrl":"https:\/\/nitu.mx\/wp-content\/uploads\/2022\/07\/Carlos-Vel\u00e1zquez-AICM.jpg","width":1200,"height":675,"caption":"AICM"},{"@type":"BreadcrumbList","@id":"https:\/\/nitu.mx\/index.php\/2022\/07\/07\/llega-carlos-velazquez-tiscareno-a-la-direccion-del-aicm\/#breadcrumb","itemListElement":[{"@type":"ListItem","position":1,"name":"Inicio","item":"https:\/\/nitu.mx\/"},{"@type":"ListItem","position":2,"name":"Llega Carlos Vel\u00e1zquez Tiscare\u00f1o a la direcci\u00f3n del AICM"}]},{"@type":"WebSite","@id":"https:\/\/nitu.mx\/#website","url":"https:\/\/nitu.mx\/","name":"Nitu - Noticias de la Industria Turistica","description":"Noticias de la Industria Turistica","publisher":{"@id":"https:\/\/nitu.mx\/#\/schema\/person\/ae7a53426417292d3dd07b45a33e01bc"},"alternateName":"Noticias de la Industria Turistica","potentialAction":[{"@type":"SearchAction","target":{"@type":"EntryPoint","urlTemplate":"https:\/\/nitu.mx\/?s={search_term_string}"},"query-input":"required name=search_term_string"}],"inLanguage":"es-MX"},{"@type":["Person","Organization"],"@id":"https:\/\/nitu.mx\/#\/schema\/person\/ae7a53426417292d3dd07b45a33e01bc","name":"Arturo Medina","image":{"@type":"ImageObject","inLanguage":"es-MX","@id":"https:\/\/nitu.mx\/#\/schema\/person\/image\/","url":"https:\/\/nitu.mx\/wp-content\/uploads\/2024\/04\/4A315622-1904-4D5C-B022-878CDC840E04-90x90-1.jpeg","contentUrl":"https:\/\/nitu.mx\/wp-content\/uploads\/2024\/04\/4A315622-1904-4D5C-B022-878CDC840E04-90x90-1.jpeg","width":90,"height":90,"caption":"Arturo Medina"},"logo":{"@id":"https:\/\/nitu.mx\/#\/schema\/person\/image\/"},"description":"Director NITU.mx, Egresado de la Escuela de Periodismo Carlos Septi\u00e9n Garc\u00eda. Periodista y analista especializado en turismo desde hace 35 a\u00f1os, radicado en Canc\u00fan Q.Roo. arturo@nitu.mx","sameAs":["https:\/\/nitu.mx","https:\/\/www.facebook.com\/NITUmx\/","medinacancun","https:\/\/twitter.com\/@Arturo_Medina_G"]},{"@type":"Person","@id":"https:\/\/nitu.mx\/#\/schema\/person\/4a28fe9bd65924f7c90623773daf1b0b","name":"Redacci\u00f3n","image":{"@type":"ImageObject","inLanguage":"es-MX","@id":"https:\/\/nitu.mx\/#\/schema\/person\/image\/","url":"https:\/\/secure.gravatar.com\/avatar\/5dd011c8ccfc5cd7e4c81e42252aab38?s=96&d=mm&r=g","contentUrl":"https:\/\/secure.gravatar.com\/avatar\/5dd011c8ccfc5cd7e4c81e42252aab38?s=96&d=mm&r=g","caption":"Redacci\u00f3n"},"url":"https:\/\/nitu.mx\/index.php\/author\/redaccion\/"}]}},"views":267,"_links":{"self":[{"href":"https:\/\/nitu.mx\/index.php\/wp-json\/wp\/v2\/posts\/60338"}],"collection":[{"href":"https:\/\/nitu.mx\/index.php\/wp-json\/wp\/v2\/posts"}],"about":[{"href":"https:\/\/nitu.mx\/index.php\/wp-json\/wp\/v2\/types\/post"}],"author":[{"embeddable":true,"href":"https:\/\/nitu.mx\/index.php\/wp-json\/wp\/v2\/users\/17"}],"replies":[{"embeddable":true,"href":"https:\/\/nitu.mx\/index.php\/wp-json\/wp\/v2\/comments?post=60338"}],"version-history":[{"count":1,"href":"https:\/\/nitu.mx\/index.php\/wp-json\/wp\/v2\/posts\/60338\/revisions"}],"predecessor-version":[{"id":60340,"href":"https:\/\/nitu.mx\/index.php\/wp-json\/wp\/v2\/posts\/60338\/revisions\/60340"}],"wp:featuredmedia":[{"embeddable":true,"href":"https:\/\/nitu.mx\/index.php\/wp-json\/wp\/v2\/media\/60341"}],"wp:attachment":[{"href":"https:\/\/nitu.mx\/index.php\/wp-json\/wp\/v2\/media?parent=60338"}],"wp:term":[{"taxonomy":"category","embeddable":true,"href":"https:\/\/nitu.mx\/index.php\/wp-json\/wp\/v2\/categories?post=60338"},{"taxonomy":"post_tag","embeddable":true,"href":"https:\/\/nitu.mx\/index.php\/wp-json\/wp\/v2\/tags?post=60338"}],"curies":[{"name":"wp","href":"https:\/\/api.w.org\/{rel}","templated":true}]}}