{"id":6029,"date":"2017-01-17T22:35:40","date_gmt":"2017-01-18T03:35:40","guid":{"rendered":"http:\/\/www.dev.nitu.mx\/?p=6029"},"modified":"2017-01-18T00:37:53","modified_gmt":"2017-01-18T05:37:53","slug":"justin-trudeau-pendiente-de-lo-que-pasa-en-mexico-tras-incidente-de-playa-del-carmen","status":"publish","type":"post","link":"https:\/\/nitu.mx\/index.php\/2017\/01\/17\/justin-trudeau-pendiente-de-lo-que-pasa-en-mexico-tras-incidente-de-playa-del-carmen\/","title":{"rendered":"Justin Trudeau pendiente de lo que pasa en M\u00e9xico tras incidente de Playa del Carmen"},"content":{"rendered":"<p>Justin Trudeau, primer ministro de Canad\u00e1, dijo en Twitter que estaban monitoreando la situaci\u00f3n en M\u00e9xico. Tambi\u00e9n envi\u00f3 sus condolencias a las familias de los canadienses que perdieron la vida tras los hechos de violencia suscitados en Playa del Carmen, y del que dimos cuenta en <strong><em>NITU.mx<\/em><\/strong>. (<a title=\"Sacude a Playa del Carmen balacera en BPM\" href=\"http:\/\/www.dev.nitu.mx\/index.php\/2017\/01\/16\/sacude-playa-del-carmen-balacera-bpm\/\" rel=\"bookmark\">Sacude a Playa del Carmen balacera en BPM<\/a>).<\/p>\n<p>Desde que llegaron a la capital espa\u00f1ola, Enrique de la Madrid, secretario de Turismo, y Lourdes Berho, directora general del Consejo de Promoci\u00f3n Tur\u00edstica de M\u00e9xico se encontraron con la noticia de la balacera en Playa del Carmen.<\/p>\n<p>As\u00ed es que una tarde dedicada a atender citas con socios comerciales de M\u00e9xico, tuvo que orientarse tambi\u00e9n a planear la estrategia para atender un problema cuyas consecuencias para el turismo mexicano todav\u00eda no se pueden dimensionar, refiere Dinero.<\/p>\n<p>Hasta ahora, lo que se sabe, en l\u00ednea con el video del gobernador de Quintana Roo, Carlos Joaqu\u00edn Gonz\u00e1lez, fue que un \u201cconflicto personal\u201d entre dos particulares gener\u00f3 la balacera. Seg\u00fan datos preliminares, ese conflicto personal fue el inter\u00e9s de un vendedor de narc\u00f3ticos al menudeo a quien el equipo de seguridad, de origen canadiense, no dej\u00f3 entrar al festival BPM de m\u00fasica electr\u00f3nica que estaba en marcha en el centro nocturno Blue Parrot.<\/p>\n<p>De la Madrid no hizo declaraciones, aunque alrededor de las 21:00 horas de Espa\u00f1a, fij\u00f3 su posici\u00f3n en Twitter: \u201cLamento profundamente los hechos violentos ocurridos en Playa del Carmen, donde cinco personas perdieron la vida y 15 m\u00e1s resultaron heridas.<\/p>\n<p>Por su parte, la agencia internacional de relaciones p\u00fablicas del CPTM, MSL, y su especialista en crisis, George Shapiro, ya prepararon una estrategia de comunicaci\u00f3n de los hechos a la industria tur\u00edstica internacional.<\/p>\n<p>Sin embargo, prefirieron no adelantarse y esperar a analizar c\u00f3mo se desenvuelve este asunto en las horas siguientes.<\/p>\n<p>Un primer motivo de preocupaci\u00f3n es la reacci\u00f3n que puede generarse en Canad\u00e1, pa\u00eds de origen de dos de los empleados de seguridad del BPM que perdieron la vida. Sin embargo, los medios de ese pa\u00eds tienden a recuperar historias del pasado y a profundizar en las investigaciones period\u00edsticas, lo que pondr\u00e1 bajo la lupa el tema de la seguridad en Quintana Roo, que es el estado tur\u00edstico n\u00famero uno de M\u00e9xico.<\/p>\n<p>Un comunicado de la Secretar\u00eda de Turismo de Quintana Roo, cuya titular es Marisol Vanegas, refiri\u00f3: \u201cAfortunadamente, la situaci\u00f3n se encuentra bajo control en Playa del Carmen, para que nuestros turistas nacionales e internacionales puedan sentirse libres y protegidos, y contin\u00faen disfrutando de sus vacaciones\u201d. Una posici\u00f3n optimista que se podr\u00eda complicar.<\/p>\n","protected":false},"excerpt":{"rendered":"<p>Justin Trudeau, primer ministro de Canad\u00e1, dijo en Twitter que estaban monitoreando la situaci\u00f3n en M\u00e9xico. Tambi\u00e9n envi\u00f3 sus condolencias a las familias de los canadienses que perdieron la vida tras los hechos de violencia suscitados en Playa del Carmen, y del que dimos cuenta en NITU.mx. (Sacude a Playa del Carmen balacera en BPM). [&hellip;]<\/p>\n","protected":false},"author":17,"featured_media":6041,"comment_status":"open","ping_status":"open","sticky":false,"template":"","format":"standard","meta":{"footnotes":""},"categories":[5,6],"tags":[1110,176,2733,971,405,175],"yoast_head":"<!-- This site is optimized with the Yoast SEO plugin v22.2 - https:\/\/yoast.com\/wordpress\/plugins\/seo\/ -->\n<title>Justin Trudeau pendiente de lo que pasa en M\u00e9xico tras incidente de Playa del Carmen - Nitu - Noticias de la Industria Turistica<\/title>\n<meta name=\"description\" content=\"Justin Trudeau, primer ministro de Canad\u00e1, dijo en Twitter que estaban monitoreando la situaci\u00f3n en M\u00e9xico tras los hechos en Playa del Carmen.\" \/>\n<meta name=\"robots\" content=\"index, follow, max-snippet:-1, max-image-preview:large, max-video-preview:-1\" \/>\n<link rel=\"canonical\" href=\"https:\/\/nitu.mx\/index.php\/2017\/01\/17\/justin-trudeau-pendiente-de-lo-que-pasa-en-mexico-tras-incidente-de-playa-del-carmen\/\" \/>\n<meta name=\"twitter:card\" content=\"summary_large_image\" \/>\n<meta name=\"twitter:title\" content=\"Justin Trudeau pendiente de lo que pasa en M\u00e9xico tras incidente de Playa del Carmen - Nitu - Noticias de la Industria Turistica\" \/>\n<meta name=\"twitter:description\" content=\"Justin Trudeau, primer ministro de Canad\u00e1, dijo en Twitter que estaban monitoreando la situaci\u00f3n en M\u00e9xico tras los hechos en Playa del Carmen.\" \/>\n<meta name=\"twitter:image\" content=\"https:\/\/nitu.mx\/wp-content\/uploads\/2017\/01\/Justin-Trudeau.jpg\" \/>\n<meta name=\"twitter:creator\" content=\"@NITUmx\" \/>\n<meta name=\"twitter:site\" content=\"@Arturo_Medina_G\" \/>\n<meta name=\"twitter:label1\" content=\"Escrito por\" \/>\n\t<meta name=\"twitter:data1\" content=\"Redacci\u00f3n\" \/>\n\t<meta name=\"twitter:label2\" content=\"Tiempo de lectura\" \/>\n\t<meta name=\"twitter:data2\" content=\"2 minutos\" \/>\n<script type=\"application\/ld+json\" class=\"yoast-schema-graph\">{\"@context\":\"https:\/\/schema.org\",\"@graph\":[{\"@type\":\"Article\",\"@id\":\"https:\/\/nitu.mx\/index.php\/2017\/01\/17\/justin-trudeau-pendiente-de-lo-que-pasa-en-mexico-tras-incidente-de-playa-del-carmen\/#article\",\"isPartOf\":{\"@id\":\"https:\/\/nitu.mx\/index.php\/2017\/01\/17\/justin-trudeau-pendiente-de-lo-que-pasa-en-mexico-tras-incidente-de-playa-del-carmen\/\"},\"author\":{\"name\":\"Redacci\u00f3n\",\"@id\":\"https:\/\/nitu.mx\/#\/schema\/person\/4a28fe9bd65924f7c90623773daf1b0b\"},\"headline\":\"Justin Trudeau pendiente de lo que pasa en M\u00e9xico tras incidente de Playa del Carmen\",\"datePublished\":\"2017-01-18T03:35:40+00:00\",\"dateModified\":\"2017-01-18T05:37:53+00:00\",\"mainEntityOfPage\":{\"@id\":\"https:\/\/nitu.mx\/index.php\/2017\/01\/17\/justin-trudeau-pendiente-de-lo-que-pasa-en-mexico-tras-incidente-de-playa-del-carmen\/\"},\"wordCount\":474,\"commentCount\":0,\"publisher\":{\"@id\":\"https:\/\/nitu.mx\/#\/schema\/person\/ae7a53426417292d3dd07b45a33e01bc\"},\"image\":{\"@id\":\"https:\/\/nitu.mx\/index.php\/2017\/01\/17\/justin-trudeau-pendiente-de-lo-que-pasa-en-mexico-tras-incidente-de-playa-del-carmen\/#primaryimage\"},\"thumbnailUrl\":\"https:\/\/nitu.mx\/wp-content\/uploads\/2017\/01\/Justin-Trudeau.jpg\",\"keywords\":[\"Consejo de Promoci\u00f3n Tur\u00edstica de M\u00e9xico (CPTM)\",\"Enrique de la Madrid\",\"Justin Trudeau\",\"Lourdes Berho\",\"Playa del Carmen\",\"Secretario de Turismo\"],\"articleSection\":[\"Destinos\",\"M\u00e9xico\"],\"inLanguage\":\"es-MX\",\"potentialAction\":[{\"@type\":\"CommentAction\",\"name\":\"Comment\",\"target\":[\"https:\/\/nitu.mx\/index.php\/2017\/01\/17\/justin-trudeau-pendiente-de-lo-que-pasa-en-mexico-tras-incidente-de-playa-del-carmen\/#respond\"]}]},{\"@type\":\"WebPage\",\"@id\":\"https:\/\/nitu.mx\/index.php\/2017\/01\/17\/justin-trudeau-pendiente-de-lo-que-pasa-en-mexico-tras-incidente-de-playa-del-carmen\/\",\"url\":\"https:\/\/nitu.mx\/index.php\/2017\/01\/17\/justin-trudeau-pendiente-de-lo-que-pasa-en-mexico-tras-incidente-de-playa-del-carmen\/\",\"name\":\"Justin Trudeau pendiente de lo que pasa en M\u00e9xico tras incidente de Playa del Carmen - Nitu - Noticias de la Industria Turistica\",\"isPartOf\":{\"@id\":\"https:\/\/nitu.mx\/#website\"},\"primaryImageOfPage\":{\"@id\":\"https:\/\/nitu.mx\/index.php\/2017\/01\/17\/justin-trudeau-pendiente-de-lo-que-pasa-en-mexico-tras-incidente-de-playa-del-carmen\/#primaryimage\"},\"image\":{\"@id\":\"https:\/\/nitu.mx\/index.php\/2017\/01\/17\/justin-trudeau-pendiente-de-lo-que-pasa-en-mexico-tras-incidente-de-playa-del-carmen\/#primaryimage\"},\"thumbnailUrl\":\"https:\/\/nitu.mx\/wp-content\/uploads\/2017\/01\/Justin-Trudeau.jpg\",\"datePublished\":\"2017-01-18T03:35:40+00:00\",\"dateModified\":\"2017-01-18T05:37:53+00:00\",\"description\":\"Justin Trudeau, primer ministro de Canad\u00e1, dijo en Twitter que estaban monitoreando la situaci\u00f3n en M\u00e9xico tras los hechos en Playa del Carmen.\",\"breadcrumb\":{\"@id\":\"https:\/\/nitu.mx\/index.php\/2017\/01\/17\/justin-trudeau-pendiente-de-lo-que-pasa-en-mexico-tras-incidente-de-playa-del-carmen\/#breadcrumb\"},\"inLanguage\":\"es-MX\",\"potentialAction\":[{\"@type\":\"ReadAction\",\"target\":[\"https:\/\/nitu.mx\/index.php\/2017\/01\/17\/justin-trudeau-pendiente-de-lo-que-pasa-en-mexico-tras-incidente-de-playa-del-carmen\/\"]}]},{\"@type\":\"ImageObject\",\"inLanguage\":\"es-MX\",\"@id\":\"https:\/\/nitu.mx\/index.php\/2017\/01\/17\/justin-trudeau-pendiente-de-lo-que-pasa-en-mexico-tras-incidente-de-playa-del-carmen\/#primaryimage\",\"url\":\"https:\/\/nitu.mx\/wp-content\/uploads\/2017\/01\/Justin-Trudeau.jpg\",\"contentUrl\":\"https:\/\/nitu.mx\/wp-content\/uploads\/2017\/01\/Justin-Trudeau.jpg\",\"width\":850,\"height\":480,\"caption\":\"Justin Trudeau\"},{\"@type\":\"BreadcrumbList\",\"@id\":\"https:\/\/nitu.mx\/index.php\/2017\/01\/17\/justin-trudeau-pendiente-de-lo-que-pasa-en-mexico-tras-incidente-de-playa-del-carmen\/#breadcrumb\",\"itemListElement\":[{\"@type\":\"ListItem\",\"position\":1,\"name\":\"Inicio\",\"item\":\"https:\/\/nitu.mx\/\"},{\"@type\":\"ListItem\",\"position\":2,\"name\":\"Justin Trudeau pendiente de lo que pasa en M\u00e9xico tras incidente de Playa del Carmen\"}]},{\"@type\":\"WebSite\",\"@id\":\"https:\/\/nitu.mx\/#website\",\"url\":\"https:\/\/nitu.mx\/\",\"name\":\"Nitu - Noticias de la Industria Turistica\",\"description\":\"Noticias de la Industria Turistica\",\"publisher\":{\"@id\":\"https:\/\/nitu.mx\/#\/schema\/person\/ae7a53426417292d3dd07b45a33e01bc\"},\"alternateName\":\"Noticias de la Industria Turistica\",\"potentialAction\":[{\"@type\":\"SearchAction\",\"target\":{\"@type\":\"EntryPoint\",\"urlTemplate\":\"https:\/\/nitu.mx\/?s={search_term_string}\"},\"query-input\":\"required name=search_term_string\"}],\"inLanguage\":\"es-MX\"},{\"@type\":[\"Person\",\"Organization\"],\"@id\":\"https:\/\/nitu.mx\/#\/schema\/person\/ae7a53426417292d3dd07b45a33e01bc\",\"name\":\"Arturo Medina\",\"image\":{\"@type\":\"ImageObject\",\"inLanguage\":\"es-MX\",\"@id\":\"https:\/\/nitu.mx\/#\/schema\/person\/image\/\",\"url\":\"https:\/\/nitu.mx\/wp-content\/uploads\/2024\/04\/4A315622-1904-4D5C-B022-878CDC840E04-90x90-1.jpeg\",\"contentUrl\":\"https:\/\/nitu.mx\/wp-content\/uploads\/2024\/04\/4A315622-1904-4D5C-B022-878CDC840E04-90x90-1.jpeg\",\"width\":90,\"height\":90,\"caption\":\"Arturo Medina\"},\"logo\":{\"@id\":\"https:\/\/nitu.mx\/#\/schema\/person\/image\/\"},\"description\":\"Director NITU.mx, Egresado de la Escuela de Periodismo Carlos Septi\u00e9n Garc\u00eda. Periodista y analista especializado en turismo desde hace 35 a\u00f1os, radicado en Canc\u00fan Q.Roo. arturo@nitu.mx\",\"sameAs\":[\"https:\/\/nitu.mx\",\"https:\/\/www.facebook.com\/NITUmx\/\",\"medinacancun\",\"https:\/\/twitter.com\/@Arturo_Medina_G\"]},{\"@type\":\"Person\",\"@id\":\"https:\/\/nitu.mx\/#\/schema\/person\/4a28fe9bd65924f7c90623773daf1b0b\",\"name\":\"Redacci\u00f3n\",\"image\":{\"@type\":\"ImageObject\",\"inLanguage\":\"es-MX\",\"@id\":\"https:\/\/nitu.mx\/#\/schema\/person\/image\/\",\"url\":\"https:\/\/secure.gravatar.com\/avatar\/5dd011c8ccfc5cd7e4c81e42252aab38?s=96&d=mm&r=g\",\"contentUrl\":\"https:\/\/secure.gravatar.com\/avatar\/5dd011c8ccfc5cd7e4c81e42252aab38?s=96&d=mm&r=g\",\"caption\":\"Redacci\u00f3n\"},\"url\":\"https:\/\/nitu.mx\/index.php\/author\/redaccion\/\"}]}<\/script>\n<!-- \/ Yoast SEO plugin. -->","yoast_head_json":{"title":"Justin Trudeau pendiente de lo que pasa en M\u00e9xico tras incidente de Playa del Carmen - Nitu - Noticias de la Industria Turistica","description":"Justin Trudeau, primer ministro de Canad\u00e1, dijo en Twitter que estaban monitoreando la situaci\u00f3n en M\u00e9xico tras los hechos en Playa del Carmen.","robots":{"index":"index","follow":"follow","max-snippet":"max-snippet:-1","max-image-preview":"max-image-preview:large","max-video-preview":"max-video-preview:-1"},"canonical":"https:\/\/nitu.mx\/index.php\/2017\/01\/17\/justin-trudeau-pendiente-de-lo-que-pasa-en-mexico-tras-incidente-de-playa-del-carmen\/","twitter_card":"summary_large_image","twitter_title":"Justin Trudeau pendiente de lo que pasa en M\u00e9xico tras incidente de Playa del Carmen - Nitu - Noticias de la Industria Turistica","twitter_description":"Justin Trudeau, primer ministro de Canad\u00e1, dijo en Twitter que estaban monitoreando la situaci\u00f3n en M\u00e9xico tras los hechos en Playa del Carmen.","twitter_image":"https:\/\/nitu.mx\/wp-content\/uploads\/2017\/01\/Justin-Trudeau.jpg","twitter_creator":"@NITUmx","twitter_site":"@Arturo_Medina_G","twitter_misc":{"Escrito por":"Redacci\u00f3n","Tiempo de lectura":"2 minutos"},"schema":{"@context":"https:\/\/schema.org","@graph":[{"@type":"Article","@id":"https:\/\/nitu.mx\/index.php\/2017\/01\/17\/justin-trudeau-pendiente-de-lo-que-pasa-en-mexico-tras-incidente-de-playa-del-carmen\/#article","isPartOf":{"@id":"https:\/\/nitu.mx\/index.php\/2017\/01\/17\/justin-trudeau-pendiente-de-lo-que-pasa-en-mexico-tras-incidente-de-playa-del-carmen\/"},"author":{"name":"Redacci\u00f3n","@id":"https:\/\/nitu.mx\/#\/schema\/person\/4a28fe9bd65924f7c90623773daf1b0b"},"headline":"Justin Trudeau pendiente de lo que pasa en M\u00e9xico tras incidente de Playa del Carmen","datePublished":"2017-01-18T03:35:40+00:00","dateModified":"2017-01-18T05:37:53+00:00","mainEntityOfPage":{"@id":"https:\/\/nitu.mx\/index.php\/2017\/01\/17\/justin-trudeau-pendiente-de-lo-que-pasa-en-mexico-tras-incidente-de-playa-del-carmen\/"},"wordCount":474,"commentCount":0,"publisher":{"@id":"https:\/\/nitu.mx\/#\/schema\/person\/ae7a53426417292d3dd07b45a33e01bc"},"image":{"@id":"https:\/\/nitu.mx\/index.php\/2017\/01\/17\/justin-trudeau-pendiente-de-lo-que-pasa-en-mexico-tras-incidente-de-playa-del-carmen\/#primaryimage"},"thumbnailUrl":"https:\/\/nitu.mx\/wp-content\/uploads\/2017\/01\/Justin-Trudeau.jpg","keywords":["Consejo de Promoci\u00f3n Tur\u00edstica de M\u00e9xico (CPTM)","Enrique de la Madrid","Justin Trudeau","Lourdes Berho","Playa del Carmen","Secretario de Turismo"],"articleSection":["Destinos","M\u00e9xico"],"inLanguage":"es-MX","potentialAction":[{"@type":"CommentAction","name":"Comment","target":["https:\/\/nitu.mx\/index.php\/2017\/01\/17\/justin-trudeau-pendiente-de-lo-que-pasa-en-mexico-tras-incidente-de-playa-del-carmen\/#respond"]}]},{"@type":"WebPage","@id":"https:\/\/nitu.mx\/index.php\/2017\/01\/17\/justin-trudeau-pendiente-de-lo-que-pasa-en-mexico-tras-incidente-de-playa-del-carmen\/","url":"https:\/\/nitu.mx\/index.php\/2017\/01\/17\/justin-trudeau-pendiente-de-lo-que-pasa-en-mexico-tras-incidente-de-playa-del-carmen\/","name":"Justin Trudeau pendiente de lo que pasa en M\u00e9xico tras incidente de Playa del Carmen - Nitu - Noticias de la Industria Turistica","isPartOf":{"@id":"https:\/\/nitu.mx\/#website"},"primaryImageOfPage":{"@id":"https:\/\/nitu.mx\/index.php\/2017\/01\/17\/justin-trudeau-pendiente-de-lo-que-pasa-en-mexico-tras-incidente-de-playa-del-carmen\/#primaryimage"},"image":{"@id":"https:\/\/nitu.mx\/index.php\/2017\/01\/17\/justin-trudeau-pendiente-de-lo-que-pasa-en-mexico-tras-incidente-de-playa-del-carmen\/#primaryimage"},"thumbnailUrl":"https:\/\/nitu.mx\/wp-content\/uploads\/2017\/01\/Justin-Trudeau.jpg","datePublished":"2017-01-18T03:35:40+00:00","dateModified":"2017-01-18T05:37:53+00:00","description":"Justin Trudeau, primer ministro de Canad\u00e1, dijo en Twitter que estaban monitoreando la situaci\u00f3n en M\u00e9xico tras los hechos en Playa del Carmen.","breadcrumb":{"@id":"https:\/\/nitu.mx\/index.php\/2017\/01\/17\/justin-trudeau-pendiente-de-lo-que-pasa-en-mexico-tras-incidente-de-playa-del-carmen\/#breadcrumb"},"inLanguage":"es-MX","potentialAction":[{"@type":"ReadAction","target":["https:\/\/nitu.mx\/index.php\/2017\/01\/17\/justin-trudeau-pendiente-de-lo-que-pasa-en-mexico-tras-incidente-de-playa-del-carmen\/"]}]},{"@type":"ImageObject","inLanguage":"es-MX","@id":"https:\/\/nitu.mx\/index.php\/2017\/01\/17\/justin-trudeau-pendiente-de-lo-que-pasa-en-mexico-tras-incidente-de-playa-del-carmen\/#primaryimage","url":"https:\/\/nitu.mx\/wp-content\/uploads\/2017\/01\/Justin-Trudeau.jpg","contentUrl":"https:\/\/nitu.mx\/wp-content\/uploads\/2017\/01\/Justin-Trudeau.jpg","width":850,"height":480,"caption":"Justin Trudeau"},{"@type":"BreadcrumbList","@id":"https:\/\/nitu.mx\/index.php\/2017\/01\/17\/justin-trudeau-pendiente-de-lo-que-pasa-en-mexico-tras-incidente-de-playa-del-carmen\/#breadcrumb","itemListElement":[{"@type":"ListItem","position":1,"name":"Inicio","item":"https:\/\/nitu.mx\/"},{"@type":"ListItem","position":2,"name":"Justin Trudeau pendiente de lo que pasa en M\u00e9xico tras incidente de Playa del Carmen"}]},{"@type":"WebSite","@id":"https:\/\/nitu.mx\/#website","url":"https:\/\/nitu.mx\/","name":"Nitu - Noticias de la Industria Turistica","description":"Noticias de la Industria Turistica","publisher":{"@id":"https:\/\/nitu.mx\/#\/schema\/person\/ae7a53426417292d3dd07b45a33e01bc"},"alternateName":"Noticias de la Industria Turistica","potentialAction":[{"@type":"SearchAction","target":{"@type":"EntryPoint","urlTemplate":"https:\/\/nitu.mx\/?s={search_term_string}"},"query-input":"required name=search_term_string"}],"inLanguage":"es-MX"},{"@type":["Person","Organization"],"@id":"https:\/\/nitu.mx\/#\/schema\/person\/ae7a53426417292d3dd07b45a33e01bc","name":"Arturo Medina","image":{"@type":"ImageObject","inLanguage":"es-MX","@id":"https:\/\/nitu.mx\/#\/schema\/person\/image\/","url":"https:\/\/nitu.mx\/wp-content\/uploads\/2024\/04\/4A315622-1904-4D5C-B022-878CDC840E04-90x90-1.jpeg","contentUrl":"https:\/\/nitu.mx\/wp-content\/uploads\/2024\/04\/4A315622-1904-4D5C-B022-878CDC840E04-90x90-1.jpeg","width":90,"height":90,"caption":"Arturo Medina"},"logo":{"@id":"https:\/\/nitu.mx\/#\/schema\/person\/image\/"},"description":"Director NITU.mx, Egresado de la Escuela de Periodismo Carlos Septi\u00e9n Garc\u00eda. Periodista y analista especializado en turismo desde hace 35 a\u00f1os, radicado en Canc\u00fan Q.Roo. arturo@nitu.mx","sameAs":["https:\/\/nitu.mx","https:\/\/www.facebook.com\/NITUmx\/","medinacancun","https:\/\/twitter.com\/@Arturo_Medina_G"]},{"@type":"Person","@id":"https:\/\/nitu.mx\/#\/schema\/person\/4a28fe9bd65924f7c90623773daf1b0b","name":"Redacci\u00f3n","image":{"@type":"ImageObject","inLanguage":"es-MX","@id":"https:\/\/nitu.mx\/#\/schema\/person\/image\/","url":"https:\/\/secure.gravatar.com\/avatar\/5dd011c8ccfc5cd7e4c81e42252aab38?s=96&d=mm&r=g","contentUrl":"https:\/\/secure.gravatar.com\/avatar\/5dd011c8ccfc5cd7e4c81e42252aab38?s=96&d=mm&r=g","caption":"Redacci\u00f3n"},"url":"https:\/\/nitu.mx\/index.php\/author\/redaccion\/"}]}},"views":310,"_links":{"self":[{"href":"https:\/\/nitu.mx\/index.php\/wp-json\/wp\/v2\/posts\/6029"}],"collection":[{"href":"https:\/\/nitu.mx\/index.php\/wp-json\/wp\/v2\/posts"}],"about":[{"href":"https:\/\/nitu.mx\/index.php\/wp-json\/wp\/v2\/types\/post"}],"author":[{"embeddable":true,"href":"https:\/\/nitu.mx\/index.php\/wp-json\/wp\/v2\/users\/17"}],"replies":[{"embeddable":true,"href":"https:\/\/nitu.mx\/index.php\/wp-json\/wp\/v2\/comments?post=6029"}],"version-history":[{"count":3,"href":"https:\/\/nitu.mx\/index.php\/wp-json\/wp\/v2\/posts\/6029\/revisions"}],"predecessor-version":[{"id":6042,"href":"https:\/\/nitu.mx\/index.php\/wp-json\/wp\/v2\/posts\/6029\/revisions\/6042"}],"wp:featuredmedia":[{"embeddable":true,"href":"https:\/\/nitu.mx\/index.php\/wp-json\/wp\/v2\/media\/6041"}],"wp:attachment":[{"href":"https:\/\/nitu.mx\/index.php\/wp-json\/wp\/v2\/media?parent=6029"}],"wp:term":[{"taxonomy":"category","embeddable":true,"href":"https:\/\/nitu.mx\/index.php\/wp-json\/wp\/v2\/categories?post=6029"},{"taxonomy":"post_tag","embeddable":true,"href":"https:\/\/nitu.mx\/index.php\/wp-json\/wp\/v2\/tags?post=6029"}],"curies":[{"name":"wp","href":"https:\/\/api.w.org\/{rel}","templated":true}]}}