{"id":60231,"date":"2022-07-01T06:26:27","date_gmt":"2022-07-01T11:26:27","guid":{"rendered":"https:\/\/www.dev.nitu.mx\/?p=60231"},"modified":"2022-07-01T06:26:27","modified_gmt":"2022-07-01T11:26:27","slug":"expone-iberostar-en-la-onu-por-el-dia-de-los-oceanos","status":"publish","type":"post","link":"https:\/\/nitu.mx\/index.php\/2022\/07\/01\/expone-iberostar-en-la-onu-por-el-dia-de-los-oceanos\/","title":{"rendered":"Expone Iberostar en la ONU por el d\u00eda de los oc\u00e9anos"},"content":{"rendered":"<p>La vicepresidenta del Grupo Iberostar Gloria Flux\u00e0, ha expuesto en la Cumbre de los Oc\u00e9anos de la ONU, que se celebra esta semana en Lisboa (Portugal), la estrategia de la compa\u00f1\u00eda para proteger los oc\u00e9anos y fomentar la salud costera en los entornos en los que opera.<\/p>\n<p>&#8220;Cuidar de la salud de los oc\u00e9anos es inherente a cualquier tipo de turismo que tenga actividad en zonas de costa&#8221;, ha defendido Flux\u00e0, durante su intervenci\u00f3n, este jueves, en la cumbre de la ONU. La ponente ha se\u00f1alado que los viajeros quieren disfrutar de la playa, del mar y de todas las actividades que ese entorno ofrece, pero ha asegurado que en la compa\u00f1\u00eda se ha marcado el &#8220;deber&#8221; de asegurarse de que los visitantes sean respetuosos con las comunidades locales y de que el turismo repercuta &#8220;favorablemente&#8221; en la econom\u00eda local.<\/p>\n<p>La CSO de Grupo Iberostar ha dirigido en la Conferencia de Lisboa el debate sobre turismo costero y marino sostenible en 2030 y 2050, durante su intervenci\u00f3n en el High Level Panel for a Sustainable Ocean Economy, donde ha expuesto los cambios &#8220;clave&#8221; necesarios para lograr la ambiciosa visi\u00f3n de mejorar los ecosistemas.<\/p>\n<p>En la cita de la ONU, la compa\u00f1\u00eda tur\u00edstica ha presentado sus soluciones para los desaf\u00edos de los oc\u00e9anos, basadas en fortalecer el turismo y demostrar la capacidad del sector privado para acelerar y escalar estas acciones, que conducen a una industria m\u00e1s resiliente, e impulsar destinos con una mayor capacidad de regeneraci\u00f3n.<\/p>\n<p>La empresa ha puesto en marcha en todos sus hoteles costeros medidas para recuperar la salud marina del entorno, como el cuidado e investigaci\u00f3n para proteger los arrecifes de coral, manglares, dunas y los pastos marinos en las zonas donde opera.<\/p>\n<p>La estrategia global de Iberostar tiene el objetivo de alcanzar la neutralidad en emisiones de carbono para 2030; mitigar el riesgo derivado de los impactos clim\u00e1ticos con soluciones basadas en la naturaleza, y regenerar y mejorar de forma cualitativa los productos tur\u00edsticos costeros y marinos: playa y agua.<\/p>\n","protected":false},"excerpt":{"rendered":"<p>La vicepresidenta del Grupo Iberostar Gloria Flux\u00e0, ha expuesto en la Cumbre de los Oc\u00e9anos de la ONU, que se celebra esta semana en Lisboa (Portugal), la estrategia de la compa\u00f1\u00eda para proteger los oc\u00e9anos y fomentar la salud costera en los entornos en los que opera. &#8220;Cuidar de la salud de los oc\u00e9anos es [&hellip;]<\/p>\n","protected":false},"author":2,"featured_media":60239,"comment_status":"open","ping_status":"open","sticky":false,"template":"","format":"standard","meta":{"footnotes":""},"categories":[2],"tags":[23426,23425,1227,4818],"yoast_head":"<!-- This site is optimized with the Yoast SEO plugin v22.2 - https:\/\/yoast.com\/wordpress\/plugins\/seo\/ -->\n<title>Expone Iberostar en la ONU por el d\u00eda de los oc\u00e9anos - Nitu - Noticias de la Industria Turistica<\/title>\n<meta name=\"robots\" content=\"index, follow, max-snippet:-1, max-image-preview:large, max-video-preview:-1\" \/>\n<link rel=\"canonical\" href=\"https:\/\/nitu.mx\/index.php\/2022\/07\/01\/expone-iberostar-en-la-onu-por-el-dia-de-los-oceanos\/\" \/>\n<meta name=\"twitter:card\" content=\"summary_large_image\" \/>\n<meta name=\"twitter:title\" content=\"Expone Iberostar en la ONU por el d\u00eda de los oc\u00e9anos - Nitu - Noticias de la Industria Turistica\" \/>\n<meta name=\"twitter:description\" content=\"La vicepresidenta del Grupo Iberostar Gloria Flux\u00e0, ha expuesto en la Cumbre de los Oc\u00e9anos de la ONU, que se celebra esta semana en Lisboa (Portugal), la estrategia de la compa\u00f1\u00eda para proteger los oc\u00e9anos y fomentar la salud costera en los entornos en los que opera. &#8220;Cuidar de la salud de los oc\u00e9anos es [&hellip;]\" \/>\n<meta name=\"twitter:image\" content=\"https:\/\/nitu.mx\/wp-content\/uploads\/2022\/06\/iberostar-onu.jpg\" \/>\n<meta name=\"twitter:creator\" content=\"@Arturo_Medina_G\" \/>\n<meta name=\"twitter:site\" content=\"@Arturo_Medina_G\" \/>\n<meta name=\"twitter:label1\" content=\"Escrito por\" \/>\n\t<meta name=\"twitter:data1\" content=\"Arturo Medina\" \/>\n\t<meta name=\"twitter:label2\" content=\"Tiempo de lectura\" \/>\n\t<meta name=\"twitter:data2\" content=\"2 minutos\" \/>\n<script type=\"application\/ld+json\" class=\"yoast-schema-graph\">{\"@context\":\"https:\/\/schema.org\",\"@graph\":[{\"@type\":\"Article\",\"@id\":\"https:\/\/nitu.mx\/index.php\/2022\/07\/01\/expone-iberostar-en-la-onu-por-el-dia-de-los-oceanos\/#article\",\"isPartOf\":{\"@id\":\"https:\/\/nitu.mx\/index.php\/2022\/07\/01\/expone-iberostar-en-la-onu-por-el-dia-de-los-oceanos\/\"},\"author\":{\"name\":\"Arturo Medina\",\"@id\":\"https:\/\/nitu.mx\/#\/schema\/person\/ae7a53426417292d3dd07b45a33e01bc\"},\"headline\":\"Expone Iberostar en la ONU por el d\u00eda de los oc\u00e9anos\",\"datePublished\":\"2022-07-01T11:26:27+00:00\",\"dateModified\":\"2022-07-01T11:26:27+00:00\",\"mainEntityOfPage\":{\"@id\":\"https:\/\/nitu.mx\/index.php\/2022\/07\/01\/expone-iberostar-en-la-onu-por-el-dia-de-los-oceanos\/\"},\"wordCount\":364,\"commentCount\":0,\"publisher\":{\"@id\":\"https:\/\/nitu.mx\/#\/schema\/person\/ae7a53426417292d3dd07b45a33e01bc\"},\"image\":{\"@id\":\"https:\/\/nitu.mx\/index.php\/2022\/07\/01\/expone-iberostar-en-la-onu-por-el-dia-de-los-oceanos\/#primaryimage\"},\"thumbnailUrl\":\"https:\/\/nitu.mx\/wp-content\/uploads\/2022\/06\/iberostar-onu.jpg\",\"keywords\":[\"Cumbre de los Oc\u00e9anos\",\"Gloria Flux\u00e0\",\"Iberostar\",\"ONU\"],\"articleSection\":[\"Hoteles\"],\"inLanguage\":\"es-MX\",\"potentialAction\":[{\"@type\":\"CommentAction\",\"name\":\"Comment\",\"target\":[\"https:\/\/nitu.mx\/index.php\/2022\/07\/01\/expone-iberostar-en-la-onu-por-el-dia-de-los-oceanos\/#respond\"]}]},{\"@type\":\"WebPage\",\"@id\":\"https:\/\/nitu.mx\/index.php\/2022\/07\/01\/expone-iberostar-en-la-onu-por-el-dia-de-los-oceanos\/\",\"url\":\"https:\/\/nitu.mx\/index.php\/2022\/07\/01\/expone-iberostar-en-la-onu-por-el-dia-de-los-oceanos\/\",\"name\":\"Expone Iberostar en la ONU por el d\u00eda de los oc\u00e9anos - Nitu - Noticias de la Industria Turistica\",\"isPartOf\":{\"@id\":\"https:\/\/nitu.mx\/#website\"},\"primaryImageOfPage\":{\"@id\":\"https:\/\/nitu.mx\/index.php\/2022\/07\/01\/expone-iberostar-en-la-onu-por-el-dia-de-los-oceanos\/#primaryimage\"},\"image\":{\"@id\":\"https:\/\/nitu.mx\/index.php\/2022\/07\/01\/expone-iberostar-en-la-onu-por-el-dia-de-los-oceanos\/#primaryimage\"},\"thumbnailUrl\":\"https:\/\/nitu.mx\/wp-content\/uploads\/2022\/06\/iberostar-onu.jpg\",\"datePublished\":\"2022-07-01T11:26:27+00:00\",\"dateModified\":\"2022-07-01T11:26:27+00:00\",\"breadcrumb\":{\"@id\":\"https:\/\/nitu.mx\/index.php\/2022\/07\/01\/expone-iberostar-en-la-onu-por-el-dia-de-los-oceanos\/#breadcrumb\"},\"inLanguage\":\"es-MX\",\"potentialAction\":[{\"@type\":\"ReadAction\",\"target\":[\"https:\/\/nitu.mx\/index.php\/2022\/07\/01\/expone-iberostar-en-la-onu-por-el-dia-de-los-oceanos\/\"]}]},{\"@type\":\"ImageObject\",\"inLanguage\":\"es-MX\",\"@id\":\"https:\/\/nitu.mx\/index.php\/2022\/07\/01\/expone-iberostar-en-la-onu-por-el-dia-de-los-oceanos\/#primaryimage\",\"url\":\"https:\/\/nitu.mx\/wp-content\/uploads\/2022\/06\/iberostar-onu.jpg\",\"contentUrl\":\"https:\/\/nitu.mx\/wp-content\/uploads\/2022\/06\/iberostar-onu.jpg\",\"width\":1200,\"height\":675},{\"@type\":\"BreadcrumbList\",\"@id\":\"https:\/\/nitu.mx\/index.php\/2022\/07\/01\/expone-iberostar-en-la-onu-por-el-dia-de-los-oceanos\/#breadcrumb\",\"itemListElement\":[{\"@type\":\"ListItem\",\"position\":1,\"name\":\"Inicio\",\"item\":\"https:\/\/nitu.mx\/\"},{\"@type\":\"ListItem\",\"position\":2,\"name\":\"Expone Iberostar en la ONU por el d\u00eda de los oc\u00e9anos\"}]},{\"@type\":\"WebSite\",\"@id\":\"https:\/\/nitu.mx\/#website\",\"url\":\"https:\/\/nitu.mx\/\",\"name\":\"Nitu - Noticias de la Industria Turistica\",\"description\":\"Noticias de la Industria Turistica\",\"publisher\":{\"@id\":\"https:\/\/nitu.mx\/#\/schema\/person\/ae7a53426417292d3dd07b45a33e01bc\"},\"alternateName\":\"Noticias de la Industria Turistica\",\"potentialAction\":[{\"@type\":\"SearchAction\",\"target\":{\"@type\":\"EntryPoint\",\"urlTemplate\":\"https:\/\/nitu.mx\/?s={search_term_string}\"},\"query-input\":\"required name=search_term_string\"}],\"inLanguage\":\"es-MX\"},{\"@type\":[\"Person\",\"Organization\"],\"@id\":\"https:\/\/nitu.mx\/#\/schema\/person\/ae7a53426417292d3dd07b45a33e01bc\",\"name\":\"Arturo Medina\",\"image\":{\"@type\":\"ImageObject\",\"inLanguage\":\"es-MX\",\"@id\":\"https:\/\/nitu.mx\/#\/schema\/person\/image\/\",\"url\":\"https:\/\/nitu.mx\/wp-content\/uploads\/2024\/04\/4A315622-1904-4D5C-B022-878CDC840E04-90x90-1.jpeg\",\"contentUrl\":\"https:\/\/nitu.mx\/wp-content\/uploads\/2024\/04\/4A315622-1904-4D5C-B022-878CDC840E04-90x90-1.jpeg\",\"width\":90,\"height\":90,\"caption\":\"Arturo Medina\"},\"logo\":{\"@id\":\"https:\/\/nitu.mx\/#\/schema\/person\/image\/\"},\"description\":\"Director NITU.mx, Egresado de la Escuela de Periodismo Carlos Septi\u00e9n Garc\u00eda. Periodista y analista especializado en turismo desde hace 35 a\u00f1os, radicado en Canc\u00fan Q.Roo. arturo@nitu.mx\",\"sameAs\":[\"https:\/\/nitu.mx\",\"https:\/\/www.facebook.com\/NITUmx\/\",\"medinacancun\",\"https:\/\/twitter.com\/@Arturo_Medina_G\"],\"url\":\"https:\/\/nitu.mx\/index.php\/author\/arturo-medina\/\"}]}<\/script>\n<!-- \/ Yoast SEO plugin. -->","yoast_head_json":{"title":"Expone Iberostar en la ONU por el d\u00eda de los oc\u00e9anos - Nitu - Noticias de la Industria Turistica","robots":{"index":"index","follow":"follow","max-snippet":"max-snippet:-1","max-image-preview":"max-image-preview:large","max-video-preview":"max-video-preview:-1"},"canonical":"https:\/\/nitu.mx\/index.php\/2022\/07\/01\/expone-iberostar-en-la-onu-por-el-dia-de-los-oceanos\/","twitter_card":"summary_large_image","twitter_title":"Expone Iberostar en la ONU por el d\u00eda de los oc\u00e9anos - Nitu - Noticias de la Industria Turistica","twitter_description":"La vicepresidenta del Grupo Iberostar Gloria Flux\u00e0, ha expuesto en la Cumbre de los Oc\u00e9anos de la ONU, que se celebra esta semana en Lisboa (Portugal), la estrategia de la compa\u00f1\u00eda para proteger los oc\u00e9anos y fomentar la salud costera en los entornos en los que opera. &#8220;Cuidar de la salud de los oc\u00e9anos es [&hellip;]","twitter_image":"https:\/\/nitu.mx\/wp-content\/uploads\/2022\/06\/iberostar-onu.jpg","twitter_creator":"@Arturo_Medina_G","twitter_site":"@Arturo_Medina_G","twitter_misc":{"Escrito por":"Arturo Medina","Tiempo de lectura":"2 minutos"},"schema":{"@context":"https:\/\/schema.org","@graph":[{"@type":"Article","@id":"https:\/\/nitu.mx\/index.php\/2022\/07\/01\/expone-iberostar-en-la-onu-por-el-dia-de-los-oceanos\/#article","isPartOf":{"@id":"https:\/\/nitu.mx\/index.php\/2022\/07\/01\/expone-iberostar-en-la-onu-por-el-dia-de-los-oceanos\/"},"author":{"name":"Arturo Medina","@id":"https:\/\/nitu.mx\/#\/schema\/person\/ae7a53426417292d3dd07b45a33e01bc"},"headline":"Expone Iberostar en la ONU por el d\u00eda de los oc\u00e9anos","datePublished":"2022-07-01T11:26:27+00:00","dateModified":"2022-07-01T11:26:27+00:00","mainEntityOfPage":{"@id":"https:\/\/nitu.mx\/index.php\/2022\/07\/01\/expone-iberostar-en-la-onu-por-el-dia-de-los-oceanos\/"},"wordCount":364,"commentCount":0,"publisher":{"@id":"https:\/\/nitu.mx\/#\/schema\/person\/ae7a53426417292d3dd07b45a33e01bc"},"image":{"@id":"https:\/\/nitu.mx\/index.php\/2022\/07\/01\/expone-iberostar-en-la-onu-por-el-dia-de-los-oceanos\/#primaryimage"},"thumbnailUrl":"https:\/\/nitu.mx\/wp-content\/uploads\/2022\/06\/iberostar-onu.jpg","keywords":["Cumbre de los Oc\u00e9anos","Gloria Flux\u00e0","Iberostar","ONU"],"articleSection":["Hoteles"],"inLanguage":"es-MX","potentialAction":[{"@type":"CommentAction","name":"Comment","target":["https:\/\/nitu.mx\/index.php\/2022\/07\/01\/expone-iberostar-en-la-onu-por-el-dia-de-los-oceanos\/#respond"]}]},{"@type":"WebPage","@id":"https:\/\/nitu.mx\/index.php\/2022\/07\/01\/expone-iberostar-en-la-onu-por-el-dia-de-los-oceanos\/","url":"https:\/\/nitu.mx\/index.php\/2022\/07\/01\/expone-iberostar-en-la-onu-por-el-dia-de-los-oceanos\/","name":"Expone Iberostar en la ONU por el d\u00eda de los oc\u00e9anos - Nitu - Noticias de la Industria Turistica","isPartOf":{"@id":"https:\/\/nitu.mx\/#website"},"primaryImageOfPage":{"@id":"https:\/\/nitu.mx\/index.php\/2022\/07\/01\/expone-iberostar-en-la-onu-por-el-dia-de-los-oceanos\/#primaryimage"},"image":{"@id":"https:\/\/nitu.mx\/index.php\/2022\/07\/01\/expone-iberostar-en-la-onu-por-el-dia-de-los-oceanos\/#primaryimage"},"thumbnailUrl":"https:\/\/nitu.mx\/wp-content\/uploads\/2022\/06\/iberostar-onu.jpg","datePublished":"2022-07-01T11:26:27+00:00","dateModified":"2022-07-01T11:26:27+00:00","breadcrumb":{"@id":"https:\/\/nitu.mx\/index.php\/2022\/07\/01\/expone-iberostar-en-la-onu-por-el-dia-de-los-oceanos\/#breadcrumb"},"inLanguage":"es-MX","potentialAction":[{"@type":"ReadAction","target":["https:\/\/nitu.mx\/index.php\/2022\/07\/01\/expone-iberostar-en-la-onu-por-el-dia-de-los-oceanos\/"]}]},{"@type":"ImageObject","inLanguage":"es-MX","@id":"https:\/\/nitu.mx\/index.php\/2022\/07\/01\/expone-iberostar-en-la-onu-por-el-dia-de-los-oceanos\/#primaryimage","url":"https:\/\/nitu.mx\/wp-content\/uploads\/2022\/06\/iberostar-onu.jpg","contentUrl":"https:\/\/nitu.mx\/wp-content\/uploads\/2022\/06\/iberostar-onu.jpg","width":1200,"height":675},{"@type":"BreadcrumbList","@id":"https:\/\/nitu.mx\/index.php\/2022\/07\/01\/expone-iberostar-en-la-onu-por-el-dia-de-los-oceanos\/#breadcrumb","itemListElement":[{"@type":"ListItem","position":1,"name":"Inicio","item":"https:\/\/nitu.mx\/"},{"@type":"ListItem","position":2,"name":"Expone Iberostar en la ONU por el d\u00eda de los oc\u00e9anos"}]},{"@type":"WebSite","@id":"https:\/\/nitu.mx\/#website","url":"https:\/\/nitu.mx\/","name":"Nitu - Noticias de la Industria Turistica","description":"Noticias de la Industria Turistica","publisher":{"@id":"https:\/\/nitu.mx\/#\/schema\/person\/ae7a53426417292d3dd07b45a33e01bc"},"alternateName":"Noticias de la Industria Turistica","potentialAction":[{"@type":"SearchAction","target":{"@type":"EntryPoint","urlTemplate":"https:\/\/nitu.mx\/?s={search_term_string}"},"query-input":"required name=search_term_string"}],"inLanguage":"es-MX"},{"@type":["Person","Organization"],"@id":"https:\/\/nitu.mx\/#\/schema\/person\/ae7a53426417292d3dd07b45a33e01bc","name":"Arturo Medina","image":{"@type":"ImageObject","inLanguage":"es-MX","@id":"https:\/\/nitu.mx\/#\/schema\/person\/image\/","url":"https:\/\/nitu.mx\/wp-content\/uploads\/2024\/04\/4A315622-1904-4D5C-B022-878CDC840E04-90x90-1.jpeg","contentUrl":"https:\/\/nitu.mx\/wp-content\/uploads\/2024\/04\/4A315622-1904-4D5C-B022-878CDC840E04-90x90-1.jpeg","width":90,"height":90,"caption":"Arturo Medina"},"logo":{"@id":"https:\/\/nitu.mx\/#\/schema\/person\/image\/"},"description":"Director NITU.mx, Egresado de la Escuela de Periodismo Carlos Septi\u00e9n Garc\u00eda. Periodista y analista especializado en turismo desde hace 35 a\u00f1os, radicado en Canc\u00fan Q.Roo. arturo@nitu.mx","sameAs":["https:\/\/nitu.mx","https:\/\/www.facebook.com\/NITUmx\/","medinacancun","https:\/\/twitter.com\/@Arturo_Medina_G"],"url":"https:\/\/nitu.mx\/index.php\/author\/arturo-medina\/"}]}},"views":420,"_links":{"self":[{"href":"https:\/\/nitu.mx\/index.php\/wp-json\/wp\/v2\/posts\/60231"}],"collection":[{"href":"https:\/\/nitu.mx\/index.php\/wp-json\/wp\/v2\/posts"}],"about":[{"href":"https:\/\/nitu.mx\/index.php\/wp-json\/wp\/v2\/types\/post"}],"author":[{"embeddable":true,"href":"https:\/\/nitu.mx\/index.php\/wp-json\/wp\/v2\/users\/2"}],"replies":[{"embeddable":true,"href":"https:\/\/nitu.mx\/index.php\/wp-json\/wp\/v2\/comments?post=60231"}],"version-history":[{"count":5,"href":"https:\/\/nitu.mx\/index.php\/wp-json\/wp\/v2\/posts\/60231\/revisions"}],"predecessor-version":[{"id":60241,"href":"https:\/\/nitu.mx\/index.php\/wp-json\/wp\/v2\/posts\/60231\/revisions\/60241"}],"wp:featuredmedia":[{"embeddable":true,"href":"https:\/\/nitu.mx\/index.php\/wp-json\/wp\/v2\/media\/60239"}],"wp:attachment":[{"href":"https:\/\/nitu.mx\/index.php\/wp-json\/wp\/v2\/media?parent=60231"}],"wp:term":[{"taxonomy":"category","embeddable":true,"href":"https:\/\/nitu.mx\/index.php\/wp-json\/wp\/v2\/categories?post=60231"},{"taxonomy":"post_tag","embeddable":true,"href":"https:\/\/nitu.mx\/index.php\/wp-json\/wp\/v2\/tags?post=60231"}],"curies":[{"name":"wp","href":"https:\/\/api.w.org\/{rel}","templated":true}]}}