{"id":60225,"date":"2022-07-01T05:56:30","date_gmt":"2022-07-01T10:56:30","guid":{"rendered":"https:\/\/www.dev.nitu.mx\/?p=60225"},"modified":"2022-07-01T05:56:30","modified_gmt":"2022-07-01T10:56:30","slug":"operadora-concierge-designa-a-jorge-alberto-cruz-como-director-general","status":"publish","type":"post","link":"https:\/\/nitu.mx\/index.php\/2022\/07\/01\/operadora-concierge-designa-a-jorge-alberto-cruz-como-director-general\/","title":{"rendered":"Operadora Concierge designa a Jorge Alberto Cruz como Director General"},"content":{"rendered":"<p>Como parte de su proceso de consolidaci\u00f3n y posicionamiento estrat\u00e9gico en la industria tur\u00edstica, Operadora Concierge nombr\u00f3 a Jorge Alberto Cruz como su Director General, con quien busca alcanzar objetivos ambiciosos en beneficio de las agencias de viaje del pa\u00eds.<\/p>\n<p>En sus 18 a\u00f1os de experiencia tur\u00edstica, destaca la colaboraci\u00f3n de Cruz en Gran Plan de Aerom\u00e9xico, donde desarroll\u00f3 la oferta de producto y estrategia comercial al implementar l\u00edneas de negocio para nichos de mercados espec\u00edficos, participaci\u00f3n en esfuerzos de venta directa como el evento Outlet Viaja y Vuela.<\/p>\n<p>Adem\u00e1s, gener\u00f3 sinergias con los principales destinos tur\u00edsticos y cadenas hoteleras. Adem\u00e1s, su participaci\u00f3n y colaboraci\u00f3n fue clave para implementar el joint venture que realiz\u00f3 en su momento Aerom\u00e9xico con Best Day Travel Group en el a\u00f1o 2016.<\/p>\n<p>A finales de 2021, apoy\u00f3 como asesor externo a Operadora Concierge d\u00e1ndole el impulso necesario para su lanzamiento en el pasado mes de marzo. Ahora, se incorpora de manera permanente a la familia de Concierge Travel quedando a cargo de esta empresa y l\u00ednea de negocio de Grupo Java.<\/p>\n<p>Por su parte, Javier Galicia, CEO de Concierge Travel &amp; Life y Director Corporativo de Grupo Java, declar\u00f3: \u201cEste momento es muy importante para Operadora Concierge y toda la familia de Grupo Java que sigue creciendo y extendiendo sus alas en todas las l\u00edneas de negocio y regiones donde operamos, nuestra mayorista no es la excepci\u00f3n\u201d.<\/p>\n<p>Galicia a\u00f1adi\u00f3: \u201cMe entusiasma el futuro y veo en Jorge el l\u00edder y la persona ideal para este reto y responsabilidad que representa estar en ese puesto. Sabemos que los retos no son menores, el presente nos invita a sacar la mejor versi\u00f3n de nosotros mismos para estar a la altura de las circunstancias y as\u00ed llevar a Operadora Concierge en los primeros planos de la industria. S\u00e9 que Jorge, y todo el equipo de trabajo que se est\u00e1 conformando, tiene la calidad humana, \u00e9tica y experiencia para lograr los resultados que esperamos\u201d.<\/p>\n<p>\u201cEl ADN de Grupo Java se lleva en los actos y acciones de cada d\u00eda y es lo que intentamos reflejar en nuestro servicio y valores corporativos. Desde que conoc\u00ed a Jorge trabajando en Aerom\u00e9xico, hace varios a\u00f1os, supe de la calidad de ser humano que es y en suma con su \u00e9tica y trabajo profesional no tuve duda en saber que el ser\u00eda un excelente l\u00edder para todo el equipo\u201d, continu\u00f3 el ejecutivo.<\/p>\n<p>\u201cNo hay sue\u00f1o que no se cumpla si trabajas fuerte por ello y tienes fe en conseguirlo. Grupo Java es un ejemplo viviente de esto, estoy seguro que este hecho ser\u00e1 un revulsivo importante para nosotros\u201d, finaliz\u00f3.<\/p>\n<p>Acerca de su reciente nombramiento, Jorge Alberto Cruz, mencion\u00f3: \u201cMe encuentro muy entusiasmado por formar parte de la familia Concierge en donde puedo aportar mi experiencia y generaci\u00f3n de negocio mediante las alianzas comerciales que he desarrollado a lo largo de los a\u00f1os\u201d.<\/p>\n<p>\u201cMi deseo es que Operadora Concierge se siga posicionando mediante la implementaci\u00f3n de \u00a0productos tur\u00edsticos vers\u00e1tiles, los cuales nos permitan obtener la preferencia de las agencias de viajes. Mi principal enfoque es la generaci\u00f3n de valor en toda la actividad que desarrollemos en Operadora Concierge desde el producto y oferta disponible, la tecnolog\u00eda con la que operamos y por supuesto el servicio personalizado que ofrecemos, de tal forma que esperamos ser el mejor partner para las agencias. Empato muy bien con la visi\u00f3n de Javier en la b\u00fasqueda de ser innovadores y muy propositivos a la hora de buscar nuevas alianzas, por lo que estoy convencido que mi incorporaci\u00f3n es el inicio de una nueva etapa que ser\u00e1 bastante satisfactoria para todos\u201d.<\/p>\n<p>Operadora Concierge se encuentra en una etapa de incorporaci\u00f3n de operadores con presencia importante en Colombia, Argentina, Per\u00fa, Rep\u00fablica Dominicana, Bahamas y dando una especial atenci\u00f3n al producto de Estados Unidos, mercado en donde busca tener el mejor producto con hoteles, operadores y proveedores tur\u00edsticos en general con el objetivo de desarrollar experiencias de viaje, tales como road trips, itinerarios multidestino, parques tem\u00e1ticos, programas de compra, parques nacionales, entre otros.<\/p>\n<p>Su presencia en el mercado nacional se sigue fortaleciendo mediante su participaci\u00f3n en Expo Mayoristas, al incorporar a representantes Concierge en ciudades como Oaxaca, Ciudad Ju\u00e1rez y, pr\u00f3ximamente, en Guadalajara, Monterrey y Quer\u00e9taro.<\/p>\n<p>Asimismo, durante agosto, Grupo Java y Operadora Concierge inician operaciones y estrenan oficinas en la calle de Hamburgo en la Ciudad de M\u00e9xico y Sat\u00e9lite en Estado de M\u00e9xico, donde se est\u00e1n instalando oficinas administrativas y comerciales; as\u00ed como un centro de operaciones, capacitaci\u00f3n y eventos sociales, enfocado para las agencias de viaje y medios de comunicaci\u00f3n, respectivamente.\u00a0<a title=\"Operadora Concierge, nuevo socio estrat\u00e9gico para agencias de viajes\" href=\"https:\/\/www.dev.nitu.mx\/index.php\/2022\/03\/14\/operadora-concierge-nuevo-socio-estrategico-para-agencias-de-viajes\/\" rel=\"bookmark\">(Operadora Concierge, nuevo socio estrat\u00e9gico para agencias de viajes<\/a>).<\/p>\n","protected":false},"excerpt":{"rendered":"<p>Como parte de su proceso de consolidaci\u00f3n y posicionamiento estrat\u00e9gico en la industria tur\u00edstica, Operadora Concierge nombr\u00f3 a Jorge Alberto Cruz como su Director General, con quien busca alcanzar objetivos ambiciosos en beneficio de las agencias de viaje del pa\u00eds. En sus 18 a\u00f1os de experiencia tur\u00edstica, destaca la colaboraci\u00f3n de Cruz en Gran Plan [&hellip;]<\/p>\n","protected":false},"author":17,"featured_media":60236,"comment_status":"open","ping_status":"open","sticky":false,"template":"","format":"standard","meta":{"footnotes":""},"categories":[3],"tags":[15893,14669,23422,23170,23421,23173],"yoast_head":"<!-- This site is optimized with the Yoast SEO plugin v22.2 - https:\/\/yoast.com\/wordpress\/plugins\/seo\/ -->\n<title>Operadora Concierge designa a Jorge Alberto Cruz como Director General - Nitu - Noticias de la Industria Turistica<\/title>\n<meta name=\"robots\" content=\"index, follow, max-snippet:-1, max-image-preview:large, max-video-preview:-1\" \/>\n<link rel=\"canonical\" href=\"https:\/\/nitu.mx\/index.php\/2022\/07\/01\/operadora-concierge-designa-a-jorge-alberto-cruz-como-director-general\/\" \/>\n<meta name=\"twitter:card\" content=\"summary_large_image\" \/>\n<meta name=\"twitter:title\" content=\"Operadora Concierge designa a Jorge Alberto Cruz como Director General - Nitu - Noticias de la Industria Turistica\" \/>\n<meta name=\"twitter:description\" content=\"Como parte de su proceso de consolidaci\u00f3n y posicionamiento estrat\u00e9gico en la industria tur\u00edstica, Operadora Concierge nombr\u00f3 a Jorge Alberto Cruz como su Director General, con quien busca alcanzar objetivos ambiciosos en beneficio de las agencias de viaje del pa\u00eds. En sus 18 a\u00f1os de experiencia tur\u00edstica, destaca la colaboraci\u00f3n de Cruz en Gran Plan [&hellip;]\" \/>\n<meta name=\"twitter:image\" content=\"https:\/\/nitu.mx\/wp-content\/uploads\/2022\/06\/Jorge-Cruz-Concierge-Operadora.jpg\" \/>\n<meta name=\"twitter:creator\" content=\"@NITUmx\" \/>\n<meta name=\"twitter:site\" content=\"@Arturo_Medina_G\" \/>\n<meta name=\"twitter:label1\" content=\"Escrito por\" \/>\n\t<meta name=\"twitter:data1\" content=\"Redacci\u00f3n\" \/>\n\t<meta name=\"twitter:label2\" content=\"Tiempo de lectura\" \/>\n\t<meta name=\"twitter:data2\" content=\"4 minutos\" \/>\n<script type=\"application\/ld+json\" class=\"yoast-schema-graph\">{\"@context\":\"https:\/\/schema.org\",\"@graph\":[{\"@type\":\"Article\",\"@id\":\"https:\/\/nitu.mx\/index.php\/2022\/07\/01\/operadora-concierge-designa-a-jorge-alberto-cruz-como-director-general\/#article\",\"isPartOf\":{\"@id\":\"https:\/\/nitu.mx\/index.php\/2022\/07\/01\/operadora-concierge-designa-a-jorge-alberto-cruz-como-director-general\/\"},\"author\":{\"name\":\"Redacci\u00f3n\",\"@id\":\"https:\/\/nitu.mx\/#\/schema\/person\/4a28fe9bd65924f7c90623773daf1b0b\"},\"headline\":\"Operadora Concierge designa a Jorge Alberto Cruz como Director General\",\"datePublished\":\"2022-07-01T10:56:30+00:00\",\"dateModified\":\"2022-07-01T10:56:30+00:00\",\"mainEntityOfPage\":{\"@id\":\"https:\/\/nitu.mx\/index.php\/2022\/07\/01\/operadora-concierge-designa-a-jorge-alberto-cruz-como-director-general\/\"},\"wordCount\":835,\"commentCount\":0,\"publisher\":{\"@id\":\"https:\/\/nitu.mx\/#\/schema\/person\/ae7a53426417292d3dd07b45a33e01bc\"},\"image\":{\"@id\":\"https:\/\/nitu.mx\/index.php\/2022\/07\/01\/operadora-concierge-designa-a-jorge-alberto-cruz-como-director-general\/#primaryimage\"},\"thumbnailUrl\":\"https:\/\/nitu.mx\/wp-content\/uploads\/2022\/06\/Jorge-Cruz-Concierge-Operadora.jpg\",\"keywords\":[\"Expo Mayoristas\",\"Gran Plan Aerom\u00e9xico\",\"Grupo Java\",\"Javier Galicia\",\"Jorge Alerto Cruz\",\"Operadora Concierge\"],\"articleSection\":[\"Agencias de Viajes\"],\"inLanguage\":\"es-MX\",\"potentialAction\":[{\"@type\":\"CommentAction\",\"name\":\"Comment\",\"target\":[\"https:\/\/nitu.mx\/index.php\/2022\/07\/01\/operadora-concierge-designa-a-jorge-alberto-cruz-como-director-general\/#respond\"]}]},{\"@type\":\"WebPage\",\"@id\":\"https:\/\/nitu.mx\/index.php\/2022\/07\/01\/operadora-concierge-designa-a-jorge-alberto-cruz-como-director-general\/\",\"url\":\"https:\/\/nitu.mx\/index.php\/2022\/07\/01\/operadora-concierge-designa-a-jorge-alberto-cruz-como-director-general\/\",\"name\":\"Operadora Concierge designa a Jorge Alberto Cruz como Director General - Nitu - Noticias de la Industria Turistica\",\"isPartOf\":{\"@id\":\"https:\/\/nitu.mx\/#website\"},\"primaryImageOfPage\":{\"@id\":\"https:\/\/nitu.mx\/index.php\/2022\/07\/01\/operadora-concierge-designa-a-jorge-alberto-cruz-como-director-general\/#primaryimage\"},\"image\":{\"@id\":\"https:\/\/nitu.mx\/index.php\/2022\/07\/01\/operadora-concierge-designa-a-jorge-alberto-cruz-como-director-general\/#primaryimage\"},\"thumbnailUrl\":\"https:\/\/nitu.mx\/wp-content\/uploads\/2022\/06\/Jorge-Cruz-Concierge-Operadora.jpg\",\"datePublished\":\"2022-07-01T10:56:30+00:00\",\"dateModified\":\"2022-07-01T10:56:30+00:00\",\"breadcrumb\":{\"@id\":\"https:\/\/nitu.mx\/index.php\/2022\/07\/01\/operadora-concierge-designa-a-jorge-alberto-cruz-como-director-general\/#breadcrumb\"},\"inLanguage\":\"es-MX\",\"potentialAction\":[{\"@type\":\"ReadAction\",\"target\":[\"https:\/\/nitu.mx\/index.php\/2022\/07\/01\/operadora-concierge-designa-a-jorge-alberto-cruz-como-director-general\/\"]}]},{\"@type\":\"ImageObject\",\"inLanguage\":\"es-MX\",\"@id\":\"https:\/\/nitu.mx\/index.php\/2022\/07\/01\/operadora-concierge-designa-a-jorge-alberto-cruz-como-director-general\/#primaryimage\",\"url\":\"https:\/\/nitu.mx\/wp-content\/uploads\/2022\/06\/Jorge-Cruz-Concierge-Operadora.jpg\",\"contentUrl\":\"https:\/\/nitu.mx\/wp-content\/uploads\/2022\/06\/Jorge-Cruz-Concierge-Operadora.jpg\",\"width\":1200,\"height\":675},{\"@type\":\"BreadcrumbList\",\"@id\":\"https:\/\/nitu.mx\/index.php\/2022\/07\/01\/operadora-concierge-designa-a-jorge-alberto-cruz-como-director-general\/#breadcrumb\",\"itemListElement\":[{\"@type\":\"ListItem\",\"position\":1,\"name\":\"Inicio\",\"item\":\"https:\/\/nitu.mx\/\"},{\"@type\":\"ListItem\",\"position\":2,\"name\":\"Operadora Concierge designa a Jorge Alberto Cruz como Director General\"}]},{\"@type\":\"WebSite\",\"@id\":\"https:\/\/nitu.mx\/#website\",\"url\":\"https:\/\/nitu.mx\/\",\"name\":\"Nitu - Noticias de la Industria Turistica\",\"description\":\"Noticias de la Industria Turistica\",\"publisher\":{\"@id\":\"https:\/\/nitu.mx\/#\/schema\/person\/ae7a53426417292d3dd07b45a33e01bc\"},\"alternateName\":\"Noticias de la Industria Turistica\",\"potentialAction\":[{\"@type\":\"SearchAction\",\"target\":{\"@type\":\"EntryPoint\",\"urlTemplate\":\"https:\/\/nitu.mx\/?s={search_term_string}\"},\"query-input\":\"required name=search_term_string\"}],\"inLanguage\":\"es-MX\"},{\"@type\":[\"Person\",\"Organization\"],\"@id\":\"https:\/\/nitu.mx\/#\/schema\/person\/ae7a53426417292d3dd07b45a33e01bc\",\"name\":\"Arturo Medina\",\"image\":{\"@type\":\"ImageObject\",\"inLanguage\":\"es-MX\",\"@id\":\"https:\/\/nitu.mx\/#\/schema\/person\/image\/\",\"url\":\"https:\/\/nitu.mx\/wp-content\/uploads\/2024\/04\/4A315622-1904-4D5C-B022-878CDC840E04-90x90-1.jpeg\",\"contentUrl\":\"https:\/\/nitu.mx\/wp-content\/uploads\/2024\/04\/4A315622-1904-4D5C-B022-878CDC840E04-90x90-1.jpeg\",\"width\":90,\"height\":90,\"caption\":\"Arturo Medina\"},\"logo\":{\"@id\":\"https:\/\/nitu.mx\/#\/schema\/person\/image\/\"},\"description\":\"Director NITU.mx, Egresado de la Escuela de Periodismo Carlos Septi\u00e9n Garc\u00eda. Periodista y analista especializado en turismo desde hace 35 a\u00f1os, radicado en Canc\u00fan Q.Roo. arturo@nitu.mx\",\"sameAs\":[\"https:\/\/nitu.mx\",\"https:\/\/www.facebook.com\/NITUmx\/\",\"medinacancun\",\"https:\/\/twitter.com\/@Arturo_Medina_G\"]},{\"@type\":\"Person\",\"@id\":\"https:\/\/nitu.mx\/#\/schema\/person\/4a28fe9bd65924f7c90623773daf1b0b\",\"name\":\"Redacci\u00f3n\",\"image\":{\"@type\":\"ImageObject\",\"inLanguage\":\"es-MX\",\"@id\":\"https:\/\/nitu.mx\/#\/schema\/person\/image\/\",\"url\":\"https:\/\/secure.gravatar.com\/avatar\/5dd011c8ccfc5cd7e4c81e42252aab38?s=96&d=mm&r=g\",\"contentUrl\":\"https:\/\/secure.gravatar.com\/avatar\/5dd011c8ccfc5cd7e4c81e42252aab38?s=96&d=mm&r=g\",\"caption\":\"Redacci\u00f3n\"},\"url\":\"https:\/\/nitu.mx\/index.php\/author\/redaccion\/\"}]}<\/script>\n<!-- \/ Yoast SEO plugin. -->","yoast_head_json":{"title":"Operadora Concierge designa a Jorge Alberto Cruz como Director General - Nitu - Noticias de la Industria Turistica","robots":{"index":"index","follow":"follow","max-snippet":"max-snippet:-1","max-image-preview":"max-image-preview:large","max-video-preview":"max-video-preview:-1"},"canonical":"https:\/\/nitu.mx\/index.php\/2022\/07\/01\/operadora-concierge-designa-a-jorge-alberto-cruz-como-director-general\/","twitter_card":"summary_large_image","twitter_title":"Operadora Concierge designa a Jorge Alberto Cruz como Director General - Nitu - Noticias de la Industria Turistica","twitter_description":"Como parte de su proceso de consolidaci\u00f3n y posicionamiento estrat\u00e9gico en la industria tur\u00edstica, Operadora Concierge nombr\u00f3 a Jorge Alberto Cruz como su Director General, con quien busca alcanzar objetivos ambiciosos en beneficio de las agencias de viaje del pa\u00eds. En sus 18 a\u00f1os de experiencia tur\u00edstica, destaca la colaboraci\u00f3n de Cruz en Gran Plan [&hellip;]","twitter_image":"https:\/\/nitu.mx\/wp-content\/uploads\/2022\/06\/Jorge-Cruz-Concierge-Operadora.jpg","twitter_creator":"@NITUmx","twitter_site":"@Arturo_Medina_G","twitter_misc":{"Escrito por":"Redacci\u00f3n","Tiempo de lectura":"4 minutos"},"schema":{"@context":"https:\/\/schema.org","@graph":[{"@type":"Article","@id":"https:\/\/nitu.mx\/index.php\/2022\/07\/01\/operadora-concierge-designa-a-jorge-alberto-cruz-como-director-general\/#article","isPartOf":{"@id":"https:\/\/nitu.mx\/index.php\/2022\/07\/01\/operadora-concierge-designa-a-jorge-alberto-cruz-como-director-general\/"},"author":{"name":"Redacci\u00f3n","@id":"https:\/\/nitu.mx\/#\/schema\/person\/4a28fe9bd65924f7c90623773daf1b0b"},"headline":"Operadora Concierge designa a Jorge Alberto Cruz como Director General","datePublished":"2022-07-01T10:56:30+00:00","dateModified":"2022-07-01T10:56:30+00:00","mainEntityOfPage":{"@id":"https:\/\/nitu.mx\/index.php\/2022\/07\/01\/operadora-concierge-designa-a-jorge-alberto-cruz-como-director-general\/"},"wordCount":835,"commentCount":0,"publisher":{"@id":"https:\/\/nitu.mx\/#\/schema\/person\/ae7a53426417292d3dd07b45a33e01bc"},"image":{"@id":"https:\/\/nitu.mx\/index.php\/2022\/07\/01\/operadora-concierge-designa-a-jorge-alberto-cruz-como-director-general\/#primaryimage"},"thumbnailUrl":"https:\/\/nitu.mx\/wp-content\/uploads\/2022\/06\/Jorge-Cruz-Concierge-Operadora.jpg","keywords":["Expo Mayoristas","Gran Plan Aerom\u00e9xico","Grupo Java","Javier Galicia","Jorge Alerto Cruz","Operadora Concierge"],"articleSection":["Agencias de Viajes"],"inLanguage":"es-MX","potentialAction":[{"@type":"CommentAction","name":"Comment","target":["https:\/\/nitu.mx\/index.php\/2022\/07\/01\/operadora-concierge-designa-a-jorge-alberto-cruz-como-director-general\/#respond"]}]},{"@type":"WebPage","@id":"https:\/\/nitu.mx\/index.php\/2022\/07\/01\/operadora-concierge-designa-a-jorge-alberto-cruz-como-director-general\/","url":"https:\/\/nitu.mx\/index.php\/2022\/07\/01\/operadora-concierge-designa-a-jorge-alberto-cruz-como-director-general\/","name":"Operadora Concierge designa a Jorge Alberto Cruz como Director General - Nitu - Noticias de la Industria Turistica","isPartOf":{"@id":"https:\/\/nitu.mx\/#website"},"primaryImageOfPage":{"@id":"https:\/\/nitu.mx\/index.php\/2022\/07\/01\/operadora-concierge-designa-a-jorge-alberto-cruz-como-director-general\/#primaryimage"},"image":{"@id":"https:\/\/nitu.mx\/index.php\/2022\/07\/01\/operadora-concierge-designa-a-jorge-alberto-cruz-como-director-general\/#primaryimage"},"thumbnailUrl":"https:\/\/nitu.mx\/wp-content\/uploads\/2022\/06\/Jorge-Cruz-Concierge-Operadora.jpg","datePublished":"2022-07-01T10:56:30+00:00","dateModified":"2022-07-01T10:56:30+00:00","breadcrumb":{"@id":"https:\/\/nitu.mx\/index.php\/2022\/07\/01\/operadora-concierge-designa-a-jorge-alberto-cruz-como-director-general\/#breadcrumb"},"inLanguage":"es-MX","potentialAction":[{"@type":"ReadAction","target":["https:\/\/nitu.mx\/index.php\/2022\/07\/01\/operadora-concierge-designa-a-jorge-alberto-cruz-como-director-general\/"]}]},{"@type":"ImageObject","inLanguage":"es-MX","@id":"https:\/\/nitu.mx\/index.php\/2022\/07\/01\/operadora-concierge-designa-a-jorge-alberto-cruz-como-director-general\/#primaryimage","url":"https:\/\/nitu.mx\/wp-content\/uploads\/2022\/06\/Jorge-Cruz-Concierge-Operadora.jpg","contentUrl":"https:\/\/nitu.mx\/wp-content\/uploads\/2022\/06\/Jorge-Cruz-Concierge-Operadora.jpg","width":1200,"height":675},{"@type":"BreadcrumbList","@id":"https:\/\/nitu.mx\/index.php\/2022\/07\/01\/operadora-concierge-designa-a-jorge-alberto-cruz-como-director-general\/#breadcrumb","itemListElement":[{"@type":"ListItem","position":1,"name":"Inicio","item":"https:\/\/nitu.mx\/"},{"@type":"ListItem","position":2,"name":"Operadora Concierge designa a Jorge Alberto Cruz como Director General"}]},{"@type":"WebSite","@id":"https:\/\/nitu.mx\/#website","url":"https:\/\/nitu.mx\/","name":"Nitu - Noticias de la Industria Turistica","description":"Noticias de la Industria Turistica","publisher":{"@id":"https:\/\/nitu.mx\/#\/schema\/person\/ae7a53426417292d3dd07b45a33e01bc"},"alternateName":"Noticias de la Industria Turistica","potentialAction":[{"@type":"SearchAction","target":{"@type":"EntryPoint","urlTemplate":"https:\/\/nitu.mx\/?s={search_term_string}"},"query-input":"required name=search_term_string"}],"inLanguage":"es-MX"},{"@type":["Person","Organization"],"@id":"https:\/\/nitu.mx\/#\/schema\/person\/ae7a53426417292d3dd07b45a33e01bc","name":"Arturo Medina","image":{"@type":"ImageObject","inLanguage":"es-MX","@id":"https:\/\/nitu.mx\/#\/schema\/person\/image\/","url":"https:\/\/nitu.mx\/wp-content\/uploads\/2024\/04\/4A315622-1904-4D5C-B022-878CDC840E04-90x90-1.jpeg","contentUrl":"https:\/\/nitu.mx\/wp-content\/uploads\/2024\/04\/4A315622-1904-4D5C-B022-878CDC840E04-90x90-1.jpeg","width":90,"height":90,"caption":"Arturo Medina"},"logo":{"@id":"https:\/\/nitu.mx\/#\/schema\/person\/image\/"},"description":"Director NITU.mx, Egresado de la Escuela de Periodismo Carlos Septi\u00e9n Garc\u00eda. Periodista y analista especializado en turismo desde hace 35 a\u00f1os, radicado en Canc\u00fan Q.Roo. arturo@nitu.mx","sameAs":["https:\/\/nitu.mx","https:\/\/www.facebook.com\/NITUmx\/","medinacancun","https:\/\/twitter.com\/@Arturo_Medina_G"]},{"@type":"Person","@id":"https:\/\/nitu.mx\/#\/schema\/person\/4a28fe9bd65924f7c90623773daf1b0b","name":"Redacci\u00f3n","image":{"@type":"ImageObject","inLanguage":"es-MX","@id":"https:\/\/nitu.mx\/#\/schema\/person\/image\/","url":"https:\/\/secure.gravatar.com\/avatar\/5dd011c8ccfc5cd7e4c81e42252aab38?s=96&d=mm&r=g","contentUrl":"https:\/\/secure.gravatar.com\/avatar\/5dd011c8ccfc5cd7e4c81e42252aab38?s=96&d=mm&r=g","caption":"Redacci\u00f3n"},"url":"https:\/\/nitu.mx\/index.php\/author\/redaccion\/"}]}},"views":932,"_links":{"self":[{"href":"https:\/\/nitu.mx\/index.php\/wp-json\/wp\/v2\/posts\/60225"}],"collection":[{"href":"https:\/\/nitu.mx\/index.php\/wp-json\/wp\/v2\/posts"}],"about":[{"href":"https:\/\/nitu.mx\/index.php\/wp-json\/wp\/v2\/types\/post"}],"author":[{"embeddable":true,"href":"https:\/\/nitu.mx\/index.php\/wp-json\/wp\/v2\/users\/17"}],"replies":[{"embeddable":true,"href":"https:\/\/nitu.mx\/index.php\/wp-json\/wp\/v2\/comments?post=60225"}],"version-history":[{"count":1,"href":"https:\/\/nitu.mx\/index.php\/wp-json\/wp\/v2\/posts\/60225\/revisions"}],"predecessor-version":[{"id":60226,"href":"https:\/\/nitu.mx\/index.php\/wp-json\/wp\/v2\/posts\/60225\/revisions\/60226"}],"wp:featuredmedia":[{"embeddable":true,"href":"https:\/\/nitu.mx\/index.php\/wp-json\/wp\/v2\/media\/60236"}],"wp:attachment":[{"href":"https:\/\/nitu.mx\/index.php\/wp-json\/wp\/v2\/media?parent=60225"}],"wp:term":[{"taxonomy":"category","embeddable":true,"href":"https:\/\/nitu.mx\/index.php\/wp-json\/wp\/v2\/categories?post=60225"},{"taxonomy":"post_tag","embeddable":true,"href":"https:\/\/nitu.mx\/index.php\/wp-json\/wp\/v2\/tags?post=60225"}],"curies":[{"name":"wp","href":"https:\/\/api.w.org\/{rel}","templated":true}]}}