{"id":59944,"date":"2022-06-10T06:18:55","date_gmt":"2022-06-10T11:18:55","guid":{"rendered":"https:\/\/www.dev.nitu.mx\/?p=59944"},"modified":"2022-06-10T06:20:05","modified_gmt":"2022-06-10T11:20:05","slug":"baja-california-sur-y-airbnb-se-alian-para-atraer-nomadas-digitales","status":"publish","type":"post","link":"https:\/\/nitu.mx\/index.php\/2022\/06\/10\/baja-california-sur-y-airbnb-se-alian-para-atraer-nomadas-digitales\/","title":{"rendered":"Baja California Sur y Airbnb se al\u00edan para atraer n\u00f3madas digitales"},"content":{"rendered":"<p>En el marco de la Cumbre de las Am\u00e9ricas que se lleva a cabo en la ciudad de Los \u00c1ngeles, Estados Unidos, la plataforma\u00a0<span class=\"il\">Airbnb<\/span>\u00a0y el Gobierno de Baja California Sur anunciaron una alianza estrat\u00e9gica para fortalecer la reactivaci\u00f3n del turismo en la entidad; donde se promueva al Estado como uno de los hubs m\u00e1s importantes de Am\u00e9rica Latina para n\u00f3madas digitales.<\/p>\n<p>En ese sentido, la titular de la Secretar\u00eda de Turismo y Econom\u00eda (SETUE), Maribel Collins S\u00e1nchez, se\u00f1al\u00f3 que actualmente decenas de millones de personas tienen la oportunidad de trabajar desde cualquier lugar del mundo, viajar en todo momento y permanecer en ese lugar por m\u00e1s tiempo.<\/p>\n<p>De acuerdo con la plataforma\u00a0<span class=\"il\">Airbnb<\/span>, en el primer trimestre de este a\u00f1o, las estancias de largo plazo registraron su punto m\u00e1s alto, m\u00e1s del doble que el mismo periodo de 2019, y contin\u00faan representando alrededor de una de cada cinco noches reservadas. La campa\u00f1a de promoci\u00f3n al turismo anunciada como parte de esta alianza se enfocar\u00e1 en este nuevo tipo de viajeros con el prop\u00f3sito de contribuir al desarrollo econ\u00f3mico local y estimular la inversi\u00f3n en Baja California Sur.<\/p>\n<p>\u201cEstamos muy satisfechos de trabajar junto a\u00a0<span class=\"il\">Airbnb<\/span>\u00a0para atraer viajeros que quieran hacer de Baja California Sur su hogar temporal, mientras trabajan y viajan por todo el estado. La flexibilidad que tienen los n\u00f3madas digitales les permite vivir como locales cuando llegan a un destino, lo que contribuye directamente a conectar con las comunidades y estimular la econom\u00eda local, al tiempo que se promueve un intercambio cultural valioso entre residentes, anfitriones y viajeros de todo M\u00e9xico y el mundo que conviven en nuestro estado\u201d, se\u00f1al\u00f3 Maribel Collins.<\/p>\n<p>En ese sentido, resalt\u00f3 que la campa\u00f1a tambi\u00e9n implementar\u00e1 la difusi\u00f3n de materiales para promover el turismo sustentable y regenerativo, as\u00ed como la promoci\u00f3n de los Pueblos M\u00e1gicos, siempre en apego al respeto de las comunidades locales y los ecosistemas naturales.<\/p>\n<p>Esta estrategia contribuir\u00e1 tambi\u00e9n con la inclusi\u00f3n comunitaria y el fortalecimiento de la cadena de valor, por lo que se trabajar\u00e1 en un programa piloto para capacitar a emprendedores ecotur\u00edsticos a fin de que puedan publicar y ofrecer sus espacios y experiencias a trav\u00e9s de la plataforma digital\u00a0<span class=\"il\">Airbnb<\/span>.<\/p>\n<p>Los n\u00f3madas digitales, al ser residentes de media estancia en los destinos, se convierten en actores que se integran con las comunidades locales. Por ello, se busca conectarlos con empresas micro, peque\u00f1as y medianas para fortalecer la econom\u00eda familiar. En este esfuerzo, la comunidad de anfitriones de\u00a0<span class=\"il\">Airbnb<\/span>\u00a0ser\u00e1 fundamental para fungir como embajadores tur\u00edsticos que conecten a la cadena de valor de MiPyMes con sus hu\u00e9spedes.<\/p>\n<p>En el anuncio que se llev\u00f3 a cabo en la ciudad de Los \u00c1ngeles, en el marco de la Cumbre de las Am\u00e9ricas, estuvieron presentes Theo Yedinsky, Director Global de Pol\u00edticas P\u00fablicas de\u00a0<span class=\"il\">Airbnb<\/span>; Jes\u00fas Ordo\u00f1ez, Director General del Fideicomiso Estatal de Promoci\u00f3n Tur\u00edstica de Baja California Sur; Fl\u00e1via Matos, Directora de Pol\u00edticas P\u00fablicas de\u00a0<span class=\"il\">Airbnb<\/span>\u00a0para Am\u00e9rica Latina; y Jorge Balderrama, Director de Pol\u00edticas P\u00fablicas de\u00a0<span class=\"il\">Airbnb<\/span>\u00a0para M\u00e9xico, Centroam\u00e9rica y el Caribe.<\/p>\n<p>Por su parte, Flavia Matos, Directora de Pol\u00edticas P\u00fablicas de\u00a0<span class=\"il\">Airbnb<\/span>\u00a0para Latinoam\u00e9rica expres\u00f3: \u201cNos enorgullece renovar nuestro compromiso con el desarrollo tur\u00edstico de Baja California Sur. Luego de haber iniciado nuestra relaci\u00f3n en enero de 2019 con la recolecci\u00f3n y entero del impuesto sobre hospedaje, ahora estamos felices de anunciar que extenderemos las \u00e1reas de colaboraci\u00f3n con el gobierno del Estado y trabajaremos en conjunto con la Secretar\u00eda de Turismo y el Fideicomiso Estatal para lanzar una campa\u00f1a \u00fanica en su tipo en la regi\u00f3n, y posicionar a la entidad como uno de los hubs m\u00e1s importantes para el n\u00f3mada digital en Am\u00e9rica Latina bajo una perspectiva de desarrollo comunitario y sustentabilidad\u201d.<\/p>\n<p>Finalmente, la alianza refrend\u00f3 el compromiso de\u00a0<span class=\"il\">Airbnb<\/span>\u00a0con el Gobierno de Baja California Sur al ser la plataforma un actor responsable desde 2019, gracias al cumplimiento de sus obligaciones fiscales en el estado.<\/p>\n","protected":false},"excerpt":{"rendered":"<p>En el marco de la Cumbre de las Am\u00e9ricas que se lleva a cabo en la ciudad de Los \u00c1ngeles, Estados Unidos, la plataforma\u00a0Airbnb\u00a0y el Gobierno de Baja California Sur anunciaron una alianza estrat\u00e9gica para fortalecer la reactivaci\u00f3n del turismo en la entidad; donde se promueva al Estado como uno de los hubs m\u00e1s importantes [&hellip;]<\/p>\n","protected":false},"author":17,"featured_media":59960,"comment_status":"open","ping_status":"open","sticky":false,"template":"","format":"standard","meta":{"footnotes":""},"categories":[2],"tags":[1253,167],"yoast_head":"<!-- This site is optimized with the Yoast SEO plugin v22.2 - https:\/\/yoast.com\/wordpress\/plugins\/seo\/ -->\n<title>Baja California Sur y Airbnb se al\u00edan para atraer n\u00f3madas digitales - Nitu - Noticias de la Industria Turistica<\/title>\n<meta name=\"robots\" content=\"index, follow, max-snippet:-1, max-image-preview:large, max-video-preview:-1\" \/>\n<link rel=\"canonical\" href=\"https:\/\/nitu.mx\/index.php\/2022\/06\/10\/baja-california-sur-y-airbnb-se-alian-para-atraer-nomadas-digitales\/\" \/>\n<meta name=\"twitter:card\" content=\"summary_large_image\" \/>\n<meta name=\"twitter:title\" content=\"Baja California Sur y Airbnb se al\u00edan para atraer n\u00f3madas digitales - Nitu - Noticias de la Industria Turistica\" \/>\n<meta name=\"twitter:description\" content=\"En el marco de la Cumbre de las Am\u00e9ricas que se lleva a cabo en la ciudad de Los \u00c1ngeles, Estados Unidos, la plataforma\u00a0Airbnb\u00a0y el Gobierno de Baja California Sur anunciaron una alianza estrat\u00e9gica para fortalecer la reactivaci\u00f3n del turismo en la entidad; donde se promueva al Estado como uno de los hubs m\u00e1s importantes [&hellip;]\" \/>\n<meta name=\"twitter:image\" content=\"https:\/\/nitu.mx\/wp-content\/uploads\/2022\/06\/Baja-California-Sur-alianza-Airbnb-no\u0301madas-digitales.jpg\" \/>\n<meta name=\"twitter:creator\" content=\"@NITUmx\" \/>\n<meta name=\"twitter:site\" content=\"@Arturo_Medina_G\" \/>\n<meta name=\"twitter:label1\" content=\"Escrito por\" \/>\n\t<meta name=\"twitter:data1\" content=\"Redacci\u00f3n\" \/>\n\t<meta name=\"twitter:label2\" content=\"Tiempo de lectura\" \/>\n\t<meta name=\"twitter:data2\" content=\"4 minutos\" \/>\n<script type=\"application\/ld+json\" class=\"yoast-schema-graph\">{\"@context\":\"https:\/\/schema.org\",\"@graph\":[{\"@type\":\"Article\",\"@id\":\"https:\/\/nitu.mx\/index.php\/2022\/06\/10\/baja-california-sur-y-airbnb-se-alian-para-atraer-nomadas-digitales\/#article\",\"isPartOf\":{\"@id\":\"https:\/\/nitu.mx\/index.php\/2022\/06\/10\/baja-california-sur-y-airbnb-se-alian-para-atraer-nomadas-digitales\/\"},\"author\":{\"name\":\"Redacci\u00f3n\",\"@id\":\"https:\/\/nitu.mx\/#\/schema\/person\/4a28fe9bd65924f7c90623773daf1b0b\"},\"headline\":\"Baja California Sur y Airbnb se al\u00edan para atraer n\u00f3madas digitales\",\"datePublished\":\"2022-06-10T11:18:55+00:00\",\"dateModified\":\"2022-06-10T11:20:05+00:00\",\"mainEntityOfPage\":{\"@id\":\"https:\/\/nitu.mx\/index.php\/2022\/06\/10\/baja-california-sur-y-airbnb-se-alian-para-atraer-nomadas-digitales\/\"},\"wordCount\":731,\"commentCount\":0,\"publisher\":{\"@id\":\"https:\/\/nitu.mx\/#\/schema\/person\/ae7a53426417292d3dd07b45a33e01bc\"},\"image\":{\"@id\":\"https:\/\/nitu.mx\/index.php\/2022\/06\/10\/baja-california-sur-y-airbnb-se-alian-para-atraer-nomadas-digitales\/#primaryimage\"},\"thumbnailUrl\":\"https:\/\/nitu.mx\/wp-content\/uploads\/2022\/06\/Baja-California-Sur-alianza-Airbnb-no\u0301madas-digitales.jpg\",\"keywords\":[\"Airbnb\",\"Baja California Sur\"],\"articleSection\":[\"Hoteles\"],\"inLanguage\":\"es-MX\",\"potentialAction\":[{\"@type\":\"CommentAction\",\"name\":\"Comment\",\"target\":[\"https:\/\/nitu.mx\/index.php\/2022\/06\/10\/baja-california-sur-y-airbnb-se-alian-para-atraer-nomadas-digitales\/#respond\"]}]},{\"@type\":\"WebPage\",\"@id\":\"https:\/\/nitu.mx\/index.php\/2022\/06\/10\/baja-california-sur-y-airbnb-se-alian-para-atraer-nomadas-digitales\/\",\"url\":\"https:\/\/nitu.mx\/index.php\/2022\/06\/10\/baja-california-sur-y-airbnb-se-alian-para-atraer-nomadas-digitales\/\",\"name\":\"Baja California Sur y Airbnb se al\u00edan para atraer n\u00f3madas digitales - Nitu - Noticias de la Industria Turistica\",\"isPartOf\":{\"@id\":\"https:\/\/nitu.mx\/#website\"},\"primaryImageOfPage\":{\"@id\":\"https:\/\/nitu.mx\/index.php\/2022\/06\/10\/baja-california-sur-y-airbnb-se-alian-para-atraer-nomadas-digitales\/#primaryimage\"},\"image\":{\"@id\":\"https:\/\/nitu.mx\/index.php\/2022\/06\/10\/baja-california-sur-y-airbnb-se-alian-para-atraer-nomadas-digitales\/#primaryimage\"},\"thumbnailUrl\":\"https:\/\/nitu.mx\/wp-content\/uploads\/2022\/06\/Baja-California-Sur-alianza-Airbnb-no\u0301madas-digitales.jpg\",\"datePublished\":\"2022-06-10T11:18:55+00:00\",\"dateModified\":\"2022-06-10T11:20:05+00:00\",\"breadcrumb\":{\"@id\":\"https:\/\/nitu.mx\/index.php\/2022\/06\/10\/baja-california-sur-y-airbnb-se-alian-para-atraer-nomadas-digitales\/#breadcrumb\"},\"inLanguage\":\"es-MX\",\"potentialAction\":[{\"@type\":\"ReadAction\",\"target\":[\"https:\/\/nitu.mx\/index.php\/2022\/06\/10\/baja-california-sur-y-airbnb-se-alian-para-atraer-nomadas-digitales\/\"]}]},{\"@type\":\"ImageObject\",\"inLanguage\":\"es-MX\",\"@id\":\"https:\/\/nitu.mx\/index.php\/2022\/06\/10\/baja-california-sur-y-airbnb-se-alian-para-atraer-nomadas-digitales\/#primaryimage\",\"url\":\"https:\/\/nitu.mx\/wp-content\/uploads\/2022\/06\/Baja-California-Sur-alianza-Airbnb-no\u0301madas-digitales.jpg\",\"contentUrl\":\"https:\/\/nitu.mx\/wp-content\/uploads\/2022\/06\/Baja-California-Sur-alianza-Airbnb-no\u0301madas-digitales.jpg\",\"width\":1200,\"height\":675},{\"@type\":\"BreadcrumbList\",\"@id\":\"https:\/\/nitu.mx\/index.php\/2022\/06\/10\/baja-california-sur-y-airbnb-se-alian-para-atraer-nomadas-digitales\/#breadcrumb\",\"itemListElement\":[{\"@type\":\"ListItem\",\"position\":1,\"name\":\"Inicio\",\"item\":\"https:\/\/nitu.mx\/\"},{\"@type\":\"ListItem\",\"position\":2,\"name\":\"Baja California Sur y Airbnb se al\u00edan para atraer n\u00f3madas digitales\"}]},{\"@type\":\"WebSite\",\"@id\":\"https:\/\/nitu.mx\/#website\",\"url\":\"https:\/\/nitu.mx\/\",\"name\":\"Nitu - Noticias de la Industria Turistica\",\"description\":\"Noticias de la Industria Turistica\",\"publisher\":{\"@id\":\"https:\/\/nitu.mx\/#\/schema\/person\/ae7a53426417292d3dd07b45a33e01bc\"},\"alternateName\":\"Noticias de la Industria Turistica\",\"potentialAction\":[{\"@type\":\"SearchAction\",\"target\":{\"@type\":\"EntryPoint\",\"urlTemplate\":\"https:\/\/nitu.mx\/?s={search_term_string}\"},\"query-input\":\"required name=search_term_string\"}],\"inLanguage\":\"es-MX\"},{\"@type\":[\"Person\",\"Organization\"],\"@id\":\"https:\/\/nitu.mx\/#\/schema\/person\/ae7a53426417292d3dd07b45a33e01bc\",\"name\":\"Arturo Medina\",\"image\":{\"@type\":\"ImageObject\",\"inLanguage\":\"es-MX\",\"@id\":\"https:\/\/nitu.mx\/#\/schema\/person\/image\/\",\"url\":\"https:\/\/nitu.mx\/wp-content\/uploads\/2024\/04\/4A315622-1904-4D5C-B022-878CDC840E04-90x90-1.jpeg\",\"contentUrl\":\"https:\/\/nitu.mx\/wp-content\/uploads\/2024\/04\/4A315622-1904-4D5C-B022-878CDC840E04-90x90-1.jpeg\",\"width\":90,\"height\":90,\"caption\":\"Arturo Medina\"},\"logo\":{\"@id\":\"https:\/\/nitu.mx\/#\/schema\/person\/image\/\"},\"description\":\"Director NITU.mx, Egresado de la Escuela de Periodismo Carlos Septi\u00e9n Garc\u00eda. Periodista y analista especializado en turismo desde hace 35 a\u00f1os, radicado en Canc\u00fan Q.Roo. arturo@nitu.mx\",\"sameAs\":[\"https:\/\/nitu.mx\",\"https:\/\/www.facebook.com\/NITUmx\/\",\"medinacancun\",\"https:\/\/twitter.com\/@Arturo_Medina_G\"]},{\"@type\":\"Person\",\"@id\":\"https:\/\/nitu.mx\/#\/schema\/person\/4a28fe9bd65924f7c90623773daf1b0b\",\"name\":\"Redacci\u00f3n\",\"image\":{\"@type\":\"ImageObject\",\"inLanguage\":\"es-MX\",\"@id\":\"https:\/\/nitu.mx\/#\/schema\/person\/image\/\",\"url\":\"https:\/\/secure.gravatar.com\/avatar\/5dd011c8ccfc5cd7e4c81e42252aab38?s=96&d=mm&r=g\",\"contentUrl\":\"https:\/\/secure.gravatar.com\/avatar\/5dd011c8ccfc5cd7e4c81e42252aab38?s=96&d=mm&r=g\",\"caption\":\"Redacci\u00f3n\"},\"url\":\"https:\/\/nitu.mx\/index.php\/author\/redaccion\/\"}]}<\/script>\n<!-- \/ Yoast SEO plugin. -->","yoast_head_json":{"title":"Baja California Sur y Airbnb se al\u00edan para atraer n\u00f3madas digitales - Nitu - Noticias de la Industria Turistica","robots":{"index":"index","follow":"follow","max-snippet":"max-snippet:-1","max-image-preview":"max-image-preview:large","max-video-preview":"max-video-preview:-1"},"canonical":"https:\/\/nitu.mx\/index.php\/2022\/06\/10\/baja-california-sur-y-airbnb-se-alian-para-atraer-nomadas-digitales\/","twitter_card":"summary_large_image","twitter_title":"Baja California Sur y Airbnb se al\u00edan para atraer n\u00f3madas digitales - Nitu - Noticias de la Industria Turistica","twitter_description":"En el marco de la Cumbre de las Am\u00e9ricas que se lleva a cabo en la ciudad de Los \u00c1ngeles, Estados Unidos, la plataforma\u00a0Airbnb\u00a0y el Gobierno de Baja California Sur anunciaron una alianza estrat\u00e9gica para fortalecer la reactivaci\u00f3n del turismo en la entidad; donde se promueva al Estado como uno de los hubs m\u00e1s importantes [&hellip;]","twitter_image":"https:\/\/nitu.mx\/wp-content\/uploads\/2022\/06\/Baja-California-Sur-alianza-Airbnb-no\u0301madas-digitales.jpg","twitter_creator":"@NITUmx","twitter_site":"@Arturo_Medina_G","twitter_misc":{"Escrito por":"Redacci\u00f3n","Tiempo de lectura":"4 minutos"},"schema":{"@context":"https:\/\/schema.org","@graph":[{"@type":"Article","@id":"https:\/\/nitu.mx\/index.php\/2022\/06\/10\/baja-california-sur-y-airbnb-se-alian-para-atraer-nomadas-digitales\/#article","isPartOf":{"@id":"https:\/\/nitu.mx\/index.php\/2022\/06\/10\/baja-california-sur-y-airbnb-se-alian-para-atraer-nomadas-digitales\/"},"author":{"name":"Redacci\u00f3n","@id":"https:\/\/nitu.mx\/#\/schema\/person\/4a28fe9bd65924f7c90623773daf1b0b"},"headline":"Baja California Sur y Airbnb se al\u00edan para atraer n\u00f3madas digitales","datePublished":"2022-06-10T11:18:55+00:00","dateModified":"2022-06-10T11:20:05+00:00","mainEntityOfPage":{"@id":"https:\/\/nitu.mx\/index.php\/2022\/06\/10\/baja-california-sur-y-airbnb-se-alian-para-atraer-nomadas-digitales\/"},"wordCount":731,"commentCount":0,"publisher":{"@id":"https:\/\/nitu.mx\/#\/schema\/person\/ae7a53426417292d3dd07b45a33e01bc"},"image":{"@id":"https:\/\/nitu.mx\/index.php\/2022\/06\/10\/baja-california-sur-y-airbnb-se-alian-para-atraer-nomadas-digitales\/#primaryimage"},"thumbnailUrl":"https:\/\/nitu.mx\/wp-content\/uploads\/2022\/06\/Baja-California-Sur-alianza-Airbnb-no\u0301madas-digitales.jpg","keywords":["Airbnb","Baja California Sur"],"articleSection":["Hoteles"],"inLanguage":"es-MX","potentialAction":[{"@type":"CommentAction","name":"Comment","target":["https:\/\/nitu.mx\/index.php\/2022\/06\/10\/baja-california-sur-y-airbnb-se-alian-para-atraer-nomadas-digitales\/#respond"]}]},{"@type":"WebPage","@id":"https:\/\/nitu.mx\/index.php\/2022\/06\/10\/baja-california-sur-y-airbnb-se-alian-para-atraer-nomadas-digitales\/","url":"https:\/\/nitu.mx\/index.php\/2022\/06\/10\/baja-california-sur-y-airbnb-se-alian-para-atraer-nomadas-digitales\/","name":"Baja California Sur y Airbnb se al\u00edan para atraer n\u00f3madas digitales - Nitu - Noticias de la Industria Turistica","isPartOf":{"@id":"https:\/\/nitu.mx\/#website"},"primaryImageOfPage":{"@id":"https:\/\/nitu.mx\/index.php\/2022\/06\/10\/baja-california-sur-y-airbnb-se-alian-para-atraer-nomadas-digitales\/#primaryimage"},"image":{"@id":"https:\/\/nitu.mx\/index.php\/2022\/06\/10\/baja-california-sur-y-airbnb-se-alian-para-atraer-nomadas-digitales\/#primaryimage"},"thumbnailUrl":"https:\/\/nitu.mx\/wp-content\/uploads\/2022\/06\/Baja-California-Sur-alianza-Airbnb-no\u0301madas-digitales.jpg","datePublished":"2022-06-10T11:18:55+00:00","dateModified":"2022-06-10T11:20:05+00:00","breadcrumb":{"@id":"https:\/\/nitu.mx\/index.php\/2022\/06\/10\/baja-california-sur-y-airbnb-se-alian-para-atraer-nomadas-digitales\/#breadcrumb"},"inLanguage":"es-MX","potentialAction":[{"@type":"ReadAction","target":["https:\/\/nitu.mx\/index.php\/2022\/06\/10\/baja-california-sur-y-airbnb-se-alian-para-atraer-nomadas-digitales\/"]}]},{"@type":"ImageObject","inLanguage":"es-MX","@id":"https:\/\/nitu.mx\/index.php\/2022\/06\/10\/baja-california-sur-y-airbnb-se-alian-para-atraer-nomadas-digitales\/#primaryimage","url":"https:\/\/nitu.mx\/wp-content\/uploads\/2022\/06\/Baja-California-Sur-alianza-Airbnb-no\u0301madas-digitales.jpg","contentUrl":"https:\/\/nitu.mx\/wp-content\/uploads\/2022\/06\/Baja-California-Sur-alianza-Airbnb-no\u0301madas-digitales.jpg","width":1200,"height":675},{"@type":"BreadcrumbList","@id":"https:\/\/nitu.mx\/index.php\/2022\/06\/10\/baja-california-sur-y-airbnb-se-alian-para-atraer-nomadas-digitales\/#breadcrumb","itemListElement":[{"@type":"ListItem","position":1,"name":"Inicio","item":"https:\/\/nitu.mx\/"},{"@type":"ListItem","position":2,"name":"Baja California Sur y Airbnb se al\u00edan para atraer n\u00f3madas digitales"}]},{"@type":"WebSite","@id":"https:\/\/nitu.mx\/#website","url":"https:\/\/nitu.mx\/","name":"Nitu - Noticias de la Industria Turistica","description":"Noticias de la Industria Turistica","publisher":{"@id":"https:\/\/nitu.mx\/#\/schema\/person\/ae7a53426417292d3dd07b45a33e01bc"},"alternateName":"Noticias de la Industria Turistica","potentialAction":[{"@type":"SearchAction","target":{"@type":"EntryPoint","urlTemplate":"https:\/\/nitu.mx\/?s={search_term_string}"},"query-input":"required name=search_term_string"}],"inLanguage":"es-MX"},{"@type":["Person","Organization"],"@id":"https:\/\/nitu.mx\/#\/schema\/person\/ae7a53426417292d3dd07b45a33e01bc","name":"Arturo Medina","image":{"@type":"ImageObject","inLanguage":"es-MX","@id":"https:\/\/nitu.mx\/#\/schema\/person\/image\/","url":"https:\/\/nitu.mx\/wp-content\/uploads\/2024\/04\/4A315622-1904-4D5C-B022-878CDC840E04-90x90-1.jpeg","contentUrl":"https:\/\/nitu.mx\/wp-content\/uploads\/2024\/04\/4A315622-1904-4D5C-B022-878CDC840E04-90x90-1.jpeg","width":90,"height":90,"caption":"Arturo Medina"},"logo":{"@id":"https:\/\/nitu.mx\/#\/schema\/person\/image\/"},"description":"Director NITU.mx, Egresado de la Escuela de Periodismo Carlos Septi\u00e9n Garc\u00eda. Periodista y analista especializado en turismo desde hace 35 a\u00f1os, radicado en Canc\u00fan Q.Roo. arturo@nitu.mx","sameAs":["https:\/\/nitu.mx","https:\/\/www.facebook.com\/NITUmx\/","medinacancun","https:\/\/twitter.com\/@Arturo_Medina_G"]},{"@type":"Person","@id":"https:\/\/nitu.mx\/#\/schema\/person\/4a28fe9bd65924f7c90623773daf1b0b","name":"Redacci\u00f3n","image":{"@type":"ImageObject","inLanguage":"es-MX","@id":"https:\/\/nitu.mx\/#\/schema\/person\/image\/","url":"https:\/\/secure.gravatar.com\/avatar\/5dd011c8ccfc5cd7e4c81e42252aab38?s=96&d=mm&r=g","contentUrl":"https:\/\/secure.gravatar.com\/avatar\/5dd011c8ccfc5cd7e4c81e42252aab38?s=96&d=mm&r=g","caption":"Redacci\u00f3n"},"url":"https:\/\/nitu.mx\/index.php\/author\/redaccion\/"}]}},"views":339,"_links":{"self":[{"href":"https:\/\/nitu.mx\/index.php\/wp-json\/wp\/v2\/posts\/59944"}],"collection":[{"href":"https:\/\/nitu.mx\/index.php\/wp-json\/wp\/v2\/posts"}],"about":[{"href":"https:\/\/nitu.mx\/index.php\/wp-json\/wp\/v2\/types\/post"}],"author":[{"embeddable":true,"href":"https:\/\/nitu.mx\/index.php\/wp-json\/wp\/v2\/users\/17"}],"replies":[{"embeddable":true,"href":"https:\/\/nitu.mx\/index.php\/wp-json\/wp\/v2\/comments?post=59944"}],"version-history":[{"count":2,"href":"https:\/\/nitu.mx\/index.php\/wp-json\/wp\/v2\/posts\/59944\/revisions"}],"predecessor-version":[{"id":59961,"href":"https:\/\/nitu.mx\/index.php\/wp-json\/wp\/v2\/posts\/59944\/revisions\/59961"}],"wp:featuredmedia":[{"embeddable":true,"href":"https:\/\/nitu.mx\/index.php\/wp-json\/wp\/v2\/media\/59960"}],"wp:attachment":[{"href":"https:\/\/nitu.mx\/index.php\/wp-json\/wp\/v2\/media?parent=59944"}],"wp:term":[{"taxonomy":"category","embeddable":true,"href":"https:\/\/nitu.mx\/index.php\/wp-json\/wp\/v2\/categories?post=59944"},{"taxonomy":"post_tag","embeddable":true,"href":"https:\/\/nitu.mx\/index.php\/wp-json\/wp\/v2\/tags?post=59944"}],"curies":[{"name":"wp","href":"https:\/\/api.w.org\/{rel}","templated":true}]}}