{"id":59826,"date":"2022-06-03T03:07:14","date_gmt":"2022-06-03T08:07:14","guid":{"rendered":"https:\/\/www.dev.nitu.mx\/?p=59826"},"modified":"2022-06-03T03:22:43","modified_gmt":"2022-06-03T08:22:43","slug":"volaris-conectara-desde-cancun-con-lima-peru","status":"publish","type":"post","link":"https:\/\/nitu.mx\/index.php\/2022\/06\/03\/volaris-conectara-desde-cancun-con-lima-peru\/","title":{"rendered":"Volaris conectar\u00e1 desde Canc\u00fan con Lima, Per\u00fa"},"content":{"rendered":"<p><span lang=\"ES\">La\u00a0aerol\u00ednea Volaris conecta\u00a0por\u00a0primera\u00a0vez\u00a0a\u00a0Lima, Per\u00fa desde dos destinos\u00a0en\u00a0M\u00e9xico,\u00a0con las rutas Ciudad de M\u00e9xico-Lima y\u00a0Canc\u00fan-Lima.<\/span><\/p>\n<p><span lang=\"ES\">M\u00e9xico\u00a0es\u00a0uno\u00a0de\u00a0los\u00a0diez\u00a0pa\u00edses\u00a0que\u00a0m\u00e1s\u00a0visitan Per\u00fa\u00a0y,\u00a0en\u00a0los\u00a0\u00faltimos\u00a0a\u00f1os,\u00a0ha\u00a0mostrado\u00a0un\u00a0importante\u00a0crecimiento\u00a0de viajeros\u00a0procedentes\u00a0de\u00a0este\u00a0pa\u00eds.<\/span><\/p>\n<p style=\"font-weight: 400;\">De\u00a0acuerdo\u00a0con\u00a0el\u00a0Ministerio\u00a0de\u00a0Comercio\u00a0Exterior\u00a0y\u00a0Turismo\u00a0de\u00a0Per\u00fa\u00a0(Mincetur),\u00a0M\u00e9xico\u00a0se\u00a0encuentra\u00a0entre los diez pa\u00edses que m\u00e1s visitan el pa\u00eds andino. Adem\u00e1s, este a\u00f1o, la Comisi\u00f3n de Promoci\u00f3n del\u00a0Per\u00fa\u00a0para\u00a0la\u00a0Exportaci\u00f3n\u00a0y\u00a0el\u00a0Turismo\u00a0(PROMPER\u00da)\u00a0espera\u00a0que\u00a0el\u00a0sector\u00a0aporte\u00a0m\u00e1s\u00a0de\u00a0dos\u00a0por\u00a0ciento\u00a0al\u00a0producto\u00a0bruto\u00a0interno\u00a0(PBI).<\/p>\n<p style=\"font-weight: 400;\">&#8220;Estamos impulsando la conectividad a\u00e9rea en nuestro pa\u00eds con la firme voluntad de recuperar los\u00a0\u00edndices\u00a0prepandemia.\u00a0Para\u00a0ello\u00a0debemos\u00a0seguir\u00a0generando\u00a0las\u00a0condiciones\u00a0para\u00a0que\u00a0las\u00a0aerol\u00edneas\u00a0m\u00e1s\u00a0importantes lleguen al Per\u00fa. El inicio de operaciones de\u00a0Volaris\u00a0garantiza nuevas inversiones y juega\u00a0un papel fundamental en el desarrollo de la conectividad a\u00e9rea de bajo costo\u201d, mencion\u00f3 Roberto\u00a0S\u00e1nchez\u00a0Palomino,\u00a0ministro\u00a0de\u00a0comercio\u00a0exterior y\u00a0turismo\u00a0de\u00a0Per\u00fa.<\/p>\n<p style=\"font-weight: 400;\">Por su parte, Humberto Hern\u00e1ndez Haddad, subsecretario de turismo de M\u00e9xico, puntualiz\u00f3 que\u00a0\u201cM\u00e9xico\u00a0y\u00a0el\u00a0Per\u00fa\u00a0tienen\u00a0un\u00a0prometedor\u00a0horizonte\u00a0tur\u00edstico,\u00a0solo\u00a0de\u00a02020\u00a0a\u00a02021\u00a0la\u00a0llegada\u00a0de\u00a0turistas\u00a0peruanos a nuestro pa\u00eds increment\u00f3 64%. Este a\u00f1o la oferta de vuelos y asientos programados entre\u00a0ambos destinos creci\u00f3 140% y 152% respectivamente, en comparaci\u00f3n con 2021. De igual forma, el\u00a0sector\u00a0tur\u00edstico\u00a0peruano\u00a0tuvo\u00a0una\u00a0participaci\u00f3n\u00a0de\u00a02.5%\u00a0del\u00a0PIB\u00a0en\u00a02021,\u00a0y\u00a0su\u00a0participaci\u00f3n\u00a0prepandemia\u00a0fue\u00a0de\u00a03.9%\u201d.<\/p>\n<p style=\"font-weight: 400;\">Volaris\u00a0dedicar\u00e1 dos aviones a la operaci\u00f3n en Lima y ofrecer\u00e1 m\u00e1s de 25 mil asientos mensuales, a\u00a0trav\u00e9s del modelo de ultra bajo costo, para impulsar el mercado a\u00e9reo con las tarifas base m\u00e1s bajas\u00a0y un esquema en el cual los clientes deciden c\u00f3mo viajar, pagando solo por los servicios adicionales\u00a0que necesitan.<\/p>\n<p style=\"font-weight: 400;\">\u201cQueremos ser parte de la transformaci\u00f3n de la aviaci\u00f3n comercial en Per\u00fa, mientras expandimos en\u00a0Sudam\u00e9rica nuestro exitoso modelo de negocios que democratiza los cielos para que m\u00e1s personas\u00a0viajen\u00a0bien\u201d, finaliz\u00f3\u00a0Holger\u00a0Blankenstein, vicepresidente ejecutivo\u00a0de\u00a0Volaris.<\/p>\n<p style=\"font-weight: 400;\">Volaris\u00a0es\u00a0la\u00a0aerol\u00ednea\u00a0n\u00famero\u00a0uno\u00a0en\u00a0M\u00e9xico,\u00a0la\u00a0de\u00a0mayor\u00a0crecimiento\u00a0en\u00a0el\u00a0continente\u00a0y\u00a0el\u00a0operador\u00a0latinoamericano m\u00e1s grande en Estados Unidos.<\/p>\n<p style=\"font-weight: 400;\">Desde su nacimiento en 2006 ha transportado m\u00e1s\u00a0de 160 millones de pasajeros y actualmente ofrece 208 rutas, las cuales opera con una flota de 108\u00a0aeronaves.<\/p>\n<p style=\"font-weight: 400;\">Los interesados en experimentar las nuevas rutas al Per\u00fa pueden hacerlo desde $99 (CUN) y $129\u00a0(MEX) d\u00f3lares, vuelo sencillo e impuestos incluidos, a trav\u00e9s de\u00a0<a href=\"http:\/\/www.volaris.com\/\" data-saferedirecturl=\"https:\/\/www.google.com\/url?q=http:\/\/www.volaris.com\/&amp;source=gmail&amp;ust=1654296170351000&amp;usg=AOvVaw3EiZ-yDzxHsaMk_i0H8PCm\">www.volaris.com\u00a0<\/a>en los siguientes\u00a0itinerarios:<\/p>\n<h3>CUN-LIM<\/h3>\n<p style=\"font-weight: 400;\"><strong>Frecuencia:\u00a0<\/strong>diario<\/p>\n<p style=\"font-weight: 400;\"><strong>Saliendo\u00a0de\u00a0Canc\u00fan\u00a0<\/strong>a\u00a0las\u00a000:14\u00a0hrs.,\u00a0llegando\u00a0a\u00a0Lima\u00a0a\u00a0las\u00a005:30\u00a0hrs.<\/p>\n<p style=\"font-weight: 400;\"><strong>Saliendo\u00a0de\u00a0Lima\u00a0<\/strong>a\u00a0las\u00a006:25\u00a0hrs.,\u00a0llegando\u00a0a\u00a0Canc\u00fan\u00a0a\u00a0las\u00a011:58\u00a0hrs.<\/p>\n<h3>MEX-LIM<\/h3>\n<p style=\"font-weight: 400;\"><strong>Frecuencia:\u00a0<\/strong>diario<\/p>\n<p style=\"font-weight: 400;\"><strong>Saliendo\u00a0de\u00a0Ciudad\u00a0de\u00a0M\u00e9xico\u00a0<\/strong>a\u00a0las\u00a023:25\u00a0hrs.,\u00a0llegando a\u00a0Lima\u00a0a\u00a0las\u00a005:05\u00a0hrs.<\/p>\n<p style=\"font-weight: 400;\"><strong>Saliendo\u00a0de\u00a0Lima\u00a0<\/strong>a\u00a0las\u00a006:05\u00a0hrs.,\u00a0llegando\u00a0a\u00a0Ciudad\u00a0de M\u00e9xico\u00a0a\u00a0las\u00a012:01\u00a0hrs.<\/p>\n","protected":false},"excerpt":{"rendered":"<p>La\u00a0aerol\u00ednea Volaris conecta\u00a0por\u00a0primera\u00a0vez\u00a0a\u00a0Lima, Per\u00fa desde dos destinos\u00a0en\u00a0M\u00e9xico,\u00a0con las rutas Ciudad de M\u00e9xico-Lima y\u00a0Canc\u00fan-Lima. M\u00e9xico\u00a0es\u00a0uno\u00a0de\u00a0los\u00a0diez\u00a0pa\u00edses\u00a0que\u00a0m\u00e1s\u00a0visitan Per\u00fa\u00a0y,\u00a0en\u00a0los\u00a0\u00faltimos\u00a0a\u00f1os,\u00a0ha\u00a0mostrado\u00a0un\u00a0importante\u00a0crecimiento\u00a0de viajeros\u00a0procedentes\u00a0de\u00a0este\u00a0pa\u00eds. De\u00a0acuerdo\u00a0con\u00a0el\u00a0Ministerio\u00a0de\u00a0Comercio\u00a0Exterior\u00a0y\u00a0Turismo\u00a0de\u00a0Per\u00fa\u00a0(Mincetur),\u00a0M\u00e9xico\u00a0se\u00a0encuentra\u00a0entre los diez pa\u00edses que m\u00e1s visitan el pa\u00eds andino. Adem\u00e1s, este a\u00f1o, la Comisi\u00f3n de Promoci\u00f3n del\u00a0Per\u00fa\u00a0para\u00a0la\u00a0Exportaci\u00f3n\u00a0y\u00a0el\u00a0Turismo\u00a0(PROMPER\u00da)\u00a0espera\u00a0que\u00a0el\u00a0sector\u00a0aporte\u00a0m\u00e1s\u00a0de\u00a0dos\u00a0por\u00a0ciento\u00a0al\u00a0producto\u00a0bruto\u00a0interno\u00a0(PBI). &#8220;Estamos impulsando la conectividad a\u00e9rea en nuestro pa\u00eds con la firme voluntad de recuperar los\u00a0\u00edndices\u00a0prepandemia.\u00a0Para\u00a0ello\u00a0debemos\u00a0seguir\u00a0generando\u00a0las\u00a0condiciones\u00a0para\u00a0que\u00a0las\u00a0aerol\u00edneas\u00a0m\u00e1s\u00a0importantes lleguen al Per\u00fa. El inicio de [&hellip;]<\/p>\n","protected":false},"author":17,"featured_media":59831,"comment_status":"open","ping_status":"open","sticky":false,"template":"","format":"standard","meta":{"footnotes":""},"categories":[29],"tags":[43,2400,68,23365,222,131],"yoast_head":"<!-- This site is optimized with the Yoast SEO plugin v22.2 - https:\/\/yoast.com\/wordpress\/plugins\/seo\/ -->\n<title>Volaris conectar\u00e1 desde Canc\u00fan con Lima, Per\u00fa - Nitu - Noticias de la Industria Turistica<\/title>\n<meta name=\"robots\" content=\"index, follow, max-snippet:-1, max-image-preview:large, max-video-preview:-1\" \/>\n<link rel=\"canonical\" href=\"https:\/\/nitu.mx\/index.php\/2022\/06\/03\/volaris-conectara-desde-cancun-con-lima-peru\/\" \/>\n<meta name=\"twitter:card\" content=\"summary_large_image\" \/>\n<meta name=\"twitter:title\" content=\"Volaris conectar\u00e1 desde Canc\u00fan con Lima, Per\u00fa - Nitu - Noticias de la Industria Turistica\" \/>\n<meta name=\"twitter:description\" content=\"La\u00a0aerol\u00ednea Volaris conecta\u00a0por\u00a0primera\u00a0vez\u00a0a\u00a0Lima, Per\u00fa desde dos destinos\u00a0en\u00a0M\u00e9xico,\u00a0con las rutas Ciudad de M\u00e9xico-Lima y\u00a0Canc\u00fan-Lima. M\u00e9xico\u00a0es\u00a0uno\u00a0de\u00a0los\u00a0diez\u00a0pa\u00edses\u00a0que\u00a0m\u00e1s\u00a0visitan Per\u00fa\u00a0y,\u00a0en\u00a0los\u00a0\u00faltimos\u00a0a\u00f1os,\u00a0ha\u00a0mostrado\u00a0un\u00a0importante\u00a0crecimiento\u00a0de viajeros\u00a0procedentes\u00a0de\u00a0este\u00a0pa\u00eds. De\u00a0acuerdo\u00a0con\u00a0el\u00a0Ministerio\u00a0de\u00a0Comercio\u00a0Exterior\u00a0y\u00a0Turismo\u00a0de\u00a0Per\u00fa\u00a0(Mincetur),\u00a0M\u00e9xico\u00a0se\u00a0encuentra\u00a0entre los diez pa\u00edses que m\u00e1s visitan el pa\u00eds andino. Adem\u00e1s, este a\u00f1o, la Comisi\u00f3n de Promoci\u00f3n del\u00a0Per\u00fa\u00a0para\u00a0la\u00a0Exportaci\u00f3n\u00a0y\u00a0el\u00a0Turismo\u00a0(PROMPER\u00da)\u00a0espera\u00a0que\u00a0el\u00a0sector\u00a0aporte\u00a0m\u00e1s\u00a0de\u00a0dos\u00a0por\u00a0ciento\u00a0al\u00a0producto\u00a0bruto\u00a0interno\u00a0(PBI). &#8220;Estamos impulsando la conectividad a\u00e9rea en nuestro pa\u00eds con la firme voluntad de recuperar los\u00a0\u00edndices\u00a0prepandemia.\u00a0Para\u00a0ello\u00a0debemos\u00a0seguir\u00a0generando\u00a0las\u00a0condiciones\u00a0para\u00a0que\u00a0las\u00a0aerol\u00edneas\u00a0m\u00e1s\u00a0importantes lleguen al Per\u00fa. El inicio de [&hellip;]\" \/>\n<meta name=\"twitter:image\" content=\"https:\/\/nitu.mx\/wp-content\/uploads\/2022\/06\/Volaris-Lima-Peru\u0301.jpg\" \/>\n<meta name=\"twitter:creator\" content=\"@NITUmx\" \/>\n<meta name=\"twitter:site\" content=\"@Arturo_Medina_G\" \/>\n<meta name=\"twitter:label1\" content=\"Escrito por\" \/>\n\t<meta name=\"twitter:data1\" content=\"Redacci\u00f3n\" \/>\n\t<meta name=\"twitter:label2\" content=\"Tiempo de lectura\" \/>\n\t<meta name=\"twitter:data2\" content=\"3 minutos\" \/>\n<script type=\"application\/ld+json\" class=\"yoast-schema-graph\">{\"@context\":\"https:\/\/schema.org\",\"@graph\":[{\"@type\":\"Article\",\"@id\":\"https:\/\/nitu.mx\/index.php\/2022\/06\/03\/volaris-conectara-desde-cancun-con-lima-peru\/#article\",\"isPartOf\":{\"@id\":\"https:\/\/nitu.mx\/index.php\/2022\/06\/03\/volaris-conectara-desde-cancun-con-lima-peru\/\"},\"author\":{\"name\":\"Redacci\u00f3n\",\"@id\":\"https:\/\/nitu.mx\/#\/schema\/person\/4a28fe9bd65924f7c90623773daf1b0b\"},\"headline\":\"Volaris conectar\u00e1 desde Canc\u00fan con Lima, Per\u00fa\",\"datePublished\":\"2022-06-03T08:07:14+00:00\",\"dateModified\":\"2022-06-03T08:22:43+00:00\",\"mainEntityOfPage\":{\"@id\":\"https:\/\/nitu.mx\/index.php\/2022\/06\/03\/volaris-conectara-desde-cancun-con-lima-peru\/\"},\"wordCount\":540,\"commentCount\":0,\"publisher\":{\"@id\":\"https:\/\/nitu.mx\/#\/schema\/person\/ae7a53426417292d3dd07b45a33e01bc\"},\"image\":{\"@id\":\"https:\/\/nitu.mx\/index.php\/2022\/06\/03\/volaris-conectara-desde-cancun-con-lima-peru\/#primaryimage\"},\"thumbnailUrl\":\"https:\/\/nitu.mx\/wp-content\/uploads\/2022\/06\/Volaris-Lima-Peru\u0301.jpg\",\"keywords\":[\"Canc\u00fan\",\"Lima\",\"M\u00e9xico\",\"Mincetur\",\"Per\u00fa\",\"Volaris\"],\"articleSection\":[\"Aerol\u00edneas\"],\"inLanguage\":\"es-MX\",\"potentialAction\":[{\"@type\":\"CommentAction\",\"name\":\"Comment\",\"target\":[\"https:\/\/nitu.mx\/index.php\/2022\/06\/03\/volaris-conectara-desde-cancun-con-lima-peru\/#respond\"]}]},{\"@type\":\"WebPage\",\"@id\":\"https:\/\/nitu.mx\/index.php\/2022\/06\/03\/volaris-conectara-desde-cancun-con-lima-peru\/\",\"url\":\"https:\/\/nitu.mx\/index.php\/2022\/06\/03\/volaris-conectara-desde-cancun-con-lima-peru\/\",\"name\":\"Volaris conectar\u00e1 desde Canc\u00fan con Lima, Per\u00fa - Nitu - Noticias de la Industria Turistica\",\"isPartOf\":{\"@id\":\"https:\/\/nitu.mx\/#website\"},\"primaryImageOfPage\":{\"@id\":\"https:\/\/nitu.mx\/index.php\/2022\/06\/03\/volaris-conectara-desde-cancun-con-lima-peru\/#primaryimage\"},\"image\":{\"@id\":\"https:\/\/nitu.mx\/index.php\/2022\/06\/03\/volaris-conectara-desde-cancun-con-lima-peru\/#primaryimage\"},\"thumbnailUrl\":\"https:\/\/nitu.mx\/wp-content\/uploads\/2022\/06\/Volaris-Lima-Peru\u0301.jpg\",\"datePublished\":\"2022-06-03T08:07:14+00:00\",\"dateModified\":\"2022-06-03T08:22:43+00:00\",\"breadcrumb\":{\"@id\":\"https:\/\/nitu.mx\/index.php\/2022\/06\/03\/volaris-conectara-desde-cancun-con-lima-peru\/#breadcrumb\"},\"inLanguage\":\"es-MX\",\"potentialAction\":[{\"@type\":\"ReadAction\",\"target\":[\"https:\/\/nitu.mx\/index.php\/2022\/06\/03\/volaris-conectara-desde-cancun-con-lima-peru\/\"]}]},{\"@type\":\"ImageObject\",\"inLanguage\":\"es-MX\",\"@id\":\"https:\/\/nitu.mx\/index.php\/2022\/06\/03\/volaris-conectara-desde-cancun-con-lima-peru\/#primaryimage\",\"url\":\"https:\/\/nitu.mx\/wp-content\/uploads\/2022\/06\/Volaris-Lima-Peru\u0301.jpg\",\"contentUrl\":\"https:\/\/nitu.mx\/wp-content\/uploads\/2022\/06\/Volaris-Lima-Peru\u0301.jpg\",\"width\":1200,\"height\":675},{\"@type\":\"BreadcrumbList\",\"@id\":\"https:\/\/nitu.mx\/index.php\/2022\/06\/03\/volaris-conectara-desde-cancun-con-lima-peru\/#breadcrumb\",\"itemListElement\":[{\"@type\":\"ListItem\",\"position\":1,\"name\":\"Inicio\",\"item\":\"https:\/\/nitu.mx\/\"},{\"@type\":\"ListItem\",\"position\":2,\"name\":\"Volaris conectar\u00e1 desde Canc\u00fan con Lima, Per\u00fa\"}]},{\"@type\":\"WebSite\",\"@id\":\"https:\/\/nitu.mx\/#website\",\"url\":\"https:\/\/nitu.mx\/\",\"name\":\"Nitu - Noticias de la Industria Turistica\",\"description\":\"Noticias de la Industria Turistica\",\"publisher\":{\"@id\":\"https:\/\/nitu.mx\/#\/schema\/person\/ae7a53426417292d3dd07b45a33e01bc\"},\"alternateName\":\"Noticias de la Industria Turistica\",\"potentialAction\":[{\"@type\":\"SearchAction\",\"target\":{\"@type\":\"EntryPoint\",\"urlTemplate\":\"https:\/\/nitu.mx\/?s={search_term_string}\"},\"query-input\":\"required name=search_term_string\"}],\"inLanguage\":\"es-MX\"},{\"@type\":[\"Person\",\"Organization\"],\"@id\":\"https:\/\/nitu.mx\/#\/schema\/person\/ae7a53426417292d3dd07b45a33e01bc\",\"name\":\"Arturo Medina\",\"image\":{\"@type\":\"ImageObject\",\"inLanguage\":\"es-MX\",\"@id\":\"https:\/\/nitu.mx\/#\/schema\/person\/image\/\",\"url\":\"https:\/\/nitu.mx\/wp-content\/uploads\/2024\/04\/4A315622-1904-4D5C-B022-878CDC840E04-90x90-1.jpeg\",\"contentUrl\":\"https:\/\/nitu.mx\/wp-content\/uploads\/2024\/04\/4A315622-1904-4D5C-B022-878CDC840E04-90x90-1.jpeg\",\"width\":90,\"height\":90,\"caption\":\"Arturo Medina\"},\"logo\":{\"@id\":\"https:\/\/nitu.mx\/#\/schema\/person\/image\/\"},\"description\":\"Director NITU.mx, Egresado de la Escuela de Periodismo Carlos Septi\u00e9n Garc\u00eda. Periodista y analista especializado en turismo desde hace 35 a\u00f1os, radicado en Canc\u00fan Q.Roo. arturo@nitu.mx\",\"sameAs\":[\"https:\/\/nitu.mx\",\"https:\/\/www.facebook.com\/NITUmx\/\",\"medinacancun\",\"https:\/\/twitter.com\/@Arturo_Medina_G\"]},{\"@type\":\"Person\",\"@id\":\"https:\/\/nitu.mx\/#\/schema\/person\/4a28fe9bd65924f7c90623773daf1b0b\",\"name\":\"Redacci\u00f3n\",\"image\":{\"@type\":\"ImageObject\",\"inLanguage\":\"es-MX\",\"@id\":\"https:\/\/nitu.mx\/#\/schema\/person\/image\/\",\"url\":\"https:\/\/secure.gravatar.com\/avatar\/5dd011c8ccfc5cd7e4c81e42252aab38?s=96&d=mm&r=g\",\"contentUrl\":\"https:\/\/secure.gravatar.com\/avatar\/5dd011c8ccfc5cd7e4c81e42252aab38?s=96&d=mm&r=g\",\"caption\":\"Redacci\u00f3n\"},\"url\":\"https:\/\/nitu.mx\/index.php\/author\/redaccion\/\"}]}<\/script>\n<!-- \/ Yoast SEO plugin. -->","yoast_head_json":{"title":"Volaris conectar\u00e1 desde Canc\u00fan con Lima, Per\u00fa - Nitu - Noticias de la Industria Turistica","robots":{"index":"index","follow":"follow","max-snippet":"max-snippet:-1","max-image-preview":"max-image-preview:large","max-video-preview":"max-video-preview:-1"},"canonical":"https:\/\/nitu.mx\/index.php\/2022\/06\/03\/volaris-conectara-desde-cancun-con-lima-peru\/","twitter_card":"summary_large_image","twitter_title":"Volaris conectar\u00e1 desde Canc\u00fan con Lima, Per\u00fa - Nitu - Noticias de la Industria Turistica","twitter_description":"La\u00a0aerol\u00ednea Volaris conecta\u00a0por\u00a0primera\u00a0vez\u00a0a\u00a0Lima, Per\u00fa desde dos destinos\u00a0en\u00a0M\u00e9xico,\u00a0con las rutas Ciudad de M\u00e9xico-Lima y\u00a0Canc\u00fan-Lima. M\u00e9xico\u00a0es\u00a0uno\u00a0de\u00a0los\u00a0diez\u00a0pa\u00edses\u00a0que\u00a0m\u00e1s\u00a0visitan Per\u00fa\u00a0y,\u00a0en\u00a0los\u00a0\u00faltimos\u00a0a\u00f1os,\u00a0ha\u00a0mostrado\u00a0un\u00a0importante\u00a0crecimiento\u00a0de viajeros\u00a0procedentes\u00a0de\u00a0este\u00a0pa\u00eds. De\u00a0acuerdo\u00a0con\u00a0el\u00a0Ministerio\u00a0de\u00a0Comercio\u00a0Exterior\u00a0y\u00a0Turismo\u00a0de\u00a0Per\u00fa\u00a0(Mincetur),\u00a0M\u00e9xico\u00a0se\u00a0encuentra\u00a0entre los diez pa\u00edses que m\u00e1s visitan el pa\u00eds andino. Adem\u00e1s, este a\u00f1o, la Comisi\u00f3n de Promoci\u00f3n del\u00a0Per\u00fa\u00a0para\u00a0la\u00a0Exportaci\u00f3n\u00a0y\u00a0el\u00a0Turismo\u00a0(PROMPER\u00da)\u00a0espera\u00a0que\u00a0el\u00a0sector\u00a0aporte\u00a0m\u00e1s\u00a0de\u00a0dos\u00a0por\u00a0ciento\u00a0al\u00a0producto\u00a0bruto\u00a0interno\u00a0(PBI). &#8220;Estamos impulsando la conectividad a\u00e9rea en nuestro pa\u00eds con la firme voluntad de recuperar los\u00a0\u00edndices\u00a0prepandemia.\u00a0Para\u00a0ello\u00a0debemos\u00a0seguir\u00a0generando\u00a0las\u00a0condiciones\u00a0para\u00a0que\u00a0las\u00a0aerol\u00edneas\u00a0m\u00e1s\u00a0importantes lleguen al Per\u00fa. El inicio de [&hellip;]","twitter_image":"https:\/\/nitu.mx\/wp-content\/uploads\/2022\/06\/Volaris-Lima-Peru\u0301.jpg","twitter_creator":"@NITUmx","twitter_site":"@Arturo_Medina_G","twitter_misc":{"Escrito por":"Redacci\u00f3n","Tiempo de lectura":"3 minutos"},"schema":{"@context":"https:\/\/schema.org","@graph":[{"@type":"Article","@id":"https:\/\/nitu.mx\/index.php\/2022\/06\/03\/volaris-conectara-desde-cancun-con-lima-peru\/#article","isPartOf":{"@id":"https:\/\/nitu.mx\/index.php\/2022\/06\/03\/volaris-conectara-desde-cancun-con-lima-peru\/"},"author":{"name":"Redacci\u00f3n","@id":"https:\/\/nitu.mx\/#\/schema\/person\/4a28fe9bd65924f7c90623773daf1b0b"},"headline":"Volaris conectar\u00e1 desde Canc\u00fan con Lima, Per\u00fa","datePublished":"2022-06-03T08:07:14+00:00","dateModified":"2022-06-03T08:22:43+00:00","mainEntityOfPage":{"@id":"https:\/\/nitu.mx\/index.php\/2022\/06\/03\/volaris-conectara-desde-cancun-con-lima-peru\/"},"wordCount":540,"commentCount":0,"publisher":{"@id":"https:\/\/nitu.mx\/#\/schema\/person\/ae7a53426417292d3dd07b45a33e01bc"},"image":{"@id":"https:\/\/nitu.mx\/index.php\/2022\/06\/03\/volaris-conectara-desde-cancun-con-lima-peru\/#primaryimage"},"thumbnailUrl":"https:\/\/nitu.mx\/wp-content\/uploads\/2022\/06\/Volaris-Lima-Peru\u0301.jpg","keywords":["Canc\u00fan","Lima","M\u00e9xico","Mincetur","Per\u00fa","Volaris"],"articleSection":["Aerol\u00edneas"],"inLanguage":"es-MX","potentialAction":[{"@type":"CommentAction","name":"Comment","target":["https:\/\/nitu.mx\/index.php\/2022\/06\/03\/volaris-conectara-desde-cancun-con-lima-peru\/#respond"]}]},{"@type":"WebPage","@id":"https:\/\/nitu.mx\/index.php\/2022\/06\/03\/volaris-conectara-desde-cancun-con-lima-peru\/","url":"https:\/\/nitu.mx\/index.php\/2022\/06\/03\/volaris-conectara-desde-cancun-con-lima-peru\/","name":"Volaris conectar\u00e1 desde Canc\u00fan con Lima, Per\u00fa - Nitu - Noticias de la Industria Turistica","isPartOf":{"@id":"https:\/\/nitu.mx\/#website"},"primaryImageOfPage":{"@id":"https:\/\/nitu.mx\/index.php\/2022\/06\/03\/volaris-conectara-desde-cancun-con-lima-peru\/#primaryimage"},"image":{"@id":"https:\/\/nitu.mx\/index.php\/2022\/06\/03\/volaris-conectara-desde-cancun-con-lima-peru\/#primaryimage"},"thumbnailUrl":"https:\/\/nitu.mx\/wp-content\/uploads\/2022\/06\/Volaris-Lima-Peru\u0301.jpg","datePublished":"2022-06-03T08:07:14+00:00","dateModified":"2022-06-03T08:22:43+00:00","breadcrumb":{"@id":"https:\/\/nitu.mx\/index.php\/2022\/06\/03\/volaris-conectara-desde-cancun-con-lima-peru\/#breadcrumb"},"inLanguage":"es-MX","potentialAction":[{"@type":"ReadAction","target":["https:\/\/nitu.mx\/index.php\/2022\/06\/03\/volaris-conectara-desde-cancun-con-lima-peru\/"]}]},{"@type":"ImageObject","inLanguage":"es-MX","@id":"https:\/\/nitu.mx\/index.php\/2022\/06\/03\/volaris-conectara-desde-cancun-con-lima-peru\/#primaryimage","url":"https:\/\/nitu.mx\/wp-content\/uploads\/2022\/06\/Volaris-Lima-Peru\u0301.jpg","contentUrl":"https:\/\/nitu.mx\/wp-content\/uploads\/2022\/06\/Volaris-Lima-Peru\u0301.jpg","width":1200,"height":675},{"@type":"BreadcrumbList","@id":"https:\/\/nitu.mx\/index.php\/2022\/06\/03\/volaris-conectara-desde-cancun-con-lima-peru\/#breadcrumb","itemListElement":[{"@type":"ListItem","position":1,"name":"Inicio","item":"https:\/\/nitu.mx\/"},{"@type":"ListItem","position":2,"name":"Volaris conectar\u00e1 desde Canc\u00fan con Lima, Per\u00fa"}]},{"@type":"WebSite","@id":"https:\/\/nitu.mx\/#website","url":"https:\/\/nitu.mx\/","name":"Nitu - Noticias de la Industria Turistica","description":"Noticias de la Industria Turistica","publisher":{"@id":"https:\/\/nitu.mx\/#\/schema\/person\/ae7a53426417292d3dd07b45a33e01bc"},"alternateName":"Noticias de la Industria Turistica","potentialAction":[{"@type":"SearchAction","target":{"@type":"EntryPoint","urlTemplate":"https:\/\/nitu.mx\/?s={search_term_string}"},"query-input":"required name=search_term_string"}],"inLanguage":"es-MX"},{"@type":["Person","Organization"],"@id":"https:\/\/nitu.mx\/#\/schema\/person\/ae7a53426417292d3dd07b45a33e01bc","name":"Arturo Medina","image":{"@type":"ImageObject","inLanguage":"es-MX","@id":"https:\/\/nitu.mx\/#\/schema\/person\/image\/","url":"https:\/\/nitu.mx\/wp-content\/uploads\/2024\/04\/4A315622-1904-4D5C-B022-878CDC840E04-90x90-1.jpeg","contentUrl":"https:\/\/nitu.mx\/wp-content\/uploads\/2024\/04\/4A315622-1904-4D5C-B022-878CDC840E04-90x90-1.jpeg","width":90,"height":90,"caption":"Arturo Medina"},"logo":{"@id":"https:\/\/nitu.mx\/#\/schema\/person\/image\/"},"description":"Director NITU.mx, Egresado de la Escuela de Periodismo Carlos Septi\u00e9n Garc\u00eda. Periodista y analista especializado en turismo desde hace 35 a\u00f1os, radicado en Canc\u00fan Q.Roo. arturo@nitu.mx","sameAs":["https:\/\/nitu.mx","https:\/\/www.facebook.com\/NITUmx\/","medinacancun","https:\/\/twitter.com\/@Arturo_Medina_G"]},{"@type":"Person","@id":"https:\/\/nitu.mx\/#\/schema\/person\/4a28fe9bd65924f7c90623773daf1b0b","name":"Redacci\u00f3n","image":{"@type":"ImageObject","inLanguage":"es-MX","@id":"https:\/\/nitu.mx\/#\/schema\/person\/image\/","url":"https:\/\/secure.gravatar.com\/avatar\/5dd011c8ccfc5cd7e4c81e42252aab38?s=96&d=mm&r=g","contentUrl":"https:\/\/secure.gravatar.com\/avatar\/5dd011c8ccfc5cd7e4c81e42252aab38?s=96&d=mm&r=g","caption":"Redacci\u00f3n"},"url":"https:\/\/nitu.mx\/index.php\/author\/redaccion\/"}]}},"views":391,"_links":{"self":[{"href":"https:\/\/nitu.mx\/index.php\/wp-json\/wp\/v2\/posts\/59826"}],"collection":[{"href":"https:\/\/nitu.mx\/index.php\/wp-json\/wp\/v2\/posts"}],"about":[{"href":"https:\/\/nitu.mx\/index.php\/wp-json\/wp\/v2\/types\/post"}],"author":[{"embeddable":true,"href":"https:\/\/nitu.mx\/index.php\/wp-json\/wp\/v2\/users\/17"}],"replies":[{"embeddable":true,"href":"https:\/\/nitu.mx\/index.php\/wp-json\/wp\/v2\/comments?post=59826"}],"version-history":[{"count":2,"href":"https:\/\/nitu.mx\/index.php\/wp-json\/wp\/v2\/posts\/59826\/revisions"}],"predecessor-version":[{"id":59832,"href":"https:\/\/nitu.mx\/index.php\/wp-json\/wp\/v2\/posts\/59826\/revisions\/59832"}],"wp:featuredmedia":[{"embeddable":true,"href":"https:\/\/nitu.mx\/index.php\/wp-json\/wp\/v2\/media\/59831"}],"wp:attachment":[{"href":"https:\/\/nitu.mx\/index.php\/wp-json\/wp\/v2\/media?parent=59826"}],"wp:term":[{"taxonomy":"category","embeddable":true,"href":"https:\/\/nitu.mx\/index.php\/wp-json\/wp\/v2\/categories?post=59826"},{"taxonomy":"post_tag","embeddable":true,"href":"https:\/\/nitu.mx\/index.php\/wp-json\/wp\/v2\/tags?post=59826"}],"curies":[{"name":"wp","href":"https:\/\/api.w.org\/{rel}","templated":true}]}}