{"id":59790,"date":"2022-06-02T05:32:56","date_gmt":"2022-06-02T10:32:56","guid":{"rendered":"https:\/\/www.dev.nitu.mx\/?p=59790"},"modified":"2022-06-02T05:55:24","modified_gmt":"2022-06-02T10:55:24","slug":"delta-nombra-a-su-primer-director-ejecutivo-digital","status":"publish","type":"post","link":"https:\/\/nitu.mx\/index.php\/2022\/06\/02\/delta-nombra-a-su-primer-director-ejecutivo-digital\/","title":{"rendered":"Delta nombra a Eric Phillips como su primer director ejecutivo digital"},"content":{"rendered":"<p>Delta ha nombrado a Eric Phillips vicepresidente Senior y director ejecutivo digital al tiempo que la aerol\u00ednea contin\u00faa ofreciendo experiencias m\u00e1s personalizadas, fluidas y de primera calidad para los clientes a trav\u00e9s de sus canales digitales.<\/p>\n<p>En su nuevo cargo, Phillips dirigir\u00e1 un equipo centrado en mejorar las interacciones de los clientes con las herramientas y los canales digitales de Delta, incluido el desarrollo de nuevas y mejores capacidades en Delta.com y la aplicaci\u00f3n Fly Delta para satisfacer las necesidades de los clientes antes, durante y despu\u00e9s del viaje.<\/p>\n<p>Se asociar\u00e1 con los l\u00edderes de toda la empresa para acelerar las iniciativas multifuncionales e impulsar un enfoque multidisciplinario para ofrecer una experiencia inigualable al cliente.<\/p>\n<p>Delta contin\u00faa innovando y mejorando las herramientas digitales que ponen el poder de la flexibilidad, el control y la simplicidad en el centro de la experiencia de viaje.<\/p>\n<p>Desde las nuevas opciones de autoservicio hasta una experiencia de aplicaci\u00f3n Fly Delta cada vez mejor, los equipos digitales de Delta est\u00e1n dando vida a los viajes sin problemas de m\u00e1s formas que nunca.<\/p>\n<p>Phillips ocup\u00f3 recientemente el cargo de vicepresidente de Servicio al Cliente en Aeropuertos, Operaciones de Carga, GSE y Global Clean. En sus 24 a\u00f1os en la compa\u00f1\u00eda, tambi\u00e9n ha desempe\u00f1ado funciones de liderazgo en la gesti\u00f3n de precios e ingresos.<\/p>\n<p>Erik Snell se convertir\u00e1 en vicepresidente de Servicio al Cliente en Aeropuertos, Operaciones de Carga, GSE y Global Clean, donde dirigir\u00e1 el mayor equipo operativo de primera l\u00ednea de Delta.<\/p>\n<p>Snell hab\u00eda sido el vicepresidente Senior de la compa\u00f1\u00eda &#8211; Operaciones y Centro de Atenci\u00f3n al Cliente, An\u00e1lisis de Operaciones y Conexi\u00f3n de Delta desde 2018, con la responsabilidad de las operaciones mundiales de Delta.<\/p>\n<p>Su carrera de 17 a\u00f1os incluye funciones en Finanzas, ACS (Servicios de Autoconfiguraci\u00f3n de Dispositivos por sus siglas en ingl\u00e9s), Delta Connection, TechOps y las antiguas filiales de Delta, Delta Global Services y Delta Private Jets.<\/p>\n","protected":false},"excerpt":{"rendered":"<p>Delta ha nombrado a Eric Phillips vicepresidente Senior y director ejecutivo digital al tiempo que la aerol\u00ednea contin\u00faa ofreciendo experiencias m\u00e1s personalizadas, fluidas y de primera calidad para los clientes a trav\u00e9s de sus canales digitales. En su nuevo cargo, Phillips dirigir\u00e1 un equipo centrado en mejorar las interacciones de los clientes con las herramientas [&hellip;]<\/p>\n","protected":false},"author":17,"featured_media":59798,"comment_status":"open","ping_status":"open","sticky":false,"template":"","format":"standard","meta":{"footnotes":""},"categories":[29],"tags":[534,1520],"yoast_head":"<!-- This site is optimized with the Yoast SEO plugin v22.2 - https:\/\/yoast.com\/wordpress\/plugins\/seo\/ -->\n<title>Delta nombra a Eric Phillips como su primer director ejecutivo digital - Nitu - Noticias de la Industria Turistica<\/title>\n<meta name=\"robots\" content=\"index, follow, max-snippet:-1, max-image-preview:large, max-video-preview:-1\" \/>\n<link rel=\"canonical\" href=\"https:\/\/nitu.mx\/index.php\/2022\/06\/02\/delta-nombra-a-su-primer-director-ejecutivo-digital\/\" \/>\n<meta name=\"twitter:card\" content=\"summary_large_image\" \/>\n<meta name=\"twitter:title\" content=\"Delta nombra a Eric Phillips como su primer director ejecutivo digital - Nitu - Noticias de la Industria Turistica\" \/>\n<meta name=\"twitter:description\" content=\"Delta ha nombrado a Eric Phillips vicepresidente Senior y director ejecutivo digital al tiempo que la aerol\u00ednea contin\u00faa ofreciendo experiencias m\u00e1s personalizadas, fluidas y de primera calidad para los clientes a trav\u00e9s de sus canales digitales. En su nuevo cargo, Phillips dirigir\u00e1 un equipo centrado en mejorar las interacciones de los clientes con las herramientas [&hellip;]\" \/>\n<meta name=\"twitter:image\" content=\"https:\/\/nitu.mx\/wp-content\/uploads\/2022\/06\/Eric-Phillips-Delta-Air-Lines.jpg\" \/>\n<meta name=\"twitter:creator\" content=\"@NITUmx\" \/>\n<meta name=\"twitter:site\" content=\"@Arturo_Medina_G\" \/>\n<meta name=\"twitter:label1\" content=\"Escrito por\" \/>\n\t<meta name=\"twitter:data1\" content=\"Redacci\u00f3n\" \/>\n\t<meta name=\"twitter:label2\" content=\"Tiempo de lectura\" \/>\n\t<meta name=\"twitter:data2\" content=\"2 minutos\" \/>\n<script type=\"application\/ld+json\" class=\"yoast-schema-graph\">{\"@context\":\"https:\/\/schema.org\",\"@graph\":[{\"@type\":\"Article\",\"@id\":\"https:\/\/nitu.mx\/index.php\/2022\/06\/02\/delta-nombra-a-su-primer-director-ejecutivo-digital\/#article\",\"isPartOf\":{\"@id\":\"https:\/\/nitu.mx\/index.php\/2022\/06\/02\/delta-nombra-a-su-primer-director-ejecutivo-digital\/\"},\"author\":{\"name\":\"Redacci\u00f3n\",\"@id\":\"https:\/\/nitu.mx\/#\/schema\/person\/4a28fe9bd65924f7c90623773daf1b0b\"},\"headline\":\"Delta nombra a Eric Phillips como su primer director ejecutivo digital\",\"datePublished\":\"2022-06-02T10:32:56+00:00\",\"dateModified\":\"2022-06-02T10:55:24+00:00\",\"mainEntityOfPage\":{\"@id\":\"https:\/\/nitu.mx\/index.php\/2022\/06\/02\/delta-nombra-a-su-primer-director-ejecutivo-digital\/\"},\"wordCount\":352,\"commentCount\":0,\"publisher\":{\"@id\":\"https:\/\/nitu.mx\/#\/schema\/person\/ae7a53426417292d3dd07b45a33e01bc\"},\"image\":{\"@id\":\"https:\/\/nitu.mx\/index.php\/2022\/06\/02\/delta-nombra-a-su-primer-director-ejecutivo-digital\/#primaryimage\"},\"thumbnailUrl\":\"https:\/\/nitu.mx\/wp-content\/uploads\/2022\/06\/Eric-Phillips-Delta-Air-Lines.jpg\",\"keywords\":[\"Delta\",\"Delta Air Lines\"],\"articleSection\":[\"Aerol\u00edneas\"],\"inLanguage\":\"es-MX\",\"potentialAction\":[{\"@type\":\"CommentAction\",\"name\":\"Comment\",\"target\":[\"https:\/\/nitu.mx\/index.php\/2022\/06\/02\/delta-nombra-a-su-primer-director-ejecutivo-digital\/#respond\"]}]},{\"@type\":\"WebPage\",\"@id\":\"https:\/\/nitu.mx\/index.php\/2022\/06\/02\/delta-nombra-a-su-primer-director-ejecutivo-digital\/\",\"url\":\"https:\/\/nitu.mx\/index.php\/2022\/06\/02\/delta-nombra-a-su-primer-director-ejecutivo-digital\/\",\"name\":\"Delta nombra a Eric Phillips como su primer director ejecutivo digital - Nitu - Noticias de la Industria Turistica\",\"isPartOf\":{\"@id\":\"https:\/\/nitu.mx\/#website\"},\"primaryImageOfPage\":{\"@id\":\"https:\/\/nitu.mx\/index.php\/2022\/06\/02\/delta-nombra-a-su-primer-director-ejecutivo-digital\/#primaryimage\"},\"image\":{\"@id\":\"https:\/\/nitu.mx\/index.php\/2022\/06\/02\/delta-nombra-a-su-primer-director-ejecutivo-digital\/#primaryimage\"},\"thumbnailUrl\":\"https:\/\/nitu.mx\/wp-content\/uploads\/2022\/06\/Eric-Phillips-Delta-Air-Lines.jpg\",\"datePublished\":\"2022-06-02T10:32:56+00:00\",\"dateModified\":\"2022-06-02T10:55:24+00:00\",\"breadcrumb\":{\"@id\":\"https:\/\/nitu.mx\/index.php\/2022\/06\/02\/delta-nombra-a-su-primer-director-ejecutivo-digital\/#breadcrumb\"},\"inLanguage\":\"es-MX\",\"potentialAction\":[{\"@type\":\"ReadAction\",\"target\":[\"https:\/\/nitu.mx\/index.php\/2022\/06\/02\/delta-nombra-a-su-primer-director-ejecutivo-digital\/\"]}]},{\"@type\":\"ImageObject\",\"inLanguage\":\"es-MX\",\"@id\":\"https:\/\/nitu.mx\/index.php\/2022\/06\/02\/delta-nombra-a-su-primer-director-ejecutivo-digital\/#primaryimage\",\"url\":\"https:\/\/nitu.mx\/wp-content\/uploads\/2022\/06\/Eric-Phillips-Delta-Air-Lines.jpg\",\"contentUrl\":\"https:\/\/nitu.mx\/wp-content\/uploads\/2022\/06\/Eric-Phillips-Delta-Air-Lines.jpg\",\"width\":1200,\"height\":675},{\"@type\":\"BreadcrumbList\",\"@id\":\"https:\/\/nitu.mx\/index.php\/2022\/06\/02\/delta-nombra-a-su-primer-director-ejecutivo-digital\/#breadcrumb\",\"itemListElement\":[{\"@type\":\"ListItem\",\"position\":1,\"name\":\"Inicio\",\"item\":\"https:\/\/nitu.mx\/\"},{\"@type\":\"ListItem\",\"position\":2,\"name\":\"Delta nombra a Eric Phillips como su primer director ejecutivo digital\"}]},{\"@type\":\"WebSite\",\"@id\":\"https:\/\/nitu.mx\/#website\",\"url\":\"https:\/\/nitu.mx\/\",\"name\":\"Nitu - Noticias de la Industria Turistica\",\"description\":\"Noticias de la Industria Turistica\",\"publisher\":{\"@id\":\"https:\/\/nitu.mx\/#\/schema\/person\/ae7a53426417292d3dd07b45a33e01bc\"},\"alternateName\":\"Noticias de la Industria Turistica\",\"potentialAction\":[{\"@type\":\"SearchAction\",\"target\":{\"@type\":\"EntryPoint\",\"urlTemplate\":\"https:\/\/nitu.mx\/?s={search_term_string}\"},\"query-input\":\"required name=search_term_string\"}],\"inLanguage\":\"es-MX\"},{\"@type\":[\"Person\",\"Organization\"],\"@id\":\"https:\/\/nitu.mx\/#\/schema\/person\/ae7a53426417292d3dd07b45a33e01bc\",\"name\":\"Arturo Medina\",\"image\":{\"@type\":\"ImageObject\",\"inLanguage\":\"es-MX\",\"@id\":\"https:\/\/nitu.mx\/#\/schema\/person\/image\/\",\"url\":\"https:\/\/nitu.mx\/wp-content\/uploads\/2024\/04\/4A315622-1904-4D5C-B022-878CDC840E04-90x90-1.jpeg\",\"contentUrl\":\"https:\/\/nitu.mx\/wp-content\/uploads\/2024\/04\/4A315622-1904-4D5C-B022-878CDC840E04-90x90-1.jpeg\",\"width\":90,\"height\":90,\"caption\":\"Arturo Medina\"},\"logo\":{\"@id\":\"https:\/\/nitu.mx\/#\/schema\/person\/image\/\"},\"description\":\"Director NITU.mx, Egresado de la Escuela de Periodismo Carlos Septi\u00e9n Garc\u00eda. Periodista y analista especializado en turismo desde hace 35 a\u00f1os, radicado en Canc\u00fan Q.Roo. arturo@nitu.mx\",\"sameAs\":[\"https:\/\/nitu.mx\",\"https:\/\/www.facebook.com\/NITUmx\/\",\"medinacancun\",\"https:\/\/twitter.com\/@Arturo_Medina_G\"]},{\"@type\":\"Person\",\"@id\":\"https:\/\/nitu.mx\/#\/schema\/person\/4a28fe9bd65924f7c90623773daf1b0b\",\"name\":\"Redacci\u00f3n\",\"image\":{\"@type\":\"ImageObject\",\"inLanguage\":\"es-MX\",\"@id\":\"https:\/\/nitu.mx\/#\/schema\/person\/image\/\",\"url\":\"https:\/\/secure.gravatar.com\/avatar\/5dd011c8ccfc5cd7e4c81e42252aab38?s=96&d=mm&r=g\",\"contentUrl\":\"https:\/\/secure.gravatar.com\/avatar\/5dd011c8ccfc5cd7e4c81e42252aab38?s=96&d=mm&r=g\",\"caption\":\"Redacci\u00f3n\"},\"url\":\"https:\/\/nitu.mx\/index.php\/author\/redaccion\/\"}]}<\/script>\n<!-- \/ Yoast SEO plugin. -->","yoast_head_json":{"title":"Delta nombra a Eric Phillips como su primer director ejecutivo digital - Nitu - Noticias de la Industria Turistica","robots":{"index":"index","follow":"follow","max-snippet":"max-snippet:-1","max-image-preview":"max-image-preview:large","max-video-preview":"max-video-preview:-1"},"canonical":"https:\/\/nitu.mx\/index.php\/2022\/06\/02\/delta-nombra-a-su-primer-director-ejecutivo-digital\/","twitter_card":"summary_large_image","twitter_title":"Delta nombra a Eric Phillips como su primer director ejecutivo digital - Nitu - Noticias de la Industria Turistica","twitter_description":"Delta ha nombrado a Eric Phillips vicepresidente Senior y director ejecutivo digital al tiempo que la aerol\u00ednea contin\u00faa ofreciendo experiencias m\u00e1s personalizadas, fluidas y de primera calidad para los clientes a trav\u00e9s de sus canales digitales. En su nuevo cargo, Phillips dirigir\u00e1 un equipo centrado en mejorar las interacciones de los clientes con las herramientas [&hellip;]","twitter_image":"https:\/\/nitu.mx\/wp-content\/uploads\/2022\/06\/Eric-Phillips-Delta-Air-Lines.jpg","twitter_creator":"@NITUmx","twitter_site":"@Arturo_Medina_G","twitter_misc":{"Escrito por":"Redacci\u00f3n","Tiempo de lectura":"2 minutos"},"schema":{"@context":"https:\/\/schema.org","@graph":[{"@type":"Article","@id":"https:\/\/nitu.mx\/index.php\/2022\/06\/02\/delta-nombra-a-su-primer-director-ejecutivo-digital\/#article","isPartOf":{"@id":"https:\/\/nitu.mx\/index.php\/2022\/06\/02\/delta-nombra-a-su-primer-director-ejecutivo-digital\/"},"author":{"name":"Redacci\u00f3n","@id":"https:\/\/nitu.mx\/#\/schema\/person\/4a28fe9bd65924f7c90623773daf1b0b"},"headline":"Delta nombra a Eric Phillips como su primer director ejecutivo digital","datePublished":"2022-06-02T10:32:56+00:00","dateModified":"2022-06-02T10:55:24+00:00","mainEntityOfPage":{"@id":"https:\/\/nitu.mx\/index.php\/2022\/06\/02\/delta-nombra-a-su-primer-director-ejecutivo-digital\/"},"wordCount":352,"commentCount":0,"publisher":{"@id":"https:\/\/nitu.mx\/#\/schema\/person\/ae7a53426417292d3dd07b45a33e01bc"},"image":{"@id":"https:\/\/nitu.mx\/index.php\/2022\/06\/02\/delta-nombra-a-su-primer-director-ejecutivo-digital\/#primaryimage"},"thumbnailUrl":"https:\/\/nitu.mx\/wp-content\/uploads\/2022\/06\/Eric-Phillips-Delta-Air-Lines.jpg","keywords":["Delta","Delta Air Lines"],"articleSection":["Aerol\u00edneas"],"inLanguage":"es-MX","potentialAction":[{"@type":"CommentAction","name":"Comment","target":["https:\/\/nitu.mx\/index.php\/2022\/06\/02\/delta-nombra-a-su-primer-director-ejecutivo-digital\/#respond"]}]},{"@type":"WebPage","@id":"https:\/\/nitu.mx\/index.php\/2022\/06\/02\/delta-nombra-a-su-primer-director-ejecutivo-digital\/","url":"https:\/\/nitu.mx\/index.php\/2022\/06\/02\/delta-nombra-a-su-primer-director-ejecutivo-digital\/","name":"Delta nombra a Eric Phillips como su primer director ejecutivo digital - Nitu - Noticias de la Industria Turistica","isPartOf":{"@id":"https:\/\/nitu.mx\/#website"},"primaryImageOfPage":{"@id":"https:\/\/nitu.mx\/index.php\/2022\/06\/02\/delta-nombra-a-su-primer-director-ejecutivo-digital\/#primaryimage"},"image":{"@id":"https:\/\/nitu.mx\/index.php\/2022\/06\/02\/delta-nombra-a-su-primer-director-ejecutivo-digital\/#primaryimage"},"thumbnailUrl":"https:\/\/nitu.mx\/wp-content\/uploads\/2022\/06\/Eric-Phillips-Delta-Air-Lines.jpg","datePublished":"2022-06-02T10:32:56+00:00","dateModified":"2022-06-02T10:55:24+00:00","breadcrumb":{"@id":"https:\/\/nitu.mx\/index.php\/2022\/06\/02\/delta-nombra-a-su-primer-director-ejecutivo-digital\/#breadcrumb"},"inLanguage":"es-MX","potentialAction":[{"@type":"ReadAction","target":["https:\/\/nitu.mx\/index.php\/2022\/06\/02\/delta-nombra-a-su-primer-director-ejecutivo-digital\/"]}]},{"@type":"ImageObject","inLanguage":"es-MX","@id":"https:\/\/nitu.mx\/index.php\/2022\/06\/02\/delta-nombra-a-su-primer-director-ejecutivo-digital\/#primaryimage","url":"https:\/\/nitu.mx\/wp-content\/uploads\/2022\/06\/Eric-Phillips-Delta-Air-Lines.jpg","contentUrl":"https:\/\/nitu.mx\/wp-content\/uploads\/2022\/06\/Eric-Phillips-Delta-Air-Lines.jpg","width":1200,"height":675},{"@type":"BreadcrumbList","@id":"https:\/\/nitu.mx\/index.php\/2022\/06\/02\/delta-nombra-a-su-primer-director-ejecutivo-digital\/#breadcrumb","itemListElement":[{"@type":"ListItem","position":1,"name":"Inicio","item":"https:\/\/nitu.mx\/"},{"@type":"ListItem","position":2,"name":"Delta nombra a Eric Phillips como su primer director ejecutivo digital"}]},{"@type":"WebSite","@id":"https:\/\/nitu.mx\/#website","url":"https:\/\/nitu.mx\/","name":"Nitu - Noticias de la Industria Turistica","description":"Noticias de la Industria Turistica","publisher":{"@id":"https:\/\/nitu.mx\/#\/schema\/person\/ae7a53426417292d3dd07b45a33e01bc"},"alternateName":"Noticias de la Industria Turistica","potentialAction":[{"@type":"SearchAction","target":{"@type":"EntryPoint","urlTemplate":"https:\/\/nitu.mx\/?s={search_term_string}"},"query-input":"required name=search_term_string"}],"inLanguage":"es-MX"},{"@type":["Person","Organization"],"@id":"https:\/\/nitu.mx\/#\/schema\/person\/ae7a53426417292d3dd07b45a33e01bc","name":"Arturo Medina","image":{"@type":"ImageObject","inLanguage":"es-MX","@id":"https:\/\/nitu.mx\/#\/schema\/person\/image\/","url":"https:\/\/nitu.mx\/wp-content\/uploads\/2024\/04\/4A315622-1904-4D5C-B022-878CDC840E04-90x90-1.jpeg","contentUrl":"https:\/\/nitu.mx\/wp-content\/uploads\/2024\/04\/4A315622-1904-4D5C-B022-878CDC840E04-90x90-1.jpeg","width":90,"height":90,"caption":"Arturo Medina"},"logo":{"@id":"https:\/\/nitu.mx\/#\/schema\/person\/image\/"},"description":"Director NITU.mx, Egresado de la Escuela de Periodismo Carlos Septi\u00e9n Garc\u00eda. Periodista y analista especializado en turismo desde hace 35 a\u00f1os, radicado en Canc\u00fan Q.Roo. arturo@nitu.mx","sameAs":["https:\/\/nitu.mx","https:\/\/www.facebook.com\/NITUmx\/","medinacancun","https:\/\/twitter.com\/@Arturo_Medina_G"]},{"@type":"Person","@id":"https:\/\/nitu.mx\/#\/schema\/person\/4a28fe9bd65924f7c90623773daf1b0b","name":"Redacci\u00f3n","image":{"@type":"ImageObject","inLanguage":"es-MX","@id":"https:\/\/nitu.mx\/#\/schema\/person\/image\/","url":"https:\/\/secure.gravatar.com\/avatar\/5dd011c8ccfc5cd7e4c81e42252aab38?s=96&d=mm&r=g","contentUrl":"https:\/\/secure.gravatar.com\/avatar\/5dd011c8ccfc5cd7e4c81e42252aab38?s=96&d=mm&r=g","caption":"Redacci\u00f3n"},"url":"https:\/\/nitu.mx\/index.php\/author\/redaccion\/"}]}},"views":313,"_links":{"self":[{"href":"https:\/\/nitu.mx\/index.php\/wp-json\/wp\/v2\/posts\/59790"}],"collection":[{"href":"https:\/\/nitu.mx\/index.php\/wp-json\/wp\/v2\/posts"}],"about":[{"href":"https:\/\/nitu.mx\/index.php\/wp-json\/wp\/v2\/types\/post"}],"author":[{"embeddable":true,"href":"https:\/\/nitu.mx\/index.php\/wp-json\/wp\/v2\/users\/17"}],"replies":[{"embeddable":true,"href":"https:\/\/nitu.mx\/index.php\/wp-json\/wp\/v2\/comments?post=59790"}],"version-history":[{"count":3,"href":"https:\/\/nitu.mx\/index.php\/wp-json\/wp\/v2\/posts\/59790\/revisions"}],"predecessor-version":[{"id":59807,"href":"https:\/\/nitu.mx\/index.php\/wp-json\/wp\/v2\/posts\/59790\/revisions\/59807"}],"wp:featuredmedia":[{"embeddable":true,"href":"https:\/\/nitu.mx\/index.php\/wp-json\/wp\/v2\/media\/59798"}],"wp:attachment":[{"href":"https:\/\/nitu.mx\/index.php\/wp-json\/wp\/v2\/media?parent=59790"}],"wp:term":[{"taxonomy":"category","embeddable":true,"href":"https:\/\/nitu.mx\/index.php\/wp-json\/wp\/v2\/categories?post=59790"},{"taxonomy":"post_tag","embeddable":true,"href":"https:\/\/nitu.mx\/index.php\/wp-json\/wp\/v2\/tags?post=59790"}],"curies":[{"name":"wp","href":"https:\/\/api.w.org\/{rel}","templated":true}]}}