{"id":59763,"date":"2022-06-01T06:34:19","date_gmt":"2022-06-01T11:34:19","guid":{"rendered":"https:\/\/www.dev.nitu.mx\/?p=59763"},"modified":"2022-06-01T06:46:58","modified_gmt":"2022-06-01T11:46:58","slug":"sustainable-social-tourism-summit-espera-30-mas-participantes-que-previo-a-la-pandemia","status":"publish","type":"post","link":"https:\/\/nitu.mx\/index.php\/2022\/06\/01\/sustainable-social-tourism-summit-espera-30-mas-participantes-que-previo-a-la-pandemia\/","title":{"rendered":"Sustainable &#038; Social Tourism Summit espera 30% m\u00e1s participantes que previo a la pandemia"},"content":{"rendered":"<p>Esta a\u00f1o se llevar\u00e1 a cabo la sexta edici\u00f3n del\u00a0Sustainable &amp; Social Tourism Summi, que sale de Canc\u00fan para realizarse en Le\u00f3n, Guanajuato, por lo que se espera superar las cifras previas a la pandemia y recibir 30% aproximadamente m\u00e1s participantes.<\/p>\n<p>As\u00ed lo coment\u00f3 Vicente Ferreyra, vicepresidente del\u00a0Sustainable &amp; Social Tourism Summit durante la presentaci\u00f3n de estas sexta edici\u00f3n que\u00a0reconocer\u00e1 las acciones de asociaciones, empresas, organizaciones e individuos de los sectores privado, p\u00fablico y social, que apuestan por un turismo sostenible, solidario y socialmente responsable.<\/p>\n<p>Por su parte,\u00a0Braulio Arsuaga, director general de Grupo Presidente, comparti\u00f3 los planes de la empresa en materia de medio ambiente entre los cuales destac\u00f3 la creaci\u00f3n de una Direcci\u00f3n de Sustentabilidad, dando a este tema especial prioridad.<\/p>\n<p>Uno de los prop\u00f3sitos m\u00e1s relevantes de esta nueva \u00e1rea es desarrollar estrategias para mejorar y combatir los estragos del cambio clim\u00e1tico manteniendo la creaci\u00f3n equilibrada de valor econ\u00f3mico, sociocultural y ambiental a nivel nacional, de manera que garantice el crecimiento arm\u00f3nico de la empresa con el bienestar de las comunidades y la protecci\u00f3n del entorno ambiental en el que opera.<\/p>\n<p>Del 31 de agosto al 03 de septiembre se llevar\u00e1 a cabo esta 6ta. Edici\u00f3n brindando a los asistentes grandes novedades, incluyendo mayores posibilidades de intercambio y networking, as\u00ed como sesiones interactivas en este destino guanajuatense l\u00edder en turismo de reuniones y que actualmente trabaja mediante acciones, programas y est\u00e1ndares de responsabilidad social y ambiental.<\/p>\n<p>Guanajuato es \u201cestado pionero en el pa\u00eds en impulsar la sustentabilidad tur\u00edstica desde la administraci\u00f3n p\u00fablica mediante el Modelo de Sustentabilidad, herramienta basada en los Criterios Globales de Turismo Sostenible para incluir pr\u00e1cticas sustentables en destinos y organismos del sector turismo de la entidad\u201d, refiri\u00f3 Juan Jos\u00e9 \u00c1lvarez Brunel, secretario de Turismo de Guanajuato.<\/p>\n<p>Como un ejemplo del compromiso con la sustentabilidad, Sectur Guanajuato implementa sistema de manejo ambiental en sus oficinas en materia de energ\u00eda, residuos, agua y uso de materiales, cabe destacar que recientemente mud\u00f3 al uso de energ\u00eda limpias; asimismo, realiz\u00f3 el lanzamiento de su \u201cPol\u00edtica Interna de Sustentabilidad\u201d que tiene por objetivo la incorporaci\u00f3n de criterios de sustentabilidad en acciones, programas y proyectos impulsados desde la Secretar\u00eda, incluyendo los eventos.<\/p>\n<p>En esta nueva edici\u00f3n en Le\u00f3n, se incorpor\u00f3 al evento la retroalimentaci\u00f3n recibida en ediciones anteriores para brindar a los participantes no solo conocimiento, soluciones, herramientas y buenas pr\u00e1cticas, sino que tambi\u00e9n las puedan vivir de primera mano con los expertos en los \u201cTalleres Tem\u00e1ticos interactivos\u201d.<\/p>\n<h3><strong>Conferencistas de primer nivel en la sexta edici\u00f3n del Sustainable &amp; Social Tourism Summit<\/strong><\/h3>\n<p>Como en ediciones anteriores, el Summit reunir\u00e1 a algunos de los m\u00e1ximos exponentes de turismo social y sostenible, entre los cuales destacan Jeremy Sampson de\u00a0 Travel Foundation- \u00a0Estados Unidos;\u00a0 Jorge Moller, Program Director para el GSTC en Latinoam\u00e9rica; \u00a0fundador\u00a0 y Director de la ONG de Regenera Chile; Diana Olivares, presidenta de la Canaero y Directora General de LATAM;\u00a0 Isaac Padr\u00f3s, creador de experiencias inclusivas; \u00a0Agencia Catalana de Turismo y Miembro del Consejo Consultivo de Turismo de catalu\u00f1a y presidente de la Asociaci\u00f3n Multicapacitats de Girona, Espa\u00f1a, entre otros.<\/p>\n<h3><strong>Expo Turismo Sustentable<\/strong><\/h3>\n<p>Este a\u00f1o se tendr\u00e1 una expo renovada y m\u00e1s grande que en otros a\u00f1os, dando oportunidad a todos los proveedores de servicios tur\u00edsticos sustentables de presentar sus productos y soluciones a todos los participantes y asistentes al evento.\u00a0 Ser\u00e1 un evento que a diferencia del programa t\u00e9cnico, estar\u00e1 abierto a todo el p\u00fablico.<\/p>\n<h3><strong>Summit provocando cambios<\/strong><\/h3>\n<p>El Sustainable &amp; Social Tourism Summit es un evento que desde sus inicios ha sido un referente en el cambio de modelo de desarrollo tur\u00edsico, por uno sustentable y socialmente responsable. Este a\u00f1o, adem\u00e1s de los Hashtags de siempre, queremos utilizar #Provocandocambios, para que todos los participantes puedan proponer ideas con este Hashtags en las redes del Summit.<\/p>\n","protected":false},"excerpt":{"rendered":"<p>Esta a\u00f1o se llevar\u00e1 a cabo la sexta edici\u00f3n del\u00a0Sustainable &amp; Social Tourism Summi, que sale de Canc\u00fan para realizarse en Le\u00f3n, Guanajuato, por lo que se espera superar las cifras previas a la pandemia y recibir 30% aproximadamente m\u00e1s participantes. As\u00ed lo coment\u00f3 Vicente Ferreyra, vicepresidente del\u00a0Sustainable &amp; Social Tourism Summit durante la presentaci\u00f3n [&hellip;]<\/p>\n","protected":false},"author":18,"featured_media":59772,"comment_status":"open","ping_status":"open","sticky":false,"template":"","format":"standard","meta":{"footnotes":""},"categories":[12],"tags":[4195,19614,3808,3499,1040],"yoast_head":"<!-- This site is optimized with the Yoast SEO plugin v22.2 - https:\/\/yoast.com\/wordpress\/plugins\/seo\/ -->\n<title>Sustainable &amp; Social Tourism Summit espera 30% m\u00e1s participantes que previo a la pandemia - Nitu - Noticias de la Industria Turistica<\/title>\n<meta name=\"robots\" content=\"index, follow, max-snippet:-1, max-image-preview:large, max-video-preview:-1\" \/>\n<link rel=\"canonical\" href=\"https:\/\/nitu.mx\/index.php\/2022\/06\/01\/sustainable-social-tourism-summit-espera-30-mas-participantes-que-previo-a-la-pandemia\/\" \/>\n<meta name=\"twitter:card\" content=\"summary_large_image\" \/>\n<meta name=\"twitter:title\" content=\"Sustainable &amp; Social Tourism Summit espera 30% m\u00e1s participantes que previo a la pandemia - Nitu - Noticias de la Industria Turistica\" \/>\n<meta name=\"twitter:description\" content=\"Esta a\u00f1o se llevar\u00e1 a cabo la sexta edici\u00f3n del\u00a0Sustainable &amp; Social Tourism Summi, que sale de Canc\u00fan para realizarse en Le\u00f3n, Guanajuato, por lo que se espera superar las cifras previas a la pandemia y recibir 30% aproximadamente m\u00e1s participantes. As\u00ed lo coment\u00f3 Vicente Ferreyra, vicepresidente del\u00a0Sustainable &amp; Social Tourism Summit durante la presentaci\u00f3n [&hellip;]\" \/>\n<meta name=\"twitter:image\" content=\"https:\/\/nitu.mx\/wp-content\/uploads\/2022\/06\/Vicente-Ferreyra-Sustainable-and-Social-Tourism-Summit-.jpg\" \/>\n<meta name=\"twitter:creator\" content=\"@NITUmx\" \/>\n<meta name=\"twitter:site\" content=\"@Arturo_Medina_G\" \/>\n<meta name=\"twitter:label1\" content=\"Escrito por\" \/>\n\t<meta name=\"twitter:data1\" content=\"Guadalupe Sixto\" \/>\n\t<meta name=\"twitter:label2\" content=\"Tiempo de lectura\" \/>\n\t<meta name=\"twitter:data2\" content=\"3 minutos\" \/>\n<script type=\"application\/ld+json\" class=\"yoast-schema-graph\">{\"@context\":\"https:\/\/schema.org\",\"@graph\":[{\"@type\":\"Article\",\"@id\":\"https:\/\/nitu.mx\/index.php\/2022\/06\/01\/sustainable-social-tourism-summit-espera-30-mas-participantes-que-previo-a-la-pandemia\/#article\",\"isPartOf\":{\"@id\":\"https:\/\/nitu.mx\/index.php\/2022\/06\/01\/sustainable-social-tourism-summit-espera-30-mas-participantes-que-previo-a-la-pandemia\/\"},\"author\":{\"name\":\"Guadalupe Sixto\",\"@id\":\"https:\/\/nitu.mx\/#\/schema\/person\/3df3082b5e46037e3f13614d28ee0b77\"},\"headline\":\"Sustainable &#038; Social Tourism Summit espera 30% m\u00e1s participantes que previo a la pandemia\",\"datePublished\":\"2022-06-01T11:34:19+00:00\",\"dateModified\":\"2022-06-01T11:46:58+00:00\",\"mainEntityOfPage\":{\"@id\":\"https:\/\/nitu.mx\/index.php\/2022\/06\/01\/sustainable-social-tourism-summit-espera-30-mas-participantes-que-previo-a-la-pandemia\/\"},\"wordCount\":693,\"commentCount\":0,\"publisher\":{\"@id\":\"https:\/\/nitu.mx\/#\/schema\/person\/ae7a53426417292d3dd07b45a33e01bc\"},\"image\":{\"@id\":\"https:\/\/nitu.mx\/index.php\/2022\/06\/01\/sustainable-social-tourism-summit-espera-30-mas-participantes-que-previo-a-la-pandemia\/#primaryimage\"},\"thumbnailUrl\":\"https:\/\/nitu.mx\/wp-content\/uploads\/2022\/06\/Vicente-Ferreyra-Sustainable-and-Social-Tourism-Summit-.jpg\",\"keywords\":[\"Braulio Arsuaga\",\"Juan Jos\u00e9 \u00c1lvarez Brunel\",\"Sectur Guanajuato\",\"Sustainable &amp; Social Tourism Summit\",\"Vicente Ferreyra\"],\"articleSection\":[\"Marketing\"],\"inLanguage\":\"es-MX\",\"potentialAction\":[{\"@type\":\"CommentAction\",\"name\":\"Comment\",\"target\":[\"https:\/\/nitu.mx\/index.php\/2022\/06\/01\/sustainable-social-tourism-summit-espera-30-mas-participantes-que-previo-a-la-pandemia\/#respond\"]}]},{\"@type\":\"WebPage\",\"@id\":\"https:\/\/nitu.mx\/index.php\/2022\/06\/01\/sustainable-social-tourism-summit-espera-30-mas-participantes-que-previo-a-la-pandemia\/\",\"url\":\"https:\/\/nitu.mx\/index.php\/2022\/06\/01\/sustainable-social-tourism-summit-espera-30-mas-participantes-que-previo-a-la-pandemia\/\",\"name\":\"Sustainable & Social Tourism Summit espera 30% m\u00e1s participantes que previo a la pandemia - Nitu - Noticias de la Industria Turistica\",\"isPartOf\":{\"@id\":\"https:\/\/nitu.mx\/#website\"},\"primaryImageOfPage\":{\"@id\":\"https:\/\/nitu.mx\/index.php\/2022\/06\/01\/sustainable-social-tourism-summit-espera-30-mas-participantes-que-previo-a-la-pandemia\/#primaryimage\"},\"image\":{\"@id\":\"https:\/\/nitu.mx\/index.php\/2022\/06\/01\/sustainable-social-tourism-summit-espera-30-mas-participantes-que-previo-a-la-pandemia\/#primaryimage\"},\"thumbnailUrl\":\"https:\/\/nitu.mx\/wp-content\/uploads\/2022\/06\/Vicente-Ferreyra-Sustainable-and-Social-Tourism-Summit-.jpg\",\"datePublished\":\"2022-06-01T11:34:19+00:00\",\"dateModified\":\"2022-06-01T11:46:58+00:00\",\"breadcrumb\":{\"@id\":\"https:\/\/nitu.mx\/index.php\/2022\/06\/01\/sustainable-social-tourism-summit-espera-30-mas-participantes-que-previo-a-la-pandemia\/#breadcrumb\"},\"inLanguage\":\"es-MX\",\"potentialAction\":[{\"@type\":\"ReadAction\",\"target\":[\"https:\/\/nitu.mx\/index.php\/2022\/06\/01\/sustainable-social-tourism-summit-espera-30-mas-participantes-que-previo-a-la-pandemia\/\"]}]},{\"@type\":\"ImageObject\",\"inLanguage\":\"es-MX\",\"@id\":\"https:\/\/nitu.mx\/index.php\/2022\/06\/01\/sustainable-social-tourism-summit-espera-30-mas-participantes-que-previo-a-la-pandemia\/#primaryimage\",\"url\":\"https:\/\/nitu.mx\/wp-content\/uploads\/2022\/06\/Vicente-Ferreyra-Sustainable-and-Social-Tourism-Summit-.jpg\",\"contentUrl\":\"https:\/\/nitu.mx\/wp-content\/uploads\/2022\/06\/Vicente-Ferreyra-Sustainable-and-Social-Tourism-Summit-.jpg\",\"width\":1200,\"height\":675},{\"@type\":\"BreadcrumbList\",\"@id\":\"https:\/\/nitu.mx\/index.php\/2022\/06\/01\/sustainable-social-tourism-summit-espera-30-mas-participantes-que-previo-a-la-pandemia\/#breadcrumb\",\"itemListElement\":[{\"@type\":\"ListItem\",\"position\":1,\"name\":\"Inicio\",\"item\":\"https:\/\/nitu.mx\/\"},{\"@type\":\"ListItem\",\"position\":2,\"name\":\"Sustainable &#038; Social Tourism Summit espera 30% m\u00e1s participantes que previo a la pandemia\"}]},{\"@type\":\"WebSite\",\"@id\":\"https:\/\/nitu.mx\/#website\",\"url\":\"https:\/\/nitu.mx\/\",\"name\":\"Nitu - Noticias de la Industria Turistica\",\"description\":\"Noticias de la Industria Turistica\",\"publisher\":{\"@id\":\"https:\/\/nitu.mx\/#\/schema\/person\/ae7a53426417292d3dd07b45a33e01bc\"},\"alternateName\":\"Noticias de la Industria Turistica\",\"potentialAction\":[{\"@type\":\"SearchAction\",\"target\":{\"@type\":\"EntryPoint\",\"urlTemplate\":\"https:\/\/nitu.mx\/?s={search_term_string}\"},\"query-input\":\"required name=search_term_string\"}],\"inLanguage\":\"es-MX\"},{\"@type\":[\"Person\",\"Organization\"],\"@id\":\"https:\/\/nitu.mx\/#\/schema\/person\/ae7a53426417292d3dd07b45a33e01bc\",\"name\":\"Arturo Medina\",\"image\":{\"@type\":\"ImageObject\",\"inLanguage\":\"es-MX\",\"@id\":\"https:\/\/nitu.mx\/#\/schema\/person\/image\/\",\"url\":\"https:\/\/nitu.mx\/wp-content\/uploads\/2024\/04\/4A315622-1904-4D5C-B022-878CDC840E04-90x90-1.jpeg\",\"contentUrl\":\"https:\/\/nitu.mx\/wp-content\/uploads\/2024\/04\/4A315622-1904-4D5C-B022-878CDC840E04-90x90-1.jpeg\",\"width\":90,\"height\":90,\"caption\":\"Arturo Medina\"},\"logo\":{\"@id\":\"https:\/\/nitu.mx\/#\/schema\/person\/image\/\"},\"description\":\"Director NITU.mx, Egresado de la Escuela de Periodismo Carlos Septi\u00e9n Garc\u00eda. Periodista y analista especializado en turismo desde hace 35 a\u00f1os, radicado en Canc\u00fan Q.Roo. arturo@nitu.mx\",\"sameAs\":[\"https:\/\/nitu.mx\",\"https:\/\/www.facebook.com\/NITUmx\/\",\"medinacancun\",\"https:\/\/twitter.com\/@Arturo_Medina_G\"]},{\"@type\":\"Person\",\"@id\":\"https:\/\/nitu.mx\/#\/schema\/person\/3df3082b5e46037e3f13614d28ee0b77\",\"name\":\"Guadalupe Sixto\",\"image\":{\"@type\":\"ImageObject\",\"inLanguage\":\"es-MX\",\"@id\":\"https:\/\/nitu.mx\/#\/schema\/person\/image\/\",\"url\":\"https:\/\/secure.gravatar.com\/avatar\/13914e1b0e1919e91f9539de4dc584c4?s=96&d=mm&r=g\",\"contentUrl\":\"https:\/\/secure.gravatar.com\/avatar\/13914e1b0e1919e91f9539de4dc584c4?s=96&d=mm&r=g\",\"caption\":\"Guadalupe Sixto\"},\"url\":\"https:\/\/nitu.mx\/index.php\/author\/gsixto\/\"}]}<\/script>\n<!-- \/ Yoast SEO plugin. -->","yoast_head_json":{"title":"Sustainable & Social Tourism Summit espera 30% m\u00e1s participantes que previo a la pandemia - Nitu - Noticias de la Industria Turistica","robots":{"index":"index","follow":"follow","max-snippet":"max-snippet:-1","max-image-preview":"max-image-preview:large","max-video-preview":"max-video-preview:-1"},"canonical":"https:\/\/nitu.mx\/index.php\/2022\/06\/01\/sustainable-social-tourism-summit-espera-30-mas-participantes-que-previo-a-la-pandemia\/","twitter_card":"summary_large_image","twitter_title":"Sustainable & Social Tourism Summit espera 30% m\u00e1s participantes que previo a la pandemia - Nitu - Noticias de la Industria Turistica","twitter_description":"Esta a\u00f1o se llevar\u00e1 a cabo la sexta edici\u00f3n del\u00a0Sustainable &amp; Social Tourism Summi, que sale de Canc\u00fan para realizarse en Le\u00f3n, Guanajuato, por lo que se espera superar las cifras previas a la pandemia y recibir 30% aproximadamente m\u00e1s participantes. As\u00ed lo coment\u00f3 Vicente Ferreyra, vicepresidente del\u00a0Sustainable &amp; Social Tourism Summit durante la presentaci\u00f3n [&hellip;]","twitter_image":"https:\/\/nitu.mx\/wp-content\/uploads\/2022\/06\/Vicente-Ferreyra-Sustainable-and-Social-Tourism-Summit-.jpg","twitter_creator":"@NITUmx","twitter_site":"@Arturo_Medina_G","twitter_misc":{"Escrito por":"Guadalupe Sixto","Tiempo de lectura":"3 minutos"},"schema":{"@context":"https:\/\/schema.org","@graph":[{"@type":"Article","@id":"https:\/\/nitu.mx\/index.php\/2022\/06\/01\/sustainable-social-tourism-summit-espera-30-mas-participantes-que-previo-a-la-pandemia\/#article","isPartOf":{"@id":"https:\/\/nitu.mx\/index.php\/2022\/06\/01\/sustainable-social-tourism-summit-espera-30-mas-participantes-que-previo-a-la-pandemia\/"},"author":{"name":"Guadalupe Sixto","@id":"https:\/\/nitu.mx\/#\/schema\/person\/3df3082b5e46037e3f13614d28ee0b77"},"headline":"Sustainable &#038; Social Tourism Summit espera 30% m\u00e1s participantes que previo a la pandemia","datePublished":"2022-06-01T11:34:19+00:00","dateModified":"2022-06-01T11:46:58+00:00","mainEntityOfPage":{"@id":"https:\/\/nitu.mx\/index.php\/2022\/06\/01\/sustainable-social-tourism-summit-espera-30-mas-participantes-que-previo-a-la-pandemia\/"},"wordCount":693,"commentCount":0,"publisher":{"@id":"https:\/\/nitu.mx\/#\/schema\/person\/ae7a53426417292d3dd07b45a33e01bc"},"image":{"@id":"https:\/\/nitu.mx\/index.php\/2022\/06\/01\/sustainable-social-tourism-summit-espera-30-mas-participantes-que-previo-a-la-pandemia\/#primaryimage"},"thumbnailUrl":"https:\/\/nitu.mx\/wp-content\/uploads\/2022\/06\/Vicente-Ferreyra-Sustainable-and-Social-Tourism-Summit-.jpg","keywords":["Braulio Arsuaga","Juan Jos\u00e9 \u00c1lvarez Brunel","Sectur Guanajuato","Sustainable &amp; Social Tourism Summit","Vicente Ferreyra"],"articleSection":["Marketing"],"inLanguage":"es-MX","potentialAction":[{"@type":"CommentAction","name":"Comment","target":["https:\/\/nitu.mx\/index.php\/2022\/06\/01\/sustainable-social-tourism-summit-espera-30-mas-participantes-que-previo-a-la-pandemia\/#respond"]}]},{"@type":"WebPage","@id":"https:\/\/nitu.mx\/index.php\/2022\/06\/01\/sustainable-social-tourism-summit-espera-30-mas-participantes-que-previo-a-la-pandemia\/","url":"https:\/\/nitu.mx\/index.php\/2022\/06\/01\/sustainable-social-tourism-summit-espera-30-mas-participantes-que-previo-a-la-pandemia\/","name":"Sustainable & Social Tourism Summit espera 30% m\u00e1s participantes que previo a la pandemia - Nitu - Noticias de la Industria Turistica","isPartOf":{"@id":"https:\/\/nitu.mx\/#website"},"primaryImageOfPage":{"@id":"https:\/\/nitu.mx\/index.php\/2022\/06\/01\/sustainable-social-tourism-summit-espera-30-mas-participantes-que-previo-a-la-pandemia\/#primaryimage"},"image":{"@id":"https:\/\/nitu.mx\/index.php\/2022\/06\/01\/sustainable-social-tourism-summit-espera-30-mas-participantes-que-previo-a-la-pandemia\/#primaryimage"},"thumbnailUrl":"https:\/\/nitu.mx\/wp-content\/uploads\/2022\/06\/Vicente-Ferreyra-Sustainable-and-Social-Tourism-Summit-.jpg","datePublished":"2022-06-01T11:34:19+00:00","dateModified":"2022-06-01T11:46:58+00:00","breadcrumb":{"@id":"https:\/\/nitu.mx\/index.php\/2022\/06\/01\/sustainable-social-tourism-summit-espera-30-mas-participantes-que-previo-a-la-pandemia\/#breadcrumb"},"inLanguage":"es-MX","potentialAction":[{"@type":"ReadAction","target":["https:\/\/nitu.mx\/index.php\/2022\/06\/01\/sustainable-social-tourism-summit-espera-30-mas-participantes-que-previo-a-la-pandemia\/"]}]},{"@type":"ImageObject","inLanguage":"es-MX","@id":"https:\/\/nitu.mx\/index.php\/2022\/06\/01\/sustainable-social-tourism-summit-espera-30-mas-participantes-que-previo-a-la-pandemia\/#primaryimage","url":"https:\/\/nitu.mx\/wp-content\/uploads\/2022\/06\/Vicente-Ferreyra-Sustainable-and-Social-Tourism-Summit-.jpg","contentUrl":"https:\/\/nitu.mx\/wp-content\/uploads\/2022\/06\/Vicente-Ferreyra-Sustainable-and-Social-Tourism-Summit-.jpg","width":1200,"height":675},{"@type":"BreadcrumbList","@id":"https:\/\/nitu.mx\/index.php\/2022\/06\/01\/sustainable-social-tourism-summit-espera-30-mas-participantes-que-previo-a-la-pandemia\/#breadcrumb","itemListElement":[{"@type":"ListItem","position":1,"name":"Inicio","item":"https:\/\/nitu.mx\/"},{"@type":"ListItem","position":2,"name":"Sustainable &#038; Social Tourism Summit espera 30% m\u00e1s participantes que previo a la pandemia"}]},{"@type":"WebSite","@id":"https:\/\/nitu.mx\/#website","url":"https:\/\/nitu.mx\/","name":"Nitu - Noticias de la Industria Turistica","description":"Noticias de la Industria Turistica","publisher":{"@id":"https:\/\/nitu.mx\/#\/schema\/person\/ae7a53426417292d3dd07b45a33e01bc"},"alternateName":"Noticias de la Industria Turistica","potentialAction":[{"@type":"SearchAction","target":{"@type":"EntryPoint","urlTemplate":"https:\/\/nitu.mx\/?s={search_term_string}"},"query-input":"required name=search_term_string"}],"inLanguage":"es-MX"},{"@type":["Person","Organization"],"@id":"https:\/\/nitu.mx\/#\/schema\/person\/ae7a53426417292d3dd07b45a33e01bc","name":"Arturo Medina","image":{"@type":"ImageObject","inLanguage":"es-MX","@id":"https:\/\/nitu.mx\/#\/schema\/person\/image\/","url":"https:\/\/nitu.mx\/wp-content\/uploads\/2024\/04\/4A315622-1904-4D5C-B022-878CDC840E04-90x90-1.jpeg","contentUrl":"https:\/\/nitu.mx\/wp-content\/uploads\/2024\/04\/4A315622-1904-4D5C-B022-878CDC840E04-90x90-1.jpeg","width":90,"height":90,"caption":"Arturo Medina"},"logo":{"@id":"https:\/\/nitu.mx\/#\/schema\/person\/image\/"},"description":"Director NITU.mx, Egresado de la Escuela de Periodismo Carlos Septi\u00e9n Garc\u00eda. Periodista y analista especializado en turismo desde hace 35 a\u00f1os, radicado en Canc\u00fan Q.Roo. arturo@nitu.mx","sameAs":["https:\/\/nitu.mx","https:\/\/www.facebook.com\/NITUmx\/","medinacancun","https:\/\/twitter.com\/@Arturo_Medina_G"]},{"@type":"Person","@id":"https:\/\/nitu.mx\/#\/schema\/person\/3df3082b5e46037e3f13614d28ee0b77","name":"Guadalupe Sixto","image":{"@type":"ImageObject","inLanguage":"es-MX","@id":"https:\/\/nitu.mx\/#\/schema\/person\/image\/","url":"https:\/\/secure.gravatar.com\/avatar\/13914e1b0e1919e91f9539de4dc584c4?s=96&d=mm&r=g","contentUrl":"https:\/\/secure.gravatar.com\/avatar\/13914e1b0e1919e91f9539de4dc584c4?s=96&d=mm&r=g","caption":"Guadalupe Sixto"},"url":"https:\/\/nitu.mx\/index.php\/author\/gsixto\/"}]}},"views":836,"_links":{"self":[{"href":"https:\/\/nitu.mx\/index.php\/wp-json\/wp\/v2\/posts\/59763"}],"collection":[{"href":"https:\/\/nitu.mx\/index.php\/wp-json\/wp\/v2\/posts"}],"about":[{"href":"https:\/\/nitu.mx\/index.php\/wp-json\/wp\/v2\/types\/post"}],"author":[{"embeddable":true,"href":"https:\/\/nitu.mx\/index.php\/wp-json\/wp\/v2\/users\/18"}],"replies":[{"embeddable":true,"href":"https:\/\/nitu.mx\/index.php\/wp-json\/wp\/v2\/comments?post=59763"}],"version-history":[{"count":2,"href":"https:\/\/nitu.mx\/index.php\/wp-json\/wp\/v2\/posts\/59763\/revisions"}],"predecessor-version":[{"id":59773,"href":"https:\/\/nitu.mx\/index.php\/wp-json\/wp\/v2\/posts\/59763\/revisions\/59773"}],"wp:featuredmedia":[{"embeddable":true,"href":"https:\/\/nitu.mx\/index.php\/wp-json\/wp\/v2\/media\/59772"}],"wp:attachment":[{"href":"https:\/\/nitu.mx\/index.php\/wp-json\/wp\/v2\/media?parent=59763"}],"wp:term":[{"taxonomy":"category","embeddable":true,"href":"https:\/\/nitu.mx\/index.php\/wp-json\/wp\/v2\/categories?post=59763"},{"taxonomy":"post_tag","embeddable":true,"href":"https:\/\/nitu.mx\/index.php\/wp-json\/wp\/v2\/tags?post=59763"}],"curies":[{"name":"wp","href":"https:\/\/api.w.org\/{rel}","templated":true}]}}