{"id":59682,"date":"2022-05-26T04:26:30","date_gmt":"2022-05-26T09:26:30","guid":{"rendered":"https:\/\/www.dev.nitu.mx\/?p=59682"},"modified":"2022-05-26T04:27:50","modified_gmt":"2022-05-26T09:27:50","slug":"yucatan-y-viajes-el-corte-ingles-firman-alianza-para-atraer-turismo-europeo","status":"publish","type":"post","link":"https:\/\/nitu.mx\/index.php\/2022\/05\/26\/yucatan-y-viajes-el-corte-ingles-firman-alianza-para-atraer-turismo-europeo\/","title":{"rendered":"Yucat\u00e1n y Viajes El Corte Ingl\u00e9s firman alianza para atraer turismo europeo"},"content":{"rendered":"<p>Como parte de las actividades de trabajo en Tianguis Tur\u00edstico 202, el Gobierno de Yucat\u00e1n, a trav\u00e9s de la Secretar\u00eda de Fomento Tur\u00edstico de Yucat\u00e1n (SEFOTUR), firm\u00f3 una alianza con la agencia internacional Viajes El Corte Ingl\u00e9s, para reforzar el posicionamiento del destino en el mercado europeo.<\/p>\n<p>Este nuevo acuerdo fue validado por CEO de Viajes El Cort\u00e9 Ingl\u00e9s, Jorge Schoenenberger y la titular de Sefotur Yucat\u00e1n, Michelle Fridman, dentro del pabell\u00f3n de la entidad ante testigos que celebraron la formalizaci\u00f3n de esta alianza que la dependencia ha venido trabajando como parte de sus iniciativas por convertir a la entidad en un referente tur\u00edstico internacional.<\/p>\n<p>\u201cSefotur ha ido trabajando hombro con hombro con el sector privado y la industria tur\u00edstica; por ello hemos ido creciendo de manera constante en los \u00faltimos a\u00f1os. Los indicadores m\u00e1s recientes muestran que este 2022 es el a\u00f1o de la recuperaci\u00f3n tur\u00edstica de Yucat\u00e1n\u201d, puntualiz\u00f3 Fridman Hirsch.<\/p>\n<p>Dentro de las acciones prioritarias de la Sefotur se encuentra el posicionar en el top of mind del viajero a Yucat\u00e1n como un destino que lo tiene todo; una tierra aut\u00e9ntica que ofrece experiencias enriquecedoras que permiten vincularse con la vida en espacios naturales a trav\u00e9s de la conexi\u00f3n con sus zonas arqueol\u00f3gicas, selva, cenotes, haciendas, hoteles boutiques y mucho m\u00e1s.<\/p>\n<p>Tambi\u00e9n hay que destacar las impresionantes playas de la pen\u00ednsula donde las aguas del Golfo se funden con el mar Caribe en un espect\u00e1culo \u00fanico de colores azules y verde esmeralda, haciendo de sus 378 kil\u00f3metros de costa una locaci\u00f3n privilegiada que permite disfrutar de amaneceres\u00a0 y atardeceres espectaculares.<\/p>\n<p>Adicionalmente, Sefotur tambi\u00e9n firm\u00f3 un Convenio de Intenci\u00f3n con San Miguel de Allende, Guanajuato., uno de los Pueblos M\u00e1gicos m\u00e1s importantes del pa\u00eds; siendo junto con M\u00e9rida dos de las ciudades m\u00e1s seguras de M\u00e9xico, y que adem\u00e1s son las \u00fanicas en M\u00e9xico, que comparten el reconocimiento como The Best City in the World en la categor\u00eda Small Cities por la publicaci\u00f3n Cond\u00e9 Nast Traveler.<\/p>\n<p>As\u00ed como, tambi\u00e9n otra de las similitudes entre M\u00e9rida y San Miguel, es que ambas han sido Capital Americana de la Cultura, siendo este un atractivo m\u00e1s para la visita y la permanencia de turistas extranjeros que son atra\u00eddos a\u00f1o con a\u00f1o por las m\u00faltiples caracter\u00edsticas y la amplia oferta tur\u00edstica que existe en estos destinos, por lo que esta intenci\u00f3n de generar lazos colaborativos para la promoci\u00f3n de ambas ciudades, reforzando esto, con el reciente anuncio de la reactivaci\u00f3n del vuelo con Volaris en la ruta M\u00e9rida \u2013 Le\u00f3n.<\/p>\n","protected":false},"excerpt":{"rendered":"<p>Como parte de las actividades de trabajo en Tianguis Tur\u00edstico 202, el Gobierno de Yucat\u00e1n, a trav\u00e9s de la Secretar\u00eda de Fomento Tur\u00edstico de Yucat\u00e1n (SEFOTUR), firm\u00f3 una alianza con la agencia internacional Viajes El Corte Ingl\u00e9s, para reforzar el posicionamiento del destino en el mercado europeo. Este nuevo acuerdo fue validado por CEO de [&hellip;]<\/p>\n","protected":false},"author":17,"featured_media":59683,"comment_status":"open","ping_status":"open","sticky":false,"template":"","format":"standard","meta":{"footnotes":""},"categories":[5],"tags":[12599,12989,2765,131,449],"yoast_head":"<!-- This site is optimized with the Yoast SEO plugin v22.2 - https:\/\/yoast.com\/wordpress\/plugins\/seo\/ -->\n<title>Yucat\u00e1n y Viajes El Corte Ingl\u00e9s firman alianza para atraer turismo europeo - Nitu - Noticias de la Industria Turistica<\/title>\n<meta name=\"robots\" content=\"index, follow, max-snippet:-1, max-image-preview:large, max-video-preview:-1\" \/>\n<link rel=\"canonical\" href=\"https:\/\/nitu.mx\/index.php\/2022\/05\/26\/yucatan-y-viajes-el-corte-ingles-firman-alianza-para-atraer-turismo-europeo\/\" \/>\n<meta name=\"twitter:card\" content=\"summary_large_image\" \/>\n<meta name=\"twitter:title\" content=\"Yucat\u00e1n y Viajes El Corte Ingl\u00e9s firman alianza para atraer turismo europeo - Nitu - Noticias de la Industria Turistica\" \/>\n<meta name=\"twitter:description\" content=\"Como parte de las actividades de trabajo en Tianguis Tur\u00edstico 202, el Gobierno de Yucat\u00e1n, a trav\u00e9s de la Secretar\u00eda de Fomento Tur\u00edstico de Yucat\u00e1n (SEFOTUR), firm\u00f3 una alianza con la agencia internacional Viajes El Corte Ingl\u00e9s, para reforzar el posicionamiento del destino en el mercado europeo. Este nuevo acuerdo fue validado por CEO de [&hellip;]\" \/>\n<meta name=\"twitter:image\" content=\"https:\/\/nitu.mx\/wp-content\/uploads\/2022\/05\/Yucata\u0301n-alianza-Corte-ingle\u0301s.jpg\" \/>\n<meta name=\"twitter:creator\" content=\"@NITUmx\" \/>\n<meta name=\"twitter:site\" content=\"@Arturo_Medina_G\" \/>\n<meta name=\"twitter:label1\" content=\"Escrito por\" \/>\n\t<meta name=\"twitter:data1\" content=\"Redacci\u00f3n\" \/>\n\t<meta name=\"twitter:label2\" content=\"Tiempo de lectura\" \/>\n\t<meta name=\"twitter:data2\" content=\"2 minutos\" \/>\n<script type=\"application\/ld+json\" class=\"yoast-schema-graph\">{\"@context\":\"https:\/\/schema.org\",\"@graph\":[{\"@type\":\"Article\",\"@id\":\"https:\/\/nitu.mx\/index.php\/2022\/05\/26\/yucatan-y-viajes-el-corte-ingles-firman-alianza-para-atraer-turismo-europeo\/#article\",\"isPartOf\":{\"@id\":\"https:\/\/nitu.mx\/index.php\/2022\/05\/26\/yucatan-y-viajes-el-corte-ingles-firman-alianza-para-atraer-turismo-europeo\/\"},\"author\":{\"name\":\"Redacci\u00f3n\",\"@id\":\"https:\/\/nitu.mx\/#\/schema\/person\/4a28fe9bd65924f7c90623773daf1b0b\"},\"headline\":\"Yucat\u00e1n y Viajes El Corte Ingl\u00e9s firman alianza para atraer turismo europeo\",\"datePublished\":\"2022-05-26T09:26:30+00:00\",\"dateModified\":\"2022-05-26T09:27:50+00:00\",\"mainEntityOfPage\":{\"@id\":\"https:\/\/nitu.mx\/index.php\/2022\/05\/26\/yucatan-y-viajes-el-corte-ingles-firman-alianza-para-atraer-turismo-europeo\/\"},\"wordCount\":483,\"commentCount\":0,\"publisher\":{\"@id\":\"https:\/\/nitu.mx\/#\/schema\/person\/ae7a53426417292d3dd07b45a33e01bc\"},\"image\":{\"@id\":\"https:\/\/nitu.mx\/index.php\/2022\/05\/26\/yucatan-y-viajes-el-corte-ingles-firman-alianza-para-atraer-turismo-europeo\/#primaryimage\"},\"thumbnailUrl\":\"https:\/\/nitu.mx\/wp-content\/uploads\/2022\/05\/Yucata\u0301n-alianza-Corte-ingle\u0301s.jpg\",\"keywords\":[\"Michelle Fridman\",\"Sefotur\",\"Viajes El Corte Ingl\u00e9s\",\"Volaris\",\"Yucat\u00e1n\"],\"articleSection\":[\"Destinos\"],\"inLanguage\":\"es-MX\",\"potentialAction\":[{\"@type\":\"CommentAction\",\"name\":\"Comment\",\"target\":[\"https:\/\/nitu.mx\/index.php\/2022\/05\/26\/yucatan-y-viajes-el-corte-ingles-firman-alianza-para-atraer-turismo-europeo\/#respond\"]}]},{\"@type\":\"WebPage\",\"@id\":\"https:\/\/nitu.mx\/index.php\/2022\/05\/26\/yucatan-y-viajes-el-corte-ingles-firman-alianza-para-atraer-turismo-europeo\/\",\"url\":\"https:\/\/nitu.mx\/index.php\/2022\/05\/26\/yucatan-y-viajes-el-corte-ingles-firman-alianza-para-atraer-turismo-europeo\/\",\"name\":\"Yucat\u00e1n y Viajes El Corte Ingl\u00e9s firman alianza para atraer turismo europeo - Nitu - Noticias de la Industria Turistica\",\"isPartOf\":{\"@id\":\"https:\/\/nitu.mx\/#website\"},\"primaryImageOfPage\":{\"@id\":\"https:\/\/nitu.mx\/index.php\/2022\/05\/26\/yucatan-y-viajes-el-corte-ingles-firman-alianza-para-atraer-turismo-europeo\/#primaryimage\"},\"image\":{\"@id\":\"https:\/\/nitu.mx\/index.php\/2022\/05\/26\/yucatan-y-viajes-el-corte-ingles-firman-alianza-para-atraer-turismo-europeo\/#primaryimage\"},\"thumbnailUrl\":\"https:\/\/nitu.mx\/wp-content\/uploads\/2022\/05\/Yucata\u0301n-alianza-Corte-ingle\u0301s.jpg\",\"datePublished\":\"2022-05-26T09:26:30+00:00\",\"dateModified\":\"2022-05-26T09:27:50+00:00\",\"breadcrumb\":{\"@id\":\"https:\/\/nitu.mx\/index.php\/2022\/05\/26\/yucatan-y-viajes-el-corte-ingles-firman-alianza-para-atraer-turismo-europeo\/#breadcrumb\"},\"inLanguage\":\"es-MX\",\"potentialAction\":[{\"@type\":\"ReadAction\",\"target\":[\"https:\/\/nitu.mx\/index.php\/2022\/05\/26\/yucatan-y-viajes-el-corte-ingles-firman-alianza-para-atraer-turismo-europeo\/\"]}]},{\"@type\":\"ImageObject\",\"inLanguage\":\"es-MX\",\"@id\":\"https:\/\/nitu.mx\/index.php\/2022\/05\/26\/yucatan-y-viajes-el-corte-ingles-firman-alianza-para-atraer-turismo-europeo\/#primaryimage\",\"url\":\"https:\/\/nitu.mx\/wp-content\/uploads\/2022\/05\/Yucata\u0301n-alianza-Corte-ingle\u0301s.jpg\",\"contentUrl\":\"https:\/\/nitu.mx\/wp-content\/uploads\/2022\/05\/Yucata\u0301n-alianza-Corte-ingle\u0301s.jpg\",\"width\":1200,\"height\":675},{\"@type\":\"BreadcrumbList\",\"@id\":\"https:\/\/nitu.mx\/index.php\/2022\/05\/26\/yucatan-y-viajes-el-corte-ingles-firman-alianza-para-atraer-turismo-europeo\/#breadcrumb\",\"itemListElement\":[{\"@type\":\"ListItem\",\"position\":1,\"name\":\"Inicio\",\"item\":\"https:\/\/nitu.mx\/\"},{\"@type\":\"ListItem\",\"position\":2,\"name\":\"Yucat\u00e1n y Viajes El Corte Ingl\u00e9s firman alianza para atraer turismo europeo\"}]},{\"@type\":\"WebSite\",\"@id\":\"https:\/\/nitu.mx\/#website\",\"url\":\"https:\/\/nitu.mx\/\",\"name\":\"Nitu - Noticias de la Industria Turistica\",\"description\":\"Noticias de la Industria Turistica\",\"publisher\":{\"@id\":\"https:\/\/nitu.mx\/#\/schema\/person\/ae7a53426417292d3dd07b45a33e01bc\"},\"alternateName\":\"Noticias de la Industria Turistica\",\"potentialAction\":[{\"@type\":\"SearchAction\",\"target\":{\"@type\":\"EntryPoint\",\"urlTemplate\":\"https:\/\/nitu.mx\/?s={search_term_string}\"},\"query-input\":\"required name=search_term_string\"}],\"inLanguage\":\"es-MX\"},{\"@type\":[\"Person\",\"Organization\"],\"@id\":\"https:\/\/nitu.mx\/#\/schema\/person\/ae7a53426417292d3dd07b45a33e01bc\",\"name\":\"Arturo Medina\",\"image\":{\"@type\":\"ImageObject\",\"inLanguage\":\"es-MX\",\"@id\":\"https:\/\/nitu.mx\/#\/schema\/person\/image\/\",\"url\":\"https:\/\/nitu.mx\/wp-content\/uploads\/2024\/04\/4A315622-1904-4D5C-B022-878CDC840E04-90x90-1.jpeg\",\"contentUrl\":\"https:\/\/nitu.mx\/wp-content\/uploads\/2024\/04\/4A315622-1904-4D5C-B022-878CDC840E04-90x90-1.jpeg\",\"width\":90,\"height\":90,\"caption\":\"Arturo Medina\"},\"logo\":{\"@id\":\"https:\/\/nitu.mx\/#\/schema\/person\/image\/\"},\"description\":\"Director NITU.mx, Egresado de la Escuela de Periodismo Carlos Septi\u00e9n Garc\u00eda. Periodista y analista especializado en turismo desde hace 35 a\u00f1os, radicado en Canc\u00fan Q.Roo. arturo@nitu.mx\",\"sameAs\":[\"https:\/\/nitu.mx\",\"https:\/\/www.facebook.com\/NITUmx\/\",\"medinacancun\",\"https:\/\/twitter.com\/@Arturo_Medina_G\"]},{\"@type\":\"Person\",\"@id\":\"https:\/\/nitu.mx\/#\/schema\/person\/4a28fe9bd65924f7c90623773daf1b0b\",\"name\":\"Redacci\u00f3n\",\"image\":{\"@type\":\"ImageObject\",\"inLanguage\":\"es-MX\",\"@id\":\"https:\/\/nitu.mx\/#\/schema\/person\/image\/\",\"url\":\"https:\/\/secure.gravatar.com\/avatar\/5dd011c8ccfc5cd7e4c81e42252aab38?s=96&d=mm&r=g\",\"contentUrl\":\"https:\/\/secure.gravatar.com\/avatar\/5dd011c8ccfc5cd7e4c81e42252aab38?s=96&d=mm&r=g\",\"caption\":\"Redacci\u00f3n\"},\"url\":\"https:\/\/nitu.mx\/index.php\/author\/redaccion\/\"}]}<\/script>\n<!-- \/ Yoast SEO plugin. -->","yoast_head_json":{"title":"Yucat\u00e1n y Viajes El Corte Ingl\u00e9s firman alianza para atraer turismo europeo - Nitu - Noticias de la Industria Turistica","robots":{"index":"index","follow":"follow","max-snippet":"max-snippet:-1","max-image-preview":"max-image-preview:large","max-video-preview":"max-video-preview:-1"},"canonical":"https:\/\/nitu.mx\/index.php\/2022\/05\/26\/yucatan-y-viajes-el-corte-ingles-firman-alianza-para-atraer-turismo-europeo\/","twitter_card":"summary_large_image","twitter_title":"Yucat\u00e1n y Viajes El Corte Ingl\u00e9s firman alianza para atraer turismo europeo - Nitu - Noticias de la Industria Turistica","twitter_description":"Como parte de las actividades de trabajo en Tianguis Tur\u00edstico 202, el Gobierno de Yucat\u00e1n, a trav\u00e9s de la Secretar\u00eda de Fomento Tur\u00edstico de Yucat\u00e1n (SEFOTUR), firm\u00f3 una alianza con la agencia internacional Viajes El Corte Ingl\u00e9s, para reforzar el posicionamiento del destino en el mercado europeo. Este nuevo acuerdo fue validado por CEO de [&hellip;]","twitter_image":"https:\/\/nitu.mx\/wp-content\/uploads\/2022\/05\/Yucata\u0301n-alianza-Corte-ingle\u0301s.jpg","twitter_creator":"@NITUmx","twitter_site":"@Arturo_Medina_G","twitter_misc":{"Escrito por":"Redacci\u00f3n","Tiempo de lectura":"2 minutos"},"schema":{"@context":"https:\/\/schema.org","@graph":[{"@type":"Article","@id":"https:\/\/nitu.mx\/index.php\/2022\/05\/26\/yucatan-y-viajes-el-corte-ingles-firman-alianza-para-atraer-turismo-europeo\/#article","isPartOf":{"@id":"https:\/\/nitu.mx\/index.php\/2022\/05\/26\/yucatan-y-viajes-el-corte-ingles-firman-alianza-para-atraer-turismo-europeo\/"},"author":{"name":"Redacci\u00f3n","@id":"https:\/\/nitu.mx\/#\/schema\/person\/4a28fe9bd65924f7c90623773daf1b0b"},"headline":"Yucat\u00e1n y Viajes El Corte Ingl\u00e9s firman alianza para atraer turismo europeo","datePublished":"2022-05-26T09:26:30+00:00","dateModified":"2022-05-26T09:27:50+00:00","mainEntityOfPage":{"@id":"https:\/\/nitu.mx\/index.php\/2022\/05\/26\/yucatan-y-viajes-el-corte-ingles-firman-alianza-para-atraer-turismo-europeo\/"},"wordCount":483,"commentCount":0,"publisher":{"@id":"https:\/\/nitu.mx\/#\/schema\/person\/ae7a53426417292d3dd07b45a33e01bc"},"image":{"@id":"https:\/\/nitu.mx\/index.php\/2022\/05\/26\/yucatan-y-viajes-el-corte-ingles-firman-alianza-para-atraer-turismo-europeo\/#primaryimage"},"thumbnailUrl":"https:\/\/nitu.mx\/wp-content\/uploads\/2022\/05\/Yucata\u0301n-alianza-Corte-ingle\u0301s.jpg","keywords":["Michelle Fridman","Sefotur","Viajes El Corte Ingl\u00e9s","Volaris","Yucat\u00e1n"],"articleSection":["Destinos"],"inLanguage":"es-MX","potentialAction":[{"@type":"CommentAction","name":"Comment","target":["https:\/\/nitu.mx\/index.php\/2022\/05\/26\/yucatan-y-viajes-el-corte-ingles-firman-alianza-para-atraer-turismo-europeo\/#respond"]}]},{"@type":"WebPage","@id":"https:\/\/nitu.mx\/index.php\/2022\/05\/26\/yucatan-y-viajes-el-corte-ingles-firman-alianza-para-atraer-turismo-europeo\/","url":"https:\/\/nitu.mx\/index.php\/2022\/05\/26\/yucatan-y-viajes-el-corte-ingles-firman-alianza-para-atraer-turismo-europeo\/","name":"Yucat\u00e1n y Viajes El Corte Ingl\u00e9s firman alianza para atraer turismo europeo - Nitu - Noticias de la Industria Turistica","isPartOf":{"@id":"https:\/\/nitu.mx\/#website"},"primaryImageOfPage":{"@id":"https:\/\/nitu.mx\/index.php\/2022\/05\/26\/yucatan-y-viajes-el-corte-ingles-firman-alianza-para-atraer-turismo-europeo\/#primaryimage"},"image":{"@id":"https:\/\/nitu.mx\/index.php\/2022\/05\/26\/yucatan-y-viajes-el-corte-ingles-firman-alianza-para-atraer-turismo-europeo\/#primaryimage"},"thumbnailUrl":"https:\/\/nitu.mx\/wp-content\/uploads\/2022\/05\/Yucata\u0301n-alianza-Corte-ingle\u0301s.jpg","datePublished":"2022-05-26T09:26:30+00:00","dateModified":"2022-05-26T09:27:50+00:00","breadcrumb":{"@id":"https:\/\/nitu.mx\/index.php\/2022\/05\/26\/yucatan-y-viajes-el-corte-ingles-firman-alianza-para-atraer-turismo-europeo\/#breadcrumb"},"inLanguage":"es-MX","potentialAction":[{"@type":"ReadAction","target":["https:\/\/nitu.mx\/index.php\/2022\/05\/26\/yucatan-y-viajes-el-corte-ingles-firman-alianza-para-atraer-turismo-europeo\/"]}]},{"@type":"ImageObject","inLanguage":"es-MX","@id":"https:\/\/nitu.mx\/index.php\/2022\/05\/26\/yucatan-y-viajes-el-corte-ingles-firman-alianza-para-atraer-turismo-europeo\/#primaryimage","url":"https:\/\/nitu.mx\/wp-content\/uploads\/2022\/05\/Yucata\u0301n-alianza-Corte-ingle\u0301s.jpg","contentUrl":"https:\/\/nitu.mx\/wp-content\/uploads\/2022\/05\/Yucata\u0301n-alianza-Corte-ingle\u0301s.jpg","width":1200,"height":675},{"@type":"BreadcrumbList","@id":"https:\/\/nitu.mx\/index.php\/2022\/05\/26\/yucatan-y-viajes-el-corte-ingles-firman-alianza-para-atraer-turismo-europeo\/#breadcrumb","itemListElement":[{"@type":"ListItem","position":1,"name":"Inicio","item":"https:\/\/nitu.mx\/"},{"@type":"ListItem","position":2,"name":"Yucat\u00e1n y Viajes El Corte Ingl\u00e9s firman alianza para atraer turismo europeo"}]},{"@type":"WebSite","@id":"https:\/\/nitu.mx\/#website","url":"https:\/\/nitu.mx\/","name":"Nitu - Noticias de la Industria Turistica","description":"Noticias de la Industria Turistica","publisher":{"@id":"https:\/\/nitu.mx\/#\/schema\/person\/ae7a53426417292d3dd07b45a33e01bc"},"alternateName":"Noticias de la Industria Turistica","potentialAction":[{"@type":"SearchAction","target":{"@type":"EntryPoint","urlTemplate":"https:\/\/nitu.mx\/?s={search_term_string}"},"query-input":"required name=search_term_string"}],"inLanguage":"es-MX"},{"@type":["Person","Organization"],"@id":"https:\/\/nitu.mx\/#\/schema\/person\/ae7a53426417292d3dd07b45a33e01bc","name":"Arturo Medina","image":{"@type":"ImageObject","inLanguage":"es-MX","@id":"https:\/\/nitu.mx\/#\/schema\/person\/image\/","url":"https:\/\/nitu.mx\/wp-content\/uploads\/2024\/04\/4A315622-1904-4D5C-B022-878CDC840E04-90x90-1.jpeg","contentUrl":"https:\/\/nitu.mx\/wp-content\/uploads\/2024\/04\/4A315622-1904-4D5C-B022-878CDC840E04-90x90-1.jpeg","width":90,"height":90,"caption":"Arturo Medina"},"logo":{"@id":"https:\/\/nitu.mx\/#\/schema\/person\/image\/"},"description":"Director NITU.mx, Egresado de la Escuela de Periodismo Carlos Septi\u00e9n Garc\u00eda. Periodista y analista especializado en turismo desde hace 35 a\u00f1os, radicado en Canc\u00fan Q.Roo. arturo@nitu.mx","sameAs":["https:\/\/nitu.mx","https:\/\/www.facebook.com\/NITUmx\/","medinacancun","https:\/\/twitter.com\/@Arturo_Medina_G"]},{"@type":"Person","@id":"https:\/\/nitu.mx\/#\/schema\/person\/4a28fe9bd65924f7c90623773daf1b0b","name":"Redacci\u00f3n","image":{"@type":"ImageObject","inLanguage":"es-MX","@id":"https:\/\/nitu.mx\/#\/schema\/person\/image\/","url":"https:\/\/secure.gravatar.com\/avatar\/5dd011c8ccfc5cd7e4c81e42252aab38?s=96&d=mm&r=g","contentUrl":"https:\/\/secure.gravatar.com\/avatar\/5dd011c8ccfc5cd7e4c81e42252aab38?s=96&d=mm&r=g","caption":"Redacci\u00f3n"},"url":"https:\/\/nitu.mx\/index.php\/author\/redaccion\/"}]}},"views":239,"_links":{"self":[{"href":"https:\/\/nitu.mx\/index.php\/wp-json\/wp\/v2\/posts\/59682"}],"collection":[{"href":"https:\/\/nitu.mx\/index.php\/wp-json\/wp\/v2\/posts"}],"about":[{"href":"https:\/\/nitu.mx\/index.php\/wp-json\/wp\/v2\/types\/post"}],"author":[{"embeddable":true,"href":"https:\/\/nitu.mx\/index.php\/wp-json\/wp\/v2\/users\/17"}],"replies":[{"embeddable":true,"href":"https:\/\/nitu.mx\/index.php\/wp-json\/wp\/v2\/comments?post=59682"}],"version-history":[{"count":1,"href":"https:\/\/nitu.mx\/index.php\/wp-json\/wp\/v2\/posts\/59682\/revisions"}],"predecessor-version":[{"id":59684,"href":"https:\/\/nitu.mx\/index.php\/wp-json\/wp\/v2\/posts\/59682\/revisions\/59684"}],"wp:featuredmedia":[{"embeddable":true,"href":"https:\/\/nitu.mx\/index.php\/wp-json\/wp\/v2\/media\/59683"}],"wp:attachment":[{"href":"https:\/\/nitu.mx\/index.php\/wp-json\/wp\/v2\/media?parent=59682"}],"wp:term":[{"taxonomy":"category","embeddable":true,"href":"https:\/\/nitu.mx\/index.php\/wp-json\/wp\/v2\/categories?post=59682"},{"taxonomy":"post_tag","embeddable":true,"href":"https:\/\/nitu.mx\/index.php\/wp-json\/wp\/v2\/tags?post=59682"}],"curies":[{"name":"wp","href":"https:\/\/api.w.org\/{rel}","templated":true}]}}