{"id":59592,"date":"2022-05-20T04:53:20","date_gmt":"2022-05-20T09:53:20","guid":{"rendered":"https:\/\/www.dev.nitu.mx\/?p=59592"},"modified":"2022-05-20T04:53:20","modified_gmt":"2022-05-20T09:53:20","slug":"cnet-y-cicotur-analizan-afectaciones-al-turismo-durante-la-pandemia","status":"publish","type":"post","link":"https:\/\/nitu.mx\/index.php\/2022\/05\/20\/cnet-y-cicotur-analizan-afectaciones-al-turismo-durante-la-pandemia\/","title":{"rendered":"CNET y Cicotur analizan afectaciones al turismo durante la pandemia"},"content":{"rendered":"<div class=\"page\" title=\"Page 1\">\n<div class=\"layoutArea\">\n<div class=\"column\">\n<p>El Consejo Nacional Empresarial Turi\u0301stico (CNET) y el Centro de Investigacio\u0301n y Competitividad Turi\u0301stica Ana\u0301huac (Cicotur) presentaron el documento \u201cTurismo y pandemia en Me\u0301xico. Un balance de las afectaciones\u201d, donde se expone lo \u201cine\u0301dito\u201d y la \u201cdescomunal\u201d dimensio\u0301n de la Covid-19 y su afectacio\u0301n en materia turi\u0301stica.<\/p>\n<p>Durante la presentacio\u0301n del documento, Braulio Arsuaga Losada, presidente del CNET, sen\u0303alo\u0301 que hay segmentos que a la fecha no esta\u0301n recuperados como grupos y convenciones, otros como viajeros de negocios esta\u0301n lejos de tener una recuperacio\u0301n franca, adema\u0301s de diversos conceptos y destinos afectados como Pueblos Ma\u0301gicos.<\/p>\n<p>\u201cCreo que lo ma\u0301s grave es que hay empresarios y empresas que siguen afectadas, o que algunas han desaparecido, pero al final de cuentas creo que tambie\u0301n la industria, a trave\u0301s de los empresarios que para mi\u0301 es el he\u0301roe, hemos dado la cara\u201d, declaro\u0301.<\/p>\n<p>Indico\u0301 que no se pueden echar las campanas al vuelo aunque existe una recuperacio\u0301n en el segmento de sol y playa, pues no se puede pensar so\u0301lo en destinos recuperados como Baja California Sur.<\/p>\n<p>A su vez Francisco Madrid Flores, director de Cicotur, indico\u0301 que el taman\u0303o de las afectaciones no se resarce con la recuperacio\u0301n que se observa. \u201cDicho de manera coloquial: es cierto que el hoyo que hizo la pandemia en el sector ya no esta\u0301 creciendo, pero no se ha cerrado\u201d.<\/p>\n<\/div>\n<\/div>\n<\/div>\n<div class=\"page\" title=\"Page 2\">\n<div class=\"layoutArea\">\n<div class=\"column\">\n<p>Por eso la intencio\u0301n del documento es hacer un balance de 2020 y 2021 y \u201cde manera inicial simplemente recordar lo ine\u0301dito, la descomunal dimensio\u0301n de la pandemia y su afectacio\u0301n en materia turi\u0301stica\u201d.<\/p>\n<p>En el documento presentado por CNET y Cicotur Ana\u0301huac se llama a \u201cno caer en triunfalismos y ponderar en su justa medida los avances, reconociendo la profundidad de los impactos, muchos de los cuales son irreversibles\u201d.<\/p>\n<p>Dichos impactos, expone, \u201cse tradujeron en el cierre masivo de empresas o en su endeudamiento para hacer frente a las pe\u0301rdidas, asi\u0301 como en la desaparicio\u0301n de decenas de miles de empleos que au\u0301n no se recuperan, con la consiguiente degradacio\u0301n en la calidad de vida de un muy importante nu\u0301mero de familias mexicanas\u201d.<\/p>\n<p>Subraya adema\u0301s que \u201cla complejidad de la situacio\u0301n demanda la multiplicacio\u0301n de apoyos pu\u0301blicos para la industria. En la medida que estos apoyos no fluyan y se posterguen, la pe\u0301rdida de capacidades estructurales se hara\u0301 ma\u0301s visible y se presentara\u0301 un retraso en la adaptacio\u0301n a los nuevos retos que depare el futuro del turismo\u201d.<\/p>\n<p>De acuerdo con el estudio del impacto de la pandemia durante los u\u0301ltimos dos an\u0303os, de los 7.9 puntos que cayo\u0301 el Producto Interno Bruto (PIB) nacional en 2020, 2.2 puntos pueden atribuirse a los impactos al turismo por la pandemia.<\/p>\n<p>\u201cLa cai\u0301da anual del PIB turi\u0301stico en 2020 fue de 25.4 por ciento. Con ello, la contribucio\u0301n del PIB turi\u0301stico al PIB nacional fue de 6.9 por ciento a precios constantes, cifra inferior al 8.7 por ciento que se habi\u0301a mantenido en an\u0303os recientes\u201d, refiere.<\/p>\n<p>Adema\u0301s la estimacio\u0301n de Cicotur es que el PIB Turi\u0301stico disminuyo\u0301 en 2021 en relacio\u0301n con 2019 en 16.0 por ciento; \u201cse estima que el turismo habri\u0301a contribuido con 7.1 por ciento del PIB nacional a precios constantes. Asi\u0301, de los 3.9 puntos que se redujo el PIB nacional, con relacio\u0301n a los niveles de 2019, 1.3 puntos se explicari\u0301an por las afectaciones del turismo\u201d.<\/p>\n<p>Sobre los puestos de trabajo en el sector advierte que, con datos del Instituto Mexicano del Seguro Social (IMSS), \u201cel empleo formal en turismo en enero de 2022 se encontraba 114 mil 984 trabajadores asegurados por debajo del nivel de enero de 2020\u201d.<\/p>\n<p>En tanto, \u201cla Secretari\u0301a de Turismo estima una disminucio\u0301n de 174 mil 296 empleos en el sector entre el u\u0301ltimo cuatrimestre de 2021 y el mismo periodo de 2019\u201d.<\/p>\n<\/div>\n<\/div>\n<\/div>\n<div class=\"page\" title=\"Page 3\">\n<div class=\"layoutArea\">\n<div class=\"column\">\n<p>Adema\u0301s de lo anterior, los empresarios turi\u0301sticos del pai\u0301s consideran que la recuperacio\u0301n del turismo se concretara\u0301 en 2023, so\u0301lo 13 por ciento opina que se consolidara\u0301 en 2022 y 17.4 por ciento opina que sera\u0301 de 2023 en adelante.<\/p>\n<p>Braulio Arsuaga recordo\u0301 que el turismo es el mejor aliado para el combate a la pobreza y la marginacio\u0301n, y \u201cen el CNET estamos muy sensibilizados sobre este tema y trabajando en conjunto para poder salir de la pandemia lo antes posible y reactivar el turismo de manera correcta\u201d.<\/p>\n<\/div>\n<\/div>\n<\/div>\n","protected":false},"excerpt":{"rendered":"<p>El Consejo Nacional Empresarial Turi\u0301stico (CNET) y el Centro de Investigacio\u0301n y Competitividad Turi\u0301stica Ana\u0301huac (Cicotur) presentaron el documento \u201cTurismo y pandemia en Me\u0301xico. Un balance de las afectaciones\u201d, donde se expone lo \u201cine\u0301dito\u201d y la \u201cdescomunal\u201d dimensio\u0301n de la Covid-19 y su afectacio\u0301n en materia turi\u0301stica. Durante la presentacio\u0301n del documento, Braulio Arsuaga Losada, [&hellip;]<\/p>\n","protected":false},"author":18,"featured_media":45077,"comment_status":"open","ping_status":"open","sticky":false,"template":"","format":"standard","meta":{"footnotes":""},"categories":[12],"tags":[4195,19310,834,1613],"yoast_head":"<!-- This site is optimized with the Yoast SEO plugin v22.2 - https:\/\/yoast.com\/wordpress\/plugins\/seo\/ -->\n<title>CNET y Cicotur analizan afectaciones al turismo durante la pandemia - Nitu - Noticias de la Industria Turistica<\/title>\n<meta name=\"robots\" content=\"index, follow, max-snippet:-1, max-image-preview:large, max-video-preview:-1\" \/>\n<link rel=\"canonical\" href=\"https:\/\/nitu.mx\/index.php\/2022\/05\/20\/cnet-y-cicotur-analizan-afectaciones-al-turismo-durante-la-pandemia\/\" \/>\n<meta name=\"twitter:card\" content=\"summary_large_image\" \/>\n<meta name=\"twitter:title\" content=\"CNET y Cicotur analizan afectaciones al turismo durante la pandemia - Nitu - Noticias de la Industria Turistica\" \/>\n<meta name=\"twitter:description\" content=\"El Consejo Nacional Empresarial Turi\u0301stico (CNET) y el Centro de Investigacio\u0301n y Competitividad Turi\u0301stica Ana\u0301huac (Cicotur) presentaron el documento \u201cTurismo y pandemia en Me\u0301xico. Un balance de las afectaciones\u201d, donde se expone lo \u201cine\u0301dito\u201d y la \u201cdescomunal\u201d dimensio\u0301n de la Covid-19 y su afectacio\u0301n en materia turi\u0301stica. Durante la presentacio\u0301n del documento, Braulio Arsuaga Losada, [&hellip;]\" \/>\n<meta name=\"twitter:image\" content=\"https:\/\/nitu.mx\/wp-content\/uploads\/2020\/08\/Turismo-Me\u0301xico.jpg\" \/>\n<meta name=\"twitter:creator\" content=\"@NITUmx\" \/>\n<meta name=\"twitter:site\" content=\"@Arturo_Medina_G\" \/>\n<meta name=\"twitter:label1\" content=\"Escrito por\" \/>\n\t<meta name=\"twitter:data1\" content=\"Guadalupe Sixto\" \/>\n\t<meta name=\"twitter:label2\" content=\"Tiempo de lectura\" \/>\n\t<meta name=\"twitter:data2\" content=\"4 minutos\" \/>\n<script type=\"application\/ld+json\" class=\"yoast-schema-graph\">{\"@context\":\"https:\/\/schema.org\",\"@graph\":[{\"@type\":\"Article\",\"@id\":\"https:\/\/nitu.mx\/index.php\/2022\/05\/20\/cnet-y-cicotur-analizan-afectaciones-al-turismo-durante-la-pandemia\/#article\",\"isPartOf\":{\"@id\":\"https:\/\/nitu.mx\/index.php\/2022\/05\/20\/cnet-y-cicotur-analizan-afectaciones-al-turismo-durante-la-pandemia\/\"},\"author\":{\"name\":\"Guadalupe Sixto\",\"@id\":\"https:\/\/nitu.mx\/#\/schema\/person\/3df3082b5e46037e3f13614d28ee0b77\"},\"headline\":\"CNET y Cicotur analizan afectaciones al turismo durante la pandemia\",\"datePublished\":\"2022-05-20T09:53:20+00:00\",\"dateModified\":\"2022-05-20T09:53:20+00:00\",\"mainEntityOfPage\":{\"@id\":\"https:\/\/nitu.mx\/index.php\/2022\/05\/20\/cnet-y-cicotur-analizan-afectaciones-al-turismo-durante-la-pandemia\/\"},\"wordCount\":762,\"commentCount\":0,\"publisher\":{\"@id\":\"https:\/\/nitu.mx\/#\/schema\/person\/ae7a53426417292d3dd07b45a33e01bc\"},\"image\":{\"@id\":\"https:\/\/nitu.mx\/index.php\/2022\/05\/20\/cnet-y-cicotur-analizan-afectaciones-al-turismo-durante-la-pandemia\/#primaryimage\"},\"thumbnailUrl\":\"https:\/\/nitu.mx\/wp-content\/uploads\/2020\/08\/Turismo-Me\u0301xico.jpg\",\"keywords\":[\"Braulio Arsuaga\",\"Cicotur\",\"CNET\",\"Francisco Madrid\"],\"articleSection\":[\"Marketing\"],\"inLanguage\":\"es-MX\",\"potentialAction\":[{\"@type\":\"CommentAction\",\"name\":\"Comment\",\"target\":[\"https:\/\/nitu.mx\/index.php\/2022\/05\/20\/cnet-y-cicotur-analizan-afectaciones-al-turismo-durante-la-pandemia\/#respond\"]}]},{\"@type\":\"WebPage\",\"@id\":\"https:\/\/nitu.mx\/index.php\/2022\/05\/20\/cnet-y-cicotur-analizan-afectaciones-al-turismo-durante-la-pandemia\/\",\"url\":\"https:\/\/nitu.mx\/index.php\/2022\/05\/20\/cnet-y-cicotur-analizan-afectaciones-al-turismo-durante-la-pandemia\/\",\"name\":\"CNET y Cicotur analizan afectaciones al turismo durante la pandemia - Nitu - Noticias de la Industria Turistica\",\"isPartOf\":{\"@id\":\"https:\/\/nitu.mx\/#website\"},\"primaryImageOfPage\":{\"@id\":\"https:\/\/nitu.mx\/index.php\/2022\/05\/20\/cnet-y-cicotur-analizan-afectaciones-al-turismo-durante-la-pandemia\/#primaryimage\"},\"image\":{\"@id\":\"https:\/\/nitu.mx\/index.php\/2022\/05\/20\/cnet-y-cicotur-analizan-afectaciones-al-turismo-durante-la-pandemia\/#primaryimage\"},\"thumbnailUrl\":\"https:\/\/nitu.mx\/wp-content\/uploads\/2020\/08\/Turismo-Me\u0301xico.jpg\",\"datePublished\":\"2022-05-20T09:53:20+00:00\",\"dateModified\":\"2022-05-20T09:53:20+00:00\",\"breadcrumb\":{\"@id\":\"https:\/\/nitu.mx\/index.php\/2022\/05\/20\/cnet-y-cicotur-analizan-afectaciones-al-turismo-durante-la-pandemia\/#breadcrumb\"},\"inLanguage\":\"es-MX\",\"potentialAction\":[{\"@type\":\"ReadAction\",\"target\":[\"https:\/\/nitu.mx\/index.php\/2022\/05\/20\/cnet-y-cicotur-analizan-afectaciones-al-turismo-durante-la-pandemia\/\"]}]},{\"@type\":\"ImageObject\",\"inLanguage\":\"es-MX\",\"@id\":\"https:\/\/nitu.mx\/index.php\/2022\/05\/20\/cnet-y-cicotur-analizan-afectaciones-al-turismo-durante-la-pandemia\/#primaryimage\",\"url\":\"https:\/\/nitu.mx\/wp-content\/uploads\/2020\/08\/Turismo-Me\u0301xico.jpg\",\"contentUrl\":\"https:\/\/nitu.mx\/wp-content\/uploads\/2020\/08\/Turismo-Me\u0301xico.jpg\",\"width\":1200,\"height\":675},{\"@type\":\"BreadcrumbList\",\"@id\":\"https:\/\/nitu.mx\/index.php\/2022\/05\/20\/cnet-y-cicotur-analizan-afectaciones-al-turismo-durante-la-pandemia\/#breadcrumb\",\"itemListElement\":[{\"@type\":\"ListItem\",\"position\":1,\"name\":\"Inicio\",\"item\":\"https:\/\/nitu.mx\/\"},{\"@type\":\"ListItem\",\"position\":2,\"name\":\"CNET y Cicotur analizan afectaciones al turismo durante la pandemia\"}]},{\"@type\":\"WebSite\",\"@id\":\"https:\/\/nitu.mx\/#website\",\"url\":\"https:\/\/nitu.mx\/\",\"name\":\"Nitu - Noticias de la Industria Turistica\",\"description\":\"Noticias de la Industria Turistica\",\"publisher\":{\"@id\":\"https:\/\/nitu.mx\/#\/schema\/person\/ae7a53426417292d3dd07b45a33e01bc\"},\"alternateName\":\"Noticias de la Industria Turistica\",\"potentialAction\":[{\"@type\":\"SearchAction\",\"target\":{\"@type\":\"EntryPoint\",\"urlTemplate\":\"https:\/\/nitu.mx\/?s={search_term_string}\"},\"query-input\":\"required name=search_term_string\"}],\"inLanguage\":\"es-MX\"},{\"@type\":[\"Person\",\"Organization\"],\"@id\":\"https:\/\/nitu.mx\/#\/schema\/person\/ae7a53426417292d3dd07b45a33e01bc\",\"name\":\"Arturo Medina\",\"image\":{\"@type\":\"ImageObject\",\"inLanguage\":\"es-MX\",\"@id\":\"https:\/\/nitu.mx\/#\/schema\/person\/image\/\",\"url\":\"https:\/\/nitu.mx\/wp-content\/uploads\/2024\/04\/4A315622-1904-4D5C-B022-878CDC840E04-90x90-1.jpeg\",\"contentUrl\":\"https:\/\/nitu.mx\/wp-content\/uploads\/2024\/04\/4A315622-1904-4D5C-B022-878CDC840E04-90x90-1.jpeg\",\"width\":90,\"height\":90,\"caption\":\"Arturo Medina\"},\"logo\":{\"@id\":\"https:\/\/nitu.mx\/#\/schema\/person\/image\/\"},\"description\":\"Director NITU.mx, Egresado de la Escuela de Periodismo Carlos Septi\u00e9n Garc\u00eda. Periodista y analista especializado en turismo desde hace 35 a\u00f1os, radicado en Canc\u00fan Q.Roo. arturo@nitu.mx\",\"sameAs\":[\"https:\/\/nitu.mx\",\"https:\/\/www.facebook.com\/NITUmx\/\",\"medinacancun\",\"https:\/\/twitter.com\/@Arturo_Medina_G\"]},{\"@type\":\"Person\",\"@id\":\"https:\/\/nitu.mx\/#\/schema\/person\/3df3082b5e46037e3f13614d28ee0b77\",\"name\":\"Guadalupe Sixto\",\"image\":{\"@type\":\"ImageObject\",\"inLanguage\":\"es-MX\",\"@id\":\"https:\/\/nitu.mx\/#\/schema\/person\/image\/\",\"url\":\"https:\/\/secure.gravatar.com\/avatar\/13914e1b0e1919e91f9539de4dc584c4?s=96&d=mm&r=g\",\"contentUrl\":\"https:\/\/secure.gravatar.com\/avatar\/13914e1b0e1919e91f9539de4dc584c4?s=96&d=mm&r=g\",\"caption\":\"Guadalupe Sixto\"},\"url\":\"https:\/\/nitu.mx\/index.php\/author\/gsixto\/\"}]}<\/script>\n<!-- \/ Yoast SEO plugin. -->","yoast_head_json":{"title":"CNET y Cicotur analizan afectaciones al turismo durante la pandemia - Nitu - Noticias de la Industria Turistica","robots":{"index":"index","follow":"follow","max-snippet":"max-snippet:-1","max-image-preview":"max-image-preview:large","max-video-preview":"max-video-preview:-1"},"canonical":"https:\/\/nitu.mx\/index.php\/2022\/05\/20\/cnet-y-cicotur-analizan-afectaciones-al-turismo-durante-la-pandemia\/","twitter_card":"summary_large_image","twitter_title":"CNET y Cicotur analizan afectaciones al turismo durante la pandemia - Nitu - Noticias de la Industria Turistica","twitter_description":"El Consejo Nacional Empresarial Turi\u0301stico (CNET) y el Centro de Investigacio\u0301n y Competitividad Turi\u0301stica Ana\u0301huac (Cicotur) presentaron el documento \u201cTurismo y pandemia en Me\u0301xico. Un balance de las afectaciones\u201d, donde se expone lo \u201cine\u0301dito\u201d y la \u201cdescomunal\u201d dimensio\u0301n de la Covid-19 y su afectacio\u0301n en materia turi\u0301stica. Durante la presentacio\u0301n del documento, Braulio Arsuaga Losada, [&hellip;]","twitter_image":"https:\/\/nitu.mx\/wp-content\/uploads\/2020\/08\/Turismo-Me\u0301xico.jpg","twitter_creator":"@NITUmx","twitter_site":"@Arturo_Medina_G","twitter_misc":{"Escrito por":"Guadalupe Sixto","Tiempo de lectura":"4 minutos"},"schema":{"@context":"https:\/\/schema.org","@graph":[{"@type":"Article","@id":"https:\/\/nitu.mx\/index.php\/2022\/05\/20\/cnet-y-cicotur-analizan-afectaciones-al-turismo-durante-la-pandemia\/#article","isPartOf":{"@id":"https:\/\/nitu.mx\/index.php\/2022\/05\/20\/cnet-y-cicotur-analizan-afectaciones-al-turismo-durante-la-pandemia\/"},"author":{"name":"Guadalupe Sixto","@id":"https:\/\/nitu.mx\/#\/schema\/person\/3df3082b5e46037e3f13614d28ee0b77"},"headline":"CNET y Cicotur analizan afectaciones al turismo durante la pandemia","datePublished":"2022-05-20T09:53:20+00:00","dateModified":"2022-05-20T09:53:20+00:00","mainEntityOfPage":{"@id":"https:\/\/nitu.mx\/index.php\/2022\/05\/20\/cnet-y-cicotur-analizan-afectaciones-al-turismo-durante-la-pandemia\/"},"wordCount":762,"commentCount":0,"publisher":{"@id":"https:\/\/nitu.mx\/#\/schema\/person\/ae7a53426417292d3dd07b45a33e01bc"},"image":{"@id":"https:\/\/nitu.mx\/index.php\/2022\/05\/20\/cnet-y-cicotur-analizan-afectaciones-al-turismo-durante-la-pandemia\/#primaryimage"},"thumbnailUrl":"https:\/\/nitu.mx\/wp-content\/uploads\/2020\/08\/Turismo-Me\u0301xico.jpg","keywords":["Braulio Arsuaga","Cicotur","CNET","Francisco Madrid"],"articleSection":["Marketing"],"inLanguage":"es-MX","potentialAction":[{"@type":"CommentAction","name":"Comment","target":["https:\/\/nitu.mx\/index.php\/2022\/05\/20\/cnet-y-cicotur-analizan-afectaciones-al-turismo-durante-la-pandemia\/#respond"]}]},{"@type":"WebPage","@id":"https:\/\/nitu.mx\/index.php\/2022\/05\/20\/cnet-y-cicotur-analizan-afectaciones-al-turismo-durante-la-pandemia\/","url":"https:\/\/nitu.mx\/index.php\/2022\/05\/20\/cnet-y-cicotur-analizan-afectaciones-al-turismo-durante-la-pandemia\/","name":"CNET y Cicotur analizan afectaciones al turismo durante la pandemia - Nitu - Noticias de la Industria Turistica","isPartOf":{"@id":"https:\/\/nitu.mx\/#website"},"primaryImageOfPage":{"@id":"https:\/\/nitu.mx\/index.php\/2022\/05\/20\/cnet-y-cicotur-analizan-afectaciones-al-turismo-durante-la-pandemia\/#primaryimage"},"image":{"@id":"https:\/\/nitu.mx\/index.php\/2022\/05\/20\/cnet-y-cicotur-analizan-afectaciones-al-turismo-durante-la-pandemia\/#primaryimage"},"thumbnailUrl":"https:\/\/nitu.mx\/wp-content\/uploads\/2020\/08\/Turismo-Me\u0301xico.jpg","datePublished":"2022-05-20T09:53:20+00:00","dateModified":"2022-05-20T09:53:20+00:00","breadcrumb":{"@id":"https:\/\/nitu.mx\/index.php\/2022\/05\/20\/cnet-y-cicotur-analizan-afectaciones-al-turismo-durante-la-pandemia\/#breadcrumb"},"inLanguage":"es-MX","potentialAction":[{"@type":"ReadAction","target":["https:\/\/nitu.mx\/index.php\/2022\/05\/20\/cnet-y-cicotur-analizan-afectaciones-al-turismo-durante-la-pandemia\/"]}]},{"@type":"ImageObject","inLanguage":"es-MX","@id":"https:\/\/nitu.mx\/index.php\/2022\/05\/20\/cnet-y-cicotur-analizan-afectaciones-al-turismo-durante-la-pandemia\/#primaryimage","url":"https:\/\/nitu.mx\/wp-content\/uploads\/2020\/08\/Turismo-Me\u0301xico.jpg","contentUrl":"https:\/\/nitu.mx\/wp-content\/uploads\/2020\/08\/Turismo-Me\u0301xico.jpg","width":1200,"height":675},{"@type":"BreadcrumbList","@id":"https:\/\/nitu.mx\/index.php\/2022\/05\/20\/cnet-y-cicotur-analizan-afectaciones-al-turismo-durante-la-pandemia\/#breadcrumb","itemListElement":[{"@type":"ListItem","position":1,"name":"Inicio","item":"https:\/\/nitu.mx\/"},{"@type":"ListItem","position":2,"name":"CNET y Cicotur analizan afectaciones al turismo durante la pandemia"}]},{"@type":"WebSite","@id":"https:\/\/nitu.mx\/#website","url":"https:\/\/nitu.mx\/","name":"Nitu - Noticias de la Industria Turistica","description":"Noticias de la Industria Turistica","publisher":{"@id":"https:\/\/nitu.mx\/#\/schema\/person\/ae7a53426417292d3dd07b45a33e01bc"},"alternateName":"Noticias de la Industria Turistica","potentialAction":[{"@type":"SearchAction","target":{"@type":"EntryPoint","urlTemplate":"https:\/\/nitu.mx\/?s={search_term_string}"},"query-input":"required name=search_term_string"}],"inLanguage":"es-MX"},{"@type":["Person","Organization"],"@id":"https:\/\/nitu.mx\/#\/schema\/person\/ae7a53426417292d3dd07b45a33e01bc","name":"Arturo Medina","image":{"@type":"ImageObject","inLanguage":"es-MX","@id":"https:\/\/nitu.mx\/#\/schema\/person\/image\/","url":"https:\/\/nitu.mx\/wp-content\/uploads\/2024\/04\/4A315622-1904-4D5C-B022-878CDC840E04-90x90-1.jpeg","contentUrl":"https:\/\/nitu.mx\/wp-content\/uploads\/2024\/04\/4A315622-1904-4D5C-B022-878CDC840E04-90x90-1.jpeg","width":90,"height":90,"caption":"Arturo Medina"},"logo":{"@id":"https:\/\/nitu.mx\/#\/schema\/person\/image\/"},"description":"Director NITU.mx, Egresado de la Escuela de Periodismo Carlos Septi\u00e9n Garc\u00eda. Periodista y analista especializado en turismo desde hace 35 a\u00f1os, radicado en Canc\u00fan Q.Roo. arturo@nitu.mx","sameAs":["https:\/\/nitu.mx","https:\/\/www.facebook.com\/NITUmx\/","medinacancun","https:\/\/twitter.com\/@Arturo_Medina_G"]},{"@type":"Person","@id":"https:\/\/nitu.mx\/#\/schema\/person\/3df3082b5e46037e3f13614d28ee0b77","name":"Guadalupe Sixto","image":{"@type":"ImageObject","inLanguage":"es-MX","@id":"https:\/\/nitu.mx\/#\/schema\/person\/image\/","url":"https:\/\/secure.gravatar.com\/avatar\/13914e1b0e1919e91f9539de4dc584c4?s=96&d=mm&r=g","contentUrl":"https:\/\/secure.gravatar.com\/avatar\/13914e1b0e1919e91f9539de4dc584c4?s=96&d=mm&r=g","caption":"Guadalupe Sixto"},"url":"https:\/\/nitu.mx\/index.php\/author\/gsixto\/"}]}},"views":297,"_links":{"self":[{"href":"https:\/\/nitu.mx\/index.php\/wp-json\/wp\/v2\/posts\/59592"}],"collection":[{"href":"https:\/\/nitu.mx\/index.php\/wp-json\/wp\/v2\/posts"}],"about":[{"href":"https:\/\/nitu.mx\/index.php\/wp-json\/wp\/v2\/types\/post"}],"author":[{"embeddable":true,"href":"https:\/\/nitu.mx\/index.php\/wp-json\/wp\/v2\/users\/18"}],"replies":[{"embeddable":true,"href":"https:\/\/nitu.mx\/index.php\/wp-json\/wp\/v2\/comments?post=59592"}],"version-history":[{"count":1,"href":"https:\/\/nitu.mx\/index.php\/wp-json\/wp\/v2\/posts\/59592\/revisions"}],"predecessor-version":[{"id":59593,"href":"https:\/\/nitu.mx\/index.php\/wp-json\/wp\/v2\/posts\/59592\/revisions\/59593"}],"wp:featuredmedia":[{"embeddable":true,"href":"https:\/\/nitu.mx\/index.php\/wp-json\/wp\/v2\/media\/45077"}],"wp:attachment":[{"href":"https:\/\/nitu.mx\/index.php\/wp-json\/wp\/v2\/media?parent=59592"}],"wp:term":[{"taxonomy":"category","embeddable":true,"href":"https:\/\/nitu.mx\/index.php\/wp-json\/wp\/v2\/categories?post=59592"},{"taxonomy":"post_tag","embeddable":true,"href":"https:\/\/nitu.mx\/index.php\/wp-json\/wp\/v2\/tags?post=59592"}],"curies":[{"name":"wp","href":"https:\/\/api.w.org\/{rel}","templated":true}]}}