{"id":59517,"date":"2022-05-18T06:19:32","date_gmt":"2022-05-18T11:19:32","guid":{"rendered":"https:\/\/www.dev.nitu.mx\/?p=59517"},"modified":"2022-05-18T06:20:33","modified_gmt":"2022-05-18T11:20:33","slug":"formaliza-iberostar-compromiso-con-el-medio-ambiente-en-quintana-roo","status":"publish","type":"post","link":"https:\/\/nitu.mx\/index.php\/2022\/05\/18\/formaliza-iberostar-compromiso-con-el-medio-ambiente-en-quintana-roo\/","title":{"rendered":"Formaliza Iberostar compromiso con el medio ambiente en Quintana Roo"},"content":{"rendered":"<p>En seguimiento a lo establecido en el Plan Maestro de Turismo Sustentable Quintana Roo 2030, que busca integrar el manejo sostenible, la conservaci\u00f3n y la restauraci\u00f3n de ecosistemas en la operaci\u00f3n de negocios tur\u00edsticos, generando acciones en favor de los recursos naturales de los destinos de Riviera Maya y Cozumel, se llev\u00f3 a cabo la firma del MoU Intersectorial en Quintana Roo.<\/p>\n<p>La firma del memor\u00e1ndum se llev\u00f3 a cabo en el Hotel Iberostar Playa Para\u00edso, contando con la participaci\u00f3n del Secretario de Turismo de Quintana Roo; el Secretario de Ecolog\u00eda y Medio Ambiente; Ana Lorena Gudi\u00f1o Valdez, Directora del Proyecto ADAPTUR; Johanna Calle Trivi\u00f1o, representante de Fundaci\u00f3n Iberostar y Meredith Cecilia De la Garza Trevi\u00f1o, Directora de Conservaci\u00f3n para M\u00e9xico de The Nature Conservancy.<\/p>\n<p>El memor\u00e1ndum de entendimiento, tiene como objetivo fortalecer la colaboraci\u00f3n para la implementaci\u00f3n de medidas de adaptaci\u00f3n que permitan una mayor protecci\u00f3n a los arrecifes, playas, al medio ambiente y a los recursos naturales dentro del sector tur\u00edstico, llevando a buen puerto la sustentabilidad del servicio entorno a la oferta que se proyecta construir en los a\u00f1os pr\u00f3ximos. Dentro de las medidas que se contemplan, destacan la conservaci\u00f3n y restauraci\u00f3n de dunas, arrecifes, manglares y pastos marinos.<\/p>\n<p>Por su parte, el Secretario de Ecolog\u00eda y Medio Ambiente expres\u00f3 a nombre del Gobernador el agradecimiento a la Fundaci\u00f3n Iberostar M\u00e9xico A. C., The Nature Conservancy y a la Cooperaci\u00f3n Alemana al Desarrollo Sustentable (GIZ) por realizar esfuerzos que permitan sumarse a los Compromisos Nacionales Determinados (NDC) y las metas de adaptaci\u00f3n al cambio clim\u00e1tico.<\/p>\n<p>\u201cFormalizar esta cooperaci\u00f3n entre diversas \u00e1reas p\u00fablico &#8211; privadas con el fin de gestionar y promover buenas pr\u00e1cticas con las empresas del sector turismo seguir\u00e1n fortaleciendo al destino, impulsando la conservaci\u00f3n y restauraci\u00f3n de los ecosistemas costeros, lo anterior en el marco del Plan Maestro de Turismo Sustentable 2030, que ha sido un instrumento rector y vinculante para este tipo de acciones\u201d, coment\u00f3 Bernardo Cueto, secretario de Turismo en Quintana Roo.<\/p>\n","protected":false},"excerpt":{"rendered":"<p>En seguimiento a lo establecido en el Plan Maestro de Turismo Sustentable Quintana Roo 2030, que busca integrar el manejo sostenible, la conservaci\u00f3n y la restauraci\u00f3n de ecosistemas en la operaci\u00f3n de negocios tur\u00edsticos, generando acciones en favor de los recursos naturales de los destinos de Riviera Maya y Cozumel, se llev\u00f3 a cabo la [&hellip;]<\/p>\n","protected":false},"author":2,"featured_media":59545,"comment_status":"open","ping_status":"open","sticky":false,"template":"","format":"standard","meta":{"footnotes":""},"categories":[2],"tags":[13931,1227,18697],"yoast_head":"<!-- This site is optimized with the Yoast SEO plugin v22.2 - https:\/\/yoast.com\/wordpress\/plugins\/seo\/ -->\n<title>Formaliza Iberostar compromiso con el medio ambiente en Quintana Roo - Nitu - Noticias de la Industria Turistica<\/title>\n<meta name=\"robots\" content=\"index, follow, max-snippet:-1, max-image-preview:large, max-video-preview:-1\" \/>\n<link rel=\"canonical\" href=\"https:\/\/nitu.mx\/index.php\/2022\/05\/18\/formaliza-iberostar-compromiso-con-el-medio-ambiente-en-quintana-roo\/\" \/>\n<meta name=\"twitter:card\" content=\"summary_large_image\" \/>\n<meta name=\"twitter:title\" content=\"Formaliza Iberostar compromiso con el medio ambiente en Quintana Roo - Nitu - Noticias de la Industria Turistica\" \/>\n<meta name=\"twitter:description\" content=\"En seguimiento a lo establecido en el Plan Maestro de Turismo Sustentable Quintana Roo 2030, que busca integrar el manejo sostenible, la conservaci\u00f3n y la restauraci\u00f3n de ecosistemas en la operaci\u00f3n de negocios tur\u00edsticos, generando acciones en favor de los recursos naturales de los destinos de Riviera Maya y Cozumel, se llev\u00f3 a cabo la [&hellip;]\" \/>\n<meta name=\"twitter:image\" content=\"https:\/\/nitu.mx\/wp-content\/uploads\/2022\/05\/Iberostar-compromiso-con-el-medio-ambiente-en-Quintana-Roo.jpg\" \/>\n<meta name=\"twitter:creator\" content=\"@Arturo_Medina_G\" \/>\n<meta name=\"twitter:site\" content=\"@Arturo_Medina_G\" \/>\n<meta name=\"twitter:label1\" content=\"Escrito por\" \/>\n\t<meta name=\"twitter:data1\" content=\"Arturo Medina\" \/>\n\t<meta name=\"twitter:label2\" content=\"Tiempo de lectura\" \/>\n\t<meta name=\"twitter:data2\" content=\"2 minutos\" \/>\n<script type=\"application\/ld+json\" class=\"yoast-schema-graph\">{\"@context\":\"https:\/\/schema.org\",\"@graph\":[{\"@type\":\"Article\",\"@id\":\"https:\/\/nitu.mx\/index.php\/2022\/05\/18\/formaliza-iberostar-compromiso-con-el-medio-ambiente-en-quintana-roo\/#article\",\"isPartOf\":{\"@id\":\"https:\/\/nitu.mx\/index.php\/2022\/05\/18\/formaliza-iberostar-compromiso-con-el-medio-ambiente-en-quintana-roo\/\"},\"author\":{\"name\":\"Arturo Medina\",\"@id\":\"https:\/\/nitu.mx\/#\/schema\/person\/ae7a53426417292d3dd07b45a33e01bc\"},\"headline\":\"Formaliza Iberostar compromiso con el medio ambiente en Quintana Roo\",\"datePublished\":\"2022-05-18T11:19:32+00:00\",\"dateModified\":\"2022-05-18T11:20:33+00:00\",\"mainEntityOfPage\":{\"@id\":\"https:\/\/nitu.mx\/index.php\/2022\/05\/18\/formaliza-iberostar-compromiso-con-el-medio-ambiente-en-quintana-roo\/\"},\"wordCount\":373,\"commentCount\":0,\"publisher\":{\"@id\":\"https:\/\/nitu.mx\/#\/schema\/person\/ae7a53426417292d3dd07b45a33e01bc\"},\"image\":{\"@id\":\"https:\/\/nitu.mx\/index.php\/2022\/05\/18\/formaliza-iberostar-compromiso-con-el-medio-ambiente-en-quintana-roo\/#primaryimage\"},\"thumbnailUrl\":\"https:\/\/nitu.mx\/wp-content\/uploads\/2022\/05\/Iberostar-compromiso-con-el-medio-ambiente-en-Quintana-Roo.jpg\",\"keywords\":[\"Bernardo Cueto\",\"Iberostar\",\"Plan Maestro de Turismo Sustentable\"],\"articleSection\":[\"Hoteles\"],\"inLanguage\":\"es-MX\",\"potentialAction\":[{\"@type\":\"CommentAction\",\"name\":\"Comment\",\"target\":[\"https:\/\/nitu.mx\/index.php\/2022\/05\/18\/formaliza-iberostar-compromiso-con-el-medio-ambiente-en-quintana-roo\/#respond\"]}]},{\"@type\":\"WebPage\",\"@id\":\"https:\/\/nitu.mx\/index.php\/2022\/05\/18\/formaliza-iberostar-compromiso-con-el-medio-ambiente-en-quintana-roo\/\",\"url\":\"https:\/\/nitu.mx\/index.php\/2022\/05\/18\/formaliza-iberostar-compromiso-con-el-medio-ambiente-en-quintana-roo\/\",\"name\":\"Formaliza Iberostar compromiso con el medio ambiente en Quintana Roo - Nitu - Noticias de la Industria Turistica\",\"isPartOf\":{\"@id\":\"https:\/\/nitu.mx\/#website\"},\"primaryImageOfPage\":{\"@id\":\"https:\/\/nitu.mx\/index.php\/2022\/05\/18\/formaliza-iberostar-compromiso-con-el-medio-ambiente-en-quintana-roo\/#primaryimage\"},\"image\":{\"@id\":\"https:\/\/nitu.mx\/index.php\/2022\/05\/18\/formaliza-iberostar-compromiso-con-el-medio-ambiente-en-quintana-roo\/#primaryimage\"},\"thumbnailUrl\":\"https:\/\/nitu.mx\/wp-content\/uploads\/2022\/05\/Iberostar-compromiso-con-el-medio-ambiente-en-Quintana-Roo.jpg\",\"datePublished\":\"2022-05-18T11:19:32+00:00\",\"dateModified\":\"2022-05-18T11:20:33+00:00\",\"breadcrumb\":{\"@id\":\"https:\/\/nitu.mx\/index.php\/2022\/05\/18\/formaliza-iberostar-compromiso-con-el-medio-ambiente-en-quintana-roo\/#breadcrumb\"},\"inLanguage\":\"es-MX\",\"potentialAction\":[{\"@type\":\"ReadAction\",\"target\":[\"https:\/\/nitu.mx\/index.php\/2022\/05\/18\/formaliza-iberostar-compromiso-con-el-medio-ambiente-en-quintana-roo\/\"]}]},{\"@type\":\"ImageObject\",\"inLanguage\":\"es-MX\",\"@id\":\"https:\/\/nitu.mx\/index.php\/2022\/05\/18\/formaliza-iberostar-compromiso-con-el-medio-ambiente-en-quintana-roo\/#primaryimage\",\"url\":\"https:\/\/nitu.mx\/wp-content\/uploads\/2022\/05\/Iberostar-compromiso-con-el-medio-ambiente-en-Quintana-Roo.jpg\",\"contentUrl\":\"https:\/\/nitu.mx\/wp-content\/uploads\/2022\/05\/Iberostar-compromiso-con-el-medio-ambiente-en-Quintana-Roo.jpg\",\"width\":1200,\"height\":675},{\"@type\":\"BreadcrumbList\",\"@id\":\"https:\/\/nitu.mx\/index.php\/2022\/05\/18\/formaliza-iberostar-compromiso-con-el-medio-ambiente-en-quintana-roo\/#breadcrumb\",\"itemListElement\":[{\"@type\":\"ListItem\",\"position\":1,\"name\":\"Inicio\",\"item\":\"https:\/\/nitu.mx\/\"},{\"@type\":\"ListItem\",\"position\":2,\"name\":\"Formaliza Iberostar compromiso con el medio ambiente en Quintana Roo\"}]},{\"@type\":\"WebSite\",\"@id\":\"https:\/\/nitu.mx\/#website\",\"url\":\"https:\/\/nitu.mx\/\",\"name\":\"Nitu - Noticias de la Industria Turistica\",\"description\":\"Noticias de la Industria Turistica\",\"publisher\":{\"@id\":\"https:\/\/nitu.mx\/#\/schema\/person\/ae7a53426417292d3dd07b45a33e01bc\"},\"alternateName\":\"Noticias de la Industria Turistica\",\"potentialAction\":[{\"@type\":\"SearchAction\",\"target\":{\"@type\":\"EntryPoint\",\"urlTemplate\":\"https:\/\/nitu.mx\/?s={search_term_string}\"},\"query-input\":\"required name=search_term_string\"}],\"inLanguage\":\"es-MX\"},{\"@type\":[\"Person\",\"Organization\"],\"@id\":\"https:\/\/nitu.mx\/#\/schema\/person\/ae7a53426417292d3dd07b45a33e01bc\",\"name\":\"Arturo Medina\",\"image\":{\"@type\":\"ImageObject\",\"inLanguage\":\"es-MX\",\"@id\":\"https:\/\/nitu.mx\/#\/schema\/person\/image\/\",\"url\":\"https:\/\/nitu.mx\/wp-content\/uploads\/2024\/04\/4A315622-1904-4D5C-B022-878CDC840E04-90x90-1.jpeg\",\"contentUrl\":\"https:\/\/nitu.mx\/wp-content\/uploads\/2024\/04\/4A315622-1904-4D5C-B022-878CDC840E04-90x90-1.jpeg\",\"width\":90,\"height\":90,\"caption\":\"Arturo Medina\"},\"logo\":{\"@id\":\"https:\/\/nitu.mx\/#\/schema\/person\/image\/\"},\"description\":\"Director NITU.mx, Egresado de la Escuela de Periodismo Carlos Septi\u00e9n Garc\u00eda. Periodista y analista especializado en turismo desde hace 35 a\u00f1os, radicado en Canc\u00fan Q.Roo. arturo@nitu.mx\",\"sameAs\":[\"https:\/\/nitu.mx\",\"https:\/\/www.facebook.com\/NITUmx\/\",\"medinacancun\",\"https:\/\/twitter.com\/@Arturo_Medina_G\"],\"url\":\"https:\/\/nitu.mx\/index.php\/author\/arturo-medina\/\"}]}<\/script>\n<!-- \/ Yoast SEO plugin. -->","yoast_head_json":{"title":"Formaliza Iberostar compromiso con el medio ambiente en Quintana Roo - Nitu - Noticias de la Industria Turistica","robots":{"index":"index","follow":"follow","max-snippet":"max-snippet:-1","max-image-preview":"max-image-preview:large","max-video-preview":"max-video-preview:-1"},"canonical":"https:\/\/nitu.mx\/index.php\/2022\/05\/18\/formaliza-iberostar-compromiso-con-el-medio-ambiente-en-quintana-roo\/","twitter_card":"summary_large_image","twitter_title":"Formaliza Iberostar compromiso con el medio ambiente en Quintana Roo - Nitu - Noticias de la Industria Turistica","twitter_description":"En seguimiento a lo establecido en el Plan Maestro de Turismo Sustentable Quintana Roo 2030, que busca integrar el manejo sostenible, la conservaci\u00f3n y la restauraci\u00f3n de ecosistemas en la operaci\u00f3n de negocios tur\u00edsticos, generando acciones en favor de los recursos naturales de los destinos de Riviera Maya y Cozumel, se llev\u00f3 a cabo la [&hellip;]","twitter_image":"https:\/\/nitu.mx\/wp-content\/uploads\/2022\/05\/Iberostar-compromiso-con-el-medio-ambiente-en-Quintana-Roo.jpg","twitter_creator":"@Arturo_Medina_G","twitter_site":"@Arturo_Medina_G","twitter_misc":{"Escrito por":"Arturo Medina","Tiempo de lectura":"2 minutos"},"schema":{"@context":"https:\/\/schema.org","@graph":[{"@type":"Article","@id":"https:\/\/nitu.mx\/index.php\/2022\/05\/18\/formaliza-iberostar-compromiso-con-el-medio-ambiente-en-quintana-roo\/#article","isPartOf":{"@id":"https:\/\/nitu.mx\/index.php\/2022\/05\/18\/formaliza-iberostar-compromiso-con-el-medio-ambiente-en-quintana-roo\/"},"author":{"name":"Arturo Medina","@id":"https:\/\/nitu.mx\/#\/schema\/person\/ae7a53426417292d3dd07b45a33e01bc"},"headline":"Formaliza Iberostar compromiso con el medio ambiente en Quintana Roo","datePublished":"2022-05-18T11:19:32+00:00","dateModified":"2022-05-18T11:20:33+00:00","mainEntityOfPage":{"@id":"https:\/\/nitu.mx\/index.php\/2022\/05\/18\/formaliza-iberostar-compromiso-con-el-medio-ambiente-en-quintana-roo\/"},"wordCount":373,"commentCount":0,"publisher":{"@id":"https:\/\/nitu.mx\/#\/schema\/person\/ae7a53426417292d3dd07b45a33e01bc"},"image":{"@id":"https:\/\/nitu.mx\/index.php\/2022\/05\/18\/formaliza-iberostar-compromiso-con-el-medio-ambiente-en-quintana-roo\/#primaryimage"},"thumbnailUrl":"https:\/\/nitu.mx\/wp-content\/uploads\/2022\/05\/Iberostar-compromiso-con-el-medio-ambiente-en-Quintana-Roo.jpg","keywords":["Bernardo Cueto","Iberostar","Plan Maestro de Turismo Sustentable"],"articleSection":["Hoteles"],"inLanguage":"es-MX","potentialAction":[{"@type":"CommentAction","name":"Comment","target":["https:\/\/nitu.mx\/index.php\/2022\/05\/18\/formaliza-iberostar-compromiso-con-el-medio-ambiente-en-quintana-roo\/#respond"]}]},{"@type":"WebPage","@id":"https:\/\/nitu.mx\/index.php\/2022\/05\/18\/formaliza-iberostar-compromiso-con-el-medio-ambiente-en-quintana-roo\/","url":"https:\/\/nitu.mx\/index.php\/2022\/05\/18\/formaliza-iberostar-compromiso-con-el-medio-ambiente-en-quintana-roo\/","name":"Formaliza Iberostar compromiso con el medio ambiente en Quintana Roo - Nitu - Noticias de la Industria Turistica","isPartOf":{"@id":"https:\/\/nitu.mx\/#website"},"primaryImageOfPage":{"@id":"https:\/\/nitu.mx\/index.php\/2022\/05\/18\/formaliza-iberostar-compromiso-con-el-medio-ambiente-en-quintana-roo\/#primaryimage"},"image":{"@id":"https:\/\/nitu.mx\/index.php\/2022\/05\/18\/formaliza-iberostar-compromiso-con-el-medio-ambiente-en-quintana-roo\/#primaryimage"},"thumbnailUrl":"https:\/\/nitu.mx\/wp-content\/uploads\/2022\/05\/Iberostar-compromiso-con-el-medio-ambiente-en-Quintana-Roo.jpg","datePublished":"2022-05-18T11:19:32+00:00","dateModified":"2022-05-18T11:20:33+00:00","breadcrumb":{"@id":"https:\/\/nitu.mx\/index.php\/2022\/05\/18\/formaliza-iberostar-compromiso-con-el-medio-ambiente-en-quintana-roo\/#breadcrumb"},"inLanguage":"es-MX","potentialAction":[{"@type":"ReadAction","target":["https:\/\/nitu.mx\/index.php\/2022\/05\/18\/formaliza-iberostar-compromiso-con-el-medio-ambiente-en-quintana-roo\/"]}]},{"@type":"ImageObject","inLanguage":"es-MX","@id":"https:\/\/nitu.mx\/index.php\/2022\/05\/18\/formaliza-iberostar-compromiso-con-el-medio-ambiente-en-quintana-roo\/#primaryimage","url":"https:\/\/nitu.mx\/wp-content\/uploads\/2022\/05\/Iberostar-compromiso-con-el-medio-ambiente-en-Quintana-Roo.jpg","contentUrl":"https:\/\/nitu.mx\/wp-content\/uploads\/2022\/05\/Iberostar-compromiso-con-el-medio-ambiente-en-Quintana-Roo.jpg","width":1200,"height":675},{"@type":"BreadcrumbList","@id":"https:\/\/nitu.mx\/index.php\/2022\/05\/18\/formaliza-iberostar-compromiso-con-el-medio-ambiente-en-quintana-roo\/#breadcrumb","itemListElement":[{"@type":"ListItem","position":1,"name":"Inicio","item":"https:\/\/nitu.mx\/"},{"@type":"ListItem","position":2,"name":"Formaliza Iberostar compromiso con el medio ambiente en Quintana Roo"}]},{"@type":"WebSite","@id":"https:\/\/nitu.mx\/#website","url":"https:\/\/nitu.mx\/","name":"Nitu - Noticias de la Industria Turistica","description":"Noticias de la Industria Turistica","publisher":{"@id":"https:\/\/nitu.mx\/#\/schema\/person\/ae7a53426417292d3dd07b45a33e01bc"},"alternateName":"Noticias de la Industria Turistica","potentialAction":[{"@type":"SearchAction","target":{"@type":"EntryPoint","urlTemplate":"https:\/\/nitu.mx\/?s={search_term_string}"},"query-input":"required name=search_term_string"}],"inLanguage":"es-MX"},{"@type":["Person","Organization"],"@id":"https:\/\/nitu.mx\/#\/schema\/person\/ae7a53426417292d3dd07b45a33e01bc","name":"Arturo Medina","image":{"@type":"ImageObject","inLanguage":"es-MX","@id":"https:\/\/nitu.mx\/#\/schema\/person\/image\/","url":"https:\/\/nitu.mx\/wp-content\/uploads\/2024\/04\/4A315622-1904-4D5C-B022-878CDC840E04-90x90-1.jpeg","contentUrl":"https:\/\/nitu.mx\/wp-content\/uploads\/2024\/04\/4A315622-1904-4D5C-B022-878CDC840E04-90x90-1.jpeg","width":90,"height":90,"caption":"Arturo Medina"},"logo":{"@id":"https:\/\/nitu.mx\/#\/schema\/person\/image\/"},"description":"Director NITU.mx, Egresado de la Escuela de Periodismo Carlos Septi\u00e9n Garc\u00eda. Periodista y analista especializado en turismo desde hace 35 a\u00f1os, radicado en Canc\u00fan Q.Roo. arturo@nitu.mx","sameAs":["https:\/\/nitu.mx","https:\/\/www.facebook.com\/NITUmx\/","medinacancun","https:\/\/twitter.com\/@Arturo_Medina_G"],"url":"https:\/\/nitu.mx\/index.php\/author\/arturo-medina\/"}]}},"views":342,"_links":{"self":[{"href":"https:\/\/nitu.mx\/index.php\/wp-json\/wp\/v2\/posts\/59517"}],"collection":[{"href":"https:\/\/nitu.mx\/index.php\/wp-json\/wp\/v2\/posts"}],"about":[{"href":"https:\/\/nitu.mx\/index.php\/wp-json\/wp\/v2\/types\/post"}],"author":[{"embeddable":true,"href":"https:\/\/nitu.mx\/index.php\/wp-json\/wp\/v2\/users\/2"}],"replies":[{"embeddable":true,"href":"https:\/\/nitu.mx\/index.php\/wp-json\/wp\/v2\/comments?post=59517"}],"version-history":[{"count":2,"href":"https:\/\/nitu.mx\/index.php\/wp-json\/wp\/v2\/posts\/59517\/revisions"}],"predecessor-version":[{"id":59546,"href":"https:\/\/nitu.mx\/index.php\/wp-json\/wp\/v2\/posts\/59517\/revisions\/59546"}],"wp:featuredmedia":[{"embeddable":true,"href":"https:\/\/nitu.mx\/index.php\/wp-json\/wp\/v2\/media\/59545"}],"wp:attachment":[{"href":"https:\/\/nitu.mx\/index.php\/wp-json\/wp\/v2\/media?parent=59517"}],"wp:term":[{"taxonomy":"category","embeddable":true,"href":"https:\/\/nitu.mx\/index.php\/wp-json\/wp\/v2\/categories?post=59517"},{"taxonomy":"post_tag","embeddable":true,"href":"https:\/\/nitu.mx\/index.php\/wp-json\/wp\/v2\/tags?post=59517"}],"curies":[{"name":"wp","href":"https:\/\/api.w.org\/{rel}","templated":true}]}}