{"id":59496,"date":"2022-05-17T03:36:57","date_gmt":"2022-05-17T08:36:57","guid":{"rendered":"https:\/\/www.dev.nitu.mx\/?p=59496"},"modified":"2022-05-17T08:54:14","modified_gmt":"2022-05-17T13:54:14","slug":"viva-aerobus-operara-ruta-cancun-toluca","status":"publish","type":"post","link":"https:\/\/nitu.mx\/index.php\/2022\/05\/17\/viva-aerobus-operara-ruta-cancun-toluca\/","title":{"rendered":"Viva Aerobus operar\u00e1 ruta Canc\u00fan &#8211; Toluca"},"content":{"rendered":"<p style=\"font-weight: 400;\">Con el objetivo de ampliar y diversificar las alternativas de vuelo en la Zona Metropolitana del Valle de M\u00e9xico con una opci\u00f3n a precios bajos, Viva Aerobus anuncia el reinicio de sus vuelos a Canc\u00fan y Monterrey desde el Aeropuerto Internacional de Toluca con un mayor n\u00famero de frecuencias y, adem\u00e1s, anuncia dos nuevas rutas con destino a M\u00e9rida y Puerto Vallarta.<\/p>\n<p style=\"font-weight: 400;\">El pr\u00f3ximo\u00a0<u>28 de julio<\/u>, Viva Aerobus restablecer\u00e1 su ruta a Canc\u00fan con tres vuelos al d\u00eda y, posterior a la temporada de verano, a partir del 9 de septiembre, operar\u00e1 dos vuelos diarios. En esa misma fecha, Viva tambi\u00e9n reanudar\u00e1 sus vuelos a Monterrey con dos vuelos al d\u00eda y, a partir de septiembre, incrementar\u00e1 a tres frecuencias diarias.<\/p>\n<p style=\"font-weight: 400;\">Importante destacar que el\u00a0<u>9 de septiembre<\/u>, Viva, a su vez, dar\u00e1 inicio a la operaci\u00f3n de las dos nuevas rutas Toluca \u2013 M\u00e9rida y Toluca \u2013 Puerto Vallarta, ambas con un vuelo diario.<\/p>\n<p style=\"font-weight: 400;\">\u201cAgradecemos la confianza de Viva Aerobus en Toluca. Estamos convencidos que estas cuatro rutas facilitar\u00e1n que m\u00e1s personas puedan conocer la riqueza natural, cultural, artesanal y gastron\u00f3mica mexiquense. Y, al mismo tiempo, al fortalecer la conectividad a\u00e9rea de la ciudad, nuestro estado crece como un centro log\u00edstico del pa\u00eds\u201d, mencion\u00f3 Marcela Gonz\u00e1lez Salas, Secretaria de Cultura y Turismo del Estado de M\u00e9xico.<\/p>\n<p style=\"font-weight: 400;\">El anuncio del regreso de Viva Aerobus al Aeropuerto Internacional de Toluca ocurre a una semana del lanzamiento de cinco nuevas rutas de la aerol\u00ednea en el Aeropuerto Internacional Felipe \u00c1ngeles. Precisamente, esta ampliaci\u00f3n de la oferta de Viva en la Zona Metropolitana del Valle de M\u00e9xico resulta de la necesidad de atender la creciente demanda de vuelos y de brindar m\u00e1s opciones a los pasajeros de volar de distintos aeropuertos de la zona.<\/p>\n<p style=\"font-weight: 400;\">&#8220;El reinicio de operaciones de Viva Aerobus y el lanzamiento, adem\u00e1s, de nuevas rutas, son excelentes noticias para todos los pasajeros del Valle de Toluca a quienes recibiremos y atenderemos con un servicio enfocado al cliente, los m\u00e1s altos est\u00e1ndares de seguridad y una infraestructura de clase mundial&#8221;, afirm\u00f3 Hugo Alberto Delgado Ortega, Director General del Aeropuerto Internacional de Toluca.<\/p>\n<p style=\"font-weight: 400;\">\u201cAl momento, Yucat\u00e1n ha restablecido el 99.8% del n\u00famero de asientos registrados prepandemia, incrementado 175% sus rutas internacionales y alcanzando, en el pasado mes de marzo, un nuevo r\u00e9cord hist\u00f3rico en el movimiento de pasajeros. Celebramos estas nuevas rutas hacia el Valle de M\u00e9xico, que contribuyen al plan de expansi\u00f3n para nuestra conectividad,\u201d se\u00f1al\u00f3 Michelle Fridman Hirsch, Secretaria de Fomento Tur\u00edstico de Yucat\u00e1n.<\/p>\n<p style=\"font-weight: 400;\">Esta oferta diversificada es posible gracias a un modelo de negocios de ultra bajo costo que permite a Viva la operaci\u00f3n simult\u00e1nea en diversos aeropuertos en una misma zona, bajo los m\u00e1s estrictos est\u00e1ndares de seguridad y confiabilidad. De esta manera, se atienden las necesidades y preferencias de todo tipo de pasajeros para brindarles la comodidad de viajar desde distintos puntos, aprovechando las oportunidades que brinda el desarrollo del Sistema Metropolitano de Aeropuertos.<\/p>\n<p style=\"font-weight: 400;\">\u201cSeguimos creciendo nuestra oferta en el Valle de M\u00e9xico con una propuesta a precios bajos, vuelos directos y aviones nuevos para que m\u00e1s personas tengan la oportunidad de volar desde distintos puntos con plena comodidad, confiabilidad y cuidando de su econom\u00eda\u201d, mencion\u00f3 Juan Carlos Zuazua, director general de Viva Aerobus. \u201cCon estas cuatro rutas, conectamos al Estado de M\u00e9xico con enclaves tur\u00edsticos y de negocios del pa\u00eds, favoreciendo as\u00ed el desarrollo, accesibilidad y competitividad de todos estos destinos\u201d, detall\u00f3.<\/p>\n<p style=\"font-weight: 400;\">Los vuelos ser\u00e1n operados con aeronaves Airbus A320\/ A321 con capacidad para 186\/240 pasajeros, aviones que forman parte de la flota m\u00e1s moderna de M\u00e9xico y la tercera m\u00e1s joven de Norteam\u00e9rica, con una edad promedio de 5 a\u00f1os.<\/p>\n","protected":false},"excerpt":{"rendered":"<p>Con el objetivo de ampliar y diversificar las alternativas de vuelo en la Zona Metropolitana del Valle de M\u00e9xico con una opci\u00f3n a precios bajos, Viva Aerobus anuncia el reinicio de sus vuelos a Canc\u00fan y Monterrey desde el Aeropuerto Internacional de Toluca con un mayor n\u00famero de frecuencias y, adem\u00e1s, anuncia dos nuevas rutas [&hellip;]<\/p>\n","protected":false},"author":17,"featured_media":57619,"comment_status":"open","ping_status":"open","sticky":false,"template":"","format":"standard","meta":{"footnotes":""},"categories":[29],"tags":[892,295,919,2102],"yoast_head":"<!-- This site is optimized with the Yoast SEO plugin v22.2 - https:\/\/yoast.com\/wordpress\/plugins\/seo\/ -->\n<title>Viva Aerobus operar\u00e1 ruta Canc\u00fan - Toluca - Nitu - Noticias de la Industria Turistica<\/title>\n<meta name=\"robots\" content=\"index, follow, max-snippet:-1, max-image-preview:large, max-video-preview:-1\" \/>\n<link rel=\"canonical\" href=\"https:\/\/nitu.mx\/index.php\/2022\/05\/17\/viva-aerobus-operara-ruta-cancun-toluca\/\" \/>\n<meta name=\"twitter:card\" content=\"summary_large_image\" \/>\n<meta name=\"twitter:title\" content=\"Viva Aerobus operar\u00e1 ruta Canc\u00fan - Toluca - Nitu - Noticias de la Industria Turistica\" \/>\n<meta name=\"twitter:description\" content=\"Con el objetivo de ampliar y diversificar las alternativas de vuelo en la Zona Metropolitana del Valle de M\u00e9xico con una opci\u00f3n a precios bajos, Viva Aerobus anuncia el reinicio de sus vuelos a Canc\u00fan y Monterrey desde el Aeropuerto Internacional de Toluca con un mayor n\u00famero de frecuencias y, adem\u00e1s, anuncia dos nuevas rutas [&hellip;]\" \/>\n<meta name=\"twitter:image\" content=\"https:\/\/nitu.mx\/wp-content\/uploads\/2022\/01\/Viva-Aerobus-A321.jpg\" \/>\n<meta name=\"twitter:creator\" content=\"@NITUmx\" \/>\n<meta name=\"twitter:site\" content=\"@Arturo_Medina_G\" \/>\n<meta name=\"twitter:label1\" content=\"Escrito por\" \/>\n\t<meta name=\"twitter:data1\" content=\"Redacci\u00f3n\" \/>\n\t<meta name=\"twitter:label2\" content=\"Tiempo de lectura\" \/>\n\t<meta name=\"twitter:data2\" content=\"3 minutos\" \/>\n<script type=\"application\/ld+json\" class=\"yoast-schema-graph\">{\"@context\":\"https:\/\/schema.org\",\"@graph\":[{\"@type\":\"Article\",\"@id\":\"https:\/\/nitu.mx\/index.php\/2022\/05\/17\/viva-aerobus-operara-ruta-cancun-toluca\/#article\",\"isPartOf\":{\"@id\":\"https:\/\/nitu.mx\/index.php\/2022\/05\/17\/viva-aerobus-operara-ruta-cancun-toluca\/\"},\"author\":{\"name\":\"Redacci\u00f3n\",\"@id\":\"https:\/\/nitu.mx\/#\/schema\/person\/4a28fe9bd65924f7c90623773daf1b0b\"},\"headline\":\"Viva Aerobus operar\u00e1 ruta Canc\u00fan &#8211; Toluca\",\"datePublished\":\"2022-05-17T08:36:57+00:00\",\"dateModified\":\"2022-05-17T13:54:14+00:00\",\"mainEntityOfPage\":{\"@id\":\"https:\/\/nitu.mx\/index.php\/2022\/05\/17\/viva-aerobus-operara-ruta-cancun-toluca\/\"},\"wordCount\":658,\"commentCount\":0,\"publisher\":{\"@id\":\"https:\/\/nitu.mx\/#\/schema\/person\/ae7a53426417292d3dd07b45a33e01bc\"},\"image\":{\"@id\":\"https:\/\/nitu.mx\/index.php\/2022\/05\/17\/viva-aerobus-operara-ruta-cancun-toluca\/#primaryimage\"},\"thumbnailUrl\":\"https:\/\/nitu.mx\/wp-content\/uploads\/2022\/01\/Viva-Aerobus-A321.jpg\",\"keywords\":[\"Estado de M\u00e9xico\",\"Juan Carlos Zuazua\",\"Toluca\",\"Viva Aerobus\"],\"articleSection\":[\"Aerol\u00edneas\"],\"inLanguage\":\"es-MX\",\"potentialAction\":[{\"@type\":\"CommentAction\",\"name\":\"Comment\",\"target\":[\"https:\/\/nitu.mx\/index.php\/2022\/05\/17\/viva-aerobus-operara-ruta-cancun-toluca\/#respond\"]}]},{\"@type\":\"WebPage\",\"@id\":\"https:\/\/nitu.mx\/index.php\/2022\/05\/17\/viva-aerobus-operara-ruta-cancun-toluca\/\",\"url\":\"https:\/\/nitu.mx\/index.php\/2022\/05\/17\/viva-aerobus-operara-ruta-cancun-toluca\/\",\"name\":\"Viva Aerobus operar\u00e1 ruta Canc\u00fan - Toluca - Nitu - Noticias de la Industria Turistica\",\"isPartOf\":{\"@id\":\"https:\/\/nitu.mx\/#website\"},\"primaryImageOfPage\":{\"@id\":\"https:\/\/nitu.mx\/index.php\/2022\/05\/17\/viva-aerobus-operara-ruta-cancun-toluca\/#primaryimage\"},\"image\":{\"@id\":\"https:\/\/nitu.mx\/index.php\/2022\/05\/17\/viva-aerobus-operara-ruta-cancun-toluca\/#primaryimage\"},\"thumbnailUrl\":\"https:\/\/nitu.mx\/wp-content\/uploads\/2022\/01\/Viva-Aerobus-A321.jpg\",\"datePublished\":\"2022-05-17T08:36:57+00:00\",\"dateModified\":\"2022-05-17T13:54:14+00:00\",\"breadcrumb\":{\"@id\":\"https:\/\/nitu.mx\/index.php\/2022\/05\/17\/viva-aerobus-operara-ruta-cancun-toluca\/#breadcrumb\"},\"inLanguage\":\"es-MX\",\"potentialAction\":[{\"@type\":\"ReadAction\",\"target\":[\"https:\/\/nitu.mx\/index.php\/2022\/05\/17\/viva-aerobus-operara-ruta-cancun-toluca\/\"]}]},{\"@type\":\"ImageObject\",\"inLanguage\":\"es-MX\",\"@id\":\"https:\/\/nitu.mx\/index.php\/2022\/05\/17\/viva-aerobus-operara-ruta-cancun-toluca\/#primaryimage\",\"url\":\"https:\/\/nitu.mx\/wp-content\/uploads\/2022\/01\/Viva-Aerobus-A321.jpg\",\"contentUrl\":\"https:\/\/nitu.mx\/wp-content\/uploads\/2022\/01\/Viva-Aerobus-A321.jpg\",\"width\":1200,\"height\":675,\"caption\":\"Viva Aerobus\"},{\"@type\":\"BreadcrumbList\",\"@id\":\"https:\/\/nitu.mx\/index.php\/2022\/05\/17\/viva-aerobus-operara-ruta-cancun-toluca\/#breadcrumb\",\"itemListElement\":[{\"@type\":\"ListItem\",\"position\":1,\"name\":\"Inicio\",\"item\":\"https:\/\/nitu.mx\/\"},{\"@type\":\"ListItem\",\"position\":2,\"name\":\"Viva Aerobus operar\u00e1 ruta Canc\u00fan &#8211; Toluca\"}]},{\"@type\":\"WebSite\",\"@id\":\"https:\/\/nitu.mx\/#website\",\"url\":\"https:\/\/nitu.mx\/\",\"name\":\"Nitu - Noticias de la Industria Turistica\",\"description\":\"Noticias de la Industria Turistica\",\"publisher\":{\"@id\":\"https:\/\/nitu.mx\/#\/schema\/person\/ae7a53426417292d3dd07b45a33e01bc\"},\"alternateName\":\"Noticias de la Industria Turistica\",\"potentialAction\":[{\"@type\":\"SearchAction\",\"target\":{\"@type\":\"EntryPoint\",\"urlTemplate\":\"https:\/\/nitu.mx\/?s={search_term_string}\"},\"query-input\":\"required name=search_term_string\"}],\"inLanguage\":\"es-MX\"},{\"@type\":[\"Person\",\"Organization\"],\"@id\":\"https:\/\/nitu.mx\/#\/schema\/person\/ae7a53426417292d3dd07b45a33e01bc\",\"name\":\"Arturo Medina\",\"image\":{\"@type\":\"ImageObject\",\"inLanguage\":\"es-MX\",\"@id\":\"https:\/\/nitu.mx\/#\/schema\/person\/image\/\",\"url\":\"https:\/\/nitu.mx\/wp-content\/uploads\/2024\/04\/4A315622-1904-4D5C-B022-878CDC840E04-90x90-1.jpeg\",\"contentUrl\":\"https:\/\/nitu.mx\/wp-content\/uploads\/2024\/04\/4A315622-1904-4D5C-B022-878CDC840E04-90x90-1.jpeg\",\"width\":90,\"height\":90,\"caption\":\"Arturo Medina\"},\"logo\":{\"@id\":\"https:\/\/nitu.mx\/#\/schema\/person\/image\/\"},\"description\":\"Director NITU.mx, Egresado de la Escuela de Periodismo Carlos Septi\u00e9n Garc\u00eda. Periodista y analista especializado en turismo desde hace 35 a\u00f1os, radicado en Canc\u00fan Q.Roo. arturo@nitu.mx\",\"sameAs\":[\"https:\/\/nitu.mx\",\"https:\/\/www.facebook.com\/NITUmx\/\",\"medinacancun\",\"https:\/\/twitter.com\/@Arturo_Medina_G\"]},{\"@type\":\"Person\",\"@id\":\"https:\/\/nitu.mx\/#\/schema\/person\/4a28fe9bd65924f7c90623773daf1b0b\",\"name\":\"Redacci\u00f3n\",\"image\":{\"@type\":\"ImageObject\",\"inLanguage\":\"es-MX\",\"@id\":\"https:\/\/nitu.mx\/#\/schema\/person\/image\/\",\"url\":\"https:\/\/secure.gravatar.com\/avatar\/5dd011c8ccfc5cd7e4c81e42252aab38?s=96&d=mm&r=g\",\"contentUrl\":\"https:\/\/secure.gravatar.com\/avatar\/5dd011c8ccfc5cd7e4c81e42252aab38?s=96&d=mm&r=g\",\"caption\":\"Redacci\u00f3n\"},\"url\":\"https:\/\/nitu.mx\/index.php\/author\/redaccion\/\"}]}<\/script>\n<!-- \/ Yoast SEO plugin. -->","yoast_head_json":{"title":"Viva Aerobus operar\u00e1 ruta Canc\u00fan - Toluca - Nitu - Noticias de la Industria Turistica","robots":{"index":"index","follow":"follow","max-snippet":"max-snippet:-1","max-image-preview":"max-image-preview:large","max-video-preview":"max-video-preview:-1"},"canonical":"https:\/\/nitu.mx\/index.php\/2022\/05\/17\/viva-aerobus-operara-ruta-cancun-toluca\/","twitter_card":"summary_large_image","twitter_title":"Viva Aerobus operar\u00e1 ruta Canc\u00fan - Toluca - Nitu - Noticias de la Industria Turistica","twitter_description":"Con el objetivo de ampliar y diversificar las alternativas de vuelo en la Zona Metropolitana del Valle de M\u00e9xico con una opci\u00f3n a precios bajos, Viva Aerobus anuncia el reinicio de sus vuelos a Canc\u00fan y Monterrey desde el Aeropuerto Internacional de Toluca con un mayor n\u00famero de frecuencias y, adem\u00e1s, anuncia dos nuevas rutas [&hellip;]","twitter_image":"https:\/\/nitu.mx\/wp-content\/uploads\/2022\/01\/Viva-Aerobus-A321.jpg","twitter_creator":"@NITUmx","twitter_site":"@Arturo_Medina_G","twitter_misc":{"Escrito por":"Redacci\u00f3n","Tiempo de lectura":"3 minutos"},"schema":{"@context":"https:\/\/schema.org","@graph":[{"@type":"Article","@id":"https:\/\/nitu.mx\/index.php\/2022\/05\/17\/viva-aerobus-operara-ruta-cancun-toluca\/#article","isPartOf":{"@id":"https:\/\/nitu.mx\/index.php\/2022\/05\/17\/viva-aerobus-operara-ruta-cancun-toluca\/"},"author":{"name":"Redacci\u00f3n","@id":"https:\/\/nitu.mx\/#\/schema\/person\/4a28fe9bd65924f7c90623773daf1b0b"},"headline":"Viva Aerobus operar\u00e1 ruta Canc\u00fan &#8211; Toluca","datePublished":"2022-05-17T08:36:57+00:00","dateModified":"2022-05-17T13:54:14+00:00","mainEntityOfPage":{"@id":"https:\/\/nitu.mx\/index.php\/2022\/05\/17\/viva-aerobus-operara-ruta-cancun-toluca\/"},"wordCount":658,"commentCount":0,"publisher":{"@id":"https:\/\/nitu.mx\/#\/schema\/person\/ae7a53426417292d3dd07b45a33e01bc"},"image":{"@id":"https:\/\/nitu.mx\/index.php\/2022\/05\/17\/viva-aerobus-operara-ruta-cancun-toluca\/#primaryimage"},"thumbnailUrl":"https:\/\/nitu.mx\/wp-content\/uploads\/2022\/01\/Viva-Aerobus-A321.jpg","keywords":["Estado de M\u00e9xico","Juan Carlos Zuazua","Toluca","Viva Aerobus"],"articleSection":["Aerol\u00edneas"],"inLanguage":"es-MX","potentialAction":[{"@type":"CommentAction","name":"Comment","target":["https:\/\/nitu.mx\/index.php\/2022\/05\/17\/viva-aerobus-operara-ruta-cancun-toluca\/#respond"]}]},{"@type":"WebPage","@id":"https:\/\/nitu.mx\/index.php\/2022\/05\/17\/viva-aerobus-operara-ruta-cancun-toluca\/","url":"https:\/\/nitu.mx\/index.php\/2022\/05\/17\/viva-aerobus-operara-ruta-cancun-toluca\/","name":"Viva Aerobus operar\u00e1 ruta Canc\u00fan - Toluca - Nitu - Noticias de la Industria Turistica","isPartOf":{"@id":"https:\/\/nitu.mx\/#website"},"primaryImageOfPage":{"@id":"https:\/\/nitu.mx\/index.php\/2022\/05\/17\/viva-aerobus-operara-ruta-cancun-toluca\/#primaryimage"},"image":{"@id":"https:\/\/nitu.mx\/index.php\/2022\/05\/17\/viva-aerobus-operara-ruta-cancun-toluca\/#primaryimage"},"thumbnailUrl":"https:\/\/nitu.mx\/wp-content\/uploads\/2022\/01\/Viva-Aerobus-A321.jpg","datePublished":"2022-05-17T08:36:57+00:00","dateModified":"2022-05-17T13:54:14+00:00","breadcrumb":{"@id":"https:\/\/nitu.mx\/index.php\/2022\/05\/17\/viva-aerobus-operara-ruta-cancun-toluca\/#breadcrumb"},"inLanguage":"es-MX","potentialAction":[{"@type":"ReadAction","target":["https:\/\/nitu.mx\/index.php\/2022\/05\/17\/viva-aerobus-operara-ruta-cancun-toluca\/"]}]},{"@type":"ImageObject","inLanguage":"es-MX","@id":"https:\/\/nitu.mx\/index.php\/2022\/05\/17\/viva-aerobus-operara-ruta-cancun-toluca\/#primaryimage","url":"https:\/\/nitu.mx\/wp-content\/uploads\/2022\/01\/Viva-Aerobus-A321.jpg","contentUrl":"https:\/\/nitu.mx\/wp-content\/uploads\/2022\/01\/Viva-Aerobus-A321.jpg","width":1200,"height":675,"caption":"Viva Aerobus"},{"@type":"BreadcrumbList","@id":"https:\/\/nitu.mx\/index.php\/2022\/05\/17\/viva-aerobus-operara-ruta-cancun-toluca\/#breadcrumb","itemListElement":[{"@type":"ListItem","position":1,"name":"Inicio","item":"https:\/\/nitu.mx\/"},{"@type":"ListItem","position":2,"name":"Viva Aerobus operar\u00e1 ruta Canc\u00fan &#8211; Toluca"}]},{"@type":"WebSite","@id":"https:\/\/nitu.mx\/#website","url":"https:\/\/nitu.mx\/","name":"Nitu - Noticias de la Industria Turistica","description":"Noticias de la Industria Turistica","publisher":{"@id":"https:\/\/nitu.mx\/#\/schema\/person\/ae7a53426417292d3dd07b45a33e01bc"},"alternateName":"Noticias de la Industria Turistica","potentialAction":[{"@type":"SearchAction","target":{"@type":"EntryPoint","urlTemplate":"https:\/\/nitu.mx\/?s={search_term_string}"},"query-input":"required name=search_term_string"}],"inLanguage":"es-MX"},{"@type":["Person","Organization"],"@id":"https:\/\/nitu.mx\/#\/schema\/person\/ae7a53426417292d3dd07b45a33e01bc","name":"Arturo Medina","image":{"@type":"ImageObject","inLanguage":"es-MX","@id":"https:\/\/nitu.mx\/#\/schema\/person\/image\/","url":"https:\/\/nitu.mx\/wp-content\/uploads\/2024\/04\/4A315622-1904-4D5C-B022-878CDC840E04-90x90-1.jpeg","contentUrl":"https:\/\/nitu.mx\/wp-content\/uploads\/2024\/04\/4A315622-1904-4D5C-B022-878CDC840E04-90x90-1.jpeg","width":90,"height":90,"caption":"Arturo Medina"},"logo":{"@id":"https:\/\/nitu.mx\/#\/schema\/person\/image\/"},"description":"Director NITU.mx, Egresado de la Escuela de Periodismo Carlos Septi\u00e9n Garc\u00eda. Periodista y analista especializado en turismo desde hace 35 a\u00f1os, radicado en Canc\u00fan Q.Roo. arturo@nitu.mx","sameAs":["https:\/\/nitu.mx","https:\/\/www.facebook.com\/NITUmx\/","medinacancun","https:\/\/twitter.com\/@Arturo_Medina_G"]},{"@type":"Person","@id":"https:\/\/nitu.mx\/#\/schema\/person\/4a28fe9bd65924f7c90623773daf1b0b","name":"Redacci\u00f3n","image":{"@type":"ImageObject","inLanguage":"es-MX","@id":"https:\/\/nitu.mx\/#\/schema\/person\/image\/","url":"https:\/\/secure.gravatar.com\/avatar\/5dd011c8ccfc5cd7e4c81e42252aab38?s=96&d=mm&r=g","contentUrl":"https:\/\/secure.gravatar.com\/avatar\/5dd011c8ccfc5cd7e4c81e42252aab38?s=96&d=mm&r=g","caption":"Redacci\u00f3n"},"url":"https:\/\/nitu.mx\/index.php\/author\/redaccion\/"}]}},"views":379,"_links":{"self":[{"href":"https:\/\/nitu.mx\/index.php\/wp-json\/wp\/v2\/posts\/59496"}],"collection":[{"href":"https:\/\/nitu.mx\/index.php\/wp-json\/wp\/v2\/posts"}],"about":[{"href":"https:\/\/nitu.mx\/index.php\/wp-json\/wp\/v2\/types\/post"}],"author":[{"embeddable":true,"href":"https:\/\/nitu.mx\/index.php\/wp-json\/wp\/v2\/users\/17"}],"replies":[{"embeddable":true,"href":"https:\/\/nitu.mx\/index.php\/wp-json\/wp\/v2\/comments?post=59496"}],"version-history":[{"count":3,"href":"https:\/\/nitu.mx\/index.php\/wp-json\/wp\/v2\/posts\/59496\/revisions"}],"predecessor-version":[{"id":59514,"href":"https:\/\/nitu.mx\/index.php\/wp-json\/wp\/v2\/posts\/59496\/revisions\/59514"}],"wp:featuredmedia":[{"embeddable":true,"href":"https:\/\/nitu.mx\/index.php\/wp-json\/wp\/v2\/media\/57619"}],"wp:attachment":[{"href":"https:\/\/nitu.mx\/index.php\/wp-json\/wp\/v2\/media?parent=59496"}],"wp:term":[{"taxonomy":"category","embeddable":true,"href":"https:\/\/nitu.mx\/index.php\/wp-json\/wp\/v2\/categories?post=59496"},{"taxonomy":"post_tag","embeddable":true,"href":"https:\/\/nitu.mx\/index.php\/wp-json\/wp\/v2\/tags?post=59496"}],"curies":[{"name":"wp","href":"https:\/\/api.w.org\/{rel}","templated":true}]}}