{"id":59472,"date":"2022-05-16T06:25:11","date_gmt":"2022-05-16T11:25:11","guid":{"rendered":"https:\/\/www.dev.nitu.mx\/?p=59472"},"modified":"2022-05-16T06:31:11","modified_gmt":"2022-05-16T11:31:11","slug":"conexstur-y-tamaulipas-firman-convenio-de-colaboracion","status":"publish","type":"post","link":"https:\/\/nitu.mx\/index.php\/2022\/05\/16\/conexstur-y-tamaulipas-firman-convenio-de-colaboracion\/","title":{"rendered":"Conexstur y Tamaulipas firman convenio de colaboraci\u00f3n"},"content":{"rendered":"<p>Con el objetivo de estrechar lazos, el Consejo Nacional de Exportadores de Servicios Tur\u00edsticos (Conexstur) y la Secretar\u00eda de Turismo del gobierno del estado de Tamaulipas, firmaron un convenio de colaboraci\u00f3n para poner a dicho estado en el radar tur\u00edstico de los visitantes internacionales.<\/p>\n<p>Verena Knopp presidenta de Conexstur refiri\u00f3 que Tamaulipas es un destino que ofrece aventura, sol, playa, gastronom\u00eda, pueblos m\u00e1gicos, naturaleza y se destacan principalmente los segmentos de turismo religioso, m\u00e9dico y de negocios.<\/p>\n<p>La firma de este convenio reitera la alianza estrat\u00e9gica en la que los socios de Conexstur han conocido e integrado producto de Tamaulipas para mostrar al turista extranjero que en conjunto con otras partes de M\u00e9xico, buscan enamorar a todo aquel que visite M\u00e9xico.<\/p>\n<p>\u201cSi visitamos Tamaulipas, debemos conocer sus sitios iconos como la Reserva de la Bi\u00f3sfera el cielo, el cenote el Zacat\u00f3n y deleitarnos con la gastronom\u00eda como enchiladas toltecas, langostinos y jaibas rellenas, las tortas de la barda, nieves de Tula y la carne asada\u201d, mencion\u00f3 Verena.<\/p>\n<p>Tambi\u00e9n se anunci\u00f3 que Tamaulipas formar\u00e1 parte de la plataforma de Conexstur \u201cThe Door of Mexico\u201d donde empresas y agencias pueden conocer m\u00e1s de la oferta tur\u00edstica de nuestro pa\u00eds y sus atractivos.<\/p>\n<p>El refrendo de la alianza entre Conexstur y Sectur Tamaulipas es reflejo de una relaci\u00f3n de trabajo y confianza en la que se ha logrado a lo largo de casi 3 a\u00f1os encontrar aliados y expertos en turismo, da la certeza de trabajar en equipo, pues el producto y experiencia del destino son referentes para la atracci\u00f3n de turistas extranjeros y la promoci\u00f3n internacional para la reactivaci\u00f3n del turismo en M\u00e9xico, mencion\u00f3 Verena Knopp.<\/p>\n<p><img decoding=\"async\" loading=\"lazy\" class=\"wp-image-59485 aligncenter\" src=\"https:\/\/www.dev.nitu.mx\/wp-content\/uploads\/2022\/05\/Socios-conexstur-firma-de-convenio-con-Tamaulipas-300x169.jpg\" alt=\"\" width=\"500\" height=\"281\" srcset=\"https:\/\/nitu.mx\/wp-content\/uploads\/2022\/05\/Socios-conexstur-firma-de-convenio-con-Tamaulipas-300x169.jpg 300w, https:\/\/nitu.mx\/wp-content\/uploads\/2022\/05\/Socios-conexstur-firma-de-convenio-con-Tamaulipas-768x432.jpg 768w, https:\/\/nitu.mx\/wp-content\/uploads\/2022\/05\/Socios-conexstur-firma-de-convenio-con-Tamaulipas-1024x576.jpg 1024w, https:\/\/nitu.mx\/wp-content\/uploads\/2022\/05\/Socios-conexstur-firma-de-convenio-con-Tamaulipas-848x478.jpg 848w, https:\/\/nitu.mx\/wp-content\/uploads\/2022\/05\/Socios-conexstur-firma-de-convenio-con-Tamaulipas.jpg 1200w\" sizes=\"(max-width: 500px) 100vw, 500px\" \/><\/p>\n<p>Por su parte Edgar Sol\u00eds, subsecretario de Sectur Tamaulipas refiri\u00f3 que este convenio es un seguimiento al trabajo que han realizado con los socios de Conexstur desde julio de 2019 cuando se empezaron a desarrollar productos para poner en el radar tur\u00edstico al estado de Tamaulipas.<\/p>\n<p>\u201cPara nuestro estado es un orgullo tener la oportunidad de ser parte de \u201cThe Door of Mexico\u201d una plataforma con gran alcance que nos permite dar a conocer todas la bellezas que Tamaulipas ofrece\u201d, explic\u00f3 Sol\u00eds.<\/p>\n<p>Tambi\u00e9n mencion\u00f3 que renovar esta alianza estrat\u00e9gica con Conexstur es la oportunidad para que de la mano con sus socios podamos seguir promoviendo Tamaulipas, La Sorpresa de M\u00e9xico, que en Semana Santa y Pascua tuvo la visita de 2.1 millones de turistas con una derrama de m\u00e1s de 2 mil millones de pesos para toda la cadena productiva.<\/p>\n","protected":false},"excerpt":{"rendered":"<p>Con el objetivo de estrechar lazos, el Consejo Nacional de Exportadores de Servicios Tur\u00edsticos (Conexstur) y la Secretar\u00eda de Turismo del gobierno del estado de Tamaulipas, firmaron un convenio de colaboraci\u00f3n para poner a dicho estado en el radar tur\u00edstico de los visitantes internacionales. Verena Knopp presidenta de Conexstur refiri\u00f3 que Tamaulipas es un destino [&hellip;]<\/p>\n","protected":false},"author":18,"featured_media":59482,"comment_status":"open","ping_status":"open","sticky":false,"template":"","format":"standard","meta":{"footnotes":""},"categories":[12],"tags":[1121,2104,7816,23313,12751],"yoast_head":"<!-- This site is optimized with the Yoast SEO plugin v22.2 - https:\/\/yoast.com\/wordpress\/plugins\/seo\/ -->\n<title>Conexstur y Tamaulipas firman convenio de colaboraci\u00f3n - Nitu - Noticias de la Industria Turistica<\/title>\n<meta name=\"robots\" content=\"index, follow, max-snippet:-1, max-image-preview:large, max-video-preview:-1\" \/>\n<link rel=\"canonical\" href=\"https:\/\/nitu.mx\/index.php\/2022\/05\/16\/conexstur-y-tamaulipas-firman-convenio-de-colaboracion\/\" \/>\n<meta name=\"twitter:card\" content=\"summary_large_image\" \/>\n<meta name=\"twitter:title\" content=\"Conexstur y Tamaulipas firman convenio de colaboraci\u00f3n - Nitu - Noticias de la Industria Turistica\" \/>\n<meta name=\"twitter:description\" content=\"Con el objetivo de estrechar lazos, el Consejo Nacional de Exportadores de Servicios Tur\u00edsticos (Conexstur) y la Secretar\u00eda de Turismo del gobierno del estado de Tamaulipas, firmaron un convenio de colaboraci\u00f3n para poner a dicho estado en el radar tur\u00edstico de los visitantes internacionales. Verena Knopp presidenta de Conexstur refiri\u00f3 que Tamaulipas es un destino [&hellip;]\" \/>\n<meta name=\"twitter:image\" content=\"https:\/\/nitu.mx\/wp-content\/uploads\/2022\/05\/Firma-de-convenio-Conexstur-y-Tamaulipas.jpg\" \/>\n<meta name=\"twitter:creator\" content=\"@NITUmx\" \/>\n<meta name=\"twitter:site\" content=\"@Arturo_Medina_G\" \/>\n<meta name=\"twitter:label1\" content=\"Escrito por\" \/>\n\t<meta name=\"twitter:data1\" content=\"Guadalupe Sixto\" \/>\n\t<meta name=\"twitter:label2\" content=\"Tiempo de lectura\" \/>\n\t<meta name=\"twitter:data2\" content=\"2 minutos\" \/>\n<script type=\"application\/ld+json\" class=\"yoast-schema-graph\">{\"@context\":\"https:\/\/schema.org\",\"@graph\":[{\"@type\":\"Article\",\"@id\":\"https:\/\/nitu.mx\/index.php\/2022\/05\/16\/conexstur-y-tamaulipas-firman-convenio-de-colaboracion\/#article\",\"isPartOf\":{\"@id\":\"https:\/\/nitu.mx\/index.php\/2022\/05\/16\/conexstur-y-tamaulipas-firman-convenio-de-colaboracion\/\"},\"author\":{\"name\":\"Guadalupe Sixto\",\"@id\":\"https:\/\/nitu.mx\/#\/schema\/person\/3df3082b5e46037e3f13614d28ee0b77\"},\"headline\":\"Conexstur y Tamaulipas firman convenio de colaboraci\u00f3n\",\"datePublished\":\"2022-05-16T11:25:11+00:00\",\"dateModified\":\"2022-05-16T11:31:11+00:00\",\"mainEntityOfPage\":{\"@id\":\"https:\/\/nitu.mx\/index.php\/2022\/05\/16\/conexstur-y-tamaulipas-firman-convenio-de-colaboracion\/\"},\"wordCount\":448,\"commentCount\":0,\"publisher\":{\"@id\":\"https:\/\/nitu.mx\/#\/schema\/person\/ae7a53426417292d3dd07b45a33e01bc\"},\"image\":{\"@id\":\"https:\/\/nitu.mx\/index.php\/2022\/05\/16\/conexstur-y-tamaulipas-firman-convenio-de-colaboracion\/#primaryimage\"},\"thumbnailUrl\":\"https:\/\/nitu.mx\/wp-content\/uploads\/2022\/05\/Firma-de-convenio-Conexstur-y-Tamaulipas.jpg\",\"keywords\":[\"Conexstur\",\"Edgar Sol\u00eds\",\"Tamaulipas\",\"The Door of Mexico\",\"Verena Knopp\"],\"articleSection\":[\"Marketing\"],\"inLanguage\":\"es-MX\",\"potentialAction\":[{\"@type\":\"CommentAction\",\"name\":\"Comment\",\"target\":[\"https:\/\/nitu.mx\/index.php\/2022\/05\/16\/conexstur-y-tamaulipas-firman-convenio-de-colaboracion\/#respond\"]}]},{\"@type\":\"WebPage\",\"@id\":\"https:\/\/nitu.mx\/index.php\/2022\/05\/16\/conexstur-y-tamaulipas-firman-convenio-de-colaboracion\/\",\"url\":\"https:\/\/nitu.mx\/index.php\/2022\/05\/16\/conexstur-y-tamaulipas-firman-convenio-de-colaboracion\/\",\"name\":\"Conexstur y Tamaulipas firman convenio de colaboraci\u00f3n - Nitu - Noticias de la Industria Turistica\",\"isPartOf\":{\"@id\":\"https:\/\/nitu.mx\/#website\"},\"primaryImageOfPage\":{\"@id\":\"https:\/\/nitu.mx\/index.php\/2022\/05\/16\/conexstur-y-tamaulipas-firman-convenio-de-colaboracion\/#primaryimage\"},\"image\":{\"@id\":\"https:\/\/nitu.mx\/index.php\/2022\/05\/16\/conexstur-y-tamaulipas-firman-convenio-de-colaboracion\/#primaryimage\"},\"thumbnailUrl\":\"https:\/\/nitu.mx\/wp-content\/uploads\/2022\/05\/Firma-de-convenio-Conexstur-y-Tamaulipas.jpg\",\"datePublished\":\"2022-05-16T11:25:11+00:00\",\"dateModified\":\"2022-05-16T11:31:11+00:00\",\"breadcrumb\":{\"@id\":\"https:\/\/nitu.mx\/index.php\/2022\/05\/16\/conexstur-y-tamaulipas-firman-convenio-de-colaboracion\/#breadcrumb\"},\"inLanguage\":\"es-MX\",\"potentialAction\":[{\"@type\":\"ReadAction\",\"target\":[\"https:\/\/nitu.mx\/index.php\/2022\/05\/16\/conexstur-y-tamaulipas-firman-convenio-de-colaboracion\/\"]}]},{\"@type\":\"ImageObject\",\"inLanguage\":\"es-MX\",\"@id\":\"https:\/\/nitu.mx\/index.php\/2022\/05\/16\/conexstur-y-tamaulipas-firman-convenio-de-colaboracion\/#primaryimage\",\"url\":\"https:\/\/nitu.mx\/wp-content\/uploads\/2022\/05\/Firma-de-convenio-Conexstur-y-Tamaulipas.jpg\",\"contentUrl\":\"https:\/\/nitu.mx\/wp-content\/uploads\/2022\/05\/Firma-de-convenio-Conexstur-y-Tamaulipas.jpg\",\"width\":1200,\"height\":675},{\"@type\":\"BreadcrumbList\",\"@id\":\"https:\/\/nitu.mx\/index.php\/2022\/05\/16\/conexstur-y-tamaulipas-firman-convenio-de-colaboracion\/#breadcrumb\",\"itemListElement\":[{\"@type\":\"ListItem\",\"position\":1,\"name\":\"Inicio\",\"item\":\"https:\/\/nitu.mx\/\"},{\"@type\":\"ListItem\",\"position\":2,\"name\":\"Conexstur y Tamaulipas firman convenio de colaboraci\u00f3n\"}]},{\"@type\":\"WebSite\",\"@id\":\"https:\/\/nitu.mx\/#website\",\"url\":\"https:\/\/nitu.mx\/\",\"name\":\"Nitu - Noticias de la Industria Turistica\",\"description\":\"Noticias de la Industria Turistica\",\"publisher\":{\"@id\":\"https:\/\/nitu.mx\/#\/schema\/person\/ae7a53426417292d3dd07b45a33e01bc\"},\"alternateName\":\"Noticias de la Industria Turistica\",\"potentialAction\":[{\"@type\":\"SearchAction\",\"target\":{\"@type\":\"EntryPoint\",\"urlTemplate\":\"https:\/\/nitu.mx\/?s={search_term_string}\"},\"query-input\":\"required name=search_term_string\"}],\"inLanguage\":\"es-MX\"},{\"@type\":[\"Person\",\"Organization\"],\"@id\":\"https:\/\/nitu.mx\/#\/schema\/person\/ae7a53426417292d3dd07b45a33e01bc\",\"name\":\"Arturo Medina\",\"image\":{\"@type\":\"ImageObject\",\"inLanguage\":\"es-MX\",\"@id\":\"https:\/\/nitu.mx\/#\/schema\/person\/image\/\",\"url\":\"https:\/\/nitu.mx\/wp-content\/uploads\/2024\/04\/4A315622-1904-4D5C-B022-878CDC840E04-90x90-1.jpeg\",\"contentUrl\":\"https:\/\/nitu.mx\/wp-content\/uploads\/2024\/04\/4A315622-1904-4D5C-B022-878CDC840E04-90x90-1.jpeg\",\"width\":90,\"height\":90,\"caption\":\"Arturo Medina\"},\"logo\":{\"@id\":\"https:\/\/nitu.mx\/#\/schema\/person\/image\/\"},\"description\":\"Director NITU.mx, Egresado de la Escuela de Periodismo Carlos Septi\u00e9n Garc\u00eda. Periodista y analista especializado en turismo desde hace 35 a\u00f1os, radicado en Canc\u00fan Q.Roo. arturo@nitu.mx\",\"sameAs\":[\"https:\/\/nitu.mx\",\"https:\/\/www.facebook.com\/NITUmx\/\",\"medinacancun\",\"https:\/\/twitter.com\/@Arturo_Medina_G\"]},{\"@type\":\"Person\",\"@id\":\"https:\/\/nitu.mx\/#\/schema\/person\/3df3082b5e46037e3f13614d28ee0b77\",\"name\":\"Guadalupe Sixto\",\"image\":{\"@type\":\"ImageObject\",\"inLanguage\":\"es-MX\",\"@id\":\"https:\/\/nitu.mx\/#\/schema\/person\/image\/\",\"url\":\"https:\/\/secure.gravatar.com\/avatar\/13914e1b0e1919e91f9539de4dc584c4?s=96&d=mm&r=g\",\"contentUrl\":\"https:\/\/secure.gravatar.com\/avatar\/13914e1b0e1919e91f9539de4dc584c4?s=96&d=mm&r=g\",\"caption\":\"Guadalupe Sixto\"},\"url\":\"https:\/\/nitu.mx\/index.php\/author\/gsixto\/\"}]}<\/script>\n<!-- \/ Yoast SEO plugin. -->","yoast_head_json":{"title":"Conexstur y Tamaulipas firman convenio de colaboraci\u00f3n - Nitu - Noticias de la Industria Turistica","robots":{"index":"index","follow":"follow","max-snippet":"max-snippet:-1","max-image-preview":"max-image-preview:large","max-video-preview":"max-video-preview:-1"},"canonical":"https:\/\/nitu.mx\/index.php\/2022\/05\/16\/conexstur-y-tamaulipas-firman-convenio-de-colaboracion\/","twitter_card":"summary_large_image","twitter_title":"Conexstur y Tamaulipas firman convenio de colaboraci\u00f3n - Nitu - Noticias de la Industria Turistica","twitter_description":"Con el objetivo de estrechar lazos, el Consejo Nacional de Exportadores de Servicios Tur\u00edsticos (Conexstur) y la Secretar\u00eda de Turismo del gobierno del estado de Tamaulipas, firmaron un convenio de colaboraci\u00f3n para poner a dicho estado en el radar tur\u00edstico de los visitantes internacionales. Verena Knopp presidenta de Conexstur refiri\u00f3 que Tamaulipas es un destino [&hellip;]","twitter_image":"https:\/\/nitu.mx\/wp-content\/uploads\/2022\/05\/Firma-de-convenio-Conexstur-y-Tamaulipas.jpg","twitter_creator":"@NITUmx","twitter_site":"@Arturo_Medina_G","twitter_misc":{"Escrito por":"Guadalupe Sixto","Tiempo de lectura":"2 minutos"},"schema":{"@context":"https:\/\/schema.org","@graph":[{"@type":"Article","@id":"https:\/\/nitu.mx\/index.php\/2022\/05\/16\/conexstur-y-tamaulipas-firman-convenio-de-colaboracion\/#article","isPartOf":{"@id":"https:\/\/nitu.mx\/index.php\/2022\/05\/16\/conexstur-y-tamaulipas-firman-convenio-de-colaboracion\/"},"author":{"name":"Guadalupe Sixto","@id":"https:\/\/nitu.mx\/#\/schema\/person\/3df3082b5e46037e3f13614d28ee0b77"},"headline":"Conexstur y Tamaulipas firman convenio de colaboraci\u00f3n","datePublished":"2022-05-16T11:25:11+00:00","dateModified":"2022-05-16T11:31:11+00:00","mainEntityOfPage":{"@id":"https:\/\/nitu.mx\/index.php\/2022\/05\/16\/conexstur-y-tamaulipas-firman-convenio-de-colaboracion\/"},"wordCount":448,"commentCount":0,"publisher":{"@id":"https:\/\/nitu.mx\/#\/schema\/person\/ae7a53426417292d3dd07b45a33e01bc"},"image":{"@id":"https:\/\/nitu.mx\/index.php\/2022\/05\/16\/conexstur-y-tamaulipas-firman-convenio-de-colaboracion\/#primaryimage"},"thumbnailUrl":"https:\/\/nitu.mx\/wp-content\/uploads\/2022\/05\/Firma-de-convenio-Conexstur-y-Tamaulipas.jpg","keywords":["Conexstur","Edgar Sol\u00eds","Tamaulipas","The Door of Mexico","Verena Knopp"],"articleSection":["Marketing"],"inLanguage":"es-MX","potentialAction":[{"@type":"CommentAction","name":"Comment","target":["https:\/\/nitu.mx\/index.php\/2022\/05\/16\/conexstur-y-tamaulipas-firman-convenio-de-colaboracion\/#respond"]}]},{"@type":"WebPage","@id":"https:\/\/nitu.mx\/index.php\/2022\/05\/16\/conexstur-y-tamaulipas-firman-convenio-de-colaboracion\/","url":"https:\/\/nitu.mx\/index.php\/2022\/05\/16\/conexstur-y-tamaulipas-firman-convenio-de-colaboracion\/","name":"Conexstur y Tamaulipas firman convenio de colaboraci\u00f3n - Nitu - Noticias de la Industria Turistica","isPartOf":{"@id":"https:\/\/nitu.mx\/#website"},"primaryImageOfPage":{"@id":"https:\/\/nitu.mx\/index.php\/2022\/05\/16\/conexstur-y-tamaulipas-firman-convenio-de-colaboracion\/#primaryimage"},"image":{"@id":"https:\/\/nitu.mx\/index.php\/2022\/05\/16\/conexstur-y-tamaulipas-firman-convenio-de-colaboracion\/#primaryimage"},"thumbnailUrl":"https:\/\/nitu.mx\/wp-content\/uploads\/2022\/05\/Firma-de-convenio-Conexstur-y-Tamaulipas.jpg","datePublished":"2022-05-16T11:25:11+00:00","dateModified":"2022-05-16T11:31:11+00:00","breadcrumb":{"@id":"https:\/\/nitu.mx\/index.php\/2022\/05\/16\/conexstur-y-tamaulipas-firman-convenio-de-colaboracion\/#breadcrumb"},"inLanguage":"es-MX","potentialAction":[{"@type":"ReadAction","target":["https:\/\/nitu.mx\/index.php\/2022\/05\/16\/conexstur-y-tamaulipas-firman-convenio-de-colaboracion\/"]}]},{"@type":"ImageObject","inLanguage":"es-MX","@id":"https:\/\/nitu.mx\/index.php\/2022\/05\/16\/conexstur-y-tamaulipas-firman-convenio-de-colaboracion\/#primaryimage","url":"https:\/\/nitu.mx\/wp-content\/uploads\/2022\/05\/Firma-de-convenio-Conexstur-y-Tamaulipas.jpg","contentUrl":"https:\/\/nitu.mx\/wp-content\/uploads\/2022\/05\/Firma-de-convenio-Conexstur-y-Tamaulipas.jpg","width":1200,"height":675},{"@type":"BreadcrumbList","@id":"https:\/\/nitu.mx\/index.php\/2022\/05\/16\/conexstur-y-tamaulipas-firman-convenio-de-colaboracion\/#breadcrumb","itemListElement":[{"@type":"ListItem","position":1,"name":"Inicio","item":"https:\/\/nitu.mx\/"},{"@type":"ListItem","position":2,"name":"Conexstur y Tamaulipas firman convenio de colaboraci\u00f3n"}]},{"@type":"WebSite","@id":"https:\/\/nitu.mx\/#website","url":"https:\/\/nitu.mx\/","name":"Nitu - Noticias de la Industria Turistica","description":"Noticias de la Industria Turistica","publisher":{"@id":"https:\/\/nitu.mx\/#\/schema\/person\/ae7a53426417292d3dd07b45a33e01bc"},"alternateName":"Noticias de la Industria Turistica","potentialAction":[{"@type":"SearchAction","target":{"@type":"EntryPoint","urlTemplate":"https:\/\/nitu.mx\/?s={search_term_string}"},"query-input":"required name=search_term_string"}],"inLanguage":"es-MX"},{"@type":["Person","Organization"],"@id":"https:\/\/nitu.mx\/#\/schema\/person\/ae7a53426417292d3dd07b45a33e01bc","name":"Arturo Medina","image":{"@type":"ImageObject","inLanguage":"es-MX","@id":"https:\/\/nitu.mx\/#\/schema\/person\/image\/","url":"https:\/\/nitu.mx\/wp-content\/uploads\/2024\/04\/4A315622-1904-4D5C-B022-878CDC840E04-90x90-1.jpeg","contentUrl":"https:\/\/nitu.mx\/wp-content\/uploads\/2024\/04\/4A315622-1904-4D5C-B022-878CDC840E04-90x90-1.jpeg","width":90,"height":90,"caption":"Arturo Medina"},"logo":{"@id":"https:\/\/nitu.mx\/#\/schema\/person\/image\/"},"description":"Director NITU.mx, Egresado de la Escuela de Periodismo Carlos Septi\u00e9n Garc\u00eda. Periodista y analista especializado en turismo desde hace 35 a\u00f1os, radicado en Canc\u00fan Q.Roo. arturo@nitu.mx","sameAs":["https:\/\/nitu.mx","https:\/\/www.facebook.com\/NITUmx\/","medinacancun","https:\/\/twitter.com\/@Arturo_Medina_G"]},{"@type":"Person","@id":"https:\/\/nitu.mx\/#\/schema\/person\/3df3082b5e46037e3f13614d28ee0b77","name":"Guadalupe Sixto","image":{"@type":"ImageObject","inLanguage":"es-MX","@id":"https:\/\/nitu.mx\/#\/schema\/person\/image\/","url":"https:\/\/secure.gravatar.com\/avatar\/13914e1b0e1919e91f9539de4dc584c4?s=96&d=mm&r=g","contentUrl":"https:\/\/secure.gravatar.com\/avatar\/13914e1b0e1919e91f9539de4dc584c4?s=96&d=mm&r=g","caption":"Guadalupe Sixto"},"url":"https:\/\/nitu.mx\/index.php\/author\/gsixto\/"}]}},"views":358,"_links":{"self":[{"href":"https:\/\/nitu.mx\/index.php\/wp-json\/wp\/v2\/posts\/59472"}],"collection":[{"href":"https:\/\/nitu.mx\/index.php\/wp-json\/wp\/v2\/posts"}],"about":[{"href":"https:\/\/nitu.mx\/index.php\/wp-json\/wp\/v2\/types\/post"}],"author":[{"embeddable":true,"href":"https:\/\/nitu.mx\/index.php\/wp-json\/wp\/v2\/users\/18"}],"replies":[{"embeddable":true,"href":"https:\/\/nitu.mx\/index.php\/wp-json\/wp\/v2\/comments?post=59472"}],"version-history":[{"count":4,"href":"https:\/\/nitu.mx\/index.php\/wp-json\/wp\/v2\/posts\/59472\/revisions"}],"predecessor-version":[{"id":59486,"href":"https:\/\/nitu.mx\/index.php\/wp-json\/wp\/v2\/posts\/59472\/revisions\/59486"}],"wp:featuredmedia":[{"embeddable":true,"href":"https:\/\/nitu.mx\/index.php\/wp-json\/wp\/v2\/media\/59482"}],"wp:attachment":[{"href":"https:\/\/nitu.mx\/index.php\/wp-json\/wp\/v2\/media?parent=59472"}],"wp:term":[{"taxonomy":"category","embeddable":true,"href":"https:\/\/nitu.mx\/index.php\/wp-json\/wp\/v2\/categories?post=59472"},{"taxonomy":"post_tag","embeddable":true,"href":"https:\/\/nitu.mx\/index.php\/wp-json\/wp\/v2\/tags?post=59472"}],"curies":[{"name":"wp","href":"https:\/\/api.w.org\/{rel}","templated":true}]}}