{"id":59452,"date":"2022-05-13T05:48:56","date_gmt":"2022-05-13T10:48:56","guid":{"rendered":"https:\/\/www.dev.nitu.mx\/?p=59452"},"modified":"2022-05-13T06:09:29","modified_gmt":"2022-05-13T11:09:29","slug":"iata-avala-relajacion-de-medidas-en-vuelos-europeos","status":"publish","type":"post","link":"https:\/\/nitu.mx\/index.php\/2022\/05\/13\/iata-avala-relajacion-de-medidas-en-vuelos-europeos\/","title":{"rendered":"IATA avala relajaci\u00f3n de medidas en vuelos europeos"},"content":{"rendered":"<p>La Asociaci\u00f3n de Transporte A\u00e9reo Internacional (IATA) aplaude la nueva gu\u00eda de la Agencia Europea de Seguridad A\u00e9rea (EASA) que elimin\u00f3 su recomendaci\u00f3n de que se deben requerir m\u00e1scaras en vuelo.<\/p>\n<p>El Protocolo actualizado de Seguridad y Salud en la Aviaci\u00f3n de la EASA, publicado el 11 de mayo, exige que se relaje la regla de m\u00e1scara obligatoria donde se han relajado las reglas para otros modos de transporte.<\/p>\n<p>Este cambio importante refleja los altos niveles de vacunaci\u00f3n, los niveles de inmunidad natural y la eliminaci\u00f3n de las restricciones dom\u00e9sticas en muchas naciones europeas.<\/p>\n<p>La gu\u00eda actualizada tambi\u00e9n reconoce la necesidad de pasar de una situaci\u00f3n de emergencia a un modo m\u00e1s sostenible de gestionar el COVID-19.<\/p>\n<p>\u201cDamos la bienvenida a la recomendaci\u00f3n de EASA de relajar el mandato de m\u00e1scara, que es otro paso importante en el camino de regreso a la normalidad para los pasajeros a\u00e9reos. Los viajeros pueden esperar la libertad de elecci\u00f3n sobre si usar una m\u00e1scara. Y pueden viajar con confianza sabiendo que muchas caracter\u00edsticas de la cabina del avi\u00f3n, como el intercambio de aire de alta frecuencia y los filtros de alta eficiencia, lo convierten en uno de los ambientes interiores m\u00e1s seguros\u201d, dijo Willie Walsh, director general de IATA.<\/p>\n<p>Varias jurisdicciones a\u00fan mantienen requisitos de m\u00e1scara. Ese es un desaf\u00edo para las aerol\u00edneas y los pasajeros que vuelan entre destinos con diferentes requisitos.<\/p>\n<p>\u201cCreemos que los requisitos de m\u00e1scaras a bordo de los aviones deber\u00edan terminar cuando las m\u00e1scaras ya no sean obligatorias en otras partes de la vida diaria, por ejemplo, teatros, oficinas o en el transporte p\u00fablico. Aunque el protocolo europeo entra en vigor la semana que viene, no existe un enfoque coherente a nivel mundial para el uso de mascarillas a bordo de los aviones. Las aerol\u00edneas deben cumplir con la normativa aplicable a las rutas que est\u00e1n operando. La tripulaci\u00f3n del avi\u00f3n sabr\u00e1 qu\u00e9 reglas se aplican y es fundamental que los pasajeros sigan sus instrucciones. Y les pedimos a todos los viajeros que respeten la decisi\u00f3n de otras personas de usar m\u00e1scaras voluntariamente, incluso si no es un requisito\u201d, dijo Walsh.<\/p>\n","protected":false},"excerpt":{"rendered":"<p>La Asociaci\u00f3n de Transporte A\u00e9reo Internacional (IATA) aplaude la nueva gu\u00eda de la Agencia Europea de Seguridad A\u00e9rea (EASA) que elimin\u00f3 su recomendaci\u00f3n de que se deben requerir m\u00e1scaras en vuelo. El Protocolo actualizado de Seguridad y Salud en la Aviaci\u00f3n de la EASA, publicado el 11 de mayo, exige que se relaje la regla [&hellip;]<\/p>\n","protected":false},"author":17,"featured_media":47634,"comment_status":"open","ping_status":"open","sticky":false,"template":"","format":"standard","meta":{"footnotes":""},"categories":[29],"tags":[8268,120,1734,21180],"yoast_head":"<!-- This site is optimized with the Yoast SEO plugin v22.2 - https:\/\/yoast.com\/wordpress\/plugins\/seo\/ -->\n<title>IATA avala relajaci\u00f3n de medidas en vuelos europeos - Nitu - Noticias de la Industria Turistica<\/title>\n<meta name=\"robots\" content=\"index, follow, max-snippet:-1, max-image-preview:large, max-video-preview:-1\" \/>\n<link rel=\"canonical\" href=\"https:\/\/nitu.mx\/index.php\/2022\/05\/13\/iata-avala-relajacion-de-medidas-en-vuelos-europeos\/\" \/>\n<meta name=\"twitter:card\" content=\"summary_large_image\" \/>\n<meta name=\"twitter:title\" content=\"IATA avala relajaci\u00f3n de medidas en vuelos europeos - Nitu - Noticias de la Industria Turistica\" \/>\n<meta name=\"twitter:description\" content=\"La Asociaci\u00f3n de Transporte A\u00e9reo Internacional (IATA) aplaude la nueva gu\u00eda de la Agencia Europea de Seguridad A\u00e9rea (EASA) que elimin\u00f3 su recomendaci\u00f3n de que se deben requerir m\u00e1scaras en vuelo. El Protocolo actualizado de Seguridad y Salud en la Aviaci\u00f3n de la EASA, publicado el 11 de mayo, exige que se relaje la regla [&hellip;]\" \/>\n<meta name=\"twitter:image\" content=\"https:\/\/nitu.mx\/wp-content\/uploads\/2020\/10\/Aerolineas-IATA.jpg\" \/>\n<meta name=\"twitter:creator\" content=\"@NITUmx\" \/>\n<meta name=\"twitter:site\" content=\"@Arturo_Medina_G\" \/>\n<meta name=\"twitter:label1\" content=\"Escrito por\" \/>\n\t<meta name=\"twitter:data1\" content=\"Redacci\u00f3n\" \/>\n\t<meta name=\"twitter:label2\" content=\"Tiempo de lectura\" \/>\n\t<meta name=\"twitter:data2\" content=\"2 minutos\" \/>\n<script type=\"application\/ld+json\" class=\"yoast-schema-graph\">{\"@context\":\"https:\/\/schema.org\",\"@graph\":[{\"@type\":\"Article\",\"@id\":\"https:\/\/nitu.mx\/index.php\/2022\/05\/13\/iata-avala-relajacion-de-medidas-en-vuelos-europeos\/#article\",\"isPartOf\":{\"@id\":\"https:\/\/nitu.mx\/index.php\/2022\/05\/13\/iata-avala-relajacion-de-medidas-en-vuelos-europeos\/\"},\"author\":{\"name\":\"Redacci\u00f3n\",\"@id\":\"https:\/\/nitu.mx\/#\/schema\/person\/4a28fe9bd65924f7c90623773daf1b0b\"},\"headline\":\"IATA avala relajaci\u00f3n de medidas en vuelos europeos\",\"datePublished\":\"2022-05-13T10:48:56+00:00\",\"dateModified\":\"2022-05-13T11:09:29+00:00\",\"mainEntityOfPage\":{\"@id\":\"https:\/\/nitu.mx\/index.php\/2022\/05\/13\/iata-avala-relajacion-de-medidas-en-vuelos-europeos\/\"},\"wordCount\":398,\"commentCount\":0,\"publisher\":{\"@id\":\"https:\/\/nitu.mx\/#\/schema\/person\/ae7a53426417292d3dd07b45a33e01bc\"},\"image\":{\"@id\":\"https:\/\/nitu.mx\/index.php\/2022\/05\/13\/iata-avala-relajacion-de-medidas-en-vuelos-europeos\/#primaryimage\"},\"thumbnailUrl\":\"https:\/\/nitu.mx\/wp-content\/uploads\/2020\/10\/Aerolineas-IATA.jpg\",\"keywords\":[\"EASA\",\"Europa\",\"IATA\",\"Willie Walsh\"],\"articleSection\":[\"Aerol\u00edneas\"],\"inLanguage\":\"es-MX\",\"potentialAction\":[{\"@type\":\"CommentAction\",\"name\":\"Comment\",\"target\":[\"https:\/\/nitu.mx\/index.php\/2022\/05\/13\/iata-avala-relajacion-de-medidas-en-vuelos-europeos\/#respond\"]}]},{\"@type\":\"WebPage\",\"@id\":\"https:\/\/nitu.mx\/index.php\/2022\/05\/13\/iata-avala-relajacion-de-medidas-en-vuelos-europeos\/\",\"url\":\"https:\/\/nitu.mx\/index.php\/2022\/05\/13\/iata-avala-relajacion-de-medidas-en-vuelos-europeos\/\",\"name\":\"IATA avala relajaci\u00f3n de medidas en vuelos europeos - Nitu - Noticias de la Industria Turistica\",\"isPartOf\":{\"@id\":\"https:\/\/nitu.mx\/#website\"},\"primaryImageOfPage\":{\"@id\":\"https:\/\/nitu.mx\/index.php\/2022\/05\/13\/iata-avala-relajacion-de-medidas-en-vuelos-europeos\/#primaryimage\"},\"image\":{\"@id\":\"https:\/\/nitu.mx\/index.php\/2022\/05\/13\/iata-avala-relajacion-de-medidas-en-vuelos-europeos\/#primaryimage\"},\"thumbnailUrl\":\"https:\/\/nitu.mx\/wp-content\/uploads\/2020\/10\/Aerolineas-IATA.jpg\",\"datePublished\":\"2022-05-13T10:48:56+00:00\",\"dateModified\":\"2022-05-13T11:09:29+00:00\",\"breadcrumb\":{\"@id\":\"https:\/\/nitu.mx\/index.php\/2022\/05\/13\/iata-avala-relajacion-de-medidas-en-vuelos-europeos\/#breadcrumb\"},\"inLanguage\":\"es-MX\",\"potentialAction\":[{\"@type\":\"ReadAction\",\"target\":[\"https:\/\/nitu.mx\/index.php\/2022\/05\/13\/iata-avala-relajacion-de-medidas-en-vuelos-europeos\/\"]}]},{\"@type\":\"ImageObject\",\"inLanguage\":\"es-MX\",\"@id\":\"https:\/\/nitu.mx\/index.php\/2022\/05\/13\/iata-avala-relajacion-de-medidas-en-vuelos-europeos\/#primaryimage\",\"url\":\"https:\/\/nitu.mx\/wp-content\/uploads\/2020\/10\/Aerolineas-IATA.jpg\",\"contentUrl\":\"https:\/\/nitu.mx\/wp-content\/uploads\/2020\/10\/Aerolineas-IATA.jpg\",\"width\":1200,\"height\":675,\"caption\":\"IATA\"},{\"@type\":\"BreadcrumbList\",\"@id\":\"https:\/\/nitu.mx\/index.php\/2022\/05\/13\/iata-avala-relajacion-de-medidas-en-vuelos-europeos\/#breadcrumb\",\"itemListElement\":[{\"@type\":\"ListItem\",\"position\":1,\"name\":\"Inicio\",\"item\":\"https:\/\/nitu.mx\/\"},{\"@type\":\"ListItem\",\"position\":2,\"name\":\"IATA avala relajaci\u00f3n de medidas en vuelos europeos\"}]},{\"@type\":\"WebSite\",\"@id\":\"https:\/\/nitu.mx\/#website\",\"url\":\"https:\/\/nitu.mx\/\",\"name\":\"Nitu - Noticias de la Industria Turistica\",\"description\":\"Noticias de la Industria Turistica\",\"publisher\":{\"@id\":\"https:\/\/nitu.mx\/#\/schema\/person\/ae7a53426417292d3dd07b45a33e01bc\"},\"alternateName\":\"Noticias de la Industria Turistica\",\"potentialAction\":[{\"@type\":\"SearchAction\",\"target\":{\"@type\":\"EntryPoint\",\"urlTemplate\":\"https:\/\/nitu.mx\/?s={search_term_string}\"},\"query-input\":\"required name=search_term_string\"}],\"inLanguage\":\"es-MX\"},{\"@type\":[\"Person\",\"Organization\"],\"@id\":\"https:\/\/nitu.mx\/#\/schema\/person\/ae7a53426417292d3dd07b45a33e01bc\",\"name\":\"Arturo Medina\",\"image\":{\"@type\":\"ImageObject\",\"inLanguage\":\"es-MX\",\"@id\":\"https:\/\/nitu.mx\/#\/schema\/person\/image\/\",\"url\":\"https:\/\/nitu.mx\/wp-content\/uploads\/2024\/04\/4A315622-1904-4D5C-B022-878CDC840E04-90x90-1.jpeg\",\"contentUrl\":\"https:\/\/nitu.mx\/wp-content\/uploads\/2024\/04\/4A315622-1904-4D5C-B022-878CDC840E04-90x90-1.jpeg\",\"width\":90,\"height\":90,\"caption\":\"Arturo Medina\"},\"logo\":{\"@id\":\"https:\/\/nitu.mx\/#\/schema\/person\/image\/\"},\"description\":\"Director NITU.mx, Egresado de la Escuela de Periodismo Carlos Septi\u00e9n Garc\u00eda. Periodista y analista especializado en turismo desde hace 35 a\u00f1os, radicado en Canc\u00fan Q.Roo. arturo@nitu.mx\",\"sameAs\":[\"https:\/\/nitu.mx\",\"https:\/\/www.facebook.com\/NITUmx\/\",\"medinacancun\",\"https:\/\/twitter.com\/@Arturo_Medina_G\"]},{\"@type\":\"Person\",\"@id\":\"https:\/\/nitu.mx\/#\/schema\/person\/4a28fe9bd65924f7c90623773daf1b0b\",\"name\":\"Redacci\u00f3n\",\"image\":{\"@type\":\"ImageObject\",\"inLanguage\":\"es-MX\",\"@id\":\"https:\/\/nitu.mx\/#\/schema\/person\/image\/\",\"url\":\"https:\/\/secure.gravatar.com\/avatar\/5dd011c8ccfc5cd7e4c81e42252aab38?s=96&d=mm&r=g\",\"contentUrl\":\"https:\/\/secure.gravatar.com\/avatar\/5dd011c8ccfc5cd7e4c81e42252aab38?s=96&d=mm&r=g\",\"caption\":\"Redacci\u00f3n\"},\"url\":\"https:\/\/nitu.mx\/index.php\/author\/redaccion\/\"}]}<\/script>\n<!-- \/ Yoast SEO plugin. -->","yoast_head_json":{"title":"IATA avala relajaci\u00f3n de medidas en vuelos europeos - Nitu - Noticias de la Industria Turistica","robots":{"index":"index","follow":"follow","max-snippet":"max-snippet:-1","max-image-preview":"max-image-preview:large","max-video-preview":"max-video-preview:-1"},"canonical":"https:\/\/nitu.mx\/index.php\/2022\/05\/13\/iata-avala-relajacion-de-medidas-en-vuelos-europeos\/","twitter_card":"summary_large_image","twitter_title":"IATA avala relajaci\u00f3n de medidas en vuelos europeos - Nitu - Noticias de la Industria Turistica","twitter_description":"La Asociaci\u00f3n de Transporte A\u00e9reo Internacional (IATA) aplaude la nueva gu\u00eda de la Agencia Europea de Seguridad A\u00e9rea (EASA) que elimin\u00f3 su recomendaci\u00f3n de que se deben requerir m\u00e1scaras en vuelo. El Protocolo actualizado de Seguridad y Salud en la Aviaci\u00f3n de la EASA, publicado el 11 de mayo, exige que se relaje la regla [&hellip;]","twitter_image":"https:\/\/nitu.mx\/wp-content\/uploads\/2020\/10\/Aerolineas-IATA.jpg","twitter_creator":"@NITUmx","twitter_site":"@Arturo_Medina_G","twitter_misc":{"Escrito por":"Redacci\u00f3n","Tiempo de lectura":"2 minutos"},"schema":{"@context":"https:\/\/schema.org","@graph":[{"@type":"Article","@id":"https:\/\/nitu.mx\/index.php\/2022\/05\/13\/iata-avala-relajacion-de-medidas-en-vuelos-europeos\/#article","isPartOf":{"@id":"https:\/\/nitu.mx\/index.php\/2022\/05\/13\/iata-avala-relajacion-de-medidas-en-vuelos-europeos\/"},"author":{"name":"Redacci\u00f3n","@id":"https:\/\/nitu.mx\/#\/schema\/person\/4a28fe9bd65924f7c90623773daf1b0b"},"headline":"IATA avala relajaci\u00f3n de medidas en vuelos europeos","datePublished":"2022-05-13T10:48:56+00:00","dateModified":"2022-05-13T11:09:29+00:00","mainEntityOfPage":{"@id":"https:\/\/nitu.mx\/index.php\/2022\/05\/13\/iata-avala-relajacion-de-medidas-en-vuelos-europeos\/"},"wordCount":398,"commentCount":0,"publisher":{"@id":"https:\/\/nitu.mx\/#\/schema\/person\/ae7a53426417292d3dd07b45a33e01bc"},"image":{"@id":"https:\/\/nitu.mx\/index.php\/2022\/05\/13\/iata-avala-relajacion-de-medidas-en-vuelos-europeos\/#primaryimage"},"thumbnailUrl":"https:\/\/nitu.mx\/wp-content\/uploads\/2020\/10\/Aerolineas-IATA.jpg","keywords":["EASA","Europa","IATA","Willie Walsh"],"articleSection":["Aerol\u00edneas"],"inLanguage":"es-MX","potentialAction":[{"@type":"CommentAction","name":"Comment","target":["https:\/\/nitu.mx\/index.php\/2022\/05\/13\/iata-avala-relajacion-de-medidas-en-vuelos-europeos\/#respond"]}]},{"@type":"WebPage","@id":"https:\/\/nitu.mx\/index.php\/2022\/05\/13\/iata-avala-relajacion-de-medidas-en-vuelos-europeos\/","url":"https:\/\/nitu.mx\/index.php\/2022\/05\/13\/iata-avala-relajacion-de-medidas-en-vuelos-europeos\/","name":"IATA avala relajaci\u00f3n de medidas en vuelos europeos - Nitu - Noticias de la Industria Turistica","isPartOf":{"@id":"https:\/\/nitu.mx\/#website"},"primaryImageOfPage":{"@id":"https:\/\/nitu.mx\/index.php\/2022\/05\/13\/iata-avala-relajacion-de-medidas-en-vuelos-europeos\/#primaryimage"},"image":{"@id":"https:\/\/nitu.mx\/index.php\/2022\/05\/13\/iata-avala-relajacion-de-medidas-en-vuelos-europeos\/#primaryimage"},"thumbnailUrl":"https:\/\/nitu.mx\/wp-content\/uploads\/2020\/10\/Aerolineas-IATA.jpg","datePublished":"2022-05-13T10:48:56+00:00","dateModified":"2022-05-13T11:09:29+00:00","breadcrumb":{"@id":"https:\/\/nitu.mx\/index.php\/2022\/05\/13\/iata-avala-relajacion-de-medidas-en-vuelos-europeos\/#breadcrumb"},"inLanguage":"es-MX","potentialAction":[{"@type":"ReadAction","target":["https:\/\/nitu.mx\/index.php\/2022\/05\/13\/iata-avala-relajacion-de-medidas-en-vuelos-europeos\/"]}]},{"@type":"ImageObject","inLanguage":"es-MX","@id":"https:\/\/nitu.mx\/index.php\/2022\/05\/13\/iata-avala-relajacion-de-medidas-en-vuelos-europeos\/#primaryimage","url":"https:\/\/nitu.mx\/wp-content\/uploads\/2020\/10\/Aerolineas-IATA.jpg","contentUrl":"https:\/\/nitu.mx\/wp-content\/uploads\/2020\/10\/Aerolineas-IATA.jpg","width":1200,"height":675,"caption":"IATA"},{"@type":"BreadcrumbList","@id":"https:\/\/nitu.mx\/index.php\/2022\/05\/13\/iata-avala-relajacion-de-medidas-en-vuelos-europeos\/#breadcrumb","itemListElement":[{"@type":"ListItem","position":1,"name":"Inicio","item":"https:\/\/nitu.mx\/"},{"@type":"ListItem","position":2,"name":"IATA avala relajaci\u00f3n de medidas en vuelos europeos"}]},{"@type":"WebSite","@id":"https:\/\/nitu.mx\/#website","url":"https:\/\/nitu.mx\/","name":"Nitu - Noticias de la Industria Turistica","description":"Noticias de la Industria Turistica","publisher":{"@id":"https:\/\/nitu.mx\/#\/schema\/person\/ae7a53426417292d3dd07b45a33e01bc"},"alternateName":"Noticias de la Industria Turistica","potentialAction":[{"@type":"SearchAction","target":{"@type":"EntryPoint","urlTemplate":"https:\/\/nitu.mx\/?s={search_term_string}"},"query-input":"required name=search_term_string"}],"inLanguage":"es-MX"},{"@type":["Person","Organization"],"@id":"https:\/\/nitu.mx\/#\/schema\/person\/ae7a53426417292d3dd07b45a33e01bc","name":"Arturo Medina","image":{"@type":"ImageObject","inLanguage":"es-MX","@id":"https:\/\/nitu.mx\/#\/schema\/person\/image\/","url":"https:\/\/nitu.mx\/wp-content\/uploads\/2024\/04\/4A315622-1904-4D5C-B022-878CDC840E04-90x90-1.jpeg","contentUrl":"https:\/\/nitu.mx\/wp-content\/uploads\/2024\/04\/4A315622-1904-4D5C-B022-878CDC840E04-90x90-1.jpeg","width":90,"height":90,"caption":"Arturo Medina"},"logo":{"@id":"https:\/\/nitu.mx\/#\/schema\/person\/image\/"},"description":"Director NITU.mx, Egresado de la Escuela de Periodismo Carlos Septi\u00e9n Garc\u00eda. Periodista y analista especializado en turismo desde hace 35 a\u00f1os, radicado en Canc\u00fan Q.Roo. arturo@nitu.mx","sameAs":["https:\/\/nitu.mx","https:\/\/www.facebook.com\/NITUmx\/","medinacancun","https:\/\/twitter.com\/@Arturo_Medina_G"]},{"@type":"Person","@id":"https:\/\/nitu.mx\/#\/schema\/person\/4a28fe9bd65924f7c90623773daf1b0b","name":"Redacci\u00f3n","image":{"@type":"ImageObject","inLanguage":"es-MX","@id":"https:\/\/nitu.mx\/#\/schema\/person\/image\/","url":"https:\/\/secure.gravatar.com\/avatar\/5dd011c8ccfc5cd7e4c81e42252aab38?s=96&d=mm&r=g","contentUrl":"https:\/\/secure.gravatar.com\/avatar\/5dd011c8ccfc5cd7e4c81e42252aab38?s=96&d=mm&r=g","caption":"Redacci\u00f3n"},"url":"https:\/\/nitu.mx\/index.php\/author\/redaccion\/"}]}},"views":388,"_links":{"self":[{"href":"https:\/\/nitu.mx\/index.php\/wp-json\/wp\/v2\/posts\/59452"}],"collection":[{"href":"https:\/\/nitu.mx\/index.php\/wp-json\/wp\/v2\/posts"}],"about":[{"href":"https:\/\/nitu.mx\/index.php\/wp-json\/wp\/v2\/types\/post"}],"author":[{"embeddable":true,"href":"https:\/\/nitu.mx\/index.php\/wp-json\/wp\/v2\/users\/17"}],"replies":[{"embeddable":true,"href":"https:\/\/nitu.mx\/index.php\/wp-json\/wp\/v2\/comments?post=59452"}],"version-history":[{"count":3,"href":"https:\/\/nitu.mx\/index.php\/wp-json\/wp\/v2\/posts\/59452\/revisions"}],"predecessor-version":[{"id":59460,"href":"https:\/\/nitu.mx\/index.php\/wp-json\/wp\/v2\/posts\/59452\/revisions\/59460"}],"wp:featuredmedia":[{"embeddable":true,"href":"https:\/\/nitu.mx\/index.php\/wp-json\/wp\/v2\/media\/47634"}],"wp:attachment":[{"href":"https:\/\/nitu.mx\/index.php\/wp-json\/wp\/v2\/media?parent=59452"}],"wp:term":[{"taxonomy":"category","embeddable":true,"href":"https:\/\/nitu.mx\/index.php\/wp-json\/wp\/v2\/categories?post=59452"},{"taxonomy":"post_tag","embeddable":true,"href":"https:\/\/nitu.mx\/index.php\/wp-json\/wp\/v2\/tags?post=59452"}],"curies":[{"name":"wp","href":"https:\/\/api.w.org\/{rel}","templated":true}]}}