{"id":59418,"date":"2022-05-12T03:25:05","date_gmt":"2022-05-12T08:25:05","guid":{"rendered":"https:\/\/www.dev.nitu.mx\/?p=59418"},"modified":"2022-05-12T03:39:40","modified_gmt":"2022-05-12T08:39:40","slug":"viva-aerobus-volara-desde-el-aifa-a-cancun-y-4-destinos-mas","status":"publish","type":"post","link":"https:\/\/nitu.mx\/index.php\/2022\/05\/12\/viva-aerobus-volara-desde-el-aifa-a-cancun-y-4-destinos-mas\/","title":{"rendered":"Viva Aerobus volar\u00e1 desde el AIFA a Canc\u00fan y 4 destinos m\u00e1s"},"content":{"rendered":"<p>A partir del 15 de julio, Viva Aerobus, adem\u00e1s de volar a Acapulco, Canc\u00fan, Oaxaca, Puerto Escondido y La Habana desde el Aeropuerto Internacional de la Ciudad de M\u00e9xico (AICM), inaugurar\u00e1 sus rutas a estos destinos desde el nuevo Aeropuerto Internacional Felipe \u00c1ngeles (AIFA).<\/p>\n<p>Los vuelos ser\u00e1n operados con aeronaves Airbus A320 con capacidad para 186 pasajeros y A321 para 240 personas, aviones que forman parte de la flota m\u00e1s moderna de M\u00e9xico y la tercera m\u00e1s joven de Norteam\u00e9rica con una edad promedio de 5 a\u00f1os.<\/p>\n<p>Con estas nuevas rutas, que se a\u00f1aden a aquellas ya en operaci\u00f3n a Guadalajara y Monterrey desde Felipe \u00c1ngeles, Viva ya cuenta con siete destinos desde\/hacia este aeropuerto. La aerol\u00ednea, as\u00ed, sumar\u00e1 70 operaciones a la semana, lo que permitir\u00e1 ofrecer alrededor de 750 mil asientos en a\u00f1o calendario. De esta manera, Viva Aerobus se convierte, al d\u00eda de hoy, en la aerol\u00ednea con la oferta m\u00e1s amplia en este aeropuerto.<\/p>\n<p>\u201cAgradecemos a Viva Aerobus por su confianza y crecimiento en el AIFA, un aeropuerto que, con una infraestructura de vanguardia y un servicio de primer nivel, satisface las necesidades de vuelo en la regi\u00f3n al tiempo que se favorece la derrama econ\u00f3mica y competitividad de la ciudad y zonas aleda\u00f1as\u201d, mencion\u00f3 el General Isidoro Pastor, Director General del AIFA.<\/p>\n<p>Este incremento en la oferta de Viva Aerobus en el AIFA responde a las crecientes necesidades de conectividad a\u00e9rea en la Zona Metropolitana del Valle de M\u00e9xico a fin de brindar a los pasajeros una alternativa real de bajo costo que cuide de su econom\u00eda y contribuya al fortalecimiento del sistema a\u00e9reo metropolitano en beneficio del turismo, conectividad y la derrama econ\u00f3mica local.<\/p>\n<p>\u201cVemos una atractiva oportunidad de mercado para conectar a la capital de M\u00e9xico con destinos tur\u00edsticos y de playa que son referentes a nivel nacional e internacional. Y estas nuevas rutas brindan opciones de vuelo, a precios a\u00fan m\u00e1s bajos, para que cada vez m\u00e1s personas puedan transportarse desde distintos puntos y de manera segura, confiable y en los aviones m\u00e1s modernos de M\u00e9xico\u201d, afirm\u00f3 Juan Carlos Zuazua, Director General de Viva Aerobus.<\/p>\n<p>Viva recuerda que, para facilitar el traslado de sus pasajeros al AIFA, ofrece transporte terrestre a trav\u00e9s del \u201cViva Bus\u201d, el cual conecta al aeropuerto con la Terminal Central de Autobuses del Norte de la Ciudad de M\u00e9xico.<\/p>\n","protected":false},"excerpt":{"rendered":"<p>A partir del 15 de julio, Viva Aerobus, adem\u00e1s de volar a Acapulco, Canc\u00fan, Oaxaca, Puerto Escondido y La Habana desde el Aeropuerto Internacional de la Ciudad de M\u00e9xico (AICM), inaugurar\u00e1 sus rutas a estos destinos desde el nuevo Aeropuerto Internacional Felipe \u00c1ngeles (AIFA). Los vuelos ser\u00e1n operados con aeronaves Airbus A320 con capacidad para [&hellip;]<\/p>\n","protected":false},"author":17,"featured_media":46548,"comment_status":"open","ping_status":"open","sticky":false,"template":"","format":"standard","meta":{"footnotes":""},"categories":[29],"tags":[40,21925,43,295,2150,2102],"yoast_head":"<!-- This site is optimized with the Yoast SEO plugin v22.2 - https:\/\/yoast.com\/wordpress\/plugins\/seo\/ -->\n<title>Viva Aerobus volar\u00e1 desde el AIFA a Canc\u00fan y 4 destinos m\u00e1s - Nitu - Noticias de la Industria Turistica<\/title>\n<meta name=\"robots\" content=\"index, follow, max-snippet:-1, max-image-preview:large, max-video-preview:-1\" \/>\n<link rel=\"canonical\" href=\"https:\/\/nitu.mx\/index.php\/2022\/05\/12\/viva-aerobus-volara-desde-el-aifa-a-cancun-y-4-destinos-mas\/\" \/>\n<meta name=\"twitter:card\" content=\"summary_large_image\" \/>\n<meta name=\"twitter:title\" content=\"Viva Aerobus volar\u00e1 desde el AIFA a Canc\u00fan y 4 destinos m\u00e1s - Nitu - Noticias de la Industria Turistica\" \/>\n<meta name=\"twitter:description\" content=\"A partir del 15 de julio, Viva Aerobus, adem\u00e1s de volar a Acapulco, Canc\u00fan, Oaxaca, Puerto Escondido y La Habana desde el Aeropuerto Internacional de la Ciudad de M\u00e9xico (AICM), inaugurar\u00e1 sus rutas a estos destinos desde el nuevo Aeropuerto Internacional Felipe \u00c1ngeles (AIFA). Los vuelos ser\u00e1n operados con aeronaves Airbus A320 con capacidad para [&hellip;]\" \/>\n<meta name=\"twitter:image\" content=\"https:\/\/nitu.mx\/wp-content\/uploads\/2020\/09\/Viva-Aerobus-chorro-de-agua.jpg\" \/>\n<meta name=\"twitter:creator\" content=\"@NITUmx\" \/>\n<meta name=\"twitter:site\" content=\"@Arturo_Medina_G\" \/>\n<meta name=\"twitter:label1\" content=\"Escrito por\" \/>\n\t<meta name=\"twitter:data1\" content=\"Redacci\u00f3n\" \/>\n\t<meta name=\"twitter:label2\" content=\"Tiempo de lectura\" \/>\n\t<meta name=\"twitter:data2\" content=\"2 minutos\" \/>\n<script type=\"application\/ld+json\" class=\"yoast-schema-graph\">{\"@context\":\"https:\/\/schema.org\",\"@graph\":[{\"@type\":\"Article\",\"@id\":\"https:\/\/nitu.mx\/index.php\/2022\/05\/12\/viva-aerobus-volara-desde-el-aifa-a-cancun-y-4-destinos-mas\/#article\",\"isPartOf\":{\"@id\":\"https:\/\/nitu.mx\/index.php\/2022\/05\/12\/viva-aerobus-volara-desde-el-aifa-a-cancun-y-4-destinos-mas\/\"},\"author\":{\"name\":\"Redacci\u00f3n\",\"@id\":\"https:\/\/nitu.mx\/#\/schema\/person\/4a28fe9bd65924f7c90623773daf1b0b\"},\"headline\":\"Viva Aerobus volar\u00e1 desde el AIFA a Canc\u00fan y 4 destinos m\u00e1s\",\"datePublished\":\"2022-05-12T08:25:05+00:00\",\"dateModified\":\"2022-05-12T08:39:40+00:00\",\"mainEntityOfPage\":{\"@id\":\"https:\/\/nitu.mx\/index.php\/2022\/05\/12\/viva-aerobus-volara-desde-el-aifa-a-cancun-y-4-destinos-mas\/\"},\"wordCount\":432,\"commentCount\":0,\"publisher\":{\"@id\":\"https:\/\/nitu.mx\/#\/schema\/person\/ae7a53426417292d3dd07b45a33e01bc\"},\"image\":{\"@id\":\"https:\/\/nitu.mx\/index.php\/2022\/05\/12\/viva-aerobus-volara-desde-el-aifa-a-cancun-y-4-destinos-mas\/#primaryimage\"},\"thumbnailUrl\":\"https:\/\/nitu.mx\/wp-content\/uploads\/2020\/09\/Viva-Aerobus-chorro-de-agua.jpg\",\"keywords\":[\"Acapulco\",\"AIFA\",\"Canc\u00fan\",\"Juan Carlos Zuazua\",\"Puerto Escondido\",\"Viva Aerobus\"],\"articleSection\":[\"Aerol\u00edneas\"],\"inLanguage\":\"es-MX\",\"potentialAction\":[{\"@type\":\"CommentAction\",\"name\":\"Comment\",\"target\":[\"https:\/\/nitu.mx\/index.php\/2022\/05\/12\/viva-aerobus-volara-desde-el-aifa-a-cancun-y-4-destinos-mas\/#respond\"]}]},{\"@type\":\"WebPage\",\"@id\":\"https:\/\/nitu.mx\/index.php\/2022\/05\/12\/viva-aerobus-volara-desde-el-aifa-a-cancun-y-4-destinos-mas\/\",\"url\":\"https:\/\/nitu.mx\/index.php\/2022\/05\/12\/viva-aerobus-volara-desde-el-aifa-a-cancun-y-4-destinos-mas\/\",\"name\":\"Viva Aerobus volar\u00e1 desde el AIFA a Canc\u00fan y 4 destinos m\u00e1s - Nitu - Noticias de la Industria Turistica\",\"isPartOf\":{\"@id\":\"https:\/\/nitu.mx\/#website\"},\"primaryImageOfPage\":{\"@id\":\"https:\/\/nitu.mx\/index.php\/2022\/05\/12\/viva-aerobus-volara-desde-el-aifa-a-cancun-y-4-destinos-mas\/#primaryimage\"},\"image\":{\"@id\":\"https:\/\/nitu.mx\/index.php\/2022\/05\/12\/viva-aerobus-volara-desde-el-aifa-a-cancun-y-4-destinos-mas\/#primaryimage\"},\"thumbnailUrl\":\"https:\/\/nitu.mx\/wp-content\/uploads\/2020\/09\/Viva-Aerobus-chorro-de-agua.jpg\",\"datePublished\":\"2022-05-12T08:25:05+00:00\",\"dateModified\":\"2022-05-12T08:39:40+00:00\",\"breadcrumb\":{\"@id\":\"https:\/\/nitu.mx\/index.php\/2022\/05\/12\/viva-aerobus-volara-desde-el-aifa-a-cancun-y-4-destinos-mas\/#breadcrumb\"},\"inLanguage\":\"es-MX\",\"potentialAction\":[{\"@type\":\"ReadAction\",\"target\":[\"https:\/\/nitu.mx\/index.php\/2022\/05\/12\/viva-aerobus-volara-desde-el-aifa-a-cancun-y-4-destinos-mas\/\"]}]},{\"@type\":\"ImageObject\",\"inLanguage\":\"es-MX\",\"@id\":\"https:\/\/nitu.mx\/index.php\/2022\/05\/12\/viva-aerobus-volara-desde-el-aifa-a-cancun-y-4-destinos-mas\/#primaryimage\",\"url\":\"https:\/\/nitu.mx\/wp-content\/uploads\/2020\/09\/Viva-Aerobus-chorro-de-agua.jpg\",\"contentUrl\":\"https:\/\/nitu.mx\/wp-content\/uploads\/2020\/09\/Viva-Aerobus-chorro-de-agua.jpg\",\"width\":1200,\"height\":675,\"caption\":\"Viva Aerobus\"},{\"@type\":\"BreadcrumbList\",\"@id\":\"https:\/\/nitu.mx\/index.php\/2022\/05\/12\/viva-aerobus-volara-desde-el-aifa-a-cancun-y-4-destinos-mas\/#breadcrumb\",\"itemListElement\":[{\"@type\":\"ListItem\",\"position\":1,\"name\":\"Inicio\",\"item\":\"https:\/\/nitu.mx\/\"},{\"@type\":\"ListItem\",\"position\":2,\"name\":\"Viva Aerobus volar\u00e1 desde el AIFA a Canc\u00fan y 4 destinos m\u00e1s\"}]},{\"@type\":\"WebSite\",\"@id\":\"https:\/\/nitu.mx\/#website\",\"url\":\"https:\/\/nitu.mx\/\",\"name\":\"Nitu - Noticias de la Industria Turistica\",\"description\":\"Noticias de la Industria Turistica\",\"publisher\":{\"@id\":\"https:\/\/nitu.mx\/#\/schema\/person\/ae7a53426417292d3dd07b45a33e01bc\"},\"alternateName\":\"Noticias de la Industria Turistica\",\"potentialAction\":[{\"@type\":\"SearchAction\",\"target\":{\"@type\":\"EntryPoint\",\"urlTemplate\":\"https:\/\/nitu.mx\/?s={search_term_string}\"},\"query-input\":\"required name=search_term_string\"}],\"inLanguage\":\"es-MX\"},{\"@type\":[\"Person\",\"Organization\"],\"@id\":\"https:\/\/nitu.mx\/#\/schema\/person\/ae7a53426417292d3dd07b45a33e01bc\",\"name\":\"Arturo Medina\",\"image\":{\"@type\":\"ImageObject\",\"inLanguage\":\"es-MX\",\"@id\":\"https:\/\/nitu.mx\/#\/schema\/person\/image\/\",\"url\":\"https:\/\/nitu.mx\/wp-content\/uploads\/2024\/04\/4A315622-1904-4D5C-B022-878CDC840E04-90x90-1.jpeg\",\"contentUrl\":\"https:\/\/nitu.mx\/wp-content\/uploads\/2024\/04\/4A315622-1904-4D5C-B022-878CDC840E04-90x90-1.jpeg\",\"width\":90,\"height\":90,\"caption\":\"Arturo Medina\"},\"logo\":{\"@id\":\"https:\/\/nitu.mx\/#\/schema\/person\/image\/\"},\"description\":\"Director NITU.mx, Egresado de la Escuela de Periodismo Carlos Septi\u00e9n Garc\u00eda. Periodista y analista especializado en turismo desde hace 35 a\u00f1os, radicado en Canc\u00fan Q.Roo. arturo@nitu.mx\",\"sameAs\":[\"https:\/\/nitu.mx\",\"https:\/\/www.facebook.com\/NITUmx\/\",\"medinacancun\",\"https:\/\/twitter.com\/@Arturo_Medina_G\"]},{\"@type\":\"Person\",\"@id\":\"https:\/\/nitu.mx\/#\/schema\/person\/4a28fe9bd65924f7c90623773daf1b0b\",\"name\":\"Redacci\u00f3n\",\"image\":{\"@type\":\"ImageObject\",\"inLanguage\":\"es-MX\",\"@id\":\"https:\/\/nitu.mx\/#\/schema\/person\/image\/\",\"url\":\"https:\/\/secure.gravatar.com\/avatar\/5dd011c8ccfc5cd7e4c81e42252aab38?s=96&d=mm&r=g\",\"contentUrl\":\"https:\/\/secure.gravatar.com\/avatar\/5dd011c8ccfc5cd7e4c81e42252aab38?s=96&d=mm&r=g\",\"caption\":\"Redacci\u00f3n\"},\"url\":\"https:\/\/nitu.mx\/index.php\/author\/redaccion\/\"}]}<\/script>\n<!-- \/ Yoast SEO plugin. -->","yoast_head_json":{"title":"Viva Aerobus volar\u00e1 desde el AIFA a Canc\u00fan y 4 destinos m\u00e1s - Nitu - Noticias de la Industria Turistica","robots":{"index":"index","follow":"follow","max-snippet":"max-snippet:-1","max-image-preview":"max-image-preview:large","max-video-preview":"max-video-preview:-1"},"canonical":"https:\/\/nitu.mx\/index.php\/2022\/05\/12\/viva-aerobus-volara-desde-el-aifa-a-cancun-y-4-destinos-mas\/","twitter_card":"summary_large_image","twitter_title":"Viva Aerobus volar\u00e1 desde el AIFA a Canc\u00fan y 4 destinos m\u00e1s - Nitu - Noticias de la Industria Turistica","twitter_description":"A partir del 15 de julio, Viva Aerobus, adem\u00e1s de volar a Acapulco, Canc\u00fan, Oaxaca, Puerto Escondido y La Habana desde el Aeropuerto Internacional de la Ciudad de M\u00e9xico (AICM), inaugurar\u00e1 sus rutas a estos destinos desde el nuevo Aeropuerto Internacional Felipe \u00c1ngeles (AIFA). Los vuelos ser\u00e1n operados con aeronaves Airbus A320 con capacidad para [&hellip;]","twitter_image":"https:\/\/nitu.mx\/wp-content\/uploads\/2020\/09\/Viva-Aerobus-chorro-de-agua.jpg","twitter_creator":"@NITUmx","twitter_site":"@Arturo_Medina_G","twitter_misc":{"Escrito por":"Redacci\u00f3n","Tiempo de lectura":"2 minutos"},"schema":{"@context":"https:\/\/schema.org","@graph":[{"@type":"Article","@id":"https:\/\/nitu.mx\/index.php\/2022\/05\/12\/viva-aerobus-volara-desde-el-aifa-a-cancun-y-4-destinos-mas\/#article","isPartOf":{"@id":"https:\/\/nitu.mx\/index.php\/2022\/05\/12\/viva-aerobus-volara-desde-el-aifa-a-cancun-y-4-destinos-mas\/"},"author":{"name":"Redacci\u00f3n","@id":"https:\/\/nitu.mx\/#\/schema\/person\/4a28fe9bd65924f7c90623773daf1b0b"},"headline":"Viva Aerobus volar\u00e1 desde el AIFA a Canc\u00fan y 4 destinos m\u00e1s","datePublished":"2022-05-12T08:25:05+00:00","dateModified":"2022-05-12T08:39:40+00:00","mainEntityOfPage":{"@id":"https:\/\/nitu.mx\/index.php\/2022\/05\/12\/viva-aerobus-volara-desde-el-aifa-a-cancun-y-4-destinos-mas\/"},"wordCount":432,"commentCount":0,"publisher":{"@id":"https:\/\/nitu.mx\/#\/schema\/person\/ae7a53426417292d3dd07b45a33e01bc"},"image":{"@id":"https:\/\/nitu.mx\/index.php\/2022\/05\/12\/viva-aerobus-volara-desde-el-aifa-a-cancun-y-4-destinos-mas\/#primaryimage"},"thumbnailUrl":"https:\/\/nitu.mx\/wp-content\/uploads\/2020\/09\/Viva-Aerobus-chorro-de-agua.jpg","keywords":["Acapulco","AIFA","Canc\u00fan","Juan Carlos Zuazua","Puerto Escondido","Viva Aerobus"],"articleSection":["Aerol\u00edneas"],"inLanguage":"es-MX","potentialAction":[{"@type":"CommentAction","name":"Comment","target":["https:\/\/nitu.mx\/index.php\/2022\/05\/12\/viva-aerobus-volara-desde-el-aifa-a-cancun-y-4-destinos-mas\/#respond"]}]},{"@type":"WebPage","@id":"https:\/\/nitu.mx\/index.php\/2022\/05\/12\/viva-aerobus-volara-desde-el-aifa-a-cancun-y-4-destinos-mas\/","url":"https:\/\/nitu.mx\/index.php\/2022\/05\/12\/viva-aerobus-volara-desde-el-aifa-a-cancun-y-4-destinos-mas\/","name":"Viva Aerobus volar\u00e1 desde el AIFA a Canc\u00fan y 4 destinos m\u00e1s - Nitu - Noticias de la Industria Turistica","isPartOf":{"@id":"https:\/\/nitu.mx\/#website"},"primaryImageOfPage":{"@id":"https:\/\/nitu.mx\/index.php\/2022\/05\/12\/viva-aerobus-volara-desde-el-aifa-a-cancun-y-4-destinos-mas\/#primaryimage"},"image":{"@id":"https:\/\/nitu.mx\/index.php\/2022\/05\/12\/viva-aerobus-volara-desde-el-aifa-a-cancun-y-4-destinos-mas\/#primaryimage"},"thumbnailUrl":"https:\/\/nitu.mx\/wp-content\/uploads\/2020\/09\/Viva-Aerobus-chorro-de-agua.jpg","datePublished":"2022-05-12T08:25:05+00:00","dateModified":"2022-05-12T08:39:40+00:00","breadcrumb":{"@id":"https:\/\/nitu.mx\/index.php\/2022\/05\/12\/viva-aerobus-volara-desde-el-aifa-a-cancun-y-4-destinos-mas\/#breadcrumb"},"inLanguage":"es-MX","potentialAction":[{"@type":"ReadAction","target":["https:\/\/nitu.mx\/index.php\/2022\/05\/12\/viva-aerobus-volara-desde-el-aifa-a-cancun-y-4-destinos-mas\/"]}]},{"@type":"ImageObject","inLanguage":"es-MX","@id":"https:\/\/nitu.mx\/index.php\/2022\/05\/12\/viva-aerobus-volara-desde-el-aifa-a-cancun-y-4-destinos-mas\/#primaryimage","url":"https:\/\/nitu.mx\/wp-content\/uploads\/2020\/09\/Viva-Aerobus-chorro-de-agua.jpg","contentUrl":"https:\/\/nitu.mx\/wp-content\/uploads\/2020\/09\/Viva-Aerobus-chorro-de-agua.jpg","width":1200,"height":675,"caption":"Viva Aerobus"},{"@type":"BreadcrumbList","@id":"https:\/\/nitu.mx\/index.php\/2022\/05\/12\/viva-aerobus-volara-desde-el-aifa-a-cancun-y-4-destinos-mas\/#breadcrumb","itemListElement":[{"@type":"ListItem","position":1,"name":"Inicio","item":"https:\/\/nitu.mx\/"},{"@type":"ListItem","position":2,"name":"Viva Aerobus volar\u00e1 desde el AIFA a Canc\u00fan y 4 destinos m\u00e1s"}]},{"@type":"WebSite","@id":"https:\/\/nitu.mx\/#website","url":"https:\/\/nitu.mx\/","name":"Nitu - Noticias de la Industria Turistica","description":"Noticias de la Industria Turistica","publisher":{"@id":"https:\/\/nitu.mx\/#\/schema\/person\/ae7a53426417292d3dd07b45a33e01bc"},"alternateName":"Noticias de la Industria Turistica","potentialAction":[{"@type":"SearchAction","target":{"@type":"EntryPoint","urlTemplate":"https:\/\/nitu.mx\/?s={search_term_string}"},"query-input":"required name=search_term_string"}],"inLanguage":"es-MX"},{"@type":["Person","Organization"],"@id":"https:\/\/nitu.mx\/#\/schema\/person\/ae7a53426417292d3dd07b45a33e01bc","name":"Arturo Medina","image":{"@type":"ImageObject","inLanguage":"es-MX","@id":"https:\/\/nitu.mx\/#\/schema\/person\/image\/","url":"https:\/\/nitu.mx\/wp-content\/uploads\/2024\/04\/4A315622-1904-4D5C-B022-878CDC840E04-90x90-1.jpeg","contentUrl":"https:\/\/nitu.mx\/wp-content\/uploads\/2024\/04\/4A315622-1904-4D5C-B022-878CDC840E04-90x90-1.jpeg","width":90,"height":90,"caption":"Arturo Medina"},"logo":{"@id":"https:\/\/nitu.mx\/#\/schema\/person\/image\/"},"description":"Director NITU.mx, Egresado de la Escuela de Periodismo Carlos Septi\u00e9n Garc\u00eda. Periodista y analista especializado en turismo desde hace 35 a\u00f1os, radicado en Canc\u00fan Q.Roo. arturo@nitu.mx","sameAs":["https:\/\/nitu.mx","https:\/\/www.facebook.com\/NITUmx\/","medinacancun","https:\/\/twitter.com\/@Arturo_Medina_G"]},{"@type":"Person","@id":"https:\/\/nitu.mx\/#\/schema\/person\/4a28fe9bd65924f7c90623773daf1b0b","name":"Redacci\u00f3n","image":{"@type":"ImageObject","inLanguage":"es-MX","@id":"https:\/\/nitu.mx\/#\/schema\/person\/image\/","url":"https:\/\/secure.gravatar.com\/avatar\/5dd011c8ccfc5cd7e4c81e42252aab38?s=96&d=mm&r=g","contentUrl":"https:\/\/secure.gravatar.com\/avatar\/5dd011c8ccfc5cd7e4c81e42252aab38?s=96&d=mm&r=g","caption":"Redacci\u00f3n"},"url":"https:\/\/nitu.mx\/index.php\/author\/redaccion\/"}]}},"views":352,"_links":{"self":[{"href":"https:\/\/nitu.mx\/index.php\/wp-json\/wp\/v2\/posts\/59418"}],"collection":[{"href":"https:\/\/nitu.mx\/index.php\/wp-json\/wp\/v2\/posts"}],"about":[{"href":"https:\/\/nitu.mx\/index.php\/wp-json\/wp\/v2\/types\/post"}],"author":[{"embeddable":true,"href":"https:\/\/nitu.mx\/index.php\/wp-json\/wp\/v2\/users\/17"}],"replies":[{"embeddable":true,"href":"https:\/\/nitu.mx\/index.php\/wp-json\/wp\/v2\/comments?post=59418"}],"version-history":[{"count":3,"href":"https:\/\/nitu.mx\/index.php\/wp-json\/wp\/v2\/posts\/59418\/revisions"}],"predecessor-version":[{"id":59435,"href":"https:\/\/nitu.mx\/index.php\/wp-json\/wp\/v2\/posts\/59418\/revisions\/59435"}],"wp:featuredmedia":[{"embeddable":true,"href":"https:\/\/nitu.mx\/index.php\/wp-json\/wp\/v2\/media\/46548"}],"wp:attachment":[{"href":"https:\/\/nitu.mx\/index.php\/wp-json\/wp\/v2\/media?parent=59418"}],"wp:term":[{"taxonomy":"category","embeddable":true,"href":"https:\/\/nitu.mx\/index.php\/wp-json\/wp\/v2\/categories?post=59418"},{"taxonomy":"post_tag","embeddable":true,"href":"https:\/\/nitu.mx\/index.php\/wp-json\/wp\/v2\/tags?post=59418"}],"curies":[{"name":"wp","href":"https:\/\/api.w.org\/{rel}","templated":true}]}}