{"id":59402,"date":"2022-05-11T01:55:21","date_gmt":"2022-05-11T06:55:21","guid":{"rendered":"https:\/\/www.dev.nitu.mx\/?p=59402"},"modified":"2022-05-11T02:05:59","modified_gmt":"2022-05-11T07:05:59","slug":"magnicharters-y-aeromar-con-un-pie-en-el-aifa","status":"publish","type":"post","link":"https:\/\/nitu.mx\/index.php\/2022\/05\/11\/magnicharters-y-aeromar-con-un-pie-en-el-aifa\/","title":{"rendered":"Magnicharters y Aeromar con un pie en el AIFA"},"content":{"rendered":"<p>Derivado de los acuerdos del gobierno federal donde se estipul\u00f3 que las aerol\u00edneas con deudas por m\u00e1s de un a\u00f1o en servicios aeroportuarios saldr\u00edan del Aeropuerto Internacional de Ciudad de M\u00e9xico (AICM), las empresas Aeromar y Magnicharters est\u00e1n en riesgo de perder esta presencia.<\/p>\n<p>De acuerdo con reportes de Aeropuertos y Servicios Auxiliares (ASA), estas dos compa\u00f1\u00edas, en conjunto, cuentan con pasivos desde hace m\u00e1s de un a\u00f1o mayores a los 77 millones 121 mil pesos por la compra de turbosina.<\/p>\n<p>En detalle, se indic\u00f3 que Aeromar en diciembre de 2020 ya contaba con una deuda con ASA por este concepto por encima de los 37 millones 37 mil pesos.<\/p>\n<p>Para marzo de 2022, los pasivos de esta aerol\u00ednea no solamente se mantienen, sino que aumentaron a 70 millones 538 mil pesos por la compra de turbosina.<\/p>\n<p>Una situaci\u00f3n similar vive Magnicharters, que en diciembre de 2020 ten\u00edas pasivos por turbosina de 101 millones 513 mil pesos.<\/p>\n<p>Aunque las deudas de esta aerol\u00ednea se han reducido considerablemente, a\u00fan mantiene un escenario negativo con ASA por 6 millones 582 mil.<\/p>\n<p>ASA se encarga de la venta de turbosina en los m\u00e1s de 62 aeropuertos del pa\u00eds.<\/p>\n","protected":false},"excerpt":{"rendered":"<p>Derivado de los acuerdos del gobierno federal donde se estipul\u00f3 que las aerol\u00edneas con deudas por m\u00e1s de un a\u00f1o en servicios aeroportuarios saldr\u00edan del Aeropuerto Internacional de Ciudad de M\u00e9xico (AICM), las empresas Aeromar y Magnicharters est\u00e1n en riesgo de perder esta presencia. De acuerdo con reportes de Aeropuertos y Servicios Auxiliares (ASA), estas [&hellip;]<\/p>\n","protected":false},"author":2,"featured_media":59406,"comment_status":"open","ping_status":"open","sticky":false,"template":"","format":"standard","meta":{"footnotes":""},"categories":[29,19462],"tags":[473,1339],"yoast_head":"<!-- This site is optimized with the Yoast SEO plugin v22.2 - https:\/\/yoast.com\/wordpress\/plugins\/seo\/ -->\n<title>Magnicharters y Aeromar con un pie en el AIFA - Nitu - Noticias de la Industria Turistica<\/title>\n<meta name=\"robots\" content=\"index, follow, max-snippet:-1, max-image-preview:large, max-video-preview:-1\" \/>\n<link rel=\"canonical\" href=\"https:\/\/nitu.mx\/index.php\/2022\/05\/11\/magnicharters-y-aeromar-con-un-pie-en-el-aifa\/\" \/>\n<meta name=\"twitter:card\" content=\"summary_large_image\" \/>\n<meta name=\"twitter:title\" content=\"Magnicharters y Aeromar con un pie en el AIFA - Nitu - Noticias de la Industria Turistica\" \/>\n<meta name=\"twitter:description\" content=\"Derivado de los acuerdos del gobierno federal donde se estipul\u00f3 que las aerol\u00edneas con deudas por m\u00e1s de un a\u00f1o en servicios aeroportuarios saldr\u00edan del Aeropuerto Internacional de Ciudad de M\u00e9xico (AICM), las empresas Aeromar y Magnicharters est\u00e1n en riesgo de perder esta presencia. De acuerdo con reportes de Aeropuertos y Servicios Auxiliares (ASA), estas [&hellip;]\" \/>\n<meta name=\"twitter:image\" content=\"https:\/\/nitu.mx\/wp-content\/uploads\/2022\/05\/9CCFC602-BD7F-46FE-91D1-F8CB934B2A62.jpeg\" \/>\n<meta name=\"twitter:creator\" content=\"@Arturo_Medina_G\" \/>\n<meta name=\"twitter:site\" content=\"@Arturo_Medina_G\" \/>\n<meta name=\"twitter:label1\" content=\"Escrito por\" \/>\n\t<meta name=\"twitter:data1\" content=\"Arturo Medina\" \/>\n\t<meta name=\"twitter:label2\" content=\"Tiempo de lectura\" \/>\n\t<meta name=\"twitter:data2\" content=\"1 minuto\" \/>\n<script type=\"application\/ld+json\" class=\"yoast-schema-graph\">{\"@context\":\"https:\/\/schema.org\",\"@graph\":[{\"@type\":\"Article\",\"@id\":\"https:\/\/nitu.mx\/index.php\/2022\/05\/11\/magnicharters-y-aeromar-con-un-pie-en-el-aifa\/#article\",\"isPartOf\":{\"@id\":\"https:\/\/nitu.mx\/index.php\/2022\/05\/11\/magnicharters-y-aeromar-con-un-pie-en-el-aifa\/\"},\"author\":{\"name\":\"Arturo Medina\",\"@id\":\"https:\/\/nitu.mx\/#\/schema\/person\/ae7a53426417292d3dd07b45a33e01bc\"},\"headline\":\"Magnicharters y Aeromar con un pie en el AIFA\",\"datePublished\":\"2022-05-11T06:55:21+00:00\",\"dateModified\":\"2022-05-11T07:05:59+00:00\",\"mainEntityOfPage\":{\"@id\":\"https:\/\/nitu.mx\/index.php\/2022\/05\/11\/magnicharters-y-aeromar-con-un-pie-en-el-aifa\/\"},\"wordCount\":206,\"commentCount\":0,\"publisher\":{\"@id\":\"https:\/\/nitu.mx\/#\/schema\/person\/ae7a53426417292d3dd07b45a33e01bc\"},\"image\":{\"@id\":\"https:\/\/nitu.mx\/index.php\/2022\/05\/11\/magnicharters-y-aeromar-con-un-pie-en-el-aifa\/#primaryimage\"},\"thumbnailUrl\":\"https:\/\/nitu.mx\/wp-content\/uploads\/2022\/05\/9CCFC602-BD7F-46FE-91D1-F8CB934B2A62.jpeg\",\"keywords\":[\"Aeromar\",\"Magnicharters\"],\"articleSection\":[\"Aerol\u00edneas\",\"Aeropuertos\"],\"inLanguage\":\"es-MX\",\"potentialAction\":[{\"@type\":\"CommentAction\",\"name\":\"Comment\",\"target\":[\"https:\/\/nitu.mx\/index.php\/2022\/05\/11\/magnicharters-y-aeromar-con-un-pie-en-el-aifa\/#respond\"]}]},{\"@type\":\"WebPage\",\"@id\":\"https:\/\/nitu.mx\/index.php\/2022\/05\/11\/magnicharters-y-aeromar-con-un-pie-en-el-aifa\/\",\"url\":\"https:\/\/nitu.mx\/index.php\/2022\/05\/11\/magnicharters-y-aeromar-con-un-pie-en-el-aifa\/\",\"name\":\"Magnicharters y Aeromar con un pie en el AIFA - Nitu - Noticias de la Industria Turistica\",\"isPartOf\":{\"@id\":\"https:\/\/nitu.mx\/#website\"},\"primaryImageOfPage\":{\"@id\":\"https:\/\/nitu.mx\/index.php\/2022\/05\/11\/magnicharters-y-aeromar-con-un-pie-en-el-aifa\/#primaryimage\"},\"image\":{\"@id\":\"https:\/\/nitu.mx\/index.php\/2022\/05\/11\/magnicharters-y-aeromar-con-un-pie-en-el-aifa\/#primaryimage\"},\"thumbnailUrl\":\"https:\/\/nitu.mx\/wp-content\/uploads\/2022\/05\/9CCFC602-BD7F-46FE-91D1-F8CB934B2A62.jpeg\",\"datePublished\":\"2022-05-11T06:55:21+00:00\",\"dateModified\":\"2022-05-11T07:05:59+00:00\",\"breadcrumb\":{\"@id\":\"https:\/\/nitu.mx\/index.php\/2022\/05\/11\/magnicharters-y-aeromar-con-un-pie-en-el-aifa\/#breadcrumb\"},\"inLanguage\":\"es-MX\",\"potentialAction\":[{\"@type\":\"ReadAction\",\"target\":[\"https:\/\/nitu.mx\/index.php\/2022\/05\/11\/magnicharters-y-aeromar-con-un-pie-en-el-aifa\/\"]}]},{\"@type\":\"ImageObject\",\"inLanguage\":\"es-MX\",\"@id\":\"https:\/\/nitu.mx\/index.php\/2022\/05\/11\/magnicharters-y-aeromar-con-un-pie-en-el-aifa\/#primaryimage\",\"url\":\"https:\/\/nitu.mx\/wp-content\/uploads\/2022\/05\/9CCFC602-BD7F-46FE-91D1-F8CB934B2A62.jpeg\",\"contentUrl\":\"https:\/\/nitu.mx\/wp-content\/uploads\/2022\/05\/9CCFC602-BD7F-46FE-91D1-F8CB934B2A62.jpeg\",\"width\":764,\"height\":401},{\"@type\":\"BreadcrumbList\",\"@id\":\"https:\/\/nitu.mx\/index.php\/2022\/05\/11\/magnicharters-y-aeromar-con-un-pie-en-el-aifa\/#breadcrumb\",\"itemListElement\":[{\"@type\":\"ListItem\",\"position\":1,\"name\":\"Inicio\",\"item\":\"https:\/\/nitu.mx\/\"},{\"@type\":\"ListItem\",\"position\":2,\"name\":\"Magnicharters y Aeromar con un pie en el AIFA\"}]},{\"@type\":\"WebSite\",\"@id\":\"https:\/\/nitu.mx\/#website\",\"url\":\"https:\/\/nitu.mx\/\",\"name\":\"Nitu - Noticias de la Industria Turistica\",\"description\":\"Noticias de la Industria Turistica\",\"publisher\":{\"@id\":\"https:\/\/nitu.mx\/#\/schema\/person\/ae7a53426417292d3dd07b45a33e01bc\"},\"alternateName\":\"Noticias de la Industria Turistica\",\"potentialAction\":[{\"@type\":\"SearchAction\",\"target\":{\"@type\":\"EntryPoint\",\"urlTemplate\":\"https:\/\/nitu.mx\/?s={search_term_string}\"},\"query-input\":\"required name=search_term_string\"}],\"inLanguage\":\"es-MX\"},{\"@type\":[\"Person\",\"Organization\"],\"@id\":\"https:\/\/nitu.mx\/#\/schema\/person\/ae7a53426417292d3dd07b45a33e01bc\",\"name\":\"Arturo Medina\",\"image\":{\"@type\":\"ImageObject\",\"inLanguage\":\"es-MX\",\"@id\":\"https:\/\/nitu.mx\/#\/schema\/person\/image\/\",\"url\":\"https:\/\/nitu.mx\/wp-content\/uploads\/2024\/04\/4A315622-1904-4D5C-B022-878CDC840E04-90x90-1.jpeg\",\"contentUrl\":\"https:\/\/nitu.mx\/wp-content\/uploads\/2024\/04\/4A315622-1904-4D5C-B022-878CDC840E04-90x90-1.jpeg\",\"width\":90,\"height\":90,\"caption\":\"Arturo Medina\"},\"logo\":{\"@id\":\"https:\/\/nitu.mx\/#\/schema\/person\/image\/\"},\"description\":\"Director NITU.mx, Egresado de la Escuela de Periodismo Carlos Septi\u00e9n Garc\u00eda. Periodista y analista especializado en turismo desde hace 35 a\u00f1os, radicado en Canc\u00fan Q.Roo. arturo@nitu.mx\",\"sameAs\":[\"https:\/\/nitu.mx\",\"https:\/\/www.facebook.com\/NITUmx\/\",\"medinacancun\",\"https:\/\/twitter.com\/@Arturo_Medina_G\"],\"url\":\"https:\/\/nitu.mx\/index.php\/author\/arturo-medina\/\"}]}<\/script>\n<!-- \/ Yoast SEO plugin. -->","yoast_head_json":{"title":"Magnicharters y Aeromar con un pie en el AIFA - Nitu - Noticias de la Industria Turistica","robots":{"index":"index","follow":"follow","max-snippet":"max-snippet:-1","max-image-preview":"max-image-preview:large","max-video-preview":"max-video-preview:-1"},"canonical":"https:\/\/nitu.mx\/index.php\/2022\/05\/11\/magnicharters-y-aeromar-con-un-pie-en-el-aifa\/","twitter_card":"summary_large_image","twitter_title":"Magnicharters y Aeromar con un pie en el AIFA - Nitu - Noticias de la Industria Turistica","twitter_description":"Derivado de los acuerdos del gobierno federal donde se estipul\u00f3 que las aerol\u00edneas con deudas por m\u00e1s de un a\u00f1o en servicios aeroportuarios saldr\u00edan del Aeropuerto Internacional de Ciudad de M\u00e9xico (AICM), las empresas Aeromar y Magnicharters est\u00e1n en riesgo de perder esta presencia. De acuerdo con reportes de Aeropuertos y Servicios Auxiliares (ASA), estas [&hellip;]","twitter_image":"https:\/\/nitu.mx\/wp-content\/uploads\/2022\/05\/9CCFC602-BD7F-46FE-91D1-F8CB934B2A62.jpeg","twitter_creator":"@Arturo_Medina_G","twitter_site":"@Arturo_Medina_G","twitter_misc":{"Escrito por":"Arturo Medina","Tiempo de lectura":"1 minuto"},"schema":{"@context":"https:\/\/schema.org","@graph":[{"@type":"Article","@id":"https:\/\/nitu.mx\/index.php\/2022\/05\/11\/magnicharters-y-aeromar-con-un-pie-en-el-aifa\/#article","isPartOf":{"@id":"https:\/\/nitu.mx\/index.php\/2022\/05\/11\/magnicharters-y-aeromar-con-un-pie-en-el-aifa\/"},"author":{"name":"Arturo Medina","@id":"https:\/\/nitu.mx\/#\/schema\/person\/ae7a53426417292d3dd07b45a33e01bc"},"headline":"Magnicharters y Aeromar con un pie en el AIFA","datePublished":"2022-05-11T06:55:21+00:00","dateModified":"2022-05-11T07:05:59+00:00","mainEntityOfPage":{"@id":"https:\/\/nitu.mx\/index.php\/2022\/05\/11\/magnicharters-y-aeromar-con-un-pie-en-el-aifa\/"},"wordCount":206,"commentCount":0,"publisher":{"@id":"https:\/\/nitu.mx\/#\/schema\/person\/ae7a53426417292d3dd07b45a33e01bc"},"image":{"@id":"https:\/\/nitu.mx\/index.php\/2022\/05\/11\/magnicharters-y-aeromar-con-un-pie-en-el-aifa\/#primaryimage"},"thumbnailUrl":"https:\/\/nitu.mx\/wp-content\/uploads\/2022\/05\/9CCFC602-BD7F-46FE-91D1-F8CB934B2A62.jpeg","keywords":["Aeromar","Magnicharters"],"articleSection":["Aerol\u00edneas","Aeropuertos"],"inLanguage":"es-MX","potentialAction":[{"@type":"CommentAction","name":"Comment","target":["https:\/\/nitu.mx\/index.php\/2022\/05\/11\/magnicharters-y-aeromar-con-un-pie-en-el-aifa\/#respond"]}]},{"@type":"WebPage","@id":"https:\/\/nitu.mx\/index.php\/2022\/05\/11\/magnicharters-y-aeromar-con-un-pie-en-el-aifa\/","url":"https:\/\/nitu.mx\/index.php\/2022\/05\/11\/magnicharters-y-aeromar-con-un-pie-en-el-aifa\/","name":"Magnicharters y Aeromar con un pie en el AIFA - Nitu - Noticias de la Industria Turistica","isPartOf":{"@id":"https:\/\/nitu.mx\/#website"},"primaryImageOfPage":{"@id":"https:\/\/nitu.mx\/index.php\/2022\/05\/11\/magnicharters-y-aeromar-con-un-pie-en-el-aifa\/#primaryimage"},"image":{"@id":"https:\/\/nitu.mx\/index.php\/2022\/05\/11\/magnicharters-y-aeromar-con-un-pie-en-el-aifa\/#primaryimage"},"thumbnailUrl":"https:\/\/nitu.mx\/wp-content\/uploads\/2022\/05\/9CCFC602-BD7F-46FE-91D1-F8CB934B2A62.jpeg","datePublished":"2022-05-11T06:55:21+00:00","dateModified":"2022-05-11T07:05:59+00:00","breadcrumb":{"@id":"https:\/\/nitu.mx\/index.php\/2022\/05\/11\/magnicharters-y-aeromar-con-un-pie-en-el-aifa\/#breadcrumb"},"inLanguage":"es-MX","potentialAction":[{"@type":"ReadAction","target":["https:\/\/nitu.mx\/index.php\/2022\/05\/11\/magnicharters-y-aeromar-con-un-pie-en-el-aifa\/"]}]},{"@type":"ImageObject","inLanguage":"es-MX","@id":"https:\/\/nitu.mx\/index.php\/2022\/05\/11\/magnicharters-y-aeromar-con-un-pie-en-el-aifa\/#primaryimage","url":"https:\/\/nitu.mx\/wp-content\/uploads\/2022\/05\/9CCFC602-BD7F-46FE-91D1-F8CB934B2A62.jpeg","contentUrl":"https:\/\/nitu.mx\/wp-content\/uploads\/2022\/05\/9CCFC602-BD7F-46FE-91D1-F8CB934B2A62.jpeg","width":764,"height":401},{"@type":"BreadcrumbList","@id":"https:\/\/nitu.mx\/index.php\/2022\/05\/11\/magnicharters-y-aeromar-con-un-pie-en-el-aifa\/#breadcrumb","itemListElement":[{"@type":"ListItem","position":1,"name":"Inicio","item":"https:\/\/nitu.mx\/"},{"@type":"ListItem","position":2,"name":"Magnicharters y Aeromar con un pie en el AIFA"}]},{"@type":"WebSite","@id":"https:\/\/nitu.mx\/#website","url":"https:\/\/nitu.mx\/","name":"Nitu - Noticias de la Industria Turistica","description":"Noticias de la Industria Turistica","publisher":{"@id":"https:\/\/nitu.mx\/#\/schema\/person\/ae7a53426417292d3dd07b45a33e01bc"},"alternateName":"Noticias de la Industria Turistica","potentialAction":[{"@type":"SearchAction","target":{"@type":"EntryPoint","urlTemplate":"https:\/\/nitu.mx\/?s={search_term_string}"},"query-input":"required name=search_term_string"}],"inLanguage":"es-MX"},{"@type":["Person","Organization"],"@id":"https:\/\/nitu.mx\/#\/schema\/person\/ae7a53426417292d3dd07b45a33e01bc","name":"Arturo Medina","image":{"@type":"ImageObject","inLanguage":"es-MX","@id":"https:\/\/nitu.mx\/#\/schema\/person\/image\/","url":"https:\/\/nitu.mx\/wp-content\/uploads\/2024\/04\/4A315622-1904-4D5C-B022-878CDC840E04-90x90-1.jpeg","contentUrl":"https:\/\/nitu.mx\/wp-content\/uploads\/2024\/04\/4A315622-1904-4D5C-B022-878CDC840E04-90x90-1.jpeg","width":90,"height":90,"caption":"Arturo Medina"},"logo":{"@id":"https:\/\/nitu.mx\/#\/schema\/person\/image\/"},"description":"Director NITU.mx, Egresado de la Escuela de Periodismo Carlos Septi\u00e9n Garc\u00eda. Periodista y analista especializado en turismo desde hace 35 a\u00f1os, radicado en Canc\u00fan Q.Roo. arturo@nitu.mx","sameAs":["https:\/\/nitu.mx","https:\/\/www.facebook.com\/NITUmx\/","medinacancun","https:\/\/twitter.com\/@Arturo_Medina_G"],"url":"https:\/\/nitu.mx\/index.php\/author\/arturo-medina\/"}]}},"views":551,"_links":{"self":[{"href":"https:\/\/nitu.mx\/index.php\/wp-json\/wp\/v2\/posts\/59402"}],"collection":[{"href":"https:\/\/nitu.mx\/index.php\/wp-json\/wp\/v2\/posts"}],"about":[{"href":"https:\/\/nitu.mx\/index.php\/wp-json\/wp\/v2\/types\/post"}],"author":[{"embeddable":true,"href":"https:\/\/nitu.mx\/index.php\/wp-json\/wp\/v2\/users\/2"}],"replies":[{"embeddable":true,"href":"https:\/\/nitu.mx\/index.php\/wp-json\/wp\/v2\/comments?post=59402"}],"version-history":[{"count":3,"href":"https:\/\/nitu.mx\/index.php\/wp-json\/wp\/v2\/posts\/59402\/revisions"}],"predecessor-version":[{"id":59405,"href":"https:\/\/nitu.mx\/index.php\/wp-json\/wp\/v2\/posts\/59402\/revisions\/59405"}],"wp:featuredmedia":[{"embeddable":true,"href":"https:\/\/nitu.mx\/index.php\/wp-json\/wp\/v2\/media\/59406"}],"wp:attachment":[{"href":"https:\/\/nitu.mx\/index.php\/wp-json\/wp\/v2\/media?parent=59402"}],"wp:term":[{"taxonomy":"category","embeddable":true,"href":"https:\/\/nitu.mx\/index.php\/wp-json\/wp\/v2\/categories?post=59402"},{"taxonomy":"post_tag","embeddable":true,"href":"https:\/\/nitu.mx\/index.php\/wp-json\/wp\/v2\/tags?post=59402"}],"curies":[{"name":"wp","href":"https:\/\/api.w.org\/{rel}","templated":true}]}}