{"id":59376,"date":"2022-05-10T02:03:28","date_gmt":"2022-05-10T07:03:28","guid":{"rendered":"https:\/\/www.dev.nitu.mx\/?p=59376"},"modified":"2022-05-10T02:11:21","modified_gmt":"2022-05-10T07:11:21","slug":"alianza-aeromexico-y-delta-transporto-28-m-de-pasajeros-en-5-anos","status":"publish","type":"post","link":"https:\/\/nitu.mx\/index.php\/2022\/05\/10\/alianza-aeromexico-y-delta-transporto-28-m-de-pasajeros-en-5-anos\/","title":{"rendered":"Alianza Aerom\u00e9xico y Delta transport\u00f3 28 M de pasajeros en 5 a\u00f1os"},"content":{"rendered":"<div>Este mes de mayo marca el quinto aniversario de la implementaci\u00f3n del principal Acuerdo de Colaboraci\u00f3n Conjunta (JCA) de Delta Air Lines y Aerom\u00e9xico. El JCA es una alianza transfronteriza que conecta las redes de las aerol\u00edneas entre los EE. UU. y M\u00e9xico; lo que ha mejorado el servicio, incrementado las rutas y beneficiado a m\u00e1s de 28 millones de clientes desde su lanzamiento en 2017. A lo largo de su asociaci\u00f3n con el JCA, Delta y Aerom\u00e9xico han volado 580 millones de kil\u00f3metros, lo que equivale a 14,663 viajes alrededor del mundo, y a m\u00e1s de 250,000 vuelos.<\/div>\n<div><\/div>\n<div>Hoy, Delta y Aerom\u00e9xico ofrecen 43 rutas entre M\u00e9xico y EE. UU., incluida la mayor\u00eda de los vuelos desde Los \u00c1ngeles, con 35 semanales a la Ciudad de M\u00e9xico; y desde Nueva York, con 28 operaciones semanales, junto con el servicio entre otros importantes mercados transfronterizos en California, Texas y Florida.<\/div>\n<div>\n<div>A lo largo de su asociaci\u00f3n, Delta y Aerom\u00e9xico han trabajado en estrecha colaboraci\u00f3n para desarrollar productos y servicios integrales y alineados para sus clientes que garanticen una experiencia de cliente consistente y l\u00edder en la industria, que incluye:<\/div>\n<div>\n<ul>\n<li>Documentaci\u00f3n<span lang=\"ES\">\u00a0homologada con la tecnolog\u00eda de SkyTeam que permite el check-in digital para viajes de varias aerol\u00edneas a trav\u00e9s de las aplicaciones o los sitios web existentes de Delta y Aerom\u00e9xico.<\/span><span lang=\"ES\">\u00a0<\/span><\/li>\n<li><span lang=\"ES\">Mensajer\u00eda gratuita a trav\u00e9s de Wi-Fi a bordo (donde est\u00e9 disponible).<\/span><span lang=\"ES\">\u00a0<\/span><\/li>\n<li><span lang=\"ES\">Pol\u00edticas coherentes de equipaje documentado y de mano.<\/span><span lang=\"ES\">\u00a0<\/span><\/li>\n<\/ul>\n<\/div>\n<\/div>\n<div>\u201cEstamos orgullosos de c\u00f3mo nuestro innovador Acuerdo de Cooperaci\u00f3n Conjunta (JCA) ha transformado el mercado transfronterizo de EE. UU. y M\u00e9xico al generar beneficios significativos para los clientes y una red de rutas m\u00e1s amplia\u201d, dijo Perry Cantarutti, Vicepresidente Senior de Alianzas para Delta. \u201cAl celebrar el \u00e9xito de nuestra asociaci\u00f3n con Aerom\u00e9xico, lo hacemos con el compromiso continuo de ofrecer a nuestros clientes la experiencia excepcional que se merecen\u201d.<\/div>\n<div>\n<div>Desde que reaccionaron r\u00e1pidamente a la pandemia, Delta y Aerom\u00e9xico han recuperado gradualmente su oferta transfronteriza. En julio de 2021, se reanudaron los vuelos de M\u00e9xico a Dallas y Austin, mientras que el servicio de Guadalajara a Salt Lake City se reanud\u00f3 en septiembre de 2021. Ambas aerol\u00edneas contin\u00faan restableciendo el servicio a medida que regresa la demanda.<\/div>\n<div>Durante la pandemia, ambas aerol\u00edneas tambi\u00e9n se enfocaron en la salud y seguridad de sus clientes y empleados a trav\u00e9s de Delta CareStandardSM y el Sistema de Gesti\u00f3n de Salud y Sanitizaci\u00f3n de Aerom\u00e9xico.<\/div>\n<div><\/div>\n<div>\u201cEste a\u00f1o comenz\u00f3 con una noticia maravillosa. Paso a paso seguimos recuperando la din\u00e1mica que hab\u00edamos logrado antes de la pandemia. Operaremos m\u00e1s de 4,300 vuelos en mayo, lo que representa una recuperaci\u00f3n del 96 % en comparaci\u00f3n con el mismo periodo de 2019. Al mismo tiempo, nuestra red a los principales destinos de playa en M\u00e9xico se ha recuperado por completo, con un crecimiento de capacidad del 16 % en comparaci\u00f3n con 2019\u201d, dijo Giancarlo Mulinelli Avil\u00e9s, vicepresidente Senior de Ventas Globales de Aerom\u00e9xico.<\/div>\n<\/div>\n","protected":false},"excerpt":{"rendered":"<p>Este mes de mayo marca el quinto aniversario de la implementaci\u00f3n del principal Acuerdo de Colaboraci\u00f3n Conjunta (JCA) de Delta Air Lines y Aerom\u00e9xico. El JCA es una alianza transfronteriza que conecta las redes de las aerol\u00edneas entre los EE. UU. y M\u00e9xico; lo que ha mejorado el servicio, incrementado las rutas y beneficiado a [&hellip;]<\/p>\n","protected":false},"author":17,"featured_media":20386,"comment_status":"open","ping_status":"open","sticky":false,"template":"","format":"standard","meta":{"footnotes":""},"categories":[29],"tags":[30,534,23301,4049],"yoast_head":"<!-- This site is optimized with the Yoast SEO plugin v22.2 - https:\/\/yoast.com\/wordpress\/plugins\/seo\/ -->\n<title>Alianza Aerom\u00e9xico y Delta transport\u00f3 28 M de pasajeros en 5 a\u00f1os - Nitu - Noticias de la Industria Turistica<\/title>\n<meta name=\"robots\" content=\"index, follow, max-snippet:-1, max-image-preview:large, max-video-preview:-1\" \/>\n<link rel=\"canonical\" href=\"https:\/\/nitu.mx\/index.php\/2022\/05\/10\/alianza-aeromexico-y-delta-transporto-28-m-de-pasajeros-en-5-anos\/\" \/>\n<meta name=\"twitter:card\" content=\"summary_large_image\" \/>\n<meta name=\"twitter:title\" content=\"Alianza Aerom\u00e9xico y Delta transport\u00f3 28 M de pasajeros en 5 a\u00f1os - Nitu - Noticias de la Industria Turistica\" \/>\n<meta name=\"twitter:description\" content=\"Este mes de mayo marca el quinto aniversario de la implementaci\u00f3n del principal Acuerdo de Colaboraci\u00f3n Conjunta (JCA) de Delta Air Lines y Aerom\u00e9xico. El JCA es una alianza transfronteriza que conecta las redes de las aerol\u00edneas entre los EE. UU. y M\u00e9xico; lo que ha mejorado el servicio, incrementado las rutas y beneficiado a [&hellip;]\" \/>\n<meta name=\"twitter:image\" content=\"https:\/\/nitu.mx\/wp-content\/uploads\/2018\/05\/aeromexico-delta.jpg\" \/>\n<meta name=\"twitter:creator\" content=\"@NITUmx\" \/>\n<meta name=\"twitter:site\" content=\"@Arturo_Medina_G\" \/>\n<meta name=\"twitter:label1\" content=\"Escrito por\" \/>\n\t<meta name=\"twitter:data1\" content=\"Redacci\u00f3n\" \/>\n\t<meta name=\"twitter:label2\" content=\"Tiempo de lectura\" \/>\n\t<meta name=\"twitter:data2\" content=\"3 minutos\" \/>\n<script type=\"application\/ld+json\" class=\"yoast-schema-graph\">{\"@context\":\"https:\/\/schema.org\",\"@graph\":[{\"@type\":\"Article\",\"@id\":\"https:\/\/nitu.mx\/index.php\/2022\/05\/10\/alianza-aeromexico-y-delta-transporto-28-m-de-pasajeros-en-5-anos\/#article\",\"isPartOf\":{\"@id\":\"https:\/\/nitu.mx\/index.php\/2022\/05\/10\/alianza-aeromexico-y-delta-transporto-28-m-de-pasajeros-en-5-anos\/\"},\"author\":{\"name\":\"Redacci\u00f3n\",\"@id\":\"https:\/\/nitu.mx\/#\/schema\/person\/4a28fe9bd65924f7c90623773daf1b0b\"},\"headline\":\"Alianza Aerom\u00e9xico y Delta transport\u00f3 28 M de pasajeros en 5 a\u00f1os\",\"datePublished\":\"2022-05-10T07:03:28+00:00\",\"dateModified\":\"2022-05-10T07:11:21+00:00\",\"mainEntityOfPage\":{\"@id\":\"https:\/\/nitu.mx\/index.php\/2022\/05\/10\/alianza-aeromexico-y-delta-transporto-28-m-de-pasajeros-en-5-anos\/\"},\"wordCount\":534,\"commentCount\":0,\"publisher\":{\"@id\":\"https:\/\/nitu.mx\/#\/schema\/person\/ae7a53426417292d3dd07b45a33e01bc\"},\"image\":{\"@id\":\"https:\/\/nitu.mx\/index.php\/2022\/05\/10\/alianza-aeromexico-y-delta-transporto-28-m-de-pasajeros-en-5-anos\/#primaryimage\"},\"thumbnailUrl\":\"https:\/\/nitu.mx\/wp-content\/uploads\/2018\/05\/aeromexico-delta.jpg\",\"keywords\":[\"Aerom\u00e9xico\",\"Delta\",\"Delta CareStandardSM\",\"Giancarlo Mulinelli\"],\"articleSection\":[\"Aerol\u00edneas\"],\"inLanguage\":\"es-MX\",\"potentialAction\":[{\"@type\":\"CommentAction\",\"name\":\"Comment\",\"target\":[\"https:\/\/nitu.mx\/index.php\/2022\/05\/10\/alianza-aeromexico-y-delta-transporto-28-m-de-pasajeros-en-5-anos\/#respond\"]}]},{\"@type\":\"WebPage\",\"@id\":\"https:\/\/nitu.mx\/index.php\/2022\/05\/10\/alianza-aeromexico-y-delta-transporto-28-m-de-pasajeros-en-5-anos\/\",\"url\":\"https:\/\/nitu.mx\/index.php\/2022\/05\/10\/alianza-aeromexico-y-delta-transporto-28-m-de-pasajeros-en-5-anos\/\",\"name\":\"Alianza Aerom\u00e9xico y Delta transport\u00f3 28 M de pasajeros en 5 a\u00f1os - Nitu - Noticias de la Industria Turistica\",\"isPartOf\":{\"@id\":\"https:\/\/nitu.mx\/#website\"},\"primaryImageOfPage\":{\"@id\":\"https:\/\/nitu.mx\/index.php\/2022\/05\/10\/alianza-aeromexico-y-delta-transporto-28-m-de-pasajeros-en-5-anos\/#primaryimage\"},\"image\":{\"@id\":\"https:\/\/nitu.mx\/index.php\/2022\/05\/10\/alianza-aeromexico-y-delta-transporto-28-m-de-pasajeros-en-5-anos\/#primaryimage\"},\"thumbnailUrl\":\"https:\/\/nitu.mx\/wp-content\/uploads\/2018\/05\/aeromexico-delta.jpg\",\"datePublished\":\"2022-05-10T07:03:28+00:00\",\"dateModified\":\"2022-05-10T07:11:21+00:00\",\"breadcrumb\":{\"@id\":\"https:\/\/nitu.mx\/index.php\/2022\/05\/10\/alianza-aeromexico-y-delta-transporto-28-m-de-pasajeros-en-5-anos\/#breadcrumb\"},\"inLanguage\":\"es-MX\",\"potentialAction\":[{\"@type\":\"ReadAction\",\"target\":[\"https:\/\/nitu.mx\/index.php\/2022\/05\/10\/alianza-aeromexico-y-delta-transporto-28-m-de-pasajeros-en-5-anos\/\"]}]},{\"@type\":\"ImageObject\",\"inLanguage\":\"es-MX\",\"@id\":\"https:\/\/nitu.mx\/index.php\/2022\/05\/10\/alianza-aeromexico-y-delta-transporto-28-m-de-pasajeros-en-5-anos\/#primaryimage\",\"url\":\"https:\/\/nitu.mx\/wp-content\/uploads\/2018\/05\/aeromexico-delta.jpg\",\"contentUrl\":\"https:\/\/nitu.mx\/wp-content\/uploads\/2018\/05\/aeromexico-delta.jpg\",\"width\":850,\"height\":480,\"caption\":\"aerom\u00e9xico delta\"},{\"@type\":\"BreadcrumbList\",\"@id\":\"https:\/\/nitu.mx\/index.php\/2022\/05\/10\/alianza-aeromexico-y-delta-transporto-28-m-de-pasajeros-en-5-anos\/#breadcrumb\",\"itemListElement\":[{\"@type\":\"ListItem\",\"position\":1,\"name\":\"Inicio\",\"item\":\"https:\/\/nitu.mx\/\"},{\"@type\":\"ListItem\",\"position\":2,\"name\":\"Alianza Aerom\u00e9xico y Delta transport\u00f3 28 M de pasajeros en 5 a\u00f1os\"}]},{\"@type\":\"WebSite\",\"@id\":\"https:\/\/nitu.mx\/#website\",\"url\":\"https:\/\/nitu.mx\/\",\"name\":\"Nitu - Noticias de la Industria Turistica\",\"description\":\"Noticias de la Industria Turistica\",\"publisher\":{\"@id\":\"https:\/\/nitu.mx\/#\/schema\/person\/ae7a53426417292d3dd07b45a33e01bc\"},\"alternateName\":\"Noticias de la Industria Turistica\",\"potentialAction\":[{\"@type\":\"SearchAction\",\"target\":{\"@type\":\"EntryPoint\",\"urlTemplate\":\"https:\/\/nitu.mx\/?s={search_term_string}\"},\"query-input\":\"required name=search_term_string\"}],\"inLanguage\":\"es-MX\"},{\"@type\":[\"Person\",\"Organization\"],\"@id\":\"https:\/\/nitu.mx\/#\/schema\/person\/ae7a53426417292d3dd07b45a33e01bc\",\"name\":\"Arturo Medina\",\"image\":{\"@type\":\"ImageObject\",\"inLanguage\":\"es-MX\",\"@id\":\"https:\/\/nitu.mx\/#\/schema\/person\/image\/\",\"url\":\"https:\/\/nitu.mx\/wp-content\/uploads\/2024\/04\/4A315622-1904-4D5C-B022-878CDC840E04-90x90-1.jpeg\",\"contentUrl\":\"https:\/\/nitu.mx\/wp-content\/uploads\/2024\/04\/4A315622-1904-4D5C-B022-878CDC840E04-90x90-1.jpeg\",\"width\":90,\"height\":90,\"caption\":\"Arturo Medina\"},\"logo\":{\"@id\":\"https:\/\/nitu.mx\/#\/schema\/person\/image\/\"},\"description\":\"Director NITU.mx, Egresado de la Escuela de Periodismo Carlos Septi\u00e9n Garc\u00eda. Periodista y analista especializado en turismo desde hace 35 a\u00f1os, radicado en Canc\u00fan Q.Roo. arturo@nitu.mx\",\"sameAs\":[\"https:\/\/nitu.mx\",\"https:\/\/www.facebook.com\/NITUmx\/\",\"medinacancun\",\"https:\/\/twitter.com\/@Arturo_Medina_G\"]},{\"@type\":\"Person\",\"@id\":\"https:\/\/nitu.mx\/#\/schema\/person\/4a28fe9bd65924f7c90623773daf1b0b\",\"name\":\"Redacci\u00f3n\",\"image\":{\"@type\":\"ImageObject\",\"inLanguage\":\"es-MX\",\"@id\":\"https:\/\/nitu.mx\/#\/schema\/person\/image\/\",\"url\":\"https:\/\/secure.gravatar.com\/avatar\/5dd011c8ccfc5cd7e4c81e42252aab38?s=96&d=mm&r=g\",\"contentUrl\":\"https:\/\/secure.gravatar.com\/avatar\/5dd011c8ccfc5cd7e4c81e42252aab38?s=96&d=mm&r=g\",\"caption\":\"Redacci\u00f3n\"},\"url\":\"https:\/\/nitu.mx\/index.php\/author\/redaccion\/\"}]}<\/script>\n<!-- \/ Yoast SEO plugin. -->","yoast_head_json":{"title":"Alianza Aerom\u00e9xico y Delta transport\u00f3 28 M de pasajeros en 5 a\u00f1os - Nitu - Noticias de la Industria Turistica","robots":{"index":"index","follow":"follow","max-snippet":"max-snippet:-1","max-image-preview":"max-image-preview:large","max-video-preview":"max-video-preview:-1"},"canonical":"https:\/\/nitu.mx\/index.php\/2022\/05\/10\/alianza-aeromexico-y-delta-transporto-28-m-de-pasajeros-en-5-anos\/","twitter_card":"summary_large_image","twitter_title":"Alianza Aerom\u00e9xico y Delta transport\u00f3 28 M de pasajeros en 5 a\u00f1os - Nitu - Noticias de la Industria Turistica","twitter_description":"Este mes de mayo marca el quinto aniversario de la implementaci\u00f3n del principal Acuerdo de Colaboraci\u00f3n Conjunta (JCA) de Delta Air Lines y Aerom\u00e9xico. El JCA es una alianza transfronteriza que conecta las redes de las aerol\u00edneas entre los EE. UU. y M\u00e9xico; lo que ha mejorado el servicio, incrementado las rutas y beneficiado a [&hellip;]","twitter_image":"https:\/\/nitu.mx\/wp-content\/uploads\/2018\/05\/aeromexico-delta.jpg","twitter_creator":"@NITUmx","twitter_site":"@Arturo_Medina_G","twitter_misc":{"Escrito por":"Redacci\u00f3n","Tiempo de lectura":"3 minutos"},"schema":{"@context":"https:\/\/schema.org","@graph":[{"@type":"Article","@id":"https:\/\/nitu.mx\/index.php\/2022\/05\/10\/alianza-aeromexico-y-delta-transporto-28-m-de-pasajeros-en-5-anos\/#article","isPartOf":{"@id":"https:\/\/nitu.mx\/index.php\/2022\/05\/10\/alianza-aeromexico-y-delta-transporto-28-m-de-pasajeros-en-5-anos\/"},"author":{"name":"Redacci\u00f3n","@id":"https:\/\/nitu.mx\/#\/schema\/person\/4a28fe9bd65924f7c90623773daf1b0b"},"headline":"Alianza Aerom\u00e9xico y Delta transport\u00f3 28 M de pasajeros en 5 a\u00f1os","datePublished":"2022-05-10T07:03:28+00:00","dateModified":"2022-05-10T07:11:21+00:00","mainEntityOfPage":{"@id":"https:\/\/nitu.mx\/index.php\/2022\/05\/10\/alianza-aeromexico-y-delta-transporto-28-m-de-pasajeros-en-5-anos\/"},"wordCount":534,"commentCount":0,"publisher":{"@id":"https:\/\/nitu.mx\/#\/schema\/person\/ae7a53426417292d3dd07b45a33e01bc"},"image":{"@id":"https:\/\/nitu.mx\/index.php\/2022\/05\/10\/alianza-aeromexico-y-delta-transporto-28-m-de-pasajeros-en-5-anos\/#primaryimage"},"thumbnailUrl":"https:\/\/nitu.mx\/wp-content\/uploads\/2018\/05\/aeromexico-delta.jpg","keywords":["Aerom\u00e9xico","Delta","Delta CareStandardSM","Giancarlo Mulinelli"],"articleSection":["Aerol\u00edneas"],"inLanguage":"es-MX","potentialAction":[{"@type":"CommentAction","name":"Comment","target":["https:\/\/nitu.mx\/index.php\/2022\/05\/10\/alianza-aeromexico-y-delta-transporto-28-m-de-pasajeros-en-5-anos\/#respond"]}]},{"@type":"WebPage","@id":"https:\/\/nitu.mx\/index.php\/2022\/05\/10\/alianza-aeromexico-y-delta-transporto-28-m-de-pasajeros-en-5-anos\/","url":"https:\/\/nitu.mx\/index.php\/2022\/05\/10\/alianza-aeromexico-y-delta-transporto-28-m-de-pasajeros-en-5-anos\/","name":"Alianza Aerom\u00e9xico y Delta transport\u00f3 28 M de pasajeros en 5 a\u00f1os - Nitu - Noticias de la Industria Turistica","isPartOf":{"@id":"https:\/\/nitu.mx\/#website"},"primaryImageOfPage":{"@id":"https:\/\/nitu.mx\/index.php\/2022\/05\/10\/alianza-aeromexico-y-delta-transporto-28-m-de-pasajeros-en-5-anos\/#primaryimage"},"image":{"@id":"https:\/\/nitu.mx\/index.php\/2022\/05\/10\/alianza-aeromexico-y-delta-transporto-28-m-de-pasajeros-en-5-anos\/#primaryimage"},"thumbnailUrl":"https:\/\/nitu.mx\/wp-content\/uploads\/2018\/05\/aeromexico-delta.jpg","datePublished":"2022-05-10T07:03:28+00:00","dateModified":"2022-05-10T07:11:21+00:00","breadcrumb":{"@id":"https:\/\/nitu.mx\/index.php\/2022\/05\/10\/alianza-aeromexico-y-delta-transporto-28-m-de-pasajeros-en-5-anos\/#breadcrumb"},"inLanguage":"es-MX","potentialAction":[{"@type":"ReadAction","target":["https:\/\/nitu.mx\/index.php\/2022\/05\/10\/alianza-aeromexico-y-delta-transporto-28-m-de-pasajeros-en-5-anos\/"]}]},{"@type":"ImageObject","inLanguage":"es-MX","@id":"https:\/\/nitu.mx\/index.php\/2022\/05\/10\/alianza-aeromexico-y-delta-transporto-28-m-de-pasajeros-en-5-anos\/#primaryimage","url":"https:\/\/nitu.mx\/wp-content\/uploads\/2018\/05\/aeromexico-delta.jpg","contentUrl":"https:\/\/nitu.mx\/wp-content\/uploads\/2018\/05\/aeromexico-delta.jpg","width":850,"height":480,"caption":"aerom\u00e9xico delta"},{"@type":"BreadcrumbList","@id":"https:\/\/nitu.mx\/index.php\/2022\/05\/10\/alianza-aeromexico-y-delta-transporto-28-m-de-pasajeros-en-5-anos\/#breadcrumb","itemListElement":[{"@type":"ListItem","position":1,"name":"Inicio","item":"https:\/\/nitu.mx\/"},{"@type":"ListItem","position":2,"name":"Alianza Aerom\u00e9xico y Delta transport\u00f3 28 M de pasajeros en 5 a\u00f1os"}]},{"@type":"WebSite","@id":"https:\/\/nitu.mx\/#website","url":"https:\/\/nitu.mx\/","name":"Nitu - Noticias de la Industria Turistica","description":"Noticias de la Industria Turistica","publisher":{"@id":"https:\/\/nitu.mx\/#\/schema\/person\/ae7a53426417292d3dd07b45a33e01bc"},"alternateName":"Noticias de la Industria Turistica","potentialAction":[{"@type":"SearchAction","target":{"@type":"EntryPoint","urlTemplate":"https:\/\/nitu.mx\/?s={search_term_string}"},"query-input":"required name=search_term_string"}],"inLanguage":"es-MX"},{"@type":["Person","Organization"],"@id":"https:\/\/nitu.mx\/#\/schema\/person\/ae7a53426417292d3dd07b45a33e01bc","name":"Arturo Medina","image":{"@type":"ImageObject","inLanguage":"es-MX","@id":"https:\/\/nitu.mx\/#\/schema\/person\/image\/","url":"https:\/\/nitu.mx\/wp-content\/uploads\/2024\/04\/4A315622-1904-4D5C-B022-878CDC840E04-90x90-1.jpeg","contentUrl":"https:\/\/nitu.mx\/wp-content\/uploads\/2024\/04\/4A315622-1904-4D5C-B022-878CDC840E04-90x90-1.jpeg","width":90,"height":90,"caption":"Arturo Medina"},"logo":{"@id":"https:\/\/nitu.mx\/#\/schema\/person\/image\/"},"description":"Director NITU.mx, Egresado de la Escuela de Periodismo Carlos Septi\u00e9n Garc\u00eda. Periodista y analista especializado en turismo desde hace 35 a\u00f1os, radicado en Canc\u00fan Q.Roo. arturo@nitu.mx","sameAs":["https:\/\/nitu.mx","https:\/\/www.facebook.com\/NITUmx\/","medinacancun","https:\/\/twitter.com\/@Arturo_Medina_G"]},{"@type":"Person","@id":"https:\/\/nitu.mx\/#\/schema\/person\/4a28fe9bd65924f7c90623773daf1b0b","name":"Redacci\u00f3n","image":{"@type":"ImageObject","inLanguage":"es-MX","@id":"https:\/\/nitu.mx\/#\/schema\/person\/image\/","url":"https:\/\/secure.gravatar.com\/avatar\/5dd011c8ccfc5cd7e4c81e42252aab38?s=96&d=mm&r=g","contentUrl":"https:\/\/secure.gravatar.com\/avatar\/5dd011c8ccfc5cd7e4c81e42252aab38?s=96&d=mm&r=g","caption":"Redacci\u00f3n"},"url":"https:\/\/nitu.mx\/index.php\/author\/redaccion\/"}]}},"views":297,"_links":{"self":[{"href":"https:\/\/nitu.mx\/index.php\/wp-json\/wp\/v2\/posts\/59376"}],"collection":[{"href":"https:\/\/nitu.mx\/index.php\/wp-json\/wp\/v2\/posts"}],"about":[{"href":"https:\/\/nitu.mx\/index.php\/wp-json\/wp\/v2\/types\/post"}],"author":[{"embeddable":true,"href":"https:\/\/nitu.mx\/index.php\/wp-json\/wp\/v2\/users\/17"}],"replies":[{"embeddable":true,"href":"https:\/\/nitu.mx\/index.php\/wp-json\/wp\/v2\/comments?post=59376"}],"version-history":[{"count":2,"href":"https:\/\/nitu.mx\/index.php\/wp-json\/wp\/v2\/posts\/59376\/revisions"}],"predecessor-version":[{"id":59386,"href":"https:\/\/nitu.mx\/index.php\/wp-json\/wp\/v2\/posts\/59376\/revisions\/59386"}],"wp:featuredmedia":[{"embeddable":true,"href":"https:\/\/nitu.mx\/index.php\/wp-json\/wp\/v2\/media\/20386"}],"wp:attachment":[{"href":"https:\/\/nitu.mx\/index.php\/wp-json\/wp\/v2\/media?parent=59376"}],"wp:term":[{"taxonomy":"category","embeddable":true,"href":"https:\/\/nitu.mx\/index.php\/wp-json\/wp\/v2\/categories?post=59376"},{"taxonomy":"post_tag","embeddable":true,"href":"https:\/\/nitu.mx\/index.php\/wp-json\/wp\/v2\/tags?post=59376"}],"curies":[{"name":"wp","href":"https:\/\/api.w.org\/{rel}","templated":true}]}}