{"id":59272,"date":"2022-05-03T01:26:48","date_gmt":"2022-05-03T06:26:48","guid":{"rendered":"https:\/\/www.dev.nitu.mx\/?p=59272"},"modified":"2022-05-03T01:31:34","modified_gmt":"2022-05-03T06:31:34","slug":"volaris-firma-alianza-binacional-tijuana-san-diego","status":"publish","type":"post","link":"https:\/\/nitu.mx\/index.php\/2022\/05\/03\/volaris-firma-alianza-binacional-tijuana-san-diego\/","title":{"rendered":"Volaris firma alianza binacional Tijuana &#8211; San Diego"},"content":{"rendered":"<p style=\"font-weight: 400;\">Volaris, la aerol\u00ednea de ultra bajo costo que opera en M\u00e9xico, Estados Unidos, Centro y Sudam\u00e9rica, firm\u00f3 este lunes una alianza binacional con la\u00a0C\u00e1mara de Comercio Hispana del Condado de San Diego y Valle Imperial (SDCIVHCC,\u00a0por sus siglas en ingl\u00e9s).<\/p>\n<p style=\"font-weight: 400;\">El acuerdo de colaboraci\u00f3n inici\u00f3 durante el 2021 con el objetivo de fortalecer el dinamismo econ\u00f3mico en la frontera norte, a trav\u00e9s de programas y oportunidades de negocio para ciudadanos de ambos pa\u00edses.<\/p>\n<p style=\"font-weight: 400;\">Los programas estar\u00e1n enfocados en dar soluciones efectivas para que, aquellos que viajen desde M\u00e9xico o Estados Unidos por razones m\u00e9dicas o empresariales, puedan realizarlo con mayores beneficios como menores tiempos de traslado, tarifas accesibles y mayor seguridad al viajar.<\/p>\n<p style=\"font-weight: 400;\">Adem\u00e1s,\u00a0Volaris\u00a0ha participado activamente en los temas binacionales de la SDCIVHCC, creando oportunidades para los negocios transfronterizos, incluyendo el Foro Aeroespacial que se realizar\u00e1 en septiembre de este a\u00f1o en Quer\u00e9taro, con la finalidad de fortalecer la cadena de proveedur\u00eda local a trav\u00e9s de alianzas entre empresas e\u00a0instituciones\u00a0del sector para promover los viajes desde la regi\u00f3n del Valle Imperial, San Diego,\u00a0Tijuana\u00a0y Mexicali.<\/p>\n<p style=\"font-weight: 400;\">Al respecto, Omar Carrera, director comercial senior de\u00a0Volaris, se\u00f1al\u00f3 que: \u201ceste acuerdo representa un enorme compromiso con la comunidad de los casi 130 mil latinos e hispanos que residen en el Valle de San Diego y con el 21 por ciento de los negocios en la regi\u00f3n que depende de los viajes entre ambos lados de la frontera para favorecer su actividad comercial.\u201d<\/p>\n<p style=\"font-weight: 400;\">Asimismo,\u00a0Volaris\u00a0seguir\u00e1 trabajando con el Cross Border Xpress (CBX), que conecta la terminal del aeropuerto internacional de Tijuana con San Diego, para promover viajes seguros.<\/p>\n","protected":false},"excerpt":{"rendered":"<p>Volaris, la aerol\u00ednea de ultra bajo costo que opera en M\u00e9xico, Estados Unidos, Centro y Sudam\u00e9rica, firm\u00f3 este lunes una alianza binacional con la\u00a0C\u00e1mara de Comercio Hispana del Condado de San Diego y Valle Imperial (SDCIVHCC,\u00a0por sus siglas en ingl\u00e9s). El acuerdo de colaboraci\u00f3n inici\u00f3 durante el 2021 con el objetivo de fortalecer el dinamismo [&hellip;]<\/p>\n","protected":false},"author":17,"featured_media":58822,"comment_status":"open","ping_status":"open","sticky":false,"template":"","format":"standard","meta":{"footnotes":""},"categories":[29],"tags":[4317,489,131],"yoast_head":"<!-- This site is optimized with the Yoast SEO plugin v22.2 - https:\/\/yoast.com\/wordpress\/plugins\/seo\/ -->\n<title>Volaris firma alianza binacional Tijuana - San Diego - Nitu - Noticias de la Industria Turistica<\/title>\n<meta name=\"robots\" content=\"index, follow, max-snippet:-1, max-image-preview:large, max-video-preview:-1\" \/>\n<link rel=\"canonical\" href=\"https:\/\/nitu.mx\/index.php\/2022\/05\/03\/volaris-firma-alianza-binacional-tijuana-san-diego\/\" \/>\n<meta name=\"twitter:card\" content=\"summary_large_image\" \/>\n<meta name=\"twitter:title\" content=\"Volaris firma alianza binacional Tijuana - San Diego - Nitu - Noticias de la Industria Turistica\" \/>\n<meta name=\"twitter:description\" content=\"Volaris, la aerol\u00ednea de ultra bajo costo que opera en M\u00e9xico, Estados Unidos, Centro y Sudam\u00e9rica, firm\u00f3 este lunes una alianza binacional con la\u00a0C\u00e1mara de Comercio Hispana del Condado de San Diego y Valle Imperial (SDCIVHCC,\u00a0por sus siglas en ingl\u00e9s). El acuerdo de colaboraci\u00f3n inici\u00f3 durante el 2021 con el objetivo de fortalecer el dinamismo [&hellip;]\" \/>\n<meta name=\"twitter:image\" content=\"https:\/\/nitu.mx\/wp-content\/uploads\/2022\/04\/Volaris-lidera-operaciones-Cancu\u0301n.jpg\" \/>\n<meta name=\"twitter:creator\" content=\"@NITUmx\" \/>\n<meta name=\"twitter:site\" content=\"@Arturo_Medina_G\" \/>\n<meta name=\"twitter:label1\" content=\"Escrito por\" \/>\n\t<meta name=\"twitter:data1\" content=\"Redacci\u00f3n\" \/>\n\t<meta name=\"twitter:label2\" content=\"Tiempo de lectura\" \/>\n\t<meta name=\"twitter:data2\" content=\"1 minuto\" \/>\n<script type=\"application\/ld+json\" class=\"yoast-schema-graph\">{\"@context\":\"https:\/\/schema.org\",\"@graph\":[{\"@type\":\"Article\",\"@id\":\"https:\/\/nitu.mx\/index.php\/2022\/05\/03\/volaris-firma-alianza-binacional-tijuana-san-diego\/#article\",\"isPartOf\":{\"@id\":\"https:\/\/nitu.mx\/index.php\/2022\/05\/03\/volaris-firma-alianza-binacional-tijuana-san-diego\/\"},\"author\":{\"name\":\"Redacci\u00f3n\",\"@id\":\"https:\/\/nitu.mx\/#\/schema\/person\/4a28fe9bd65924f7c90623773daf1b0b\"},\"headline\":\"Volaris firma alianza binacional Tijuana &#8211; San Diego\",\"datePublished\":\"2022-05-03T06:26:48+00:00\",\"dateModified\":\"2022-05-03T06:31:34+00:00\",\"mainEntityOfPage\":{\"@id\":\"https:\/\/nitu.mx\/index.php\/2022\/05\/03\/volaris-firma-alianza-binacional-tijuana-san-diego\/\"},\"wordCount\":297,\"commentCount\":0,\"publisher\":{\"@id\":\"https:\/\/nitu.mx\/#\/schema\/person\/ae7a53426417292d3dd07b45a33e01bc\"},\"image\":{\"@id\":\"https:\/\/nitu.mx\/index.php\/2022\/05\/03\/volaris-firma-alianza-binacional-tijuana-san-diego\/#primaryimage\"},\"thumbnailUrl\":\"https:\/\/nitu.mx\/wp-content\/uploads\/2022\/04\/Volaris-lidera-operaciones-Cancu\u0301n.jpg\",\"keywords\":[\"San Diego\",\"Tijuana\",\"Volaris\"],\"articleSection\":[\"Aerol\u00edneas\"],\"inLanguage\":\"es-MX\",\"potentialAction\":[{\"@type\":\"CommentAction\",\"name\":\"Comment\",\"target\":[\"https:\/\/nitu.mx\/index.php\/2022\/05\/03\/volaris-firma-alianza-binacional-tijuana-san-diego\/#respond\"]}]},{\"@type\":\"WebPage\",\"@id\":\"https:\/\/nitu.mx\/index.php\/2022\/05\/03\/volaris-firma-alianza-binacional-tijuana-san-diego\/\",\"url\":\"https:\/\/nitu.mx\/index.php\/2022\/05\/03\/volaris-firma-alianza-binacional-tijuana-san-diego\/\",\"name\":\"Volaris firma alianza binacional Tijuana - San Diego - Nitu - Noticias de la Industria Turistica\",\"isPartOf\":{\"@id\":\"https:\/\/nitu.mx\/#website\"},\"primaryImageOfPage\":{\"@id\":\"https:\/\/nitu.mx\/index.php\/2022\/05\/03\/volaris-firma-alianza-binacional-tijuana-san-diego\/#primaryimage\"},\"image\":{\"@id\":\"https:\/\/nitu.mx\/index.php\/2022\/05\/03\/volaris-firma-alianza-binacional-tijuana-san-diego\/#primaryimage\"},\"thumbnailUrl\":\"https:\/\/nitu.mx\/wp-content\/uploads\/2022\/04\/Volaris-lidera-operaciones-Cancu\u0301n.jpg\",\"datePublished\":\"2022-05-03T06:26:48+00:00\",\"dateModified\":\"2022-05-03T06:31:34+00:00\",\"breadcrumb\":{\"@id\":\"https:\/\/nitu.mx\/index.php\/2022\/05\/03\/volaris-firma-alianza-binacional-tijuana-san-diego\/#breadcrumb\"},\"inLanguage\":\"es-MX\",\"potentialAction\":[{\"@type\":\"ReadAction\",\"target\":[\"https:\/\/nitu.mx\/index.php\/2022\/05\/03\/volaris-firma-alianza-binacional-tijuana-san-diego\/\"]}]},{\"@type\":\"ImageObject\",\"inLanguage\":\"es-MX\",\"@id\":\"https:\/\/nitu.mx\/index.php\/2022\/05\/03\/volaris-firma-alianza-binacional-tijuana-san-diego\/#primaryimage\",\"url\":\"https:\/\/nitu.mx\/wp-content\/uploads\/2022\/04\/Volaris-lidera-operaciones-Cancu\u0301n.jpg\",\"contentUrl\":\"https:\/\/nitu.mx\/wp-content\/uploads\/2022\/04\/Volaris-lidera-operaciones-Cancu\u0301n.jpg\",\"width\":1200,\"height\":675,\"caption\":\"Volaris\"},{\"@type\":\"BreadcrumbList\",\"@id\":\"https:\/\/nitu.mx\/index.php\/2022\/05\/03\/volaris-firma-alianza-binacional-tijuana-san-diego\/#breadcrumb\",\"itemListElement\":[{\"@type\":\"ListItem\",\"position\":1,\"name\":\"Inicio\",\"item\":\"https:\/\/nitu.mx\/\"},{\"@type\":\"ListItem\",\"position\":2,\"name\":\"Volaris firma alianza binacional Tijuana &#8211; San Diego\"}]},{\"@type\":\"WebSite\",\"@id\":\"https:\/\/nitu.mx\/#website\",\"url\":\"https:\/\/nitu.mx\/\",\"name\":\"Nitu - Noticias de la Industria Turistica\",\"description\":\"Noticias de la Industria Turistica\",\"publisher\":{\"@id\":\"https:\/\/nitu.mx\/#\/schema\/person\/ae7a53426417292d3dd07b45a33e01bc\"},\"alternateName\":\"Noticias de la Industria Turistica\",\"potentialAction\":[{\"@type\":\"SearchAction\",\"target\":{\"@type\":\"EntryPoint\",\"urlTemplate\":\"https:\/\/nitu.mx\/?s={search_term_string}\"},\"query-input\":\"required name=search_term_string\"}],\"inLanguage\":\"es-MX\"},{\"@type\":[\"Person\",\"Organization\"],\"@id\":\"https:\/\/nitu.mx\/#\/schema\/person\/ae7a53426417292d3dd07b45a33e01bc\",\"name\":\"Arturo Medina\",\"image\":{\"@type\":\"ImageObject\",\"inLanguage\":\"es-MX\",\"@id\":\"https:\/\/nitu.mx\/#\/schema\/person\/image\/\",\"url\":\"https:\/\/nitu.mx\/wp-content\/uploads\/2024\/04\/4A315622-1904-4D5C-B022-878CDC840E04-90x90-1.jpeg\",\"contentUrl\":\"https:\/\/nitu.mx\/wp-content\/uploads\/2024\/04\/4A315622-1904-4D5C-B022-878CDC840E04-90x90-1.jpeg\",\"width\":90,\"height\":90,\"caption\":\"Arturo Medina\"},\"logo\":{\"@id\":\"https:\/\/nitu.mx\/#\/schema\/person\/image\/\"},\"description\":\"Director NITU.mx, Egresado de la Escuela de Periodismo Carlos Septi\u00e9n Garc\u00eda. Periodista y analista especializado en turismo desde hace 35 a\u00f1os, radicado en Canc\u00fan Q.Roo. arturo@nitu.mx\",\"sameAs\":[\"https:\/\/nitu.mx\",\"https:\/\/www.facebook.com\/NITUmx\/\",\"medinacancun\",\"https:\/\/twitter.com\/@Arturo_Medina_G\"]},{\"@type\":\"Person\",\"@id\":\"https:\/\/nitu.mx\/#\/schema\/person\/4a28fe9bd65924f7c90623773daf1b0b\",\"name\":\"Redacci\u00f3n\",\"image\":{\"@type\":\"ImageObject\",\"inLanguage\":\"es-MX\",\"@id\":\"https:\/\/nitu.mx\/#\/schema\/person\/image\/\",\"url\":\"https:\/\/secure.gravatar.com\/avatar\/5dd011c8ccfc5cd7e4c81e42252aab38?s=96&d=mm&r=g\",\"contentUrl\":\"https:\/\/secure.gravatar.com\/avatar\/5dd011c8ccfc5cd7e4c81e42252aab38?s=96&d=mm&r=g\",\"caption\":\"Redacci\u00f3n\"},\"url\":\"https:\/\/nitu.mx\/index.php\/author\/redaccion\/\"}]}<\/script>\n<!-- \/ Yoast SEO plugin. -->","yoast_head_json":{"title":"Volaris firma alianza binacional Tijuana - San Diego - Nitu - Noticias de la Industria Turistica","robots":{"index":"index","follow":"follow","max-snippet":"max-snippet:-1","max-image-preview":"max-image-preview:large","max-video-preview":"max-video-preview:-1"},"canonical":"https:\/\/nitu.mx\/index.php\/2022\/05\/03\/volaris-firma-alianza-binacional-tijuana-san-diego\/","twitter_card":"summary_large_image","twitter_title":"Volaris firma alianza binacional Tijuana - San Diego - Nitu - Noticias de la Industria Turistica","twitter_description":"Volaris, la aerol\u00ednea de ultra bajo costo que opera en M\u00e9xico, Estados Unidos, Centro y Sudam\u00e9rica, firm\u00f3 este lunes una alianza binacional con la\u00a0C\u00e1mara de Comercio Hispana del Condado de San Diego y Valle Imperial (SDCIVHCC,\u00a0por sus siglas en ingl\u00e9s). El acuerdo de colaboraci\u00f3n inici\u00f3 durante el 2021 con el objetivo de fortalecer el dinamismo [&hellip;]","twitter_image":"https:\/\/nitu.mx\/wp-content\/uploads\/2022\/04\/Volaris-lidera-operaciones-Cancu\u0301n.jpg","twitter_creator":"@NITUmx","twitter_site":"@Arturo_Medina_G","twitter_misc":{"Escrito por":"Redacci\u00f3n","Tiempo de lectura":"1 minuto"},"schema":{"@context":"https:\/\/schema.org","@graph":[{"@type":"Article","@id":"https:\/\/nitu.mx\/index.php\/2022\/05\/03\/volaris-firma-alianza-binacional-tijuana-san-diego\/#article","isPartOf":{"@id":"https:\/\/nitu.mx\/index.php\/2022\/05\/03\/volaris-firma-alianza-binacional-tijuana-san-diego\/"},"author":{"name":"Redacci\u00f3n","@id":"https:\/\/nitu.mx\/#\/schema\/person\/4a28fe9bd65924f7c90623773daf1b0b"},"headline":"Volaris firma alianza binacional Tijuana &#8211; San Diego","datePublished":"2022-05-03T06:26:48+00:00","dateModified":"2022-05-03T06:31:34+00:00","mainEntityOfPage":{"@id":"https:\/\/nitu.mx\/index.php\/2022\/05\/03\/volaris-firma-alianza-binacional-tijuana-san-diego\/"},"wordCount":297,"commentCount":0,"publisher":{"@id":"https:\/\/nitu.mx\/#\/schema\/person\/ae7a53426417292d3dd07b45a33e01bc"},"image":{"@id":"https:\/\/nitu.mx\/index.php\/2022\/05\/03\/volaris-firma-alianza-binacional-tijuana-san-diego\/#primaryimage"},"thumbnailUrl":"https:\/\/nitu.mx\/wp-content\/uploads\/2022\/04\/Volaris-lidera-operaciones-Cancu\u0301n.jpg","keywords":["San Diego","Tijuana","Volaris"],"articleSection":["Aerol\u00edneas"],"inLanguage":"es-MX","potentialAction":[{"@type":"CommentAction","name":"Comment","target":["https:\/\/nitu.mx\/index.php\/2022\/05\/03\/volaris-firma-alianza-binacional-tijuana-san-diego\/#respond"]}]},{"@type":"WebPage","@id":"https:\/\/nitu.mx\/index.php\/2022\/05\/03\/volaris-firma-alianza-binacional-tijuana-san-diego\/","url":"https:\/\/nitu.mx\/index.php\/2022\/05\/03\/volaris-firma-alianza-binacional-tijuana-san-diego\/","name":"Volaris firma alianza binacional Tijuana - San Diego - Nitu - Noticias de la Industria Turistica","isPartOf":{"@id":"https:\/\/nitu.mx\/#website"},"primaryImageOfPage":{"@id":"https:\/\/nitu.mx\/index.php\/2022\/05\/03\/volaris-firma-alianza-binacional-tijuana-san-diego\/#primaryimage"},"image":{"@id":"https:\/\/nitu.mx\/index.php\/2022\/05\/03\/volaris-firma-alianza-binacional-tijuana-san-diego\/#primaryimage"},"thumbnailUrl":"https:\/\/nitu.mx\/wp-content\/uploads\/2022\/04\/Volaris-lidera-operaciones-Cancu\u0301n.jpg","datePublished":"2022-05-03T06:26:48+00:00","dateModified":"2022-05-03T06:31:34+00:00","breadcrumb":{"@id":"https:\/\/nitu.mx\/index.php\/2022\/05\/03\/volaris-firma-alianza-binacional-tijuana-san-diego\/#breadcrumb"},"inLanguage":"es-MX","potentialAction":[{"@type":"ReadAction","target":["https:\/\/nitu.mx\/index.php\/2022\/05\/03\/volaris-firma-alianza-binacional-tijuana-san-diego\/"]}]},{"@type":"ImageObject","inLanguage":"es-MX","@id":"https:\/\/nitu.mx\/index.php\/2022\/05\/03\/volaris-firma-alianza-binacional-tijuana-san-diego\/#primaryimage","url":"https:\/\/nitu.mx\/wp-content\/uploads\/2022\/04\/Volaris-lidera-operaciones-Cancu\u0301n.jpg","contentUrl":"https:\/\/nitu.mx\/wp-content\/uploads\/2022\/04\/Volaris-lidera-operaciones-Cancu\u0301n.jpg","width":1200,"height":675,"caption":"Volaris"},{"@type":"BreadcrumbList","@id":"https:\/\/nitu.mx\/index.php\/2022\/05\/03\/volaris-firma-alianza-binacional-tijuana-san-diego\/#breadcrumb","itemListElement":[{"@type":"ListItem","position":1,"name":"Inicio","item":"https:\/\/nitu.mx\/"},{"@type":"ListItem","position":2,"name":"Volaris firma alianza binacional Tijuana &#8211; San Diego"}]},{"@type":"WebSite","@id":"https:\/\/nitu.mx\/#website","url":"https:\/\/nitu.mx\/","name":"Nitu - Noticias de la Industria Turistica","description":"Noticias de la Industria Turistica","publisher":{"@id":"https:\/\/nitu.mx\/#\/schema\/person\/ae7a53426417292d3dd07b45a33e01bc"},"alternateName":"Noticias de la Industria Turistica","potentialAction":[{"@type":"SearchAction","target":{"@type":"EntryPoint","urlTemplate":"https:\/\/nitu.mx\/?s={search_term_string}"},"query-input":"required name=search_term_string"}],"inLanguage":"es-MX"},{"@type":["Person","Organization"],"@id":"https:\/\/nitu.mx\/#\/schema\/person\/ae7a53426417292d3dd07b45a33e01bc","name":"Arturo Medina","image":{"@type":"ImageObject","inLanguage":"es-MX","@id":"https:\/\/nitu.mx\/#\/schema\/person\/image\/","url":"https:\/\/nitu.mx\/wp-content\/uploads\/2024\/04\/4A315622-1904-4D5C-B022-878CDC840E04-90x90-1.jpeg","contentUrl":"https:\/\/nitu.mx\/wp-content\/uploads\/2024\/04\/4A315622-1904-4D5C-B022-878CDC840E04-90x90-1.jpeg","width":90,"height":90,"caption":"Arturo Medina"},"logo":{"@id":"https:\/\/nitu.mx\/#\/schema\/person\/image\/"},"description":"Director NITU.mx, Egresado de la Escuela de Periodismo Carlos Septi\u00e9n Garc\u00eda. Periodista y analista especializado en turismo desde hace 35 a\u00f1os, radicado en Canc\u00fan Q.Roo. arturo@nitu.mx","sameAs":["https:\/\/nitu.mx","https:\/\/www.facebook.com\/NITUmx\/","medinacancun","https:\/\/twitter.com\/@Arturo_Medina_G"]},{"@type":"Person","@id":"https:\/\/nitu.mx\/#\/schema\/person\/4a28fe9bd65924f7c90623773daf1b0b","name":"Redacci\u00f3n","image":{"@type":"ImageObject","inLanguage":"es-MX","@id":"https:\/\/nitu.mx\/#\/schema\/person\/image\/","url":"https:\/\/secure.gravatar.com\/avatar\/5dd011c8ccfc5cd7e4c81e42252aab38?s=96&d=mm&r=g","contentUrl":"https:\/\/secure.gravatar.com\/avatar\/5dd011c8ccfc5cd7e4c81e42252aab38?s=96&d=mm&r=g","caption":"Redacci\u00f3n"},"url":"https:\/\/nitu.mx\/index.php\/author\/redaccion\/"}]}},"views":272,"_links":{"self":[{"href":"https:\/\/nitu.mx\/index.php\/wp-json\/wp\/v2\/posts\/59272"}],"collection":[{"href":"https:\/\/nitu.mx\/index.php\/wp-json\/wp\/v2\/posts"}],"about":[{"href":"https:\/\/nitu.mx\/index.php\/wp-json\/wp\/v2\/types\/post"}],"author":[{"embeddable":true,"href":"https:\/\/nitu.mx\/index.php\/wp-json\/wp\/v2\/users\/17"}],"replies":[{"embeddable":true,"href":"https:\/\/nitu.mx\/index.php\/wp-json\/wp\/v2\/comments?post=59272"}],"version-history":[{"count":2,"href":"https:\/\/nitu.mx\/index.php\/wp-json\/wp\/v2\/posts\/59272\/revisions"}],"predecessor-version":[{"id":59282,"href":"https:\/\/nitu.mx\/index.php\/wp-json\/wp\/v2\/posts\/59272\/revisions\/59282"}],"wp:featuredmedia":[{"embeddable":true,"href":"https:\/\/nitu.mx\/index.php\/wp-json\/wp\/v2\/media\/58822"}],"wp:attachment":[{"href":"https:\/\/nitu.mx\/index.php\/wp-json\/wp\/v2\/media?parent=59272"}],"wp:term":[{"taxonomy":"category","embeddable":true,"href":"https:\/\/nitu.mx\/index.php\/wp-json\/wp\/v2\/categories?post=59272"},{"taxonomy":"post_tag","embeddable":true,"href":"https:\/\/nitu.mx\/index.php\/wp-json\/wp\/v2\/tags?post=59272"}],"curies":[{"name":"wp","href":"https:\/\/api.w.org\/{rel}","templated":true}]}}