{"id":58983,"date":"2022-04-13T01:07:37","date_gmt":"2022-04-13T06:07:37","guid":{"rendered":"https:\/\/www.dev.nitu.mx\/?p=58983"},"modified":"2022-04-13T02:11:36","modified_gmt":"2022-04-13T07:11:36","slug":"air-france-klm-confirma-pedido-de-cuatro-a350f","status":"publish","type":"post","link":"https:\/\/nitu.mx\/index.php\/2022\/04\/13\/air-france-klm-confirma-pedido-de-cuatro-a350f\/","title":{"rendered":"Air France-KLM confirma pedido de cuatro A350F"},"content":{"rendered":"<p>Air France-KLM finaliz\u00f3 su pedido con Airbus de cuatro aviones cargueros A350F de nueva generaci\u00f3n, siguiendo el compromiso anterior anunciado en diciembre de 2021.<\/p>\n<p>Estas aeronaves est\u00e1n destinados a aumentar la capacidad de carga de Air France con los aviones de carga m\u00e1s eficientes y sostenibles disponibles en el mercado.<\/p>\n<p>El A350F se basa en el l\u00edder de largo alcance m\u00e1s moderno del mundo, el A350. El avi\u00f3n contar\u00e1 con una gran puerta de carga en la cubierta principal y una longitud de fuselaje optimizada para operaciones de carga.<\/p>\n<p>M\u00e1s del 70 % del fuselaje est\u00e1 fabricado con materiales avanzados, lo que da como resultado un peso de despegue 30 toneladas m\u00e1s ligero, lo que, junto con los eficientes motores Rolls-Royce, genera una ventaja de al menos un 20 % menos de consumo de combustible y CO2 sobre su competidor m\u00e1s cercano actual.<\/p>\n<p>Con una capacidad de carga \u00fatil de 109 toneladas (+3 t de carga \u00fatil \/ 11 % m\u00e1s de volumen que su competencia), el A350F sirve a todos los mercados de carga (Express, carga general, carga especial\u2026) y es, en la categor\u00eda de grandes cargueros, el \u00fanico avi\u00f3n carguero de nueva generaci\u00f3n listo para las normas mejoradas de emisiones de CO\u2082 de la OACI.<\/p>\n<p>\u201cLas aerol\u00edneas ahora tienen una opci\u00f3n, y felicitamos a Air France por sumarse a quienes buscan el cambio radical del A350F en eficiencia y sostenibilidad para las operaciones de carga del futuro. Estamos satisfechos con la ola de usuarios pioneros que, como Air France, consideran que la firma econ\u00f3mica y ambiental de los A350 se destaca frente a las alternativas, pasadas, existentes y futuras. Merci Air Francia. \u201d, dijo Christian Scherer, director comercial de Airbus y director de Airbus International.<\/p>\n<p>Lanzado en 2021, el A350F registr\u00f3 29 pedidos y compromisos de cinco clientes.<\/p>\n","protected":false},"excerpt":{"rendered":"<p>Air France-KLM finaliz\u00f3 su pedido con Airbus de cuatro aviones cargueros A350F de nueva generaci\u00f3n, siguiendo el compromiso anterior anunciado en diciembre de 2021. Estas aeronaves est\u00e1n destinados a aumentar la capacidad de carga de Air France con los aviones de carga m\u00e1s eficientes y sostenibles disponibles en el mercado. El A350F se basa en [&hellip;]<\/p>\n","protected":false},"author":17,"featured_media":58988,"comment_status":"open","ping_status":"open","sticky":false,"template":"","format":"standard","meta":{"footnotes":""},"categories":[29],"tags":[23252,1086,23253,2778],"yoast_head":"<!-- This site is optimized with the Yoast SEO plugin v22.2 - https:\/\/yoast.com\/wordpress\/plugins\/seo\/ -->\n<title>Air France-KLM confirma pedido de cuatro A350F - Nitu - Noticias de la Industria Turistica<\/title>\n<meta name=\"robots\" content=\"index, follow, max-snippet:-1, max-image-preview:large, max-video-preview:-1\" \/>\n<link rel=\"canonical\" href=\"https:\/\/nitu.mx\/index.php\/2022\/04\/13\/air-france-klm-confirma-pedido-de-cuatro-a350f\/\" \/>\n<meta name=\"twitter:card\" content=\"summary_large_image\" \/>\n<meta name=\"twitter:title\" content=\"Air France-KLM confirma pedido de cuatro A350F - Nitu - Noticias de la Industria Turistica\" \/>\n<meta name=\"twitter:description\" content=\"Air France-KLM finaliz\u00f3 su pedido con Airbus de cuatro aviones cargueros A350F de nueva generaci\u00f3n, siguiendo el compromiso anterior anunciado en diciembre de 2021. Estas aeronaves est\u00e1n destinados a aumentar la capacidad de carga de Air France con los aviones de carga m\u00e1s eficientes y sostenibles disponibles en el mercado. El A350F se basa en [&hellip;]\" \/>\n<meta name=\"twitter:image\" content=\"https:\/\/nitu.mx\/wp-content\/uploads\/2022\/04\/Air-France-A350F.jpg\" \/>\n<meta name=\"twitter:creator\" content=\"@NITUmx\" \/>\n<meta name=\"twitter:site\" content=\"@Arturo_Medina_G\" \/>\n<meta name=\"twitter:label1\" content=\"Escrito por\" \/>\n\t<meta name=\"twitter:data1\" content=\"Redacci\u00f3n\" \/>\n\t<meta name=\"twitter:label2\" content=\"Tiempo de lectura\" \/>\n\t<meta name=\"twitter:data2\" content=\"2 minutos\" \/>\n<script type=\"application\/ld+json\" class=\"yoast-schema-graph\">{\"@context\":\"https:\/\/schema.org\",\"@graph\":[{\"@type\":\"Article\",\"@id\":\"https:\/\/nitu.mx\/index.php\/2022\/04\/13\/air-france-klm-confirma-pedido-de-cuatro-a350f\/#article\",\"isPartOf\":{\"@id\":\"https:\/\/nitu.mx\/index.php\/2022\/04\/13\/air-france-klm-confirma-pedido-de-cuatro-a350f\/\"},\"author\":{\"name\":\"Redacci\u00f3n\",\"@id\":\"https:\/\/nitu.mx\/#\/schema\/person\/4a28fe9bd65924f7c90623773daf1b0b\"},\"headline\":\"Air France-KLM confirma pedido de cuatro A350F\",\"datePublished\":\"2022-04-13T06:07:37+00:00\",\"dateModified\":\"2022-04-13T07:11:36+00:00\",\"mainEntityOfPage\":{\"@id\":\"https:\/\/nitu.mx\/index.php\/2022\/04\/13\/air-france-klm-confirma-pedido-de-cuatro-a350f\/\"},\"wordCount\":315,\"commentCount\":0,\"publisher\":{\"@id\":\"https:\/\/nitu.mx\/#\/schema\/person\/ae7a53426417292d3dd07b45a33e01bc\"},\"image\":{\"@id\":\"https:\/\/nitu.mx\/index.php\/2022\/04\/13\/air-france-klm-confirma-pedido-de-cuatro-a350f\/#primaryimage\"},\"thumbnailUrl\":\"https:\/\/nitu.mx\/wp-content\/uploads\/2022\/04\/Air-France-A350F.jpg\",\"keywords\":[\"A350F\",\"Air France\",\"Christian Scherer\",\"KLM\"],\"articleSection\":[\"Aerol\u00edneas\"],\"inLanguage\":\"es-MX\",\"potentialAction\":[{\"@type\":\"CommentAction\",\"name\":\"Comment\",\"target\":[\"https:\/\/nitu.mx\/index.php\/2022\/04\/13\/air-france-klm-confirma-pedido-de-cuatro-a350f\/#respond\"]}]},{\"@type\":\"WebPage\",\"@id\":\"https:\/\/nitu.mx\/index.php\/2022\/04\/13\/air-france-klm-confirma-pedido-de-cuatro-a350f\/\",\"url\":\"https:\/\/nitu.mx\/index.php\/2022\/04\/13\/air-france-klm-confirma-pedido-de-cuatro-a350f\/\",\"name\":\"Air France-KLM confirma pedido de cuatro A350F - Nitu - Noticias de la Industria Turistica\",\"isPartOf\":{\"@id\":\"https:\/\/nitu.mx\/#website\"},\"primaryImageOfPage\":{\"@id\":\"https:\/\/nitu.mx\/index.php\/2022\/04\/13\/air-france-klm-confirma-pedido-de-cuatro-a350f\/#primaryimage\"},\"image\":{\"@id\":\"https:\/\/nitu.mx\/index.php\/2022\/04\/13\/air-france-klm-confirma-pedido-de-cuatro-a350f\/#primaryimage\"},\"thumbnailUrl\":\"https:\/\/nitu.mx\/wp-content\/uploads\/2022\/04\/Air-France-A350F.jpg\",\"datePublished\":\"2022-04-13T06:07:37+00:00\",\"dateModified\":\"2022-04-13T07:11:36+00:00\",\"breadcrumb\":{\"@id\":\"https:\/\/nitu.mx\/index.php\/2022\/04\/13\/air-france-klm-confirma-pedido-de-cuatro-a350f\/#breadcrumb\"},\"inLanguage\":\"es-MX\",\"potentialAction\":[{\"@type\":\"ReadAction\",\"target\":[\"https:\/\/nitu.mx\/index.php\/2022\/04\/13\/air-france-klm-confirma-pedido-de-cuatro-a350f\/\"]}]},{\"@type\":\"ImageObject\",\"inLanguage\":\"es-MX\",\"@id\":\"https:\/\/nitu.mx\/index.php\/2022\/04\/13\/air-france-klm-confirma-pedido-de-cuatro-a350f\/#primaryimage\",\"url\":\"https:\/\/nitu.mx\/wp-content\/uploads\/2022\/04\/Air-France-A350F.jpg\",\"contentUrl\":\"https:\/\/nitu.mx\/wp-content\/uploads\/2022\/04\/Air-France-A350F.jpg\",\"width\":1200,\"height\":675},{\"@type\":\"BreadcrumbList\",\"@id\":\"https:\/\/nitu.mx\/index.php\/2022\/04\/13\/air-france-klm-confirma-pedido-de-cuatro-a350f\/#breadcrumb\",\"itemListElement\":[{\"@type\":\"ListItem\",\"position\":1,\"name\":\"Inicio\",\"item\":\"https:\/\/nitu.mx\/\"},{\"@type\":\"ListItem\",\"position\":2,\"name\":\"Air France-KLM confirma pedido de cuatro A350F\"}]},{\"@type\":\"WebSite\",\"@id\":\"https:\/\/nitu.mx\/#website\",\"url\":\"https:\/\/nitu.mx\/\",\"name\":\"Nitu - Noticias de la Industria Turistica\",\"description\":\"Noticias de la Industria Turistica\",\"publisher\":{\"@id\":\"https:\/\/nitu.mx\/#\/schema\/person\/ae7a53426417292d3dd07b45a33e01bc\"},\"alternateName\":\"Noticias de la Industria Turistica\",\"potentialAction\":[{\"@type\":\"SearchAction\",\"target\":{\"@type\":\"EntryPoint\",\"urlTemplate\":\"https:\/\/nitu.mx\/?s={search_term_string}\"},\"query-input\":\"required name=search_term_string\"}],\"inLanguage\":\"es-MX\"},{\"@type\":[\"Person\",\"Organization\"],\"@id\":\"https:\/\/nitu.mx\/#\/schema\/person\/ae7a53426417292d3dd07b45a33e01bc\",\"name\":\"Arturo Medina\",\"image\":{\"@type\":\"ImageObject\",\"inLanguage\":\"es-MX\",\"@id\":\"https:\/\/nitu.mx\/#\/schema\/person\/image\/\",\"url\":\"https:\/\/nitu.mx\/wp-content\/uploads\/2024\/04\/4A315622-1904-4D5C-B022-878CDC840E04-90x90-1.jpeg\",\"contentUrl\":\"https:\/\/nitu.mx\/wp-content\/uploads\/2024\/04\/4A315622-1904-4D5C-B022-878CDC840E04-90x90-1.jpeg\",\"width\":90,\"height\":90,\"caption\":\"Arturo Medina\"},\"logo\":{\"@id\":\"https:\/\/nitu.mx\/#\/schema\/person\/image\/\"},\"description\":\"Director NITU.mx, Egresado de la Escuela de Periodismo Carlos Septi\u00e9n Garc\u00eda. Periodista y analista especializado en turismo desde hace 35 a\u00f1os, radicado en Canc\u00fan Q.Roo. arturo@nitu.mx\",\"sameAs\":[\"https:\/\/nitu.mx\",\"https:\/\/www.facebook.com\/NITUmx\/\",\"medinacancun\",\"https:\/\/twitter.com\/@Arturo_Medina_G\"]},{\"@type\":\"Person\",\"@id\":\"https:\/\/nitu.mx\/#\/schema\/person\/4a28fe9bd65924f7c90623773daf1b0b\",\"name\":\"Redacci\u00f3n\",\"image\":{\"@type\":\"ImageObject\",\"inLanguage\":\"es-MX\",\"@id\":\"https:\/\/nitu.mx\/#\/schema\/person\/image\/\",\"url\":\"https:\/\/secure.gravatar.com\/avatar\/5dd011c8ccfc5cd7e4c81e42252aab38?s=96&d=mm&r=g\",\"contentUrl\":\"https:\/\/secure.gravatar.com\/avatar\/5dd011c8ccfc5cd7e4c81e42252aab38?s=96&d=mm&r=g\",\"caption\":\"Redacci\u00f3n\"},\"url\":\"https:\/\/nitu.mx\/index.php\/author\/redaccion\/\"}]}<\/script>\n<!-- \/ Yoast SEO plugin. -->","yoast_head_json":{"title":"Air France-KLM confirma pedido de cuatro A350F - Nitu - Noticias de la Industria Turistica","robots":{"index":"index","follow":"follow","max-snippet":"max-snippet:-1","max-image-preview":"max-image-preview:large","max-video-preview":"max-video-preview:-1"},"canonical":"https:\/\/nitu.mx\/index.php\/2022\/04\/13\/air-france-klm-confirma-pedido-de-cuatro-a350f\/","twitter_card":"summary_large_image","twitter_title":"Air France-KLM confirma pedido de cuatro A350F - Nitu - Noticias de la Industria Turistica","twitter_description":"Air France-KLM finaliz\u00f3 su pedido con Airbus de cuatro aviones cargueros A350F de nueva generaci\u00f3n, siguiendo el compromiso anterior anunciado en diciembre de 2021. Estas aeronaves est\u00e1n destinados a aumentar la capacidad de carga de Air France con los aviones de carga m\u00e1s eficientes y sostenibles disponibles en el mercado. El A350F se basa en [&hellip;]","twitter_image":"https:\/\/nitu.mx\/wp-content\/uploads\/2022\/04\/Air-France-A350F.jpg","twitter_creator":"@NITUmx","twitter_site":"@Arturo_Medina_G","twitter_misc":{"Escrito por":"Redacci\u00f3n","Tiempo de lectura":"2 minutos"},"schema":{"@context":"https:\/\/schema.org","@graph":[{"@type":"Article","@id":"https:\/\/nitu.mx\/index.php\/2022\/04\/13\/air-france-klm-confirma-pedido-de-cuatro-a350f\/#article","isPartOf":{"@id":"https:\/\/nitu.mx\/index.php\/2022\/04\/13\/air-france-klm-confirma-pedido-de-cuatro-a350f\/"},"author":{"name":"Redacci\u00f3n","@id":"https:\/\/nitu.mx\/#\/schema\/person\/4a28fe9bd65924f7c90623773daf1b0b"},"headline":"Air France-KLM confirma pedido de cuatro A350F","datePublished":"2022-04-13T06:07:37+00:00","dateModified":"2022-04-13T07:11:36+00:00","mainEntityOfPage":{"@id":"https:\/\/nitu.mx\/index.php\/2022\/04\/13\/air-france-klm-confirma-pedido-de-cuatro-a350f\/"},"wordCount":315,"commentCount":0,"publisher":{"@id":"https:\/\/nitu.mx\/#\/schema\/person\/ae7a53426417292d3dd07b45a33e01bc"},"image":{"@id":"https:\/\/nitu.mx\/index.php\/2022\/04\/13\/air-france-klm-confirma-pedido-de-cuatro-a350f\/#primaryimage"},"thumbnailUrl":"https:\/\/nitu.mx\/wp-content\/uploads\/2022\/04\/Air-France-A350F.jpg","keywords":["A350F","Air France","Christian Scherer","KLM"],"articleSection":["Aerol\u00edneas"],"inLanguage":"es-MX","potentialAction":[{"@type":"CommentAction","name":"Comment","target":["https:\/\/nitu.mx\/index.php\/2022\/04\/13\/air-france-klm-confirma-pedido-de-cuatro-a350f\/#respond"]}]},{"@type":"WebPage","@id":"https:\/\/nitu.mx\/index.php\/2022\/04\/13\/air-france-klm-confirma-pedido-de-cuatro-a350f\/","url":"https:\/\/nitu.mx\/index.php\/2022\/04\/13\/air-france-klm-confirma-pedido-de-cuatro-a350f\/","name":"Air France-KLM confirma pedido de cuatro A350F - Nitu - Noticias de la Industria Turistica","isPartOf":{"@id":"https:\/\/nitu.mx\/#website"},"primaryImageOfPage":{"@id":"https:\/\/nitu.mx\/index.php\/2022\/04\/13\/air-france-klm-confirma-pedido-de-cuatro-a350f\/#primaryimage"},"image":{"@id":"https:\/\/nitu.mx\/index.php\/2022\/04\/13\/air-france-klm-confirma-pedido-de-cuatro-a350f\/#primaryimage"},"thumbnailUrl":"https:\/\/nitu.mx\/wp-content\/uploads\/2022\/04\/Air-France-A350F.jpg","datePublished":"2022-04-13T06:07:37+00:00","dateModified":"2022-04-13T07:11:36+00:00","breadcrumb":{"@id":"https:\/\/nitu.mx\/index.php\/2022\/04\/13\/air-france-klm-confirma-pedido-de-cuatro-a350f\/#breadcrumb"},"inLanguage":"es-MX","potentialAction":[{"@type":"ReadAction","target":["https:\/\/nitu.mx\/index.php\/2022\/04\/13\/air-france-klm-confirma-pedido-de-cuatro-a350f\/"]}]},{"@type":"ImageObject","inLanguage":"es-MX","@id":"https:\/\/nitu.mx\/index.php\/2022\/04\/13\/air-france-klm-confirma-pedido-de-cuatro-a350f\/#primaryimage","url":"https:\/\/nitu.mx\/wp-content\/uploads\/2022\/04\/Air-France-A350F.jpg","contentUrl":"https:\/\/nitu.mx\/wp-content\/uploads\/2022\/04\/Air-France-A350F.jpg","width":1200,"height":675},{"@type":"BreadcrumbList","@id":"https:\/\/nitu.mx\/index.php\/2022\/04\/13\/air-france-klm-confirma-pedido-de-cuatro-a350f\/#breadcrumb","itemListElement":[{"@type":"ListItem","position":1,"name":"Inicio","item":"https:\/\/nitu.mx\/"},{"@type":"ListItem","position":2,"name":"Air France-KLM confirma pedido de cuatro A350F"}]},{"@type":"WebSite","@id":"https:\/\/nitu.mx\/#website","url":"https:\/\/nitu.mx\/","name":"Nitu - Noticias de la Industria Turistica","description":"Noticias de la Industria Turistica","publisher":{"@id":"https:\/\/nitu.mx\/#\/schema\/person\/ae7a53426417292d3dd07b45a33e01bc"},"alternateName":"Noticias de la Industria Turistica","potentialAction":[{"@type":"SearchAction","target":{"@type":"EntryPoint","urlTemplate":"https:\/\/nitu.mx\/?s={search_term_string}"},"query-input":"required name=search_term_string"}],"inLanguage":"es-MX"},{"@type":["Person","Organization"],"@id":"https:\/\/nitu.mx\/#\/schema\/person\/ae7a53426417292d3dd07b45a33e01bc","name":"Arturo Medina","image":{"@type":"ImageObject","inLanguage":"es-MX","@id":"https:\/\/nitu.mx\/#\/schema\/person\/image\/","url":"https:\/\/nitu.mx\/wp-content\/uploads\/2024\/04\/4A315622-1904-4D5C-B022-878CDC840E04-90x90-1.jpeg","contentUrl":"https:\/\/nitu.mx\/wp-content\/uploads\/2024\/04\/4A315622-1904-4D5C-B022-878CDC840E04-90x90-1.jpeg","width":90,"height":90,"caption":"Arturo Medina"},"logo":{"@id":"https:\/\/nitu.mx\/#\/schema\/person\/image\/"},"description":"Director NITU.mx, Egresado de la Escuela de Periodismo Carlos Septi\u00e9n Garc\u00eda. Periodista y analista especializado en turismo desde hace 35 a\u00f1os, radicado en Canc\u00fan Q.Roo. arturo@nitu.mx","sameAs":["https:\/\/nitu.mx","https:\/\/www.facebook.com\/NITUmx\/","medinacancun","https:\/\/twitter.com\/@Arturo_Medina_G"]},{"@type":"Person","@id":"https:\/\/nitu.mx\/#\/schema\/person\/4a28fe9bd65924f7c90623773daf1b0b","name":"Redacci\u00f3n","image":{"@type":"ImageObject","inLanguage":"es-MX","@id":"https:\/\/nitu.mx\/#\/schema\/person\/image\/","url":"https:\/\/secure.gravatar.com\/avatar\/5dd011c8ccfc5cd7e4c81e42252aab38?s=96&d=mm&r=g","contentUrl":"https:\/\/secure.gravatar.com\/avatar\/5dd011c8ccfc5cd7e4c81e42252aab38?s=96&d=mm&r=g","caption":"Redacci\u00f3n"},"url":"https:\/\/nitu.mx\/index.php\/author\/redaccion\/"}]}},"views":294,"_links":{"self":[{"href":"https:\/\/nitu.mx\/index.php\/wp-json\/wp\/v2\/posts\/58983"}],"collection":[{"href":"https:\/\/nitu.mx\/index.php\/wp-json\/wp\/v2\/posts"}],"about":[{"href":"https:\/\/nitu.mx\/index.php\/wp-json\/wp\/v2\/types\/post"}],"author":[{"embeddable":true,"href":"https:\/\/nitu.mx\/index.php\/wp-json\/wp\/v2\/users\/17"}],"replies":[{"embeddable":true,"href":"https:\/\/nitu.mx\/index.php\/wp-json\/wp\/v2\/comments?post=58983"}],"version-history":[{"count":2,"href":"https:\/\/nitu.mx\/index.php\/wp-json\/wp\/v2\/posts\/58983\/revisions"}],"predecessor-version":[{"id":58987,"href":"https:\/\/nitu.mx\/index.php\/wp-json\/wp\/v2\/posts\/58983\/revisions\/58987"}],"wp:featuredmedia":[{"embeddable":true,"href":"https:\/\/nitu.mx\/index.php\/wp-json\/wp\/v2\/media\/58988"}],"wp:attachment":[{"href":"https:\/\/nitu.mx\/index.php\/wp-json\/wp\/v2\/media?parent=58983"}],"wp:term":[{"taxonomy":"category","embeddable":true,"href":"https:\/\/nitu.mx\/index.php\/wp-json\/wp\/v2\/categories?post=58983"},{"taxonomy":"post_tag","embeddable":true,"href":"https:\/\/nitu.mx\/index.php\/wp-json\/wp\/v2\/tags?post=58983"}],"curies":[{"name":"wp","href":"https:\/\/api.w.org\/{rel}","templated":true}]}}