{"id":58969,"date":"2022-04-12T01:00:02","date_gmt":"2022-04-12T06:00:02","guid":{"rendered":"https:\/\/www.dev.nitu.mx\/?p=58969"},"modified":"2022-04-12T01:08:17","modified_gmt":"2022-04-12T06:08:17","slug":"fonatur-tren-maya-ha-generado-mas-de-100-mil-empleos","status":"publish","type":"post","link":"https:\/\/nitu.mx\/index.php\/2022\/04\/12\/fonatur-tren-maya-ha-generado-mas-de-100-mil-empleos\/","title":{"rendered":"Fonatur: Tren Maya ha generado m\u00e1s de 100 mil empleos"},"content":{"rendered":"<p>En el avance de sus mil 500 kil\u00f3metros de ruta, el Tren Maya ha generado 105 mil empleos en el sureste de M\u00e9xico y en las \u00faltimas semanas se reforz\u00f3 con la llegada de elementos del Ej\u00e9rcito Mexicano para el inicio de los trabajos en los tramos 6 y 7.<\/p>\n<p>En Palenque, Chiapas, correspondiente al Tramo 1, se realiza la canalizaci\u00f3n de tuber\u00edas para instalaciones ferroviarias y fibra \u00f3ptica. Adem\u00e1s, se efect\u00faa el armado de acero de refuerzo para los muros de un paso superior ferroviario, mientras en Tenosique, Tabasco, se construye el paso del tren a un costado del emblem\u00e1tico puente de Boca del Cerro.<\/p>\n<p>En este punto, se realiza la perfilaci\u00f3n de talud para la cimentaci\u00f3n de zapata que soportar\u00e1 la estructura del nuevo puente. As\u00ed se lleva a cabo el habilitado de muro para garantizar la seguridad ante las vibraciones de la m\u00e1quina rodante.<\/p>\n<p>En el Tramo 2, Esc\u00e1rcega-Calkin\u00ed, contin\u00faa la construcci\u00f3n de un paso de fauna m\u00e1s y la conformaci\u00f3n de terrapl\u00e9n a la altura del poblado Pomuch. Entre Tenabo y Pomuch, asimismo, se cuenta con un\u00a0banco de m\u00e1s de 85 mil durmientes listos para su instalaci\u00f3n.<\/p>\n<p>En el Tramo 3, Calkin\u00ed-Izamal, qued\u00f3 terminada la planta de durmientes ubicada en Poxil\u00e1, y ya comenz\u00f3 la fase de prueba. Esta f\u00e1brica cuenta con equipos de \u00faltima generaci\u00f3n y es una de las m\u00e1s modernas de M\u00e9xico y de Am\u00e9rica Latina.<\/p>\n<p>En el Tramo 4, Izamal-Canc\u00fan, se construyen nuevos pasos inferiores vehiculares con altura de 7.50 metros, que es mayor a la altura de los anteriores, que era de 5.50 metros.<\/p>\n<p>Estos pasos se dise\u00f1aron con pendientes adecuadas para beneficiar a\u00fan m\u00e1s a los habitantes de comunidades aleda\u00f1as, pues la de acceso servir\u00e1, por ejemplo, para que los campesinos de la zona puedan subir con sus triciclos.<\/p>\n","protected":false},"excerpt":{"rendered":"<p>En el avance de sus mil 500 kil\u00f3metros de ruta, el Tren Maya ha generado 105 mil empleos en el sureste de M\u00e9xico y en las \u00faltimas semanas se reforz\u00f3 con la llegada de elementos del Ej\u00e9rcito Mexicano para el inicio de los trabajos en los tramos 6 y 7. En Palenque, Chiapas, correspondiente al [&hellip;]<\/p>\n","protected":false},"author":17,"featured_media":26816,"comment_status":"open","ping_status":"open","sticky":false,"template":"","format":"standard","meta":{"footnotes":""},"categories":[22813],"tags":[8722,889,448,11427],"yoast_head":"<!-- This site is optimized with the Yoast SEO plugin v22.2 - https:\/\/yoast.com\/wordpress\/plugins\/seo\/ -->\n<title>Fonatur: Tren Maya ha generado m\u00e1s de 100 mil empleos - Nitu - Noticias de la Industria Turistica<\/title>\n<meta name=\"robots\" content=\"index, follow, max-snippet:-1, max-image-preview:large, max-video-preview:-1\" \/>\n<link rel=\"canonical\" href=\"https:\/\/nitu.mx\/index.php\/2022\/04\/12\/fonatur-tren-maya-ha-generado-mas-de-100-mil-empleos\/\" \/>\n<meta name=\"twitter:card\" content=\"summary_large_image\" \/>\n<meta name=\"twitter:title\" content=\"Fonatur: Tren Maya ha generado m\u00e1s de 100 mil empleos - Nitu - Noticias de la Industria Turistica\" \/>\n<meta name=\"twitter:description\" content=\"En el avance de sus mil 500 kil\u00f3metros de ruta, el Tren Maya ha generado 105 mil empleos en el sureste de M\u00e9xico y en las \u00faltimas semanas se reforz\u00f3 con la llegada de elementos del Ej\u00e9rcito Mexicano para el inicio de los trabajos en los tramos 6 y 7. En Palenque, Chiapas, correspondiente al [&hellip;]\" \/>\n<meta name=\"twitter:image\" content=\"https:\/\/nitu.mx\/wp-content\/uploads\/2018\/11\/tren-maya-amlo.jpg\" \/>\n<meta name=\"twitter:creator\" content=\"@NITUmx\" \/>\n<meta name=\"twitter:site\" content=\"@Arturo_Medina_G\" \/>\n<meta name=\"twitter:label1\" content=\"Escrito por\" \/>\n\t<meta name=\"twitter:data1\" content=\"Redacci\u00f3n\" \/>\n\t<meta name=\"twitter:label2\" content=\"Tiempo de lectura\" \/>\n\t<meta name=\"twitter:data2\" content=\"2 minutos\" \/>\n<script type=\"application\/ld+json\" class=\"yoast-schema-graph\">{\"@context\":\"https:\/\/schema.org\",\"@graph\":[{\"@type\":\"Article\",\"@id\":\"https:\/\/nitu.mx\/index.php\/2022\/04\/12\/fonatur-tren-maya-ha-generado-mas-de-100-mil-empleos\/#article\",\"isPartOf\":{\"@id\":\"https:\/\/nitu.mx\/index.php\/2022\/04\/12\/fonatur-tren-maya-ha-generado-mas-de-100-mil-empleos\/\"},\"author\":{\"name\":\"Redacci\u00f3n\",\"@id\":\"https:\/\/nitu.mx\/#\/schema\/person\/4a28fe9bd65924f7c90623773daf1b0b\"},\"headline\":\"Fonatur: Tren Maya ha generado m\u00e1s de 100 mil empleos\",\"datePublished\":\"2022-04-12T06:00:02+00:00\",\"dateModified\":\"2022-04-12T06:08:17+00:00\",\"mainEntityOfPage\":{\"@id\":\"https:\/\/nitu.mx\/index.php\/2022\/04\/12\/fonatur-tren-maya-ha-generado-mas-de-100-mil-empleos\/\"},\"wordCount\":329,\"commentCount\":0,\"publisher\":{\"@id\":\"https:\/\/nitu.mx\/#\/schema\/person\/ae7a53426417292d3dd07b45a33e01bc\"},\"image\":{\"@id\":\"https:\/\/nitu.mx\/index.php\/2022\/04\/12\/fonatur-tren-maya-ha-generado-mas-de-100-mil-empleos\/#primaryimage\"},\"thumbnailUrl\":\"https:\/\/nitu.mx\/wp-content\/uploads\/2018\/11\/tren-maya-amlo.jpg\",\"keywords\":[\"empleos\",\"Fonatur\",\"Sureste\",\"Tren Maya\"],\"articleSection\":[\"Tren Maya\"],\"inLanguage\":\"es-MX\",\"potentialAction\":[{\"@type\":\"CommentAction\",\"name\":\"Comment\",\"target\":[\"https:\/\/nitu.mx\/index.php\/2022\/04\/12\/fonatur-tren-maya-ha-generado-mas-de-100-mil-empleos\/#respond\"]}]},{\"@type\":\"WebPage\",\"@id\":\"https:\/\/nitu.mx\/index.php\/2022\/04\/12\/fonatur-tren-maya-ha-generado-mas-de-100-mil-empleos\/\",\"url\":\"https:\/\/nitu.mx\/index.php\/2022\/04\/12\/fonatur-tren-maya-ha-generado-mas-de-100-mil-empleos\/\",\"name\":\"Fonatur: Tren Maya ha generado m\u00e1s de 100 mil empleos - Nitu - Noticias de la Industria Turistica\",\"isPartOf\":{\"@id\":\"https:\/\/nitu.mx\/#website\"},\"primaryImageOfPage\":{\"@id\":\"https:\/\/nitu.mx\/index.php\/2022\/04\/12\/fonatur-tren-maya-ha-generado-mas-de-100-mil-empleos\/#primaryimage\"},\"image\":{\"@id\":\"https:\/\/nitu.mx\/index.php\/2022\/04\/12\/fonatur-tren-maya-ha-generado-mas-de-100-mil-empleos\/#primaryimage\"},\"thumbnailUrl\":\"https:\/\/nitu.mx\/wp-content\/uploads\/2018\/11\/tren-maya-amlo.jpg\",\"datePublished\":\"2022-04-12T06:00:02+00:00\",\"dateModified\":\"2022-04-12T06:08:17+00:00\",\"breadcrumb\":{\"@id\":\"https:\/\/nitu.mx\/index.php\/2022\/04\/12\/fonatur-tren-maya-ha-generado-mas-de-100-mil-empleos\/#breadcrumb\"},\"inLanguage\":\"es-MX\",\"potentialAction\":[{\"@type\":\"ReadAction\",\"target\":[\"https:\/\/nitu.mx\/index.php\/2022\/04\/12\/fonatur-tren-maya-ha-generado-mas-de-100-mil-empleos\/\"]}]},{\"@type\":\"ImageObject\",\"inLanguage\":\"es-MX\",\"@id\":\"https:\/\/nitu.mx\/index.php\/2022\/04\/12\/fonatur-tren-maya-ha-generado-mas-de-100-mil-empleos\/#primaryimage\",\"url\":\"https:\/\/nitu.mx\/wp-content\/uploads\/2018\/11\/tren-maya-amlo.jpg\",\"contentUrl\":\"https:\/\/nitu.mx\/wp-content\/uploads\/2018\/11\/tren-maya-amlo.jpg\",\"width\":848,\"height\":478,\"caption\":\"tren maya amlo\"},{\"@type\":\"BreadcrumbList\",\"@id\":\"https:\/\/nitu.mx\/index.php\/2022\/04\/12\/fonatur-tren-maya-ha-generado-mas-de-100-mil-empleos\/#breadcrumb\",\"itemListElement\":[{\"@type\":\"ListItem\",\"position\":1,\"name\":\"Inicio\",\"item\":\"https:\/\/nitu.mx\/\"},{\"@type\":\"ListItem\",\"position\":2,\"name\":\"Fonatur: Tren Maya ha generado m\u00e1s de 100 mil empleos\"}]},{\"@type\":\"WebSite\",\"@id\":\"https:\/\/nitu.mx\/#website\",\"url\":\"https:\/\/nitu.mx\/\",\"name\":\"Nitu - Noticias de la Industria Turistica\",\"description\":\"Noticias de la Industria Turistica\",\"publisher\":{\"@id\":\"https:\/\/nitu.mx\/#\/schema\/person\/ae7a53426417292d3dd07b45a33e01bc\"},\"alternateName\":\"Noticias de la Industria Turistica\",\"potentialAction\":[{\"@type\":\"SearchAction\",\"target\":{\"@type\":\"EntryPoint\",\"urlTemplate\":\"https:\/\/nitu.mx\/?s={search_term_string}\"},\"query-input\":\"required name=search_term_string\"}],\"inLanguage\":\"es-MX\"},{\"@type\":[\"Person\",\"Organization\"],\"@id\":\"https:\/\/nitu.mx\/#\/schema\/person\/ae7a53426417292d3dd07b45a33e01bc\",\"name\":\"Arturo Medina\",\"image\":{\"@type\":\"ImageObject\",\"inLanguage\":\"es-MX\",\"@id\":\"https:\/\/nitu.mx\/#\/schema\/person\/image\/\",\"url\":\"https:\/\/nitu.mx\/wp-content\/uploads\/2024\/04\/4A315622-1904-4D5C-B022-878CDC840E04-90x90-1.jpeg\",\"contentUrl\":\"https:\/\/nitu.mx\/wp-content\/uploads\/2024\/04\/4A315622-1904-4D5C-B022-878CDC840E04-90x90-1.jpeg\",\"width\":90,\"height\":90,\"caption\":\"Arturo Medina\"},\"logo\":{\"@id\":\"https:\/\/nitu.mx\/#\/schema\/person\/image\/\"},\"description\":\"Director NITU.mx, Egresado de la Escuela de Periodismo Carlos Septi\u00e9n Garc\u00eda. Periodista y analista especializado en turismo desde hace 35 a\u00f1os, radicado en Canc\u00fan Q.Roo. arturo@nitu.mx\",\"sameAs\":[\"https:\/\/nitu.mx\",\"https:\/\/www.facebook.com\/NITUmx\/\",\"medinacancun\",\"https:\/\/twitter.com\/@Arturo_Medina_G\"]},{\"@type\":\"Person\",\"@id\":\"https:\/\/nitu.mx\/#\/schema\/person\/4a28fe9bd65924f7c90623773daf1b0b\",\"name\":\"Redacci\u00f3n\",\"image\":{\"@type\":\"ImageObject\",\"inLanguage\":\"es-MX\",\"@id\":\"https:\/\/nitu.mx\/#\/schema\/person\/image\/\",\"url\":\"https:\/\/secure.gravatar.com\/avatar\/5dd011c8ccfc5cd7e4c81e42252aab38?s=96&d=mm&r=g\",\"contentUrl\":\"https:\/\/secure.gravatar.com\/avatar\/5dd011c8ccfc5cd7e4c81e42252aab38?s=96&d=mm&r=g\",\"caption\":\"Redacci\u00f3n\"},\"url\":\"https:\/\/nitu.mx\/index.php\/author\/redaccion\/\"}]}<\/script>\n<!-- \/ Yoast SEO plugin. -->","yoast_head_json":{"title":"Fonatur: Tren Maya ha generado m\u00e1s de 100 mil empleos - Nitu - Noticias de la Industria Turistica","robots":{"index":"index","follow":"follow","max-snippet":"max-snippet:-1","max-image-preview":"max-image-preview:large","max-video-preview":"max-video-preview:-1"},"canonical":"https:\/\/nitu.mx\/index.php\/2022\/04\/12\/fonatur-tren-maya-ha-generado-mas-de-100-mil-empleos\/","twitter_card":"summary_large_image","twitter_title":"Fonatur: Tren Maya ha generado m\u00e1s de 100 mil empleos - Nitu - Noticias de la Industria Turistica","twitter_description":"En el avance de sus mil 500 kil\u00f3metros de ruta, el Tren Maya ha generado 105 mil empleos en el sureste de M\u00e9xico y en las \u00faltimas semanas se reforz\u00f3 con la llegada de elementos del Ej\u00e9rcito Mexicano para el inicio de los trabajos en los tramos 6 y 7. En Palenque, Chiapas, correspondiente al [&hellip;]","twitter_image":"https:\/\/nitu.mx\/wp-content\/uploads\/2018\/11\/tren-maya-amlo.jpg","twitter_creator":"@NITUmx","twitter_site":"@Arturo_Medina_G","twitter_misc":{"Escrito por":"Redacci\u00f3n","Tiempo de lectura":"2 minutos"},"schema":{"@context":"https:\/\/schema.org","@graph":[{"@type":"Article","@id":"https:\/\/nitu.mx\/index.php\/2022\/04\/12\/fonatur-tren-maya-ha-generado-mas-de-100-mil-empleos\/#article","isPartOf":{"@id":"https:\/\/nitu.mx\/index.php\/2022\/04\/12\/fonatur-tren-maya-ha-generado-mas-de-100-mil-empleos\/"},"author":{"name":"Redacci\u00f3n","@id":"https:\/\/nitu.mx\/#\/schema\/person\/4a28fe9bd65924f7c90623773daf1b0b"},"headline":"Fonatur: Tren Maya ha generado m\u00e1s de 100 mil empleos","datePublished":"2022-04-12T06:00:02+00:00","dateModified":"2022-04-12T06:08:17+00:00","mainEntityOfPage":{"@id":"https:\/\/nitu.mx\/index.php\/2022\/04\/12\/fonatur-tren-maya-ha-generado-mas-de-100-mil-empleos\/"},"wordCount":329,"commentCount":0,"publisher":{"@id":"https:\/\/nitu.mx\/#\/schema\/person\/ae7a53426417292d3dd07b45a33e01bc"},"image":{"@id":"https:\/\/nitu.mx\/index.php\/2022\/04\/12\/fonatur-tren-maya-ha-generado-mas-de-100-mil-empleos\/#primaryimage"},"thumbnailUrl":"https:\/\/nitu.mx\/wp-content\/uploads\/2018\/11\/tren-maya-amlo.jpg","keywords":["empleos","Fonatur","Sureste","Tren Maya"],"articleSection":["Tren Maya"],"inLanguage":"es-MX","potentialAction":[{"@type":"CommentAction","name":"Comment","target":["https:\/\/nitu.mx\/index.php\/2022\/04\/12\/fonatur-tren-maya-ha-generado-mas-de-100-mil-empleos\/#respond"]}]},{"@type":"WebPage","@id":"https:\/\/nitu.mx\/index.php\/2022\/04\/12\/fonatur-tren-maya-ha-generado-mas-de-100-mil-empleos\/","url":"https:\/\/nitu.mx\/index.php\/2022\/04\/12\/fonatur-tren-maya-ha-generado-mas-de-100-mil-empleos\/","name":"Fonatur: Tren Maya ha generado m\u00e1s de 100 mil empleos - Nitu - Noticias de la Industria Turistica","isPartOf":{"@id":"https:\/\/nitu.mx\/#website"},"primaryImageOfPage":{"@id":"https:\/\/nitu.mx\/index.php\/2022\/04\/12\/fonatur-tren-maya-ha-generado-mas-de-100-mil-empleos\/#primaryimage"},"image":{"@id":"https:\/\/nitu.mx\/index.php\/2022\/04\/12\/fonatur-tren-maya-ha-generado-mas-de-100-mil-empleos\/#primaryimage"},"thumbnailUrl":"https:\/\/nitu.mx\/wp-content\/uploads\/2018\/11\/tren-maya-amlo.jpg","datePublished":"2022-04-12T06:00:02+00:00","dateModified":"2022-04-12T06:08:17+00:00","breadcrumb":{"@id":"https:\/\/nitu.mx\/index.php\/2022\/04\/12\/fonatur-tren-maya-ha-generado-mas-de-100-mil-empleos\/#breadcrumb"},"inLanguage":"es-MX","potentialAction":[{"@type":"ReadAction","target":["https:\/\/nitu.mx\/index.php\/2022\/04\/12\/fonatur-tren-maya-ha-generado-mas-de-100-mil-empleos\/"]}]},{"@type":"ImageObject","inLanguage":"es-MX","@id":"https:\/\/nitu.mx\/index.php\/2022\/04\/12\/fonatur-tren-maya-ha-generado-mas-de-100-mil-empleos\/#primaryimage","url":"https:\/\/nitu.mx\/wp-content\/uploads\/2018\/11\/tren-maya-amlo.jpg","contentUrl":"https:\/\/nitu.mx\/wp-content\/uploads\/2018\/11\/tren-maya-amlo.jpg","width":848,"height":478,"caption":"tren maya amlo"},{"@type":"BreadcrumbList","@id":"https:\/\/nitu.mx\/index.php\/2022\/04\/12\/fonatur-tren-maya-ha-generado-mas-de-100-mil-empleos\/#breadcrumb","itemListElement":[{"@type":"ListItem","position":1,"name":"Inicio","item":"https:\/\/nitu.mx\/"},{"@type":"ListItem","position":2,"name":"Fonatur: Tren Maya ha generado m\u00e1s de 100 mil empleos"}]},{"@type":"WebSite","@id":"https:\/\/nitu.mx\/#website","url":"https:\/\/nitu.mx\/","name":"Nitu - Noticias de la Industria Turistica","description":"Noticias de la Industria Turistica","publisher":{"@id":"https:\/\/nitu.mx\/#\/schema\/person\/ae7a53426417292d3dd07b45a33e01bc"},"alternateName":"Noticias de la Industria Turistica","potentialAction":[{"@type":"SearchAction","target":{"@type":"EntryPoint","urlTemplate":"https:\/\/nitu.mx\/?s={search_term_string}"},"query-input":"required name=search_term_string"}],"inLanguage":"es-MX"},{"@type":["Person","Organization"],"@id":"https:\/\/nitu.mx\/#\/schema\/person\/ae7a53426417292d3dd07b45a33e01bc","name":"Arturo Medina","image":{"@type":"ImageObject","inLanguage":"es-MX","@id":"https:\/\/nitu.mx\/#\/schema\/person\/image\/","url":"https:\/\/nitu.mx\/wp-content\/uploads\/2024\/04\/4A315622-1904-4D5C-B022-878CDC840E04-90x90-1.jpeg","contentUrl":"https:\/\/nitu.mx\/wp-content\/uploads\/2024\/04\/4A315622-1904-4D5C-B022-878CDC840E04-90x90-1.jpeg","width":90,"height":90,"caption":"Arturo Medina"},"logo":{"@id":"https:\/\/nitu.mx\/#\/schema\/person\/image\/"},"description":"Director NITU.mx, Egresado de la Escuela de Periodismo Carlos Septi\u00e9n Garc\u00eda. Periodista y analista especializado en turismo desde hace 35 a\u00f1os, radicado en Canc\u00fan Q.Roo. arturo@nitu.mx","sameAs":["https:\/\/nitu.mx","https:\/\/www.facebook.com\/NITUmx\/","medinacancun","https:\/\/twitter.com\/@Arturo_Medina_G"]},{"@type":"Person","@id":"https:\/\/nitu.mx\/#\/schema\/person\/4a28fe9bd65924f7c90623773daf1b0b","name":"Redacci\u00f3n","image":{"@type":"ImageObject","inLanguage":"es-MX","@id":"https:\/\/nitu.mx\/#\/schema\/person\/image\/","url":"https:\/\/secure.gravatar.com\/avatar\/5dd011c8ccfc5cd7e4c81e42252aab38?s=96&d=mm&r=g","contentUrl":"https:\/\/secure.gravatar.com\/avatar\/5dd011c8ccfc5cd7e4c81e42252aab38?s=96&d=mm&r=g","caption":"Redacci\u00f3n"},"url":"https:\/\/nitu.mx\/index.php\/author\/redaccion\/"}]}},"views":352,"_links":{"self":[{"href":"https:\/\/nitu.mx\/index.php\/wp-json\/wp\/v2\/posts\/58969"}],"collection":[{"href":"https:\/\/nitu.mx\/index.php\/wp-json\/wp\/v2\/posts"}],"about":[{"href":"https:\/\/nitu.mx\/index.php\/wp-json\/wp\/v2\/types\/post"}],"author":[{"embeddable":true,"href":"https:\/\/nitu.mx\/index.php\/wp-json\/wp\/v2\/users\/17"}],"replies":[{"embeddable":true,"href":"https:\/\/nitu.mx\/index.php\/wp-json\/wp\/v2\/comments?post=58969"}],"version-history":[{"count":2,"href":"https:\/\/nitu.mx\/index.php\/wp-json\/wp\/v2\/posts\/58969\/revisions"}],"predecessor-version":[{"id":58972,"href":"https:\/\/nitu.mx\/index.php\/wp-json\/wp\/v2\/posts\/58969\/revisions\/58972"}],"wp:featuredmedia":[{"embeddable":true,"href":"https:\/\/nitu.mx\/index.php\/wp-json\/wp\/v2\/media\/26816"}],"wp:attachment":[{"href":"https:\/\/nitu.mx\/index.php\/wp-json\/wp\/v2\/media?parent=58969"}],"wp:term":[{"taxonomy":"category","embeddable":true,"href":"https:\/\/nitu.mx\/index.php\/wp-json\/wp\/v2\/categories?post=58969"},{"taxonomy":"post_tag","embeddable":true,"href":"https:\/\/nitu.mx\/index.php\/wp-json\/wp\/v2\/tags?post=58969"}],"curies":[{"name":"wp","href":"https:\/\/api.w.org\/{rel}","templated":true}]}}