{"id":58945,"date":"2022-04-08T20:54:42","date_gmt":"2022-04-09T01:54:42","guid":{"rendered":"https:\/\/www.dev.nitu.mx\/?p=58945"},"modified":"2022-04-08T20:54:42","modified_gmt":"2022-04-09T01:54:42","slug":"aterriza-en-cancun-primer-vuelo-desde-medellin-de-viva-aerobus","status":"publish","type":"post","link":"https:\/\/nitu.mx\/index.php\/2022\/04\/08\/aterriza-en-cancun-primer-vuelo-desde-medellin-de-viva-aerobus\/","title":{"rendered":"Aterriza en Canc\u00fan primer vuelo desde Medell\u00edn de Viva Aerob\u00fas"},"content":{"rendered":"<div class=\"s16\"><span class=\"s15\"><span class=\"bumpedFont20\">Arrib\u00f3 al Aeropuerto Internacional <\/span><\/span><span class=\"s15\"><span class=\"bumpedFont20\">de Canc\u00fan<\/span><\/span><span class=\"s15\"><span class=\"bumpedFont20\">(CUN) <\/span><\/span><span class=\"s15\"><span class=\"bumpedFont20\">el <\/span><\/span><span class=\"s15\"><span class=\"bumpedFont20\">primer vuelo<\/span><\/span><span class=\"s15\"><span class=\"bumpedFont20\"> de la ruta <\/span><\/span><span class=\"s15\"><span class=\"bumpedFont20\">Medell\u00edn \u2013 Canc\u00fan\u00a0<\/span><\/span><span class=\"s15\"><span class=\"bumpedFont20\">proveniente del Aeropuerto Internacional <\/span><\/span><span class=\"s15\"><span class=\"bumpedFont20\">Jos\u00e9 Mar\u00eda C\u00f3rdova <\/span><\/span><span class=\"s15\"><span class=\"bumpedFont20\">(MDE).<\/span><\/span><\/div>\n<p class=\"s17\"><span class=\"s15\"><span class=\"bumpedFont20\">\u201cEl mercado colombiano es uno de los m\u00e1s relevantes para nuestro destino, en 2021 llegaron m\u00e1s de 259 mil pasajeros, con un gasto promedio de 1,021 d\u00f3lares por persona y una estad\u00eda de 6 a 8 d\u00edas.<\/span><\/span><\/p>\n<p class=\"s17\"><span class=\"s15\"><span class=\"bumpedFont20\"> As\u00ed que la llegada de esta nueva ruta de Viva Aerobus, Medell\u00edn-Canc\u00fan que hoy celebramos, nos permite seguir avanzando en una reactivaci\u00f3n tur\u00edstica exitosa en el Caribe Mexicano, <\/span><\/span><span class=\"s15\"><span class=\"bumpedFont20\">dijo <\/span><\/span><span class=\"s15\"><span class=\"bumpedFont20\">Bernardo Cueto Riestra, Secretario de Turismo de Quintana Roo.<\/span><\/span><\/p>\n<p class=\"s17\"><span class=\"s15\"><span class=\"bumpedFont20\">Esta nueva ruta ofrece tres vuelos a la semana <\/span><\/span><span class=\"s15\"><span class=\"bumpedFont20\">-lunes, mi\u00e9rcoles y viernes- <\/span><\/span><span class=\"s15\"><span class=\"bumpedFont20\">y es operada con aeronaves Airbus A320 con capacidad para 186 pasajeros, aviones que forman parte de la flota m\u00e1s joven de M\u00e9xico con tan s\u00f3lo 5 a\u00f1os de edad promedio y la tercera m\u00e1s joven de toda Norteam\u00e9rica.<\/span><\/span><\/p>\n<p class=\"s17\"><span class=\"s15\"><span class=\"bumpedFont20\">\u201c<\/span><\/span><span class=\"s15\"><span class=\"bumpedFont20\">Celebramos la llegada del primer vuelo de Viva Aerob\u00fas proveniente de Medell\u00edn con una frecuencia de tres veces por semana.<br \/>\n<\/span><\/span><\/p>\n<p class=\"s17\"><span class=\"s15\"><span class=\"bumpedFont20\">Enhorabuena a todo el equipo de la aerol\u00ednea quien, sin duda, con este vuelo acercar\u00e1 a\u00fan m\u00e1s al creciente mercado colombiano de cara al inicio de la temporada de Semana Santa<\/span><\/span><span class=\"s15\"><span class=\"bumpedFont20\">\u201d, coment\u00f3 Dar\u00edo Flota Ocampo, Director General del Consejo de Promoci\u00f3n Tur\u00edstica de Quintana Roo.<\/span><\/span><\/p>\n<p class=\"s16\"><span class=\"s15\"><span class=\"bumpedFont20\">Al respecto de los esfuerzos por impulsar el turismo en Quintana Roo, Viva Aerobus recuerda que se ha posicionado como una de las aerol\u00edneas con la oferta m\u00e1s amplia en Canc\u00fan, adem\u00e1s, de<\/span><\/span><span class=\"s15\"><span class=\"bumpedFont20\"> ser<\/span><\/span><span class=\"s15\"><span class=\"bumpedFont20\"> una de sus cinco bases operativas. Actualmente, la aerol\u00ednea opera 24<\/span><\/span><span class=\"s15\"><span class=\"bumpedFont20\"> rutas, a precios bajos, <\/span><\/span><span class=\"s15\"><span class=\"bumpedFont20\">desde\/hacia <\/span><\/span><span class=\"s15\"><span class=\"bumpedFont20\">esta ciudad<\/span><\/span><span class=\"s15\"><span class=\"bumpedFont20\">: <\/span><\/span><span class=\"s18\"><span class=\"bumpedFont20\">19 nacionales y 5 internacionales con destino a Bogot\u00e1, Camag\u00fcey, Cincinnati, La Habana y, ahora, Medell\u00edn.<\/span><\/span><\/p>\n<p class=\"s17\"><span class=\"s15\"><span class=\"bumpedFont20\">Por su parte, Flavia Santoro Truj<\/span><\/span><span class=\"s15\"><span class=\"bumpedFont20\">illo, P<\/span><\/span><span class=\"s15\"><span class=\"bumpedFont20\">residenta de ProColombia<\/span><\/span><span class=\"s15\"><span class=\"bumpedFont20\">, <\/span><\/span><span class=\"s15\"><span class=\"bumpedFont20\">mencion\u00f3: \u201c<\/span><\/span><span class=\"s15\"><span class=\"bumpedFont20\">la llegada de Viva Aerobus desde Canc\u00fan y Ciudad de M\u00e9xico a Medell\u00edn representa una gran oportunidad en la atracci\u00f3n de viajeros internacionales hacia nuestros destinos. Para la temporada de Semana Santa, esperamos la llegada de m\u00e1s de 31.800 pasajeros extranjeros a Colombia, siendo M\u00e9xico el segundo pa\u00eds con mayor n\u00famero de reservas a\u00e9reas<\/span><\/span><span class=\"s15\"><span class=\"bumpedFont20\">\u201d.<\/span><\/span><\/p>\n<p class=\"s17\"><span class=\"s15\"><span class=\"bumpedFont20\">La expansi\u00f3n de Viva Aerobus en Colombia responde a una creciente demanda que, con una propuesta de vuelos a precios bajos, permite dinamizar, a\u00fan m\u00e1s, uno de los tres mercados a\u00e9reos m\u00e1s grandes de Am\u00e9rica Latina. De acuerdo con la m\u00e1s reciente informaci\u00f3n de la <\/span><\/span><span class=\"s19\"><span class=\"bumpedFont20\">Secretar\u00eda de Turismo de M\u00e9xico<\/span><\/span><span class=\"s15\"><span class=\"bumpedFont20\">, la llegada de visitantes colombianos v\u00eda a\u00e9rea a M\u00e9xico report\u00f3 un incremento del 263.1% en febrero de 2022 en comparaci\u00f3n con febrero 2021. De esta manera, con m\u00e1s de 115 mil pasajeros colombianos en los dos primeros meses de este a\u00f1o (enero-febrero), Colombia se posicion\u00f3 como el tercer pa\u00eds que gener\u00f3 un mayor flujo de visitantes, tan s\u00f3lo detr\u00e1s de Estados Unidos y Canad\u00e1. <\/span><\/span><\/p>\n<blockquote class=\"twitter-tweet\" data-width=\"550\" data-dnt=\"true\">\n<p lang=\"es\" dir=\"ltr\">El Caribe Mexicano y Colombia refuerzan su conexi\u00f3n. Hace un momento recibimos el nuevo vuelo Canc\u00fan-Medell\u00edn de <a href=\"https:\/\/twitter.com\/VivaAerobus?ref_src=twsrc%5Etfw\">@VivaAerobus<\/a>. Ya son 24 rutas desde y hacia Canc\u00fan con esta aerol\u00ednea que le apuesta a <a href=\"https:\/\/twitter.com\/hashtag\/QuintanaRoo?src=hash&amp;ref_src=twsrc%5Etfw\">#QuintanaRoo<\/a>. \u00a1Muchas gracias! <a href=\"https:\/\/t.co\/JsngcmaeUD\">pic.twitter.com\/JsngcmaeUD<\/a><\/p>\n<p>&mdash; Carlos Joaqu\u00edn (@CarlosJoaquin) <a href=\"https:\/\/twitter.com\/CarlosJoaquin\/status\/1512589654578675712?ref_src=twsrc%5Etfw\">April 9, 2022<\/a><\/p><\/blockquote>\n<p><script async src=\"https:\/\/platform.twitter.com\/widgets.js\" charset=\"utf-8\"><\/script><\/p>\n<p class=\"s17\"><span class=\"s15\"><span class=\"bumpedFont20\">Por su parte, seg\u00fan lo reportado por <\/span><\/span><span class=\"s15\"><span class=\"bumpedFont20\">el Gobierno de Colombia\u00a0<\/span><\/span><span class=\"s20\"><span class=\"bumpedFont20\">en su informe anual 2021 sobre las cifras del turismo<\/span><\/span><span class=\"s15\"><span class=\"bumpedFont20\">, en 2021 M\u00e9xico ocup\u00f3 el tercer puesto entre los pa\u00edses que generaron un mayor flujo de visitantes extranjeros no residentes a Colombia, tan s\u00f3lo detr\u00e1s de Estados Unidos y Venezuela, habiendo enviado a m\u00e1s de 81 mil viajeros. De forma paralela, M\u00e9xico se posicion\u00f3 como el segundo destino internacional favorito de los viajeros colombianos con un 16% del total del turismo emisor con m\u00e1s de 411 mil viajeros.<\/span><\/span><\/p>\n<p class=\"s16\"><span class=\"s15\"><span class=\"bumpedFont20\">A menos de un a\u00f1o de la lle<\/span><\/span><span class=\"s15\"><span class=\"bumpedFont20\">gada de Viva Aerobus a Colombia, su primer destino en Sudam\u00e9rica, <\/span><\/span><span class=\"s15\"><span class=\"bumpedFont20\">la aerol\u00edn<\/span><\/span><span class=\"s15\"><span class=\"bumpedFont20\">ea ya suma 4 rutas a este pa\u00eds. Vuela de Bogot\u00e1 a Canc\u00fan y a la Ciudad de M\u00e9xico y hoy inaugur\u00f3 las rutas Medell\u00edn- Canc\u00fan y Medell\u00edn &#8211; Ciudad de M\u00e9xico.<\/span><\/span><\/p>\n<p class=\"s16\"><span class=\"s15\"><span class=\"bumpedFont20\">\u201cEstamos muy entusiasmados por la inauguraci\u00f3n de estas dos nuevas rutas para atender a los pasajeros de Colombia y M\u00e9xico con vuelos punto a punto, precios bajos, aviones nuevos y confiabilidad. Agradecemos profundamente la apertura y bienvenida que hemos recibido de Colombia, hemos obtenido una gran respuesta en la demanda de los pasajeros en uno de los mercados m\u00e1s grandes de Am\u00e9rica Latina\u201d, afirm\u00f3 Juan Carlos Zuazua, Director General de Viva Aerobus<\/span><\/span><span class=\"s15\"><span class=\"bumpedFont20\">.<\/span><\/span><\/p>\n","protected":false},"excerpt":{"rendered":"<p>Arrib\u00f3 al Aeropuerto Internacional de Canc\u00fan(CUN) el primer vuelo de la ruta Medell\u00edn \u2013 Canc\u00fan\u00a0proveniente del Aeropuerto Internacional Jos\u00e9 Mar\u00eda C\u00f3rdova (MDE). \u201cEl mercado colombiano es uno de los m\u00e1s relevantes para nuestro destino, en 2021 llegaron m\u00e1s de 259 mil pasajeros, con un gasto promedio de 1,021 d\u00f3lares por persona y una estad\u00eda de [&hellip;]<\/p>\n","protected":false},"author":2,"featured_media":58947,"comment_status":"open","ping_status":"open","sticky":false,"template":"","format":"standard","meta":{"footnotes":""},"categories":[29],"tags":[43,3151,2102],"yoast_head":"<!-- This site is optimized with the Yoast SEO plugin v22.2 - https:\/\/yoast.com\/wordpress\/plugins\/seo\/ -->\n<title>Aterriza en Canc\u00fan primer vuelo desde Medell\u00edn de Viva Aerob\u00fas - Nitu - Noticias de la Industria Turistica<\/title>\n<meta name=\"robots\" content=\"index, follow, max-snippet:-1, max-image-preview:large, max-video-preview:-1\" \/>\n<link rel=\"canonical\" href=\"https:\/\/nitu.mx\/index.php\/2022\/04\/08\/aterriza-en-cancun-primer-vuelo-desde-medellin-de-viva-aerobus\/\" \/>\n<meta name=\"twitter:card\" content=\"summary_large_image\" \/>\n<meta name=\"twitter:title\" content=\"Aterriza en Canc\u00fan primer vuelo desde Medell\u00edn de Viva Aerob\u00fas - Nitu - Noticias de la Industria Turistica\" \/>\n<meta name=\"twitter:description\" content=\"Arrib\u00f3 al Aeropuerto Internacional de Canc\u00fan(CUN) el primer vuelo de la ruta Medell\u00edn \u2013 Canc\u00fan\u00a0proveniente del Aeropuerto Internacional Jos\u00e9 Mar\u00eda C\u00f3rdova (MDE). \u201cEl mercado colombiano es uno de los m\u00e1s relevantes para nuestro destino, en 2021 llegaron m\u00e1s de 259 mil pasajeros, con un gasto promedio de 1,021 d\u00f3lares por persona y una estad\u00eda de [&hellip;]\" \/>\n<meta name=\"twitter:image\" content=\"https:\/\/nitu.mx\/wp-content\/uploads\/2022\/04\/7C1039BE-A5FE-48DF-8FC4-CD9CF9569555.png\" \/>\n<meta name=\"twitter:creator\" content=\"@Arturo_Medina_G\" \/>\n<meta name=\"twitter:site\" content=\"@Arturo_Medina_G\" \/>\n<meta name=\"twitter:label1\" content=\"Escrito por\" \/>\n\t<meta name=\"twitter:data1\" content=\"Arturo Medina\" \/>\n\t<meta name=\"twitter:label2\" content=\"Tiempo de lectura\" \/>\n\t<meta name=\"twitter:data2\" content=\"4 minutos\" \/>\n<script type=\"application\/ld+json\" class=\"yoast-schema-graph\">{\"@context\":\"https:\/\/schema.org\",\"@graph\":[{\"@type\":\"Article\",\"@id\":\"https:\/\/nitu.mx\/index.php\/2022\/04\/08\/aterriza-en-cancun-primer-vuelo-desde-medellin-de-viva-aerobus\/#article\",\"isPartOf\":{\"@id\":\"https:\/\/nitu.mx\/index.php\/2022\/04\/08\/aterriza-en-cancun-primer-vuelo-desde-medellin-de-viva-aerobus\/\"},\"author\":{\"name\":\"Arturo Medina\",\"@id\":\"https:\/\/nitu.mx\/#\/schema\/person\/ae7a53426417292d3dd07b45a33e01bc\"},\"headline\":\"Aterriza en Canc\u00fan primer vuelo desde Medell\u00edn de Viva Aerob\u00fas\",\"datePublished\":\"2022-04-09T01:54:42+00:00\",\"dateModified\":\"2022-04-09T01:54:42+00:00\",\"mainEntityOfPage\":{\"@id\":\"https:\/\/nitu.mx\/index.php\/2022\/04\/08\/aterriza-en-cancun-primer-vuelo-desde-medellin-de-viva-aerobus\/\"},\"wordCount\":762,\"commentCount\":0,\"publisher\":{\"@id\":\"https:\/\/nitu.mx\/#\/schema\/person\/ae7a53426417292d3dd07b45a33e01bc\"},\"image\":{\"@id\":\"https:\/\/nitu.mx\/index.php\/2022\/04\/08\/aterriza-en-cancun-primer-vuelo-desde-medellin-de-viva-aerobus\/#primaryimage\"},\"thumbnailUrl\":\"https:\/\/nitu.mx\/wp-content\/uploads\/2022\/04\/7C1039BE-A5FE-48DF-8FC4-CD9CF9569555.png\",\"keywords\":[\"Canc\u00fan\",\"Medell\u00edn\",\"Viva Aerobus\"],\"articleSection\":[\"Aerol\u00edneas\"],\"inLanguage\":\"es-MX\",\"potentialAction\":[{\"@type\":\"CommentAction\",\"name\":\"Comment\",\"target\":[\"https:\/\/nitu.mx\/index.php\/2022\/04\/08\/aterriza-en-cancun-primer-vuelo-desde-medellin-de-viva-aerobus\/#respond\"]}]},{\"@type\":\"WebPage\",\"@id\":\"https:\/\/nitu.mx\/index.php\/2022\/04\/08\/aterriza-en-cancun-primer-vuelo-desde-medellin-de-viva-aerobus\/\",\"url\":\"https:\/\/nitu.mx\/index.php\/2022\/04\/08\/aterriza-en-cancun-primer-vuelo-desde-medellin-de-viva-aerobus\/\",\"name\":\"Aterriza en Canc\u00fan primer vuelo desde Medell\u00edn de Viva Aerob\u00fas - Nitu - Noticias de la Industria Turistica\",\"isPartOf\":{\"@id\":\"https:\/\/nitu.mx\/#website\"},\"primaryImageOfPage\":{\"@id\":\"https:\/\/nitu.mx\/index.php\/2022\/04\/08\/aterriza-en-cancun-primer-vuelo-desde-medellin-de-viva-aerobus\/#primaryimage\"},\"image\":{\"@id\":\"https:\/\/nitu.mx\/index.php\/2022\/04\/08\/aterriza-en-cancun-primer-vuelo-desde-medellin-de-viva-aerobus\/#primaryimage\"},\"thumbnailUrl\":\"https:\/\/nitu.mx\/wp-content\/uploads\/2022\/04\/7C1039BE-A5FE-48DF-8FC4-CD9CF9569555.png\",\"datePublished\":\"2022-04-09T01:54:42+00:00\",\"dateModified\":\"2022-04-09T01:54:42+00:00\",\"breadcrumb\":{\"@id\":\"https:\/\/nitu.mx\/index.php\/2022\/04\/08\/aterriza-en-cancun-primer-vuelo-desde-medellin-de-viva-aerobus\/#breadcrumb\"},\"inLanguage\":\"es-MX\",\"potentialAction\":[{\"@type\":\"ReadAction\",\"target\":[\"https:\/\/nitu.mx\/index.php\/2022\/04\/08\/aterriza-en-cancun-primer-vuelo-desde-medellin-de-viva-aerobus\/\"]}]},{\"@type\":\"ImageObject\",\"inLanguage\":\"es-MX\",\"@id\":\"https:\/\/nitu.mx\/index.php\/2022\/04\/08\/aterriza-en-cancun-primer-vuelo-desde-medellin-de-viva-aerobus\/#primaryimage\",\"url\":\"https:\/\/nitu.mx\/wp-content\/uploads\/2022\/04\/7C1039BE-A5FE-48DF-8FC4-CD9CF9569555.png\",\"contentUrl\":\"https:\/\/nitu.mx\/wp-content\/uploads\/2022\/04\/7C1039BE-A5FE-48DF-8FC4-CD9CF9569555.png\",\"width\":1624,\"height\":750},{\"@type\":\"BreadcrumbList\",\"@id\":\"https:\/\/nitu.mx\/index.php\/2022\/04\/08\/aterriza-en-cancun-primer-vuelo-desde-medellin-de-viva-aerobus\/#breadcrumb\",\"itemListElement\":[{\"@type\":\"ListItem\",\"position\":1,\"name\":\"Inicio\",\"item\":\"https:\/\/nitu.mx\/\"},{\"@type\":\"ListItem\",\"position\":2,\"name\":\"Aterriza en Canc\u00fan primer vuelo desde Medell\u00edn de Viva Aerob\u00fas\"}]},{\"@type\":\"WebSite\",\"@id\":\"https:\/\/nitu.mx\/#website\",\"url\":\"https:\/\/nitu.mx\/\",\"name\":\"Nitu - Noticias de la Industria Turistica\",\"description\":\"Noticias de la Industria Turistica\",\"publisher\":{\"@id\":\"https:\/\/nitu.mx\/#\/schema\/person\/ae7a53426417292d3dd07b45a33e01bc\"},\"alternateName\":\"Noticias de la Industria Turistica\",\"potentialAction\":[{\"@type\":\"SearchAction\",\"target\":{\"@type\":\"EntryPoint\",\"urlTemplate\":\"https:\/\/nitu.mx\/?s={search_term_string}\"},\"query-input\":\"required name=search_term_string\"}],\"inLanguage\":\"es-MX\"},{\"@type\":[\"Person\",\"Organization\"],\"@id\":\"https:\/\/nitu.mx\/#\/schema\/person\/ae7a53426417292d3dd07b45a33e01bc\",\"name\":\"Arturo Medina\",\"image\":{\"@type\":\"ImageObject\",\"inLanguage\":\"es-MX\",\"@id\":\"https:\/\/nitu.mx\/#\/schema\/person\/image\/\",\"url\":\"https:\/\/nitu.mx\/wp-content\/uploads\/2024\/04\/4A315622-1904-4D5C-B022-878CDC840E04-90x90-1.jpeg\",\"contentUrl\":\"https:\/\/nitu.mx\/wp-content\/uploads\/2024\/04\/4A315622-1904-4D5C-B022-878CDC840E04-90x90-1.jpeg\",\"width\":90,\"height\":90,\"caption\":\"Arturo Medina\"},\"logo\":{\"@id\":\"https:\/\/nitu.mx\/#\/schema\/person\/image\/\"},\"description\":\"Director NITU.mx, Egresado de la Escuela de Periodismo Carlos Septi\u00e9n Garc\u00eda. Periodista y analista especializado en turismo desde hace 35 a\u00f1os, radicado en Canc\u00fan Q.Roo. arturo@nitu.mx\",\"sameAs\":[\"https:\/\/nitu.mx\",\"https:\/\/www.facebook.com\/NITUmx\/\",\"medinacancun\",\"https:\/\/twitter.com\/@Arturo_Medina_G\"],\"url\":\"https:\/\/nitu.mx\/index.php\/author\/arturo-medina\/\"}]}<\/script>\n<!-- \/ Yoast SEO plugin. -->","yoast_head_json":{"title":"Aterriza en Canc\u00fan primer vuelo desde Medell\u00edn de Viva Aerob\u00fas - Nitu - Noticias de la Industria Turistica","robots":{"index":"index","follow":"follow","max-snippet":"max-snippet:-1","max-image-preview":"max-image-preview:large","max-video-preview":"max-video-preview:-1"},"canonical":"https:\/\/nitu.mx\/index.php\/2022\/04\/08\/aterriza-en-cancun-primer-vuelo-desde-medellin-de-viva-aerobus\/","twitter_card":"summary_large_image","twitter_title":"Aterriza en Canc\u00fan primer vuelo desde Medell\u00edn de Viva Aerob\u00fas - Nitu - Noticias de la Industria Turistica","twitter_description":"Arrib\u00f3 al Aeropuerto Internacional de Canc\u00fan(CUN) el primer vuelo de la ruta Medell\u00edn \u2013 Canc\u00fan\u00a0proveniente del Aeropuerto Internacional Jos\u00e9 Mar\u00eda C\u00f3rdova (MDE). \u201cEl mercado colombiano es uno de los m\u00e1s relevantes para nuestro destino, en 2021 llegaron m\u00e1s de 259 mil pasajeros, con un gasto promedio de 1,021 d\u00f3lares por persona y una estad\u00eda de [&hellip;]","twitter_image":"https:\/\/nitu.mx\/wp-content\/uploads\/2022\/04\/7C1039BE-A5FE-48DF-8FC4-CD9CF9569555.png","twitter_creator":"@Arturo_Medina_G","twitter_site":"@Arturo_Medina_G","twitter_misc":{"Escrito por":"Arturo Medina","Tiempo de lectura":"4 minutos"},"schema":{"@context":"https:\/\/schema.org","@graph":[{"@type":"Article","@id":"https:\/\/nitu.mx\/index.php\/2022\/04\/08\/aterriza-en-cancun-primer-vuelo-desde-medellin-de-viva-aerobus\/#article","isPartOf":{"@id":"https:\/\/nitu.mx\/index.php\/2022\/04\/08\/aterriza-en-cancun-primer-vuelo-desde-medellin-de-viva-aerobus\/"},"author":{"name":"Arturo Medina","@id":"https:\/\/nitu.mx\/#\/schema\/person\/ae7a53426417292d3dd07b45a33e01bc"},"headline":"Aterriza en Canc\u00fan primer vuelo desde Medell\u00edn de Viva Aerob\u00fas","datePublished":"2022-04-09T01:54:42+00:00","dateModified":"2022-04-09T01:54:42+00:00","mainEntityOfPage":{"@id":"https:\/\/nitu.mx\/index.php\/2022\/04\/08\/aterriza-en-cancun-primer-vuelo-desde-medellin-de-viva-aerobus\/"},"wordCount":762,"commentCount":0,"publisher":{"@id":"https:\/\/nitu.mx\/#\/schema\/person\/ae7a53426417292d3dd07b45a33e01bc"},"image":{"@id":"https:\/\/nitu.mx\/index.php\/2022\/04\/08\/aterriza-en-cancun-primer-vuelo-desde-medellin-de-viva-aerobus\/#primaryimage"},"thumbnailUrl":"https:\/\/nitu.mx\/wp-content\/uploads\/2022\/04\/7C1039BE-A5FE-48DF-8FC4-CD9CF9569555.png","keywords":["Canc\u00fan","Medell\u00edn","Viva Aerobus"],"articleSection":["Aerol\u00edneas"],"inLanguage":"es-MX","potentialAction":[{"@type":"CommentAction","name":"Comment","target":["https:\/\/nitu.mx\/index.php\/2022\/04\/08\/aterriza-en-cancun-primer-vuelo-desde-medellin-de-viva-aerobus\/#respond"]}]},{"@type":"WebPage","@id":"https:\/\/nitu.mx\/index.php\/2022\/04\/08\/aterriza-en-cancun-primer-vuelo-desde-medellin-de-viva-aerobus\/","url":"https:\/\/nitu.mx\/index.php\/2022\/04\/08\/aterriza-en-cancun-primer-vuelo-desde-medellin-de-viva-aerobus\/","name":"Aterriza en Canc\u00fan primer vuelo desde Medell\u00edn de Viva Aerob\u00fas - Nitu - Noticias de la Industria Turistica","isPartOf":{"@id":"https:\/\/nitu.mx\/#website"},"primaryImageOfPage":{"@id":"https:\/\/nitu.mx\/index.php\/2022\/04\/08\/aterriza-en-cancun-primer-vuelo-desde-medellin-de-viva-aerobus\/#primaryimage"},"image":{"@id":"https:\/\/nitu.mx\/index.php\/2022\/04\/08\/aterriza-en-cancun-primer-vuelo-desde-medellin-de-viva-aerobus\/#primaryimage"},"thumbnailUrl":"https:\/\/nitu.mx\/wp-content\/uploads\/2022\/04\/7C1039BE-A5FE-48DF-8FC4-CD9CF9569555.png","datePublished":"2022-04-09T01:54:42+00:00","dateModified":"2022-04-09T01:54:42+00:00","breadcrumb":{"@id":"https:\/\/nitu.mx\/index.php\/2022\/04\/08\/aterriza-en-cancun-primer-vuelo-desde-medellin-de-viva-aerobus\/#breadcrumb"},"inLanguage":"es-MX","potentialAction":[{"@type":"ReadAction","target":["https:\/\/nitu.mx\/index.php\/2022\/04\/08\/aterriza-en-cancun-primer-vuelo-desde-medellin-de-viva-aerobus\/"]}]},{"@type":"ImageObject","inLanguage":"es-MX","@id":"https:\/\/nitu.mx\/index.php\/2022\/04\/08\/aterriza-en-cancun-primer-vuelo-desde-medellin-de-viva-aerobus\/#primaryimage","url":"https:\/\/nitu.mx\/wp-content\/uploads\/2022\/04\/7C1039BE-A5FE-48DF-8FC4-CD9CF9569555.png","contentUrl":"https:\/\/nitu.mx\/wp-content\/uploads\/2022\/04\/7C1039BE-A5FE-48DF-8FC4-CD9CF9569555.png","width":1624,"height":750},{"@type":"BreadcrumbList","@id":"https:\/\/nitu.mx\/index.php\/2022\/04\/08\/aterriza-en-cancun-primer-vuelo-desde-medellin-de-viva-aerobus\/#breadcrumb","itemListElement":[{"@type":"ListItem","position":1,"name":"Inicio","item":"https:\/\/nitu.mx\/"},{"@type":"ListItem","position":2,"name":"Aterriza en Canc\u00fan primer vuelo desde Medell\u00edn de Viva Aerob\u00fas"}]},{"@type":"WebSite","@id":"https:\/\/nitu.mx\/#website","url":"https:\/\/nitu.mx\/","name":"Nitu - Noticias de la Industria Turistica","description":"Noticias de la Industria Turistica","publisher":{"@id":"https:\/\/nitu.mx\/#\/schema\/person\/ae7a53426417292d3dd07b45a33e01bc"},"alternateName":"Noticias de la Industria Turistica","potentialAction":[{"@type":"SearchAction","target":{"@type":"EntryPoint","urlTemplate":"https:\/\/nitu.mx\/?s={search_term_string}"},"query-input":"required name=search_term_string"}],"inLanguage":"es-MX"},{"@type":["Person","Organization"],"@id":"https:\/\/nitu.mx\/#\/schema\/person\/ae7a53426417292d3dd07b45a33e01bc","name":"Arturo Medina","image":{"@type":"ImageObject","inLanguage":"es-MX","@id":"https:\/\/nitu.mx\/#\/schema\/person\/image\/","url":"https:\/\/nitu.mx\/wp-content\/uploads\/2024\/04\/4A315622-1904-4D5C-B022-878CDC840E04-90x90-1.jpeg","contentUrl":"https:\/\/nitu.mx\/wp-content\/uploads\/2024\/04\/4A315622-1904-4D5C-B022-878CDC840E04-90x90-1.jpeg","width":90,"height":90,"caption":"Arturo Medina"},"logo":{"@id":"https:\/\/nitu.mx\/#\/schema\/person\/image\/"},"description":"Director NITU.mx, Egresado de la Escuela de Periodismo Carlos Septi\u00e9n Garc\u00eda. Periodista y analista especializado en turismo desde hace 35 a\u00f1os, radicado en Canc\u00fan Q.Roo. arturo@nitu.mx","sameAs":["https:\/\/nitu.mx","https:\/\/www.facebook.com\/NITUmx\/","medinacancun","https:\/\/twitter.com\/@Arturo_Medina_G"],"url":"https:\/\/nitu.mx\/index.php\/author\/arturo-medina\/"}]}},"views":284,"_links":{"self":[{"href":"https:\/\/nitu.mx\/index.php\/wp-json\/wp\/v2\/posts\/58945"}],"collection":[{"href":"https:\/\/nitu.mx\/index.php\/wp-json\/wp\/v2\/posts"}],"about":[{"href":"https:\/\/nitu.mx\/index.php\/wp-json\/wp\/v2\/types\/post"}],"author":[{"embeddable":true,"href":"https:\/\/nitu.mx\/index.php\/wp-json\/wp\/v2\/users\/2"}],"replies":[{"embeddable":true,"href":"https:\/\/nitu.mx\/index.php\/wp-json\/wp\/v2\/comments?post=58945"}],"version-history":[{"count":2,"href":"https:\/\/nitu.mx\/index.php\/wp-json\/wp\/v2\/posts\/58945\/revisions"}],"predecessor-version":[{"id":58948,"href":"https:\/\/nitu.mx\/index.php\/wp-json\/wp\/v2\/posts\/58945\/revisions\/58948"}],"wp:featuredmedia":[{"embeddable":true,"href":"https:\/\/nitu.mx\/index.php\/wp-json\/wp\/v2\/media\/58947"}],"wp:attachment":[{"href":"https:\/\/nitu.mx\/index.php\/wp-json\/wp\/v2\/media?parent=58945"}],"wp:term":[{"taxonomy":"category","embeddable":true,"href":"https:\/\/nitu.mx\/index.php\/wp-json\/wp\/v2\/categories?post=58945"},{"taxonomy":"post_tag","embeddable":true,"href":"https:\/\/nitu.mx\/index.php\/wp-json\/wp\/v2\/tags?post=58945"}],"curies":[{"name":"wp","href":"https:\/\/api.w.org\/{rel}","templated":true}]}}