{"id":58926,"date":"2022-04-08T03:04:31","date_gmt":"2022-04-08T08:04:31","guid":{"rendered":"https:\/\/www.dev.nitu.mx\/?p=58926"},"modified":"2022-04-08T03:13:03","modified_gmt":"2022-04-08T08:13:03","slug":"aeromexico-inaugura-ruta-ciudad-de-mexico-tegucigalpa","status":"publish","type":"post","link":"https:\/\/nitu.mx\/index.php\/2022\/04\/08\/aeromexico-inaugura-ruta-ciudad-de-mexico-tegucigalpa\/","title":{"rendered":"Aerom\u00e9xico inaugura ruta Ciudad de M\u00e9xico &#8211; Tegucigalpa"},"content":{"rendered":"<p>Aerom\u00e9xico realiz\u00f3 el primer vuelo de la ruta Ciudad de\u00a0<span class=\"il\">M\u00e9xico<\/span>\u00a0\u2013 Tegucigalpa. A su llegada el avi\u00f3n fue recibido con el tradicional ba\u00f1o de agua. Estuvieron presentes las autoridades del Gobierno de Honduras, representantes de la Embajada de\u00a0<span class=\"il\">M\u00e9xico<\/span>\u00a0en el pa\u00eds, as\u00ed como directivos del Aeropuerto de Palmerola y\u00a0<span class=\"il\">Aerom\u00e9xico<\/span>. La aerol\u00ednea operar\u00e1 tres vuelos semanales, con una oferta cercana a los 2 mil 500 asientos mensuales.<\/p>\n<p>Los vuelos se realizar\u00e1n en equipos Embraer 190 y se suman a los 10 que se operan actualmente a San Pedro Sula desde la Ciudad de\u00a0<span class=\"il\">M\u00e9xico<\/span>, dando un total de 13 operaciones semanales a Honduras.<\/p>\n<p>Tegucigalpa se ha convertido en un importante punto tur\u00edstico durante los \u00faltimos a\u00f1os donde se pueden visitar ic\u00f3nicos lugares como La Tigra, la primera y m\u00e1s importante reserva natural del pa\u00eds; Cantarranas, un pueblo de arte ubicado a menos de una hora de la ciudad con calles llenas de incre\u00edbles murales. Tambi\u00e9n cuentan con una exquisita gastronom\u00eda que ofrece la capital con platillos como las baleadas, la sopa de caracol, o sus tradicionales nacatamales.<\/p>\n<p>Giancarlo Mulinelli, Vicepresidente Senior de Ventas Globales coment\u00f3: \u201c<span class=\"il\">Aerom\u00e9xico<\/span>\u00a0vuela con un nuevo aire y nos emociona iniciar operaciones en el aeropuerto de Palmerola en Tegucigalpa, una terminal a\u00e9rea hecha con visi\u00f3n de futuro. Agradecemos al Gobierno de Honduras, a la Embajada de\u00a0<span class=\"il\">M\u00e9xico<\/span>\u00a0y a las autoridades del aeropuerto por todo el apoyo brindado\u201d.\u00a0Y agreg\u00f3: \u201cFortalecer nuestra conectividad con Honduras y Centroam\u00e9rica forma parte de los objetivos para\u00a0<span class=\"il\">Aerom\u00e9xico<\/span>\u00a0y continuaremos brindando a nuestros clientes las mejores opciones de viaje con el mejor servicio.\u201d<\/p>\n<p>Peter Fleming, CEO del Aeropuerto Internacional de Palmerola se\u00f1al\u00f3: \u201c<span class=\"il\">Aerom\u00e9xico<\/span>\u00a0es una aerol\u00ednea de reconocido prestigio y su llegada al Aeropuerto Internacional de Palmerola es vital para ampliar la conectividad de la zona Central hondure\u00f1a, algo que solo ha sido posible gracias a su confianza y compromiso, as\u00ed como a las facilidades operacionales, tecnolog\u00eda y garant\u00edas de seguridad que brinda nuestra nueva terminal a\u00e9rea. El inicio de operaciones de\u00a0<span class=\"il\">Aerom\u00e9xico<\/span>\u00a0en Palmerola nos llena de orgullo y sin duda refuerza los lazos entre Honduras y\u00a0<span class=\"il\">M\u00e9xico<\/span>, dos pa\u00edses hermanos que siguen escribiendo.\u201d<\/p>\n<p>\u201cEste nuevo vuelo de\u00a0<span class=\"il\">Aerom\u00e9xico<\/span>\u00a0significa un paso muy importante para la conectividad a\u00e9rea de Honduras, haci\u00e9ndola m\u00e1s accesible y competitiva, fortaleciendo nuestras relaciones para el desarrollo del turismo en el Mundo Maya\u201d,\u00a0indic\u00f3 Yadira G\u00f3mez, Ministra de Turismo en Honduras.<\/p>\n<p>Por su parte, David Jim\u00e9nez Gonz\u00e1lez, Embajador de\u00a0<span class=\"il\">M\u00e9xico<\/span>\u00a0en Honduras agreg\u00f3: \u201cPor vez primera las capitales de\u00a0<span class=\"il\">M\u00e9xico<\/span>\u00a0y Honduras estar\u00e1n conectadas v\u00eda a\u00e9rea a trav\u00e9s de\u00a0<span class=\"il\">Aerom\u00e9xico<\/span>\u00a0de forma directa, dando realce e impulso a las relaciones bilaterales. Este nuevo vuelo es una muestra sin lugar a duda del fortalecimiento de las relaciones comerciales entre ambos pa\u00edses y abre las posibilidades que m\u00e1s turistas y viajeros de negocios vuelen con mayor facilidad, aprovechando las ventajas aeron\u00e1uticas del nuevo Aeropuerto Internacional de Palmerola. Esperamos que con el tiempo este vuelo que hoy se inaugura se d\u00e9 con mayor frecuencia.\u201d<\/p>\n<p>Con la incorporaci\u00f3n de esta nueva ruta, la aerol\u00ednea bandera de\u00a0<span class=\"il\">M\u00e9xico<\/span>\u00a0estar\u00e1 operando m\u00e1s de 50 vuelos semanales desde la Ciudad de\u00a0<span class=\"il\">M\u00e9xico<\/span>\u00a0hacia los principales destinos de Centroam\u00e9rica: Honduras, Guatemala, Nicaragua, El Salvador y Costa Rica.<\/p>\n","protected":false},"excerpt":{"rendered":"<p>Aerom\u00e9xico realiz\u00f3 el primer vuelo de la ruta Ciudad de\u00a0M\u00e9xico\u00a0\u2013 Tegucigalpa. A su llegada el avi\u00f3n fue recibido con el tradicional ba\u00f1o de agua. Estuvieron presentes las autoridades del Gobierno de Honduras, representantes de la Embajada de\u00a0M\u00e9xico\u00a0en el pa\u00eds, as\u00ed como directivos del Aeropuerto de Palmerola y\u00a0Aerom\u00e9xico. La aerol\u00ednea operar\u00e1 tres vuelos semanales, con una [&hellip;]<\/p>\n","protected":false},"author":17,"featured_media":58938,"comment_status":"open","ping_status":"open","sticky":false,"template":"","format":"standard","meta":{"footnotes":""},"categories":[29],"tags":[30,841,22747],"yoast_head":"<!-- This site is optimized with the Yoast SEO plugin v22.2 - https:\/\/yoast.com\/wordpress\/plugins\/seo\/ -->\n<title>Aerom\u00e9xico inaugura ruta Ciudad de M\u00e9xico - Tegucigalpa - Nitu - Noticias de la Industria Turistica<\/title>\n<meta name=\"robots\" content=\"index, follow, max-snippet:-1, max-image-preview:large, max-video-preview:-1\" \/>\n<link rel=\"canonical\" href=\"https:\/\/nitu.mx\/index.php\/2022\/04\/08\/aeromexico-inaugura-ruta-ciudad-de-mexico-tegucigalpa\/\" \/>\n<meta name=\"twitter:card\" content=\"summary_large_image\" \/>\n<meta name=\"twitter:title\" content=\"Aerom\u00e9xico inaugura ruta Ciudad de M\u00e9xico - Tegucigalpa - Nitu - Noticias de la Industria Turistica\" \/>\n<meta name=\"twitter:description\" content=\"Aerom\u00e9xico realiz\u00f3 el primer vuelo de la ruta Ciudad de\u00a0M\u00e9xico\u00a0\u2013 Tegucigalpa. A su llegada el avi\u00f3n fue recibido con el tradicional ba\u00f1o de agua. Estuvieron presentes las autoridades del Gobierno de Honduras, representantes de la Embajada de\u00a0M\u00e9xico\u00a0en el pa\u00eds, as\u00ed como directivos del Aeropuerto de Palmerola y\u00a0Aerom\u00e9xico. La aerol\u00ednea operar\u00e1 tres vuelos semanales, con una [&hellip;]\" \/>\n<meta name=\"twitter:image\" content=\"https:\/\/nitu.mx\/wp-content\/uploads\/2022\/04\/aeromexico-tegucigalpa.jpg\" \/>\n<meta name=\"twitter:creator\" content=\"@NITUmx\" \/>\n<meta name=\"twitter:site\" content=\"@Arturo_Medina_G\" \/>\n<meta name=\"twitter:label1\" content=\"Escrito por\" \/>\n\t<meta name=\"twitter:data1\" content=\"Redacci\u00f3n\" \/>\n\t<meta name=\"twitter:label2\" content=\"Tiempo de lectura\" \/>\n\t<meta name=\"twitter:data2\" content=\"3 minutos\" \/>\n<script type=\"application\/ld+json\" class=\"yoast-schema-graph\">{\"@context\":\"https:\/\/schema.org\",\"@graph\":[{\"@type\":\"Article\",\"@id\":\"https:\/\/nitu.mx\/index.php\/2022\/04\/08\/aeromexico-inaugura-ruta-ciudad-de-mexico-tegucigalpa\/#article\",\"isPartOf\":{\"@id\":\"https:\/\/nitu.mx\/index.php\/2022\/04\/08\/aeromexico-inaugura-ruta-ciudad-de-mexico-tegucigalpa\/\"},\"author\":{\"name\":\"Redacci\u00f3n\",\"@id\":\"https:\/\/nitu.mx\/#\/schema\/person\/4a28fe9bd65924f7c90623773daf1b0b\"},\"headline\":\"Aerom\u00e9xico inaugura ruta Ciudad de M\u00e9xico &#8211; Tegucigalpa\",\"datePublished\":\"2022-04-08T08:04:31+00:00\",\"dateModified\":\"2022-04-08T08:13:03+00:00\",\"mainEntityOfPage\":{\"@id\":\"https:\/\/nitu.mx\/index.php\/2022\/04\/08\/aeromexico-inaugura-ruta-ciudad-de-mexico-tegucigalpa\/\"},\"wordCount\":596,\"commentCount\":0,\"publisher\":{\"@id\":\"https:\/\/nitu.mx\/#\/schema\/person\/ae7a53426417292d3dd07b45a33e01bc\"},\"image\":{\"@id\":\"https:\/\/nitu.mx\/index.php\/2022\/04\/08\/aeromexico-inaugura-ruta-ciudad-de-mexico-tegucigalpa\/#primaryimage\"},\"thumbnailUrl\":\"https:\/\/nitu.mx\/wp-content\/uploads\/2022\/04\/aeromexico-tegucigalpa.jpg\",\"keywords\":[\"Aerom\u00e9xico\",\"Bolivia\",\"Tegucigalpa\"],\"articleSection\":[\"Aerol\u00edneas\"],\"inLanguage\":\"es-MX\",\"potentialAction\":[{\"@type\":\"CommentAction\",\"name\":\"Comment\",\"target\":[\"https:\/\/nitu.mx\/index.php\/2022\/04\/08\/aeromexico-inaugura-ruta-ciudad-de-mexico-tegucigalpa\/#respond\"]}]},{\"@type\":\"WebPage\",\"@id\":\"https:\/\/nitu.mx\/index.php\/2022\/04\/08\/aeromexico-inaugura-ruta-ciudad-de-mexico-tegucigalpa\/\",\"url\":\"https:\/\/nitu.mx\/index.php\/2022\/04\/08\/aeromexico-inaugura-ruta-ciudad-de-mexico-tegucigalpa\/\",\"name\":\"Aerom\u00e9xico inaugura ruta Ciudad de M\u00e9xico - Tegucigalpa - Nitu - Noticias de la Industria Turistica\",\"isPartOf\":{\"@id\":\"https:\/\/nitu.mx\/#website\"},\"primaryImageOfPage\":{\"@id\":\"https:\/\/nitu.mx\/index.php\/2022\/04\/08\/aeromexico-inaugura-ruta-ciudad-de-mexico-tegucigalpa\/#primaryimage\"},\"image\":{\"@id\":\"https:\/\/nitu.mx\/index.php\/2022\/04\/08\/aeromexico-inaugura-ruta-ciudad-de-mexico-tegucigalpa\/#primaryimage\"},\"thumbnailUrl\":\"https:\/\/nitu.mx\/wp-content\/uploads\/2022\/04\/aeromexico-tegucigalpa.jpg\",\"datePublished\":\"2022-04-08T08:04:31+00:00\",\"dateModified\":\"2022-04-08T08:13:03+00:00\",\"breadcrumb\":{\"@id\":\"https:\/\/nitu.mx\/index.php\/2022\/04\/08\/aeromexico-inaugura-ruta-ciudad-de-mexico-tegucigalpa\/#breadcrumb\"},\"inLanguage\":\"es-MX\",\"potentialAction\":[{\"@type\":\"ReadAction\",\"target\":[\"https:\/\/nitu.mx\/index.php\/2022\/04\/08\/aeromexico-inaugura-ruta-ciudad-de-mexico-tegucigalpa\/\"]}]},{\"@type\":\"ImageObject\",\"inLanguage\":\"es-MX\",\"@id\":\"https:\/\/nitu.mx\/index.php\/2022\/04\/08\/aeromexico-inaugura-ruta-ciudad-de-mexico-tegucigalpa\/#primaryimage\",\"url\":\"https:\/\/nitu.mx\/wp-content\/uploads\/2022\/04\/aeromexico-tegucigalpa.jpg\",\"contentUrl\":\"https:\/\/nitu.mx\/wp-content\/uploads\/2022\/04\/aeromexico-tegucigalpa.jpg\",\"width\":1200,\"height\":675},{\"@type\":\"BreadcrumbList\",\"@id\":\"https:\/\/nitu.mx\/index.php\/2022\/04\/08\/aeromexico-inaugura-ruta-ciudad-de-mexico-tegucigalpa\/#breadcrumb\",\"itemListElement\":[{\"@type\":\"ListItem\",\"position\":1,\"name\":\"Inicio\",\"item\":\"https:\/\/nitu.mx\/\"},{\"@type\":\"ListItem\",\"position\":2,\"name\":\"Aerom\u00e9xico inaugura ruta Ciudad de M\u00e9xico &#8211; Tegucigalpa\"}]},{\"@type\":\"WebSite\",\"@id\":\"https:\/\/nitu.mx\/#website\",\"url\":\"https:\/\/nitu.mx\/\",\"name\":\"Nitu - Noticias de la Industria Turistica\",\"description\":\"Noticias de la Industria Turistica\",\"publisher\":{\"@id\":\"https:\/\/nitu.mx\/#\/schema\/person\/ae7a53426417292d3dd07b45a33e01bc\"},\"alternateName\":\"Noticias de la Industria Turistica\",\"potentialAction\":[{\"@type\":\"SearchAction\",\"target\":{\"@type\":\"EntryPoint\",\"urlTemplate\":\"https:\/\/nitu.mx\/?s={search_term_string}\"},\"query-input\":\"required name=search_term_string\"}],\"inLanguage\":\"es-MX\"},{\"@type\":[\"Person\",\"Organization\"],\"@id\":\"https:\/\/nitu.mx\/#\/schema\/person\/ae7a53426417292d3dd07b45a33e01bc\",\"name\":\"Arturo Medina\",\"image\":{\"@type\":\"ImageObject\",\"inLanguage\":\"es-MX\",\"@id\":\"https:\/\/nitu.mx\/#\/schema\/person\/image\/\",\"url\":\"https:\/\/nitu.mx\/wp-content\/uploads\/2024\/04\/4A315622-1904-4D5C-B022-878CDC840E04-90x90-1.jpeg\",\"contentUrl\":\"https:\/\/nitu.mx\/wp-content\/uploads\/2024\/04\/4A315622-1904-4D5C-B022-878CDC840E04-90x90-1.jpeg\",\"width\":90,\"height\":90,\"caption\":\"Arturo Medina\"},\"logo\":{\"@id\":\"https:\/\/nitu.mx\/#\/schema\/person\/image\/\"},\"description\":\"Director NITU.mx, Egresado de la Escuela de Periodismo Carlos Septi\u00e9n Garc\u00eda. Periodista y analista especializado en turismo desde hace 35 a\u00f1os, radicado en Canc\u00fan Q.Roo. arturo@nitu.mx\",\"sameAs\":[\"https:\/\/nitu.mx\",\"https:\/\/www.facebook.com\/NITUmx\/\",\"medinacancun\",\"https:\/\/twitter.com\/@Arturo_Medina_G\"]},{\"@type\":\"Person\",\"@id\":\"https:\/\/nitu.mx\/#\/schema\/person\/4a28fe9bd65924f7c90623773daf1b0b\",\"name\":\"Redacci\u00f3n\",\"image\":{\"@type\":\"ImageObject\",\"inLanguage\":\"es-MX\",\"@id\":\"https:\/\/nitu.mx\/#\/schema\/person\/image\/\",\"url\":\"https:\/\/secure.gravatar.com\/avatar\/5dd011c8ccfc5cd7e4c81e42252aab38?s=96&d=mm&r=g\",\"contentUrl\":\"https:\/\/secure.gravatar.com\/avatar\/5dd011c8ccfc5cd7e4c81e42252aab38?s=96&d=mm&r=g\",\"caption\":\"Redacci\u00f3n\"},\"url\":\"https:\/\/nitu.mx\/index.php\/author\/redaccion\/\"}]}<\/script>\n<!-- \/ Yoast SEO plugin. -->","yoast_head_json":{"title":"Aerom\u00e9xico inaugura ruta Ciudad de M\u00e9xico - Tegucigalpa - Nitu - Noticias de la Industria Turistica","robots":{"index":"index","follow":"follow","max-snippet":"max-snippet:-1","max-image-preview":"max-image-preview:large","max-video-preview":"max-video-preview:-1"},"canonical":"https:\/\/nitu.mx\/index.php\/2022\/04\/08\/aeromexico-inaugura-ruta-ciudad-de-mexico-tegucigalpa\/","twitter_card":"summary_large_image","twitter_title":"Aerom\u00e9xico inaugura ruta Ciudad de M\u00e9xico - Tegucigalpa - Nitu - Noticias de la Industria Turistica","twitter_description":"Aerom\u00e9xico realiz\u00f3 el primer vuelo de la ruta Ciudad de\u00a0M\u00e9xico\u00a0\u2013 Tegucigalpa. A su llegada el avi\u00f3n fue recibido con el tradicional ba\u00f1o de agua. Estuvieron presentes las autoridades del Gobierno de Honduras, representantes de la Embajada de\u00a0M\u00e9xico\u00a0en el pa\u00eds, as\u00ed como directivos del Aeropuerto de Palmerola y\u00a0Aerom\u00e9xico. La aerol\u00ednea operar\u00e1 tres vuelos semanales, con una [&hellip;]","twitter_image":"https:\/\/nitu.mx\/wp-content\/uploads\/2022\/04\/aeromexico-tegucigalpa.jpg","twitter_creator":"@NITUmx","twitter_site":"@Arturo_Medina_G","twitter_misc":{"Escrito por":"Redacci\u00f3n","Tiempo de lectura":"3 minutos"},"schema":{"@context":"https:\/\/schema.org","@graph":[{"@type":"Article","@id":"https:\/\/nitu.mx\/index.php\/2022\/04\/08\/aeromexico-inaugura-ruta-ciudad-de-mexico-tegucigalpa\/#article","isPartOf":{"@id":"https:\/\/nitu.mx\/index.php\/2022\/04\/08\/aeromexico-inaugura-ruta-ciudad-de-mexico-tegucigalpa\/"},"author":{"name":"Redacci\u00f3n","@id":"https:\/\/nitu.mx\/#\/schema\/person\/4a28fe9bd65924f7c90623773daf1b0b"},"headline":"Aerom\u00e9xico inaugura ruta Ciudad de M\u00e9xico &#8211; Tegucigalpa","datePublished":"2022-04-08T08:04:31+00:00","dateModified":"2022-04-08T08:13:03+00:00","mainEntityOfPage":{"@id":"https:\/\/nitu.mx\/index.php\/2022\/04\/08\/aeromexico-inaugura-ruta-ciudad-de-mexico-tegucigalpa\/"},"wordCount":596,"commentCount":0,"publisher":{"@id":"https:\/\/nitu.mx\/#\/schema\/person\/ae7a53426417292d3dd07b45a33e01bc"},"image":{"@id":"https:\/\/nitu.mx\/index.php\/2022\/04\/08\/aeromexico-inaugura-ruta-ciudad-de-mexico-tegucigalpa\/#primaryimage"},"thumbnailUrl":"https:\/\/nitu.mx\/wp-content\/uploads\/2022\/04\/aeromexico-tegucigalpa.jpg","keywords":["Aerom\u00e9xico","Bolivia","Tegucigalpa"],"articleSection":["Aerol\u00edneas"],"inLanguage":"es-MX","potentialAction":[{"@type":"CommentAction","name":"Comment","target":["https:\/\/nitu.mx\/index.php\/2022\/04\/08\/aeromexico-inaugura-ruta-ciudad-de-mexico-tegucigalpa\/#respond"]}]},{"@type":"WebPage","@id":"https:\/\/nitu.mx\/index.php\/2022\/04\/08\/aeromexico-inaugura-ruta-ciudad-de-mexico-tegucigalpa\/","url":"https:\/\/nitu.mx\/index.php\/2022\/04\/08\/aeromexico-inaugura-ruta-ciudad-de-mexico-tegucigalpa\/","name":"Aerom\u00e9xico inaugura ruta Ciudad de M\u00e9xico - Tegucigalpa - Nitu - Noticias de la Industria Turistica","isPartOf":{"@id":"https:\/\/nitu.mx\/#website"},"primaryImageOfPage":{"@id":"https:\/\/nitu.mx\/index.php\/2022\/04\/08\/aeromexico-inaugura-ruta-ciudad-de-mexico-tegucigalpa\/#primaryimage"},"image":{"@id":"https:\/\/nitu.mx\/index.php\/2022\/04\/08\/aeromexico-inaugura-ruta-ciudad-de-mexico-tegucigalpa\/#primaryimage"},"thumbnailUrl":"https:\/\/nitu.mx\/wp-content\/uploads\/2022\/04\/aeromexico-tegucigalpa.jpg","datePublished":"2022-04-08T08:04:31+00:00","dateModified":"2022-04-08T08:13:03+00:00","breadcrumb":{"@id":"https:\/\/nitu.mx\/index.php\/2022\/04\/08\/aeromexico-inaugura-ruta-ciudad-de-mexico-tegucigalpa\/#breadcrumb"},"inLanguage":"es-MX","potentialAction":[{"@type":"ReadAction","target":["https:\/\/nitu.mx\/index.php\/2022\/04\/08\/aeromexico-inaugura-ruta-ciudad-de-mexico-tegucigalpa\/"]}]},{"@type":"ImageObject","inLanguage":"es-MX","@id":"https:\/\/nitu.mx\/index.php\/2022\/04\/08\/aeromexico-inaugura-ruta-ciudad-de-mexico-tegucigalpa\/#primaryimage","url":"https:\/\/nitu.mx\/wp-content\/uploads\/2022\/04\/aeromexico-tegucigalpa.jpg","contentUrl":"https:\/\/nitu.mx\/wp-content\/uploads\/2022\/04\/aeromexico-tegucigalpa.jpg","width":1200,"height":675},{"@type":"BreadcrumbList","@id":"https:\/\/nitu.mx\/index.php\/2022\/04\/08\/aeromexico-inaugura-ruta-ciudad-de-mexico-tegucigalpa\/#breadcrumb","itemListElement":[{"@type":"ListItem","position":1,"name":"Inicio","item":"https:\/\/nitu.mx\/"},{"@type":"ListItem","position":2,"name":"Aerom\u00e9xico inaugura ruta Ciudad de M\u00e9xico &#8211; Tegucigalpa"}]},{"@type":"WebSite","@id":"https:\/\/nitu.mx\/#website","url":"https:\/\/nitu.mx\/","name":"Nitu - Noticias de la Industria Turistica","description":"Noticias de la Industria Turistica","publisher":{"@id":"https:\/\/nitu.mx\/#\/schema\/person\/ae7a53426417292d3dd07b45a33e01bc"},"alternateName":"Noticias de la Industria Turistica","potentialAction":[{"@type":"SearchAction","target":{"@type":"EntryPoint","urlTemplate":"https:\/\/nitu.mx\/?s={search_term_string}"},"query-input":"required name=search_term_string"}],"inLanguage":"es-MX"},{"@type":["Person","Organization"],"@id":"https:\/\/nitu.mx\/#\/schema\/person\/ae7a53426417292d3dd07b45a33e01bc","name":"Arturo Medina","image":{"@type":"ImageObject","inLanguage":"es-MX","@id":"https:\/\/nitu.mx\/#\/schema\/person\/image\/","url":"https:\/\/nitu.mx\/wp-content\/uploads\/2024\/04\/4A315622-1904-4D5C-B022-878CDC840E04-90x90-1.jpeg","contentUrl":"https:\/\/nitu.mx\/wp-content\/uploads\/2024\/04\/4A315622-1904-4D5C-B022-878CDC840E04-90x90-1.jpeg","width":90,"height":90,"caption":"Arturo Medina"},"logo":{"@id":"https:\/\/nitu.mx\/#\/schema\/person\/image\/"},"description":"Director NITU.mx, Egresado de la Escuela de Periodismo Carlos Septi\u00e9n Garc\u00eda. Periodista y analista especializado en turismo desde hace 35 a\u00f1os, radicado en Canc\u00fan Q.Roo. arturo@nitu.mx","sameAs":["https:\/\/nitu.mx","https:\/\/www.facebook.com\/NITUmx\/","medinacancun","https:\/\/twitter.com\/@Arturo_Medina_G"]},{"@type":"Person","@id":"https:\/\/nitu.mx\/#\/schema\/person\/4a28fe9bd65924f7c90623773daf1b0b","name":"Redacci\u00f3n","image":{"@type":"ImageObject","inLanguage":"es-MX","@id":"https:\/\/nitu.mx\/#\/schema\/person\/image\/","url":"https:\/\/secure.gravatar.com\/avatar\/5dd011c8ccfc5cd7e4c81e42252aab38?s=96&d=mm&r=g","contentUrl":"https:\/\/secure.gravatar.com\/avatar\/5dd011c8ccfc5cd7e4c81e42252aab38?s=96&d=mm&r=g","caption":"Redacci\u00f3n"},"url":"https:\/\/nitu.mx\/index.php\/author\/redaccion\/"}]}},"views":228,"_links":{"self":[{"href":"https:\/\/nitu.mx\/index.php\/wp-json\/wp\/v2\/posts\/58926"}],"collection":[{"href":"https:\/\/nitu.mx\/index.php\/wp-json\/wp\/v2\/posts"}],"about":[{"href":"https:\/\/nitu.mx\/index.php\/wp-json\/wp\/v2\/types\/post"}],"author":[{"embeddable":true,"href":"https:\/\/nitu.mx\/index.php\/wp-json\/wp\/v2\/users\/17"}],"replies":[{"embeddable":true,"href":"https:\/\/nitu.mx\/index.php\/wp-json\/wp\/v2\/comments?post=58926"}],"version-history":[{"count":2,"href":"https:\/\/nitu.mx\/index.php\/wp-json\/wp\/v2\/posts\/58926\/revisions"}],"predecessor-version":[{"id":58939,"href":"https:\/\/nitu.mx\/index.php\/wp-json\/wp\/v2\/posts\/58926\/revisions\/58939"}],"wp:featuredmedia":[{"embeddable":true,"href":"https:\/\/nitu.mx\/index.php\/wp-json\/wp\/v2\/media\/58938"}],"wp:attachment":[{"href":"https:\/\/nitu.mx\/index.php\/wp-json\/wp\/v2\/media?parent=58926"}],"wp:term":[{"taxonomy":"category","embeddable":true,"href":"https:\/\/nitu.mx\/index.php\/wp-json\/wp\/v2\/categories?post=58926"},{"taxonomy":"post_tag","embeddable":true,"href":"https:\/\/nitu.mx\/index.php\/wp-json\/wp\/v2\/tags?post=58926"}],"curies":[{"name":"wp","href":"https:\/\/api.w.org\/{rel}","templated":true}]}}