{"id":58847,"date":"2022-04-03T22:54:13","date_gmt":"2022-04-04T03:54:13","guid":{"rendered":"https:\/\/www.dev.nitu.mx\/?p=58847"},"modified":"2022-04-04T00:14:35","modified_gmt":"2022-04-04T05:14:35","slug":"espera-caribe-mexicano-1-2-millones-de-turistas-en-semana-santa","status":"publish","type":"post","link":"https:\/\/nitu.mx\/index.php\/2022\/04\/03\/espera-caribe-mexicano-1-2-millones-de-turistas-en-semana-santa\/","title":{"rendered":"Espera Caribe Mexicano 1.2 millones de turistas en Semana Santa"},"content":{"rendered":"<p>De acuerdo con las tendencias m\u00e1s recientes en materia tur\u00edstica y con la versatilidad del Caribe mexicano como un destino ideal, se proyecta el arribo de m\u00e1s de un mill\u00f3n 170 mil turistas al estado, 36.6 por ciento m\u00e1s que en 2021, con una derrama econ\u00f3mica de 972 millones de d\u00f3lares, un 67 por ciento m\u00e1s comparado con la temporada vacacional en 2021.<\/p>\n<p>De acuerdo con datos de la Secretar\u00eda de Turismo, cuyo titular es Bernardo Cueto Riestra, la belleza del Caribe mexicano ubica a Quintana Roo en el top cinco de los destinos favoritos que visitan los turistas.<\/p>\n<p>Por ello, Quintana Roo se prepara para una de las temporadas vacacionales m\u00e1s importantes en el a\u00f1o: Semana Santa 2022, que contempla buenas expectativas y permite as\u00ed la totalidad de la reactivaci\u00f3n econ\u00f3mica del sector en el estado, con beneficios para todos.<\/p>\n<p>El gobernador Carlos Joaqu\u00edn ha anunciado una serie de medidas para que esta temporada transcurra de la mejor manera, para que turistas y visitantes tengan una placentera y segura estancia, tanto en materia del cuidado de la salud como de tranquilidad.<\/p>\n<p>La m\u00e1s novedosa es la campa\u00f1a de concientizaci\u00f3n \u201cS\u00e9 parte de la soluci\u00f3n\u201d, que arranc\u00f3 ayer en aeropuertos y puntos tur\u00edsticos de la entidad, con el objetivo de generar conciencia entre viajeros y turistas sobre el marco legal al que est\u00e1n sujetos durante su estancia en el estado de Quintana Roo.<\/p>\n<p>Por su parte, el secretario Bernardo Cueto dio a conocer que contin\u00faa el impulso a la diversificaci\u00f3n en la oferta tur\u00edstica, de modo que se proyecta que el destino con mayor afluencia tur\u00edstica ser\u00e1 la Riviera Maya con un incremento del 69.2 por ciento, equivalente a 543 mil 956 turistas. El segundo ser\u00eda Canc\u00fan con m\u00e1s de 349 mil.<\/p>\n<p>Los destinos emergentes en la regi\u00f3n sur tambi\u00e9n reflejan un incremento, tal es el caso de Bacalar con m\u00e1s del 50 por ciento.<\/p>\n<p>Aunado a los esfuerzos para tener una efectiva reactivaci\u00f3n, est\u00e1 pr\u00f3ximo a darse el banderazo de salida de Semana Santa (del nueve al 24 de abril), con la que se busca garantizar la integridad f\u00edsica de la poblaci\u00f3n y los visitantes durante esta temporada vacacional. (<a title=\"Playas de Quintana Roo, seguras y limpias para Semana Santa: Carlos Joaqu\u00edn\" href=\"https:\/\/www.dev.nitu.mx\/index.php\/2022\/04\/01\/playas-de-quintana-roo-seguras-y-limpias-para-semana-santa-carlos-joaquin\/\" rel=\"bookmark\">Playas de Quintana Roo, seguras y limpias para Semana Santa: Carlos Joaqu\u00edn<\/a>).<\/p>\n<p>Como destino tur\u00edstico de clase mundial, se ha trabajado en materia de protocolos, que han permitido avanzar y mantener la apertura del mercado m\u00e1s importante (el tur\u00edstico), a trav\u00e9s de estrategias claves para la continuidad de la promoci\u00f3n de Quintana Roo.<\/p>\n","protected":false},"excerpt":{"rendered":"<p>De acuerdo con las tendencias m\u00e1s recientes en materia tur\u00edstica y con la versatilidad del Caribe mexicano como un destino ideal, se proyecta el arribo de m\u00e1s de un mill\u00f3n 170 mil turistas al estado, 36.6 por ciento m\u00e1s que en 2021, con una derrama econ\u00f3mica de 972 millones de d\u00f3lares, un 67 por ciento [&hellip;]<\/p>\n","protected":false},"author":17,"featured_media":47876,"comment_status":"open","ping_status":"open","sticky":false,"template":"","format":"standard","meta":{"footnotes":""},"categories":[18475],"tags":[13931,83,261,260,3023],"yoast_head":"<!-- This site is optimized with the Yoast SEO plugin v22.2 - https:\/\/yoast.com\/wordpress\/plugins\/seo\/ -->\n<title>Espera Caribe Mexicano 1.2 millones de turistas en Semana Santa - Nitu - Noticias de la Industria Turistica<\/title>\n<meta name=\"robots\" content=\"index, follow, max-snippet:-1, max-image-preview:large, max-video-preview:-1\" \/>\n<link rel=\"canonical\" href=\"https:\/\/nitu.mx\/index.php\/2022\/04\/03\/espera-caribe-mexicano-1-2-millones-de-turistas-en-semana-santa\/\" \/>\n<meta name=\"twitter:card\" content=\"summary_large_image\" \/>\n<meta name=\"twitter:title\" content=\"Espera Caribe Mexicano 1.2 millones de turistas en Semana Santa - Nitu - Noticias de la Industria Turistica\" \/>\n<meta name=\"twitter:description\" content=\"De acuerdo con las tendencias m\u00e1s recientes en materia tur\u00edstica y con la versatilidad del Caribe mexicano como un destino ideal, se proyecta el arribo de m\u00e1s de un mill\u00f3n 170 mil turistas al estado, 36.6 por ciento m\u00e1s que en 2021, con una derrama econ\u00f3mica de 972 millones de d\u00f3lares, un 67 por ciento [&hellip;]\" \/>\n<meta name=\"twitter:image\" content=\"https:\/\/nitu.mx\/wp-content\/uploads\/2020\/11\/Caribe-mexicano-elecciones-EU.jpg\" \/>\n<meta name=\"twitter:creator\" content=\"@NITUmx\" \/>\n<meta name=\"twitter:site\" content=\"@Arturo_Medina_G\" \/>\n<meta name=\"twitter:label1\" content=\"Escrito por\" \/>\n\t<meta name=\"twitter:data1\" content=\"Redacci\u00f3n\" \/>\n\t<meta name=\"twitter:label2\" content=\"Tiempo de lectura\" \/>\n\t<meta name=\"twitter:data2\" content=\"2 minutos\" \/>\n<script type=\"application\/ld+json\" class=\"yoast-schema-graph\">{\"@context\":\"https:\/\/schema.org\",\"@graph\":[{\"@type\":\"Article\",\"@id\":\"https:\/\/nitu.mx\/index.php\/2022\/04\/03\/espera-caribe-mexicano-1-2-millones-de-turistas-en-semana-santa\/#article\",\"isPartOf\":{\"@id\":\"https:\/\/nitu.mx\/index.php\/2022\/04\/03\/espera-caribe-mexicano-1-2-millones-de-turistas-en-semana-santa\/\"},\"author\":{\"name\":\"Redacci\u00f3n\",\"@id\":\"https:\/\/nitu.mx\/#\/schema\/person\/4a28fe9bd65924f7c90623773daf1b0b\"},\"headline\":\"Espera Caribe Mexicano 1.2 millones de turistas en Semana Santa\",\"datePublished\":\"2022-04-04T03:54:13+00:00\",\"dateModified\":\"2022-04-04T05:14:35+00:00\",\"mainEntityOfPage\":{\"@id\":\"https:\/\/nitu.mx\/index.php\/2022\/04\/03\/espera-caribe-mexicano-1-2-millones-de-turistas-en-semana-santa\/\"},\"wordCount\":449,\"commentCount\":0,\"publisher\":{\"@id\":\"https:\/\/nitu.mx\/#\/schema\/person\/ae7a53426417292d3dd07b45a33e01bc\"},\"image\":{\"@id\":\"https:\/\/nitu.mx\/index.php\/2022\/04\/03\/espera-caribe-mexicano-1-2-millones-de-turistas-en-semana-santa\/#primaryimage\"},\"thumbnailUrl\":\"https:\/\/nitu.mx\/wp-content\/uploads\/2020\/11\/Caribe-mexicano-elecciones-EU.jpg\",\"keywords\":[\"Bernardo Cueto\",\"Caribe mexicano\",\"Carlos Joaqu\u00edn Gonz\u00e1lez\",\"Quintana Roo\",\"semana Santa\"],\"articleSection\":[\"Caribe Mexicano\"],\"inLanguage\":\"es-MX\",\"potentialAction\":[{\"@type\":\"CommentAction\",\"name\":\"Comment\",\"target\":[\"https:\/\/nitu.mx\/index.php\/2022\/04\/03\/espera-caribe-mexicano-1-2-millones-de-turistas-en-semana-santa\/#respond\"]}]},{\"@type\":\"WebPage\",\"@id\":\"https:\/\/nitu.mx\/index.php\/2022\/04\/03\/espera-caribe-mexicano-1-2-millones-de-turistas-en-semana-santa\/\",\"url\":\"https:\/\/nitu.mx\/index.php\/2022\/04\/03\/espera-caribe-mexicano-1-2-millones-de-turistas-en-semana-santa\/\",\"name\":\"Espera Caribe Mexicano 1.2 millones de turistas en Semana Santa - Nitu - Noticias de la Industria Turistica\",\"isPartOf\":{\"@id\":\"https:\/\/nitu.mx\/#website\"},\"primaryImageOfPage\":{\"@id\":\"https:\/\/nitu.mx\/index.php\/2022\/04\/03\/espera-caribe-mexicano-1-2-millones-de-turistas-en-semana-santa\/#primaryimage\"},\"image\":{\"@id\":\"https:\/\/nitu.mx\/index.php\/2022\/04\/03\/espera-caribe-mexicano-1-2-millones-de-turistas-en-semana-santa\/#primaryimage\"},\"thumbnailUrl\":\"https:\/\/nitu.mx\/wp-content\/uploads\/2020\/11\/Caribe-mexicano-elecciones-EU.jpg\",\"datePublished\":\"2022-04-04T03:54:13+00:00\",\"dateModified\":\"2022-04-04T05:14:35+00:00\",\"breadcrumb\":{\"@id\":\"https:\/\/nitu.mx\/index.php\/2022\/04\/03\/espera-caribe-mexicano-1-2-millones-de-turistas-en-semana-santa\/#breadcrumb\"},\"inLanguage\":\"es-MX\",\"potentialAction\":[{\"@type\":\"ReadAction\",\"target\":[\"https:\/\/nitu.mx\/index.php\/2022\/04\/03\/espera-caribe-mexicano-1-2-millones-de-turistas-en-semana-santa\/\"]}]},{\"@type\":\"ImageObject\",\"inLanguage\":\"es-MX\",\"@id\":\"https:\/\/nitu.mx\/index.php\/2022\/04\/03\/espera-caribe-mexicano-1-2-millones-de-turistas-en-semana-santa\/#primaryimage\",\"url\":\"https:\/\/nitu.mx\/wp-content\/uploads\/2020\/11\/Caribe-mexicano-elecciones-EU.jpg\",\"contentUrl\":\"https:\/\/nitu.mx\/wp-content\/uploads\/2020\/11\/Caribe-mexicano-elecciones-EU.jpg\",\"width\":1200,\"height\":675,\"caption\":\"Caribe Mexicano Canc\u00fan\"},{\"@type\":\"BreadcrumbList\",\"@id\":\"https:\/\/nitu.mx\/index.php\/2022\/04\/03\/espera-caribe-mexicano-1-2-millones-de-turistas-en-semana-santa\/#breadcrumb\",\"itemListElement\":[{\"@type\":\"ListItem\",\"position\":1,\"name\":\"Inicio\",\"item\":\"https:\/\/nitu.mx\/\"},{\"@type\":\"ListItem\",\"position\":2,\"name\":\"Espera Caribe Mexicano 1.2 millones de turistas en Semana Santa\"}]},{\"@type\":\"WebSite\",\"@id\":\"https:\/\/nitu.mx\/#website\",\"url\":\"https:\/\/nitu.mx\/\",\"name\":\"Nitu - Noticias de la Industria Turistica\",\"description\":\"Noticias de la Industria Turistica\",\"publisher\":{\"@id\":\"https:\/\/nitu.mx\/#\/schema\/person\/ae7a53426417292d3dd07b45a33e01bc\"},\"alternateName\":\"Noticias de la Industria Turistica\",\"potentialAction\":[{\"@type\":\"SearchAction\",\"target\":{\"@type\":\"EntryPoint\",\"urlTemplate\":\"https:\/\/nitu.mx\/?s={search_term_string}\"},\"query-input\":\"required name=search_term_string\"}],\"inLanguage\":\"es-MX\"},{\"@type\":[\"Person\",\"Organization\"],\"@id\":\"https:\/\/nitu.mx\/#\/schema\/person\/ae7a53426417292d3dd07b45a33e01bc\",\"name\":\"Arturo Medina\",\"image\":{\"@type\":\"ImageObject\",\"inLanguage\":\"es-MX\",\"@id\":\"https:\/\/nitu.mx\/#\/schema\/person\/image\/\",\"url\":\"https:\/\/nitu.mx\/wp-content\/uploads\/2024\/04\/4A315622-1904-4D5C-B022-878CDC840E04-90x90-1.jpeg\",\"contentUrl\":\"https:\/\/nitu.mx\/wp-content\/uploads\/2024\/04\/4A315622-1904-4D5C-B022-878CDC840E04-90x90-1.jpeg\",\"width\":90,\"height\":90,\"caption\":\"Arturo Medina\"},\"logo\":{\"@id\":\"https:\/\/nitu.mx\/#\/schema\/person\/image\/\"},\"description\":\"Director NITU.mx, Egresado de la Escuela de Periodismo Carlos Septi\u00e9n Garc\u00eda. Periodista y analista especializado en turismo desde hace 35 a\u00f1os, radicado en Canc\u00fan Q.Roo. arturo@nitu.mx\",\"sameAs\":[\"https:\/\/nitu.mx\",\"https:\/\/www.facebook.com\/NITUmx\/\",\"medinacancun\",\"https:\/\/twitter.com\/@Arturo_Medina_G\"]},{\"@type\":\"Person\",\"@id\":\"https:\/\/nitu.mx\/#\/schema\/person\/4a28fe9bd65924f7c90623773daf1b0b\",\"name\":\"Redacci\u00f3n\",\"image\":{\"@type\":\"ImageObject\",\"inLanguage\":\"es-MX\",\"@id\":\"https:\/\/nitu.mx\/#\/schema\/person\/image\/\",\"url\":\"https:\/\/secure.gravatar.com\/avatar\/5dd011c8ccfc5cd7e4c81e42252aab38?s=96&d=mm&r=g\",\"contentUrl\":\"https:\/\/secure.gravatar.com\/avatar\/5dd011c8ccfc5cd7e4c81e42252aab38?s=96&d=mm&r=g\",\"caption\":\"Redacci\u00f3n\"},\"url\":\"https:\/\/nitu.mx\/index.php\/author\/redaccion\/\"}]}<\/script>\n<!-- \/ Yoast SEO plugin. -->","yoast_head_json":{"title":"Espera Caribe Mexicano 1.2 millones de turistas en Semana Santa - Nitu - Noticias de la Industria Turistica","robots":{"index":"index","follow":"follow","max-snippet":"max-snippet:-1","max-image-preview":"max-image-preview:large","max-video-preview":"max-video-preview:-1"},"canonical":"https:\/\/nitu.mx\/index.php\/2022\/04\/03\/espera-caribe-mexicano-1-2-millones-de-turistas-en-semana-santa\/","twitter_card":"summary_large_image","twitter_title":"Espera Caribe Mexicano 1.2 millones de turistas en Semana Santa - Nitu - Noticias de la Industria Turistica","twitter_description":"De acuerdo con las tendencias m\u00e1s recientes en materia tur\u00edstica y con la versatilidad del Caribe mexicano como un destino ideal, se proyecta el arribo de m\u00e1s de un mill\u00f3n 170 mil turistas al estado, 36.6 por ciento m\u00e1s que en 2021, con una derrama econ\u00f3mica de 972 millones de d\u00f3lares, un 67 por ciento [&hellip;]","twitter_image":"https:\/\/nitu.mx\/wp-content\/uploads\/2020\/11\/Caribe-mexicano-elecciones-EU.jpg","twitter_creator":"@NITUmx","twitter_site":"@Arturo_Medina_G","twitter_misc":{"Escrito por":"Redacci\u00f3n","Tiempo de lectura":"2 minutos"},"schema":{"@context":"https:\/\/schema.org","@graph":[{"@type":"Article","@id":"https:\/\/nitu.mx\/index.php\/2022\/04\/03\/espera-caribe-mexicano-1-2-millones-de-turistas-en-semana-santa\/#article","isPartOf":{"@id":"https:\/\/nitu.mx\/index.php\/2022\/04\/03\/espera-caribe-mexicano-1-2-millones-de-turistas-en-semana-santa\/"},"author":{"name":"Redacci\u00f3n","@id":"https:\/\/nitu.mx\/#\/schema\/person\/4a28fe9bd65924f7c90623773daf1b0b"},"headline":"Espera Caribe Mexicano 1.2 millones de turistas en Semana Santa","datePublished":"2022-04-04T03:54:13+00:00","dateModified":"2022-04-04T05:14:35+00:00","mainEntityOfPage":{"@id":"https:\/\/nitu.mx\/index.php\/2022\/04\/03\/espera-caribe-mexicano-1-2-millones-de-turistas-en-semana-santa\/"},"wordCount":449,"commentCount":0,"publisher":{"@id":"https:\/\/nitu.mx\/#\/schema\/person\/ae7a53426417292d3dd07b45a33e01bc"},"image":{"@id":"https:\/\/nitu.mx\/index.php\/2022\/04\/03\/espera-caribe-mexicano-1-2-millones-de-turistas-en-semana-santa\/#primaryimage"},"thumbnailUrl":"https:\/\/nitu.mx\/wp-content\/uploads\/2020\/11\/Caribe-mexicano-elecciones-EU.jpg","keywords":["Bernardo Cueto","Caribe mexicano","Carlos Joaqu\u00edn Gonz\u00e1lez","Quintana Roo","semana Santa"],"articleSection":["Caribe Mexicano"],"inLanguage":"es-MX","potentialAction":[{"@type":"CommentAction","name":"Comment","target":["https:\/\/nitu.mx\/index.php\/2022\/04\/03\/espera-caribe-mexicano-1-2-millones-de-turistas-en-semana-santa\/#respond"]}]},{"@type":"WebPage","@id":"https:\/\/nitu.mx\/index.php\/2022\/04\/03\/espera-caribe-mexicano-1-2-millones-de-turistas-en-semana-santa\/","url":"https:\/\/nitu.mx\/index.php\/2022\/04\/03\/espera-caribe-mexicano-1-2-millones-de-turistas-en-semana-santa\/","name":"Espera Caribe Mexicano 1.2 millones de turistas en Semana Santa - Nitu - Noticias de la Industria Turistica","isPartOf":{"@id":"https:\/\/nitu.mx\/#website"},"primaryImageOfPage":{"@id":"https:\/\/nitu.mx\/index.php\/2022\/04\/03\/espera-caribe-mexicano-1-2-millones-de-turistas-en-semana-santa\/#primaryimage"},"image":{"@id":"https:\/\/nitu.mx\/index.php\/2022\/04\/03\/espera-caribe-mexicano-1-2-millones-de-turistas-en-semana-santa\/#primaryimage"},"thumbnailUrl":"https:\/\/nitu.mx\/wp-content\/uploads\/2020\/11\/Caribe-mexicano-elecciones-EU.jpg","datePublished":"2022-04-04T03:54:13+00:00","dateModified":"2022-04-04T05:14:35+00:00","breadcrumb":{"@id":"https:\/\/nitu.mx\/index.php\/2022\/04\/03\/espera-caribe-mexicano-1-2-millones-de-turistas-en-semana-santa\/#breadcrumb"},"inLanguage":"es-MX","potentialAction":[{"@type":"ReadAction","target":["https:\/\/nitu.mx\/index.php\/2022\/04\/03\/espera-caribe-mexicano-1-2-millones-de-turistas-en-semana-santa\/"]}]},{"@type":"ImageObject","inLanguage":"es-MX","@id":"https:\/\/nitu.mx\/index.php\/2022\/04\/03\/espera-caribe-mexicano-1-2-millones-de-turistas-en-semana-santa\/#primaryimage","url":"https:\/\/nitu.mx\/wp-content\/uploads\/2020\/11\/Caribe-mexicano-elecciones-EU.jpg","contentUrl":"https:\/\/nitu.mx\/wp-content\/uploads\/2020\/11\/Caribe-mexicano-elecciones-EU.jpg","width":1200,"height":675,"caption":"Caribe Mexicano Canc\u00fan"},{"@type":"BreadcrumbList","@id":"https:\/\/nitu.mx\/index.php\/2022\/04\/03\/espera-caribe-mexicano-1-2-millones-de-turistas-en-semana-santa\/#breadcrumb","itemListElement":[{"@type":"ListItem","position":1,"name":"Inicio","item":"https:\/\/nitu.mx\/"},{"@type":"ListItem","position":2,"name":"Espera Caribe Mexicano 1.2 millones de turistas en Semana Santa"}]},{"@type":"WebSite","@id":"https:\/\/nitu.mx\/#website","url":"https:\/\/nitu.mx\/","name":"Nitu - Noticias de la Industria Turistica","description":"Noticias de la Industria Turistica","publisher":{"@id":"https:\/\/nitu.mx\/#\/schema\/person\/ae7a53426417292d3dd07b45a33e01bc"},"alternateName":"Noticias de la Industria Turistica","potentialAction":[{"@type":"SearchAction","target":{"@type":"EntryPoint","urlTemplate":"https:\/\/nitu.mx\/?s={search_term_string}"},"query-input":"required name=search_term_string"}],"inLanguage":"es-MX"},{"@type":["Person","Organization"],"@id":"https:\/\/nitu.mx\/#\/schema\/person\/ae7a53426417292d3dd07b45a33e01bc","name":"Arturo Medina","image":{"@type":"ImageObject","inLanguage":"es-MX","@id":"https:\/\/nitu.mx\/#\/schema\/person\/image\/","url":"https:\/\/nitu.mx\/wp-content\/uploads\/2024\/04\/4A315622-1904-4D5C-B022-878CDC840E04-90x90-1.jpeg","contentUrl":"https:\/\/nitu.mx\/wp-content\/uploads\/2024\/04\/4A315622-1904-4D5C-B022-878CDC840E04-90x90-1.jpeg","width":90,"height":90,"caption":"Arturo Medina"},"logo":{"@id":"https:\/\/nitu.mx\/#\/schema\/person\/image\/"},"description":"Director NITU.mx, Egresado de la Escuela de Periodismo Carlos Septi\u00e9n Garc\u00eda. Periodista y analista especializado en turismo desde hace 35 a\u00f1os, radicado en Canc\u00fan Q.Roo. arturo@nitu.mx","sameAs":["https:\/\/nitu.mx","https:\/\/www.facebook.com\/NITUmx\/","medinacancun","https:\/\/twitter.com\/@Arturo_Medina_G"]},{"@type":"Person","@id":"https:\/\/nitu.mx\/#\/schema\/person\/4a28fe9bd65924f7c90623773daf1b0b","name":"Redacci\u00f3n","image":{"@type":"ImageObject","inLanguage":"es-MX","@id":"https:\/\/nitu.mx\/#\/schema\/person\/image\/","url":"https:\/\/secure.gravatar.com\/avatar\/5dd011c8ccfc5cd7e4c81e42252aab38?s=96&d=mm&r=g","contentUrl":"https:\/\/secure.gravatar.com\/avatar\/5dd011c8ccfc5cd7e4c81e42252aab38?s=96&d=mm&r=g","caption":"Redacci\u00f3n"},"url":"https:\/\/nitu.mx\/index.php\/author\/redaccion\/"}]}},"views":823,"_links":{"self":[{"href":"https:\/\/nitu.mx\/index.php\/wp-json\/wp\/v2\/posts\/58847"}],"collection":[{"href":"https:\/\/nitu.mx\/index.php\/wp-json\/wp\/v2\/posts"}],"about":[{"href":"https:\/\/nitu.mx\/index.php\/wp-json\/wp\/v2\/types\/post"}],"author":[{"embeddable":true,"href":"https:\/\/nitu.mx\/index.php\/wp-json\/wp\/v2\/users\/17"}],"replies":[{"embeddable":true,"href":"https:\/\/nitu.mx\/index.php\/wp-json\/wp\/v2\/comments?post=58847"}],"version-history":[{"count":2,"href":"https:\/\/nitu.mx\/index.php\/wp-json\/wp\/v2\/posts\/58847\/revisions"}],"predecessor-version":[{"id":58849,"href":"https:\/\/nitu.mx\/index.php\/wp-json\/wp\/v2\/posts\/58847\/revisions\/58849"}],"wp:featuredmedia":[{"embeddable":true,"href":"https:\/\/nitu.mx\/index.php\/wp-json\/wp\/v2\/media\/47876"}],"wp:attachment":[{"href":"https:\/\/nitu.mx\/index.php\/wp-json\/wp\/v2\/media?parent=58847"}],"wp:term":[{"taxonomy":"category","embeddable":true,"href":"https:\/\/nitu.mx\/index.php\/wp-json\/wp\/v2\/categories?post=58847"},{"taxonomy":"post_tag","embeddable":true,"href":"https:\/\/nitu.mx\/index.php\/wp-json\/wp\/v2\/tags?post=58847"}],"curies":[{"name":"wp","href":"https:\/\/api.w.org\/{rel}","templated":true}]}}