{"id":58804,"date":"2022-03-31T23:06:41","date_gmt":"2022-04-01T04:06:41","guid":{"rendered":"https:\/\/www.dev.nitu.mx\/?p=58804"},"modified":"2022-04-01T02:13:10","modified_gmt":"2022-04-01T07:13:10","slug":"acuerdan-mexico-y-dallas-promocion-conjunta","status":"publish","type":"post","link":"https:\/\/nitu.mx\/index.php\/2022\/03\/31\/acuerdan-mexico-y-dallas-promocion-conjunta\/","title":{"rendered":"Acuerdan M\u00e9xico y Dallas promoci\u00f3n conjunta"},"content":{"rendered":"<p>El secretario de Turismo Miguel Torruco Marqu\u00e9s, sostuvo una reuni\u00f3n de trabajo con el alcalde de Dallas, Texas, Eric Johnson, en la cual acordaron\u00a0acciones de colaboraci\u00f3n conjunta para impulsar el turismo\u00a0entre ambos destinos.<\/p>\n<p>El funcionario mexicano inform\u00f3 que durante 2019\u00a0se registraron 18 millones de mexicanos que viajaron a los Estados Unidos por v\u00eda a\u00e9rea y 10.5 millones de estadounidenses que visitaron M\u00e9xico.<\/p>\n<p>Para este a\u00f1o,\u00a0se tienen programados 20 mil 200 vuelos desde Dallas a M\u00e9xico, con una capacidad de 3 millones de asientos, representando un potencial beneficio econ\u00f3mico de cerca de 3.2 millones de d\u00f3lares, puntualiz\u00f3<\/p>\n<p>Asimismo, el secretario pidi\u00f3 a los representantes de las principales aerol\u00edneas a buscar oportunidades para ampliar la conectividad y diversificar los destinos entre M\u00e9xico y Dallas. Sin embargo, esto no ser\u00eda posible para las aerol\u00edneas nacionales mientras M\u00e9xico se mantenga en Categor\u00eda 2 de seguridad a\u00e9rea otorgada por la Administraci\u00f3n Federal de Aviaci\u00f3n de los Estados Unidos, situaci\u00f3n que imposibilita su crecimiento en el mercado bilateral al congelar el crecimiento de frecuencias, rutas, entre otras consecuencias.<\/p>\n<p>Por su parte, representantes de Aerom\u00e9xico, Viva Aerobus y Volaris coincidieron en la\u00a0necesidad de impulsar la conectividad a\u00e9rea\u00a0como eje fundamental para incrementar el n\u00famero de viajeros mexicanos y estadounidenses.<\/p>\n","protected":false},"excerpt":{"rendered":"<p>El secretario de Turismo Miguel Torruco Marqu\u00e9s, sostuvo una reuni\u00f3n de trabajo con el alcalde de Dallas, Texas, Eric Johnson, en la cual acordaron\u00a0acciones de colaboraci\u00f3n conjunta para impulsar el turismo\u00a0entre ambos destinos. El funcionario mexicano inform\u00f3 que durante 2019\u00a0se registraron 18 millones de mexicanos que viajaron a los Estados Unidos por v\u00eda a\u00e9rea y [&hellip;]<\/p>\n","protected":false},"author":17,"featured_media":58807,"comment_status":"open","ping_status":"open","sticky":false,"template":"","format":"standard","meta":{"footnotes":""},"categories":[5],"tags":[5817,23225,910,254,93],"yoast_head":"<!-- This site is optimized with the Yoast SEO plugin v22.2 - https:\/\/yoast.com\/wordpress\/plugins\/seo\/ -->\n<title>Acuerdan M\u00e9xico y Dallas promoci\u00f3n conjunta - Nitu - Noticias de la Industria Turistica<\/title>\n<meta name=\"robots\" content=\"index, follow, max-snippet:-1, max-image-preview:large, max-video-preview:-1\" \/>\n<link rel=\"canonical\" href=\"https:\/\/nitu.mx\/index.php\/2022\/03\/31\/acuerdan-mexico-y-dallas-promocion-conjunta\/\" \/>\n<meta name=\"twitter:card\" content=\"summary_large_image\" \/>\n<meta name=\"twitter:title\" content=\"Acuerdan M\u00e9xico y Dallas promoci\u00f3n conjunta - Nitu - Noticias de la Industria Turistica\" \/>\n<meta name=\"twitter:description\" content=\"El secretario de Turismo Miguel Torruco Marqu\u00e9s, sostuvo una reuni\u00f3n de trabajo con el alcalde de Dallas, Texas, Eric Johnson, en la cual acordaron\u00a0acciones de colaboraci\u00f3n conjunta para impulsar el turismo\u00a0entre ambos destinos. El funcionario mexicano inform\u00f3 que durante 2019\u00a0se registraron 18 millones de mexicanos que viajaron a los Estados Unidos por v\u00eda a\u00e9rea y [&hellip;]\" \/>\n<meta name=\"twitter:image\" content=\"https:\/\/nitu.mx\/wp-content\/uploads\/2022\/03\/torruco.jpeg\" \/>\n<meta name=\"twitter:creator\" content=\"@NITUmx\" \/>\n<meta name=\"twitter:site\" content=\"@Arturo_Medina_G\" \/>\n<meta name=\"twitter:label1\" content=\"Escrito por\" \/>\n\t<meta name=\"twitter:data1\" content=\"Redacci\u00f3n\" \/>\n\t<meta name=\"twitter:label2\" content=\"Tiempo de lectura\" \/>\n\t<meta name=\"twitter:data2\" content=\"1 minuto\" \/>\n<script type=\"application\/ld+json\" class=\"yoast-schema-graph\">{\"@context\":\"https:\/\/schema.org\",\"@graph\":[{\"@type\":\"Article\",\"@id\":\"https:\/\/nitu.mx\/index.php\/2022\/03\/31\/acuerdan-mexico-y-dallas-promocion-conjunta\/#article\",\"isPartOf\":{\"@id\":\"https:\/\/nitu.mx\/index.php\/2022\/03\/31\/acuerdan-mexico-y-dallas-promocion-conjunta\/\"},\"author\":{\"name\":\"Redacci\u00f3n\",\"@id\":\"https:\/\/nitu.mx\/#\/schema\/person\/4a28fe9bd65924f7c90623773daf1b0b\"},\"headline\":\"Acuerdan M\u00e9xico y Dallas promoci\u00f3n conjunta\",\"datePublished\":\"2022-04-01T04:06:41+00:00\",\"dateModified\":\"2022-04-01T07:13:10+00:00\",\"mainEntityOfPage\":{\"@id\":\"https:\/\/nitu.mx\/index.php\/2022\/03\/31\/acuerdan-mexico-y-dallas-promocion-conjunta\/\"},\"wordCount\":230,\"commentCount\":0,\"publisher\":{\"@id\":\"https:\/\/nitu.mx\/#\/schema\/person\/ae7a53426417292d3dd07b45a33e01bc\"},\"image\":{\"@id\":\"https:\/\/nitu.mx\/index.php\/2022\/03\/31\/acuerdan-mexico-y-dallas-promocion-conjunta\/#primaryimage\"},\"thumbnailUrl\":\"https:\/\/nitu.mx\/wp-content\/uploads\/2022\/03\/torruco.jpeg\",\"keywords\":[\"Dallas\",\"Eric Johnson\",\"Miguel Torruco\",\"Secretar\u00eda de Turismo\",\"Sectur\"],\"articleSection\":[\"Destinos\"],\"inLanguage\":\"es-MX\",\"potentialAction\":[{\"@type\":\"CommentAction\",\"name\":\"Comment\",\"target\":[\"https:\/\/nitu.mx\/index.php\/2022\/03\/31\/acuerdan-mexico-y-dallas-promocion-conjunta\/#respond\"]}]},{\"@type\":\"WebPage\",\"@id\":\"https:\/\/nitu.mx\/index.php\/2022\/03\/31\/acuerdan-mexico-y-dallas-promocion-conjunta\/\",\"url\":\"https:\/\/nitu.mx\/index.php\/2022\/03\/31\/acuerdan-mexico-y-dallas-promocion-conjunta\/\",\"name\":\"Acuerdan M\u00e9xico y Dallas promoci\u00f3n conjunta - Nitu - Noticias de la Industria Turistica\",\"isPartOf\":{\"@id\":\"https:\/\/nitu.mx\/#website\"},\"primaryImageOfPage\":{\"@id\":\"https:\/\/nitu.mx\/index.php\/2022\/03\/31\/acuerdan-mexico-y-dallas-promocion-conjunta\/#primaryimage\"},\"image\":{\"@id\":\"https:\/\/nitu.mx\/index.php\/2022\/03\/31\/acuerdan-mexico-y-dallas-promocion-conjunta\/#primaryimage\"},\"thumbnailUrl\":\"https:\/\/nitu.mx\/wp-content\/uploads\/2022\/03\/torruco.jpeg\",\"datePublished\":\"2022-04-01T04:06:41+00:00\",\"dateModified\":\"2022-04-01T07:13:10+00:00\",\"breadcrumb\":{\"@id\":\"https:\/\/nitu.mx\/index.php\/2022\/03\/31\/acuerdan-mexico-y-dallas-promocion-conjunta\/#breadcrumb\"},\"inLanguage\":\"es-MX\",\"potentialAction\":[{\"@type\":\"ReadAction\",\"target\":[\"https:\/\/nitu.mx\/index.php\/2022\/03\/31\/acuerdan-mexico-y-dallas-promocion-conjunta\/\"]}]},{\"@type\":\"ImageObject\",\"inLanguage\":\"es-MX\",\"@id\":\"https:\/\/nitu.mx\/index.php\/2022\/03\/31\/acuerdan-mexico-y-dallas-promocion-conjunta\/#primaryimage\",\"url\":\"https:\/\/nitu.mx\/wp-content\/uploads\/2022\/03\/torruco.jpeg\",\"contentUrl\":\"https:\/\/nitu.mx\/wp-content\/uploads\/2022\/03\/torruco.jpeg\",\"width\":650,\"height\":392},{\"@type\":\"BreadcrumbList\",\"@id\":\"https:\/\/nitu.mx\/index.php\/2022\/03\/31\/acuerdan-mexico-y-dallas-promocion-conjunta\/#breadcrumb\",\"itemListElement\":[{\"@type\":\"ListItem\",\"position\":1,\"name\":\"Inicio\",\"item\":\"https:\/\/nitu.mx\/\"},{\"@type\":\"ListItem\",\"position\":2,\"name\":\"Acuerdan M\u00e9xico y Dallas promoci\u00f3n conjunta\"}]},{\"@type\":\"WebSite\",\"@id\":\"https:\/\/nitu.mx\/#website\",\"url\":\"https:\/\/nitu.mx\/\",\"name\":\"Nitu - Noticias de la Industria Turistica\",\"description\":\"Noticias de la Industria Turistica\",\"publisher\":{\"@id\":\"https:\/\/nitu.mx\/#\/schema\/person\/ae7a53426417292d3dd07b45a33e01bc\"},\"alternateName\":\"Noticias de la Industria Turistica\",\"potentialAction\":[{\"@type\":\"SearchAction\",\"target\":{\"@type\":\"EntryPoint\",\"urlTemplate\":\"https:\/\/nitu.mx\/?s={search_term_string}\"},\"query-input\":\"required name=search_term_string\"}],\"inLanguage\":\"es-MX\"},{\"@type\":[\"Person\",\"Organization\"],\"@id\":\"https:\/\/nitu.mx\/#\/schema\/person\/ae7a53426417292d3dd07b45a33e01bc\",\"name\":\"Arturo Medina\",\"image\":{\"@type\":\"ImageObject\",\"inLanguage\":\"es-MX\",\"@id\":\"https:\/\/nitu.mx\/#\/schema\/person\/image\/\",\"url\":\"https:\/\/nitu.mx\/wp-content\/uploads\/2024\/04\/4A315622-1904-4D5C-B022-878CDC840E04-90x90-1.jpeg\",\"contentUrl\":\"https:\/\/nitu.mx\/wp-content\/uploads\/2024\/04\/4A315622-1904-4D5C-B022-878CDC840E04-90x90-1.jpeg\",\"width\":90,\"height\":90,\"caption\":\"Arturo Medina\"},\"logo\":{\"@id\":\"https:\/\/nitu.mx\/#\/schema\/person\/image\/\"},\"description\":\"Director NITU.mx, Egresado de la Escuela de Periodismo Carlos Septi\u00e9n Garc\u00eda. Periodista y analista especializado en turismo desde hace 35 a\u00f1os, radicado en Canc\u00fan Q.Roo. arturo@nitu.mx\",\"sameAs\":[\"https:\/\/nitu.mx\",\"https:\/\/www.facebook.com\/NITUmx\/\",\"medinacancun\",\"https:\/\/twitter.com\/@Arturo_Medina_G\"]},{\"@type\":\"Person\",\"@id\":\"https:\/\/nitu.mx\/#\/schema\/person\/4a28fe9bd65924f7c90623773daf1b0b\",\"name\":\"Redacci\u00f3n\",\"image\":{\"@type\":\"ImageObject\",\"inLanguage\":\"es-MX\",\"@id\":\"https:\/\/nitu.mx\/#\/schema\/person\/image\/\",\"url\":\"https:\/\/secure.gravatar.com\/avatar\/5dd011c8ccfc5cd7e4c81e42252aab38?s=96&d=mm&r=g\",\"contentUrl\":\"https:\/\/secure.gravatar.com\/avatar\/5dd011c8ccfc5cd7e4c81e42252aab38?s=96&d=mm&r=g\",\"caption\":\"Redacci\u00f3n\"},\"url\":\"https:\/\/nitu.mx\/index.php\/author\/redaccion\/\"}]}<\/script>\n<!-- \/ Yoast SEO plugin. -->","yoast_head_json":{"title":"Acuerdan M\u00e9xico y Dallas promoci\u00f3n conjunta - Nitu - Noticias de la Industria Turistica","robots":{"index":"index","follow":"follow","max-snippet":"max-snippet:-1","max-image-preview":"max-image-preview:large","max-video-preview":"max-video-preview:-1"},"canonical":"https:\/\/nitu.mx\/index.php\/2022\/03\/31\/acuerdan-mexico-y-dallas-promocion-conjunta\/","twitter_card":"summary_large_image","twitter_title":"Acuerdan M\u00e9xico y Dallas promoci\u00f3n conjunta - Nitu - Noticias de la Industria Turistica","twitter_description":"El secretario de Turismo Miguel Torruco Marqu\u00e9s, sostuvo una reuni\u00f3n de trabajo con el alcalde de Dallas, Texas, Eric Johnson, en la cual acordaron\u00a0acciones de colaboraci\u00f3n conjunta para impulsar el turismo\u00a0entre ambos destinos. El funcionario mexicano inform\u00f3 que durante 2019\u00a0se registraron 18 millones de mexicanos que viajaron a los Estados Unidos por v\u00eda a\u00e9rea y [&hellip;]","twitter_image":"https:\/\/nitu.mx\/wp-content\/uploads\/2022\/03\/torruco.jpeg","twitter_creator":"@NITUmx","twitter_site":"@Arturo_Medina_G","twitter_misc":{"Escrito por":"Redacci\u00f3n","Tiempo de lectura":"1 minuto"},"schema":{"@context":"https:\/\/schema.org","@graph":[{"@type":"Article","@id":"https:\/\/nitu.mx\/index.php\/2022\/03\/31\/acuerdan-mexico-y-dallas-promocion-conjunta\/#article","isPartOf":{"@id":"https:\/\/nitu.mx\/index.php\/2022\/03\/31\/acuerdan-mexico-y-dallas-promocion-conjunta\/"},"author":{"name":"Redacci\u00f3n","@id":"https:\/\/nitu.mx\/#\/schema\/person\/4a28fe9bd65924f7c90623773daf1b0b"},"headline":"Acuerdan M\u00e9xico y Dallas promoci\u00f3n conjunta","datePublished":"2022-04-01T04:06:41+00:00","dateModified":"2022-04-01T07:13:10+00:00","mainEntityOfPage":{"@id":"https:\/\/nitu.mx\/index.php\/2022\/03\/31\/acuerdan-mexico-y-dallas-promocion-conjunta\/"},"wordCount":230,"commentCount":0,"publisher":{"@id":"https:\/\/nitu.mx\/#\/schema\/person\/ae7a53426417292d3dd07b45a33e01bc"},"image":{"@id":"https:\/\/nitu.mx\/index.php\/2022\/03\/31\/acuerdan-mexico-y-dallas-promocion-conjunta\/#primaryimage"},"thumbnailUrl":"https:\/\/nitu.mx\/wp-content\/uploads\/2022\/03\/torruco.jpeg","keywords":["Dallas","Eric Johnson","Miguel Torruco","Secretar\u00eda de Turismo","Sectur"],"articleSection":["Destinos"],"inLanguage":"es-MX","potentialAction":[{"@type":"CommentAction","name":"Comment","target":["https:\/\/nitu.mx\/index.php\/2022\/03\/31\/acuerdan-mexico-y-dallas-promocion-conjunta\/#respond"]}]},{"@type":"WebPage","@id":"https:\/\/nitu.mx\/index.php\/2022\/03\/31\/acuerdan-mexico-y-dallas-promocion-conjunta\/","url":"https:\/\/nitu.mx\/index.php\/2022\/03\/31\/acuerdan-mexico-y-dallas-promocion-conjunta\/","name":"Acuerdan M\u00e9xico y Dallas promoci\u00f3n conjunta - Nitu - Noticias de la Industria Turistica","isPartOf":{"@id":"https:\/\/nitu.mx\/#website"},"primaryImageOfPage":{"@id":"https:\/\/nitu.mx\/index.php\/2022\/03\/31\/acuerdan-mexico-y-dallas-promocion-conjunta\/#primaryimage"},"image":{"@id":"https:\/\/nitu.mx\/index.php\/2022\/03\/31\/acuerdan-mexico-y-dallas-promocion-conjunta\/#primaryimage"},"thumbnailUrl":"https:\/\/nitu.mx\/wp-content\/uploads\/2022\/03\/torruco.jpeg","datePublished":"2022-04-01T04:06:41+00:00","dateModified":"2022-04-01T07:13:10+00:00","breadcrumb":{"@id":"https:\/\/nitu.mx\/index.php\/2022\/03\/31\/acuerdan-mexico-y-dallas-promocion-conjunta\/#breadcrumb"},"inLanguage":"es-MX","potentialAction":[{"@type":"ReadAction","target":["https:\/\/nitu.mx\/index.php\/2022\/03\/31\/acuerdan-mexico-y-dallas-promocion-conjunta\/"]}]},{"@type":"ImageObject","inLanguage":"es-MX","@id":"https:\/\/nitu.mx\/index.php\/2022\/03\/31\/acuerdan-mexico-y-dallas-promocion-conjunta\/#primaryimage","url":"https:\/\/nitu.mx\/wp-content\/uploads\/2022\/03\/torruco.jpeg","contentUrl":"https:\/\/nitu.mx\/wp-content\/uploads\/2022\/03\/torruco.jpeg","width":650,"height":392},{"@type":"BreadcrumbList","@id":"https:\/\/nitu.mx\/index.php\/2022\/03\/31\/acuerdan-mexico-y-dallas-promocion-conjunta\/#breadcrumb","itemListElement":[{"@type":"ListItem","position":1,"name":"Inicio","item":"https:\/\/nitu.mx\/"},{"@type":"ListItem","position":2,"name":"Acuerdan M\u00e9xico y Dallas promoci\u00f3n conjunta"}]},{"@type":"WebSite","@id":"https:\/\/nitu.mx\/#website","url":"https:\/\/nitu.mx\/","name":"Nitu - Noticias de la Industria Turistica","description":"Noticias de la Industria Turistica","publisher":{"@id":"https:\/\/nitu.mx\/#\/schema\/person\/ae7a53426417292d3dd07b45a33e01bc"},"alternateName":"Noticias de la Industria Turistica","potentialAction":[{"@type":"SearchAction","target":{"@type":"EntryPoint","urlTemplate":"https:\/\/nitu.mx\/?s={search_term_string}"},"query-input":"required name=search_term_string"}],"inLanguage":"es-MX"},{"@type":["Person","Organization"],"@id":"https:\/\/nitu.mx\/#\/schema\/person\/ae7a53426417292d3dd07b45a33e01bc","name":"Arturo Medina","image":{"@type":"ImageObject","inLanguage":"es-MX","@id":"https:\/\/nitu.mx\/#\/schema\/person\/image\/","url":"https:\/\/nitu.mx\/wp-content\/uploads\/2024\/04\/4A315622-1904-4D5C-B022-878CDC840E04-90x90-1.jpeg","contentUrl":"https:\/\/nitu.mx\/wp-content\/uploads\/2024\/04\/4A315622-1904-4D5C-B022-878CDC840E04-90x90-1.jpeg","width":90,"height":90,"caption":"Arturo Medina"},"logo":{"@id":"https:\/\/nitu.mx\/#\/schema\/person\/image\/"},"description":"Director NITU.mx, Egresado de la Escuela de Periodismo Carlos Septi\u00e9n Garc\u00eda. Periodista y analista especializado en turismo desde hace 35 a\u00f1os, radicado en Canc\u00fan Q.Roo. arturo@nitu.mx","sameAs":["https:\/\/nitu.mx","https:\/\/www.facebook.com\/NITUmx\/","medinacancun","https:\/\/twitter.com\/@Arturo_Medina_G"]},{"@type":"Person","@id":"https:\/\/nitu.mx\/#\/schema\/person\/4a28fe9bd65924f7c90623773daf1b0b","name":"Redacci\u00f3n","image":{"@type":"ImageObject","inLanguage":"es-MX","@id":"https:\/\/nitu.mx\/#\/schema\/person\/image\/","url":"https:\/\/secure.gravatar.com\/avatar\/5dd011c8ccfc5cd7e4c81e42252aab38?s=96&d=mm&r=g","contentUrl":"https:\/\/secure.gravatar.com\/avatar\/5dd011c8ccfc5cd7e4c81e42252aab38?s=96&d=mm&r=g","caption":"Redacci\u00f3n"},"url":"https:\/\/nitu.mx\/index.php\/author\/redaccion\/"}]}},"views":247,"_links":{"self":[{"href":"https:\/\/nitu.mx\/index.php\/wp-json\/wp\/v2\/posts\/58804"}],"collection":[{"href":"https:\/\/nitu.mx\/index.php\/wp-json\/wp\/v2\/posts"}],"about":[{"href":"https:\/\/nitu.mx\/index.php\/wp-json\/wp\/v2\/types\/post"}],"author":[{"embeddable":true,"href":"https:\/\/nitu.mx\/index.php\/wp-json\/wp\/v2\/users\/17"}],"replies":[{"embeddable":true,"href":"https:\/\/nitu.mx\/index.php\/wp-json\/wp\/v2\/comments?post=58804"}],"version-history":[{"count":3,"href":"https:\/\/nitu.mx\/index.php\/wp-json\/wp\/v2\/posts\/58804\/revisions"}],"predecessor-version":[{"id":58813,"href":"https:\/\/nitu.mx\/index.php\/wp-json\/wp\/v2\/posts\/58804\/revisions\/58813"}],"wp:featuredmedia":[{"embeddable":true,"href":"https:\/\/nitu.mx\/index.php\/wp-json\/wp\/v2\/media\/58807"}],"wp:attachment":[{"href":"https:\/\/nitu.mx\/index.php\/wp-json\/wp\/v2\/media?parent=58804"}],"wp:term":[{"taxonomy":"category","embeddable":true,"href":"https:\/\/nitu.mx\/index.php\/wp-json\/wp\/v2\/categories?post=58804"},{"taxonomy":"post_tag","embeddable":true,"href":"https:\/\/nitu.mx\/index.php\/wp-json\/wp\/v2\/tags?post=58804"}],"curies":[{"name":"wp","href":"https:\/\/api.w.org\/{rel}","templated":true}]}}