{"id":58779,"date":"2022-03-31T20:57:33","date_gmt":"2022-04-01T01:57:33","guid":{"rendered":"https:\/\/www.dev.nitu.mx\/?p=58779"},"modified":"2022-04-01T02:14:52","modified_gmt":"2022-04-01T07:14:52","slug":"marjan-rintel-nueva-directora-general-de-klm","status":"publish","type":"post","link":"https:\/\/nitu.mx\/index.php\/2022\/03\/31\/marjan-rintel-nueva-directora-general-de-klm\/","title":{"rendered":"Marjan Rintel, nueva directora general de KLM"},"content":{"rendered":"<p>El Consejo de Supervisi\u00f3n de KLM nombr\u00f3 a Marjan Rintel como nueva presidenta y directora general de KLM Royal Dutch Airlines. Rintel es actualmente presidenta y consejera delegada de Dutch Railways, donde ha trabajado desde noviembre de 2014. Rintel no es una persona nueva en KLM y -antes de incorporarse a Dutch Railways- trabaj\u00f3 para la aerol\u00ednea durante 15 a\u00f1os en distintas \u00e1reas, incluyendo operaciones, ventas y marketing en KLM, y en el grupo Air France-KLM.<\/p>\n<p>De acuerdo con el nombramiento, Marjan Rintel sustituir\u00e1 a Pieter Elbers, que dejar\u00e1 el cargo de presidente y director general de KLM el 1\u00b0 de julio. El Consejo de Administraci\u00f3n del grupo Air France-KLM aprob\u00f3 el nombramiento.<\/p>\n<p>Cees &#8216;t Hart, presidente del Consejo de Supervisi\u00f3n de KLM, declar\u00f3 sobre el nombramiento un\u00e1nime, \u201cestamos encantados de que Marjan se incorpore como presidenta y directora general el 1\u00b0 de julio. Con su amplia experiencia directiva, comercial y de operaciones, incorporamos a alguien que trabaja de cerca con el personal y que, junto con su equipo, seguir\u00e1 forjando el futuro de KLM, como una compa\u00f1\u00eda enfocada en sus clientes, sostenible y financieramente sana. Estamos convencidos de que su conocimiento del sector, su c\u00edrculo de contactos y su experiencia en el \u00e1mbito pol\u00edtico contribuir\u00e1n a ello.\u201d<\/p>\n<p>Ben Smith, director general del grupo Air France-KLM, coment\u00f3 al respecto, &#8220;estoy muy contento de dar la bienvenida a Marjan a nuestro equipo como nueva directora general de KLM. S\u00e9 que Marjan conseguir\u00e1 hacer que KLM sea a\u00fan m\u00e1s fuerte al seguir capitalizando sobre las fortalezas del Grupo.\u201d<\/p>\n<p>Marjan Rintel mencion\u00f3, &#8220;es un honor para m\u00ed volver a KLM y tomar el relevo de Pieter Elbers. Su trayectoria de 30 a\u00f1os es impresionante. Bajo el liderazgo de Pieter, KLM encontr\u00f3 su camino de ascenso y yo continuar\u00e9 por ese mismo camino. La aviaci\u00f3n vive tiempos de grandes y complejos desaf\u00edos. Soy de la opini\u00f3n de que una empresa holandesa emblem\u00e1tica como KLM, al igual que Dutch Railways, tiene un papel fundamental que desempe\u00f1ar en estos desaf\u00edos sociales y econ\u00f3micos. Cumplir ese papel con \u00e9xito ser\u00e1 mi prioridad desde el primer d\u00eda.\u201d<\/p>\n<p>Se ha pedido al Comit\u00e9 de Empresa de KLM su consejo sobre el nombramiento de Marjan Rintel como directora estatutaria de KLM. El nombramiento se someter\u00e1 a la aprobaci\u00f3n de los accionistas en una junta general extraordinaria programada para tal efecto.<\/p>\n","protected":false},"excerpt":{"rendered":"<p>El Consejo de Supervisi\u00f3n de KLM nombr\u00f3 a Marjan Rintel como nueva presidenta y directora general de KLM Royal Dutch Airlines. Rintel es actualmente presidenta y consejera delegada de Dutch Railways, donde ha trabajado desde noviembre de 2014. Rintel no es una persona nueva en KLM y -antes de incorporarse a Dutch Railways- trabaj\u00f3 para [&hellip;]<\/p>\n","protected":false},"author":17,"featured_media":58817,"comment_status":"open","ping_status":"open","sticky":false,"template":"","format":"standard","meta":{"footnotes":""},"categories":[29],"tags":[2778,23222,22977],"yoast_head":"<!-- This site is optimized with the Yoast SEO plugin v22.2 - https:\/\/yoast.com\/wordpress\/plugins\/seo\/ -->\n<title>Marjan Rintel, nueva directora general de KLM - Nitu - Noticias de la Industria Turistica<\/title>\n<meta name=\"robots\" content=\"index, follow, max-snippet:-1, max-image-preview:large, max-video-preview:-1\" \/>\n<link rel=\"canonical\" href=\"https:\/\/nitu.mx\/index.php\/2022\/03\/31\/marjan-rintel-nueva-directora-general-de-klm\/\" \/>\n<meta name=\"twitter:card\" content=\"summary_large_image\" \/>\n<meta name=\"twitter:title\" content=\"Marjan Rintel, nueva directora general de KLM - Nitu - Noticias de la Industria Turistica\" \/>\n<meta name=\"twitter:description\" content=\"El Consejo de Supervisi\u00f3n de KLM nombr\u00f3 a Marjan Rintel como nueva presidenta y directora general de KLM Royal Dutch Airlines. Rintel es actualmente presidenta y consejera delegada de Dutch Railways, donde ha trabajado desde noviembre de 2014. Rintel no es una persona nueva en KLM y -antes de incorporarse a Dutch Railways- trabaj\u00f3 para [&hellip;]\" \/>\n<meta name=\"twitter:image\" content=\"https:\/\/nitu.mx\/wp-content\/uploads\/2022\/03\/Marjan-Rintel-KLM.jpg\" \/>\n<meta name=\"twitter:creator\" content=\"@NITUmx\" \/>\n<meta name=\"twitter:site\" content=\"@Arturo_Medina_G\" \/>\n<meta name=\"twitter:label1\" content=\"Escrito por\" \/>\n\t<meta name=\"twitter:data1\" content=\"Redacci\u00f3n\" \/>\n\t<meta name=\"twitter:label2\" content=\"Tiempo de lectura\" \/>\n\t<meta name=\"twitter:data2\" content=\"2 minutos\" \/>\n<script type=\"application\/ld+json\" class=\"yoast-schema-graph\">{\"@context\":\"https:\/\/schema.org\",\"@graph\":[{\"@type\":\"Article\",\"@id\":\"https:\/\/nitu.mx\/index.php\/2022\/03\/31\/marjan-rintel-nueva-directora-general-de-klm\/#article\",\"isPartOf\":{\"@id\":\"https:\/\/nitu.mx\/index.php\/2022\/03\/31\/marjan-rintel-nueva-directora-general-de-klm\/\"},\"author\":{\"name\":\"Redacci\u00f3n\",\"@id\":\"https:\/\/nitu.mx\/#\/schema\/person\/4a28fe9bd65924f7c90623773daf1b0b\"},\"headline\":\"Marjan Rintel, nueva directora general de KLM\",\"datePublished\":\"2022-04-01T01:57:33+00:00\",\"dateModified\":\"2022-04-01T07:14:52+00:00\",\"mainEntityOfPage\":{\"@id\":\"https:\/\/nitu.mx\/index.php\/2022\/03\/31\/marjan-rintel-nueva-directora-general-de-klm\/\"},\"wordCount\":414,\"commentCount\":0,\"publisher\":{\"@id\":\"https:\/\/nitu.mx\/#\/schema\/person\/ae7a53426417292d3dd07b45a33e01bc\"},\"image\":{\"@id\":\"https:\/\/nitu.mx\/index.php\/2022\/03\/31\/marjan-rintel-nueva-directora-general-de-klm\/#primaryimage\"},\"thumbnailUrl\":\"https:\/\/nitu.mx\/wp-content\/uploads\/2022\/03\/Marjan-Rintel-KLM.jpg\",\"keywords\":[\"KLM\",\"Marjan Rintel\",\"Pieter Elbers\"],\"articleSection\":[\"Aerol\u00edneas\"],\"inLanguage\":\"es-MX\",\"potentialAction\":[{\"@type\":\"CommentAction\",\"name\":\"Comment\",\"target\":[\"https:\/\/nitu.mx\/index.php\/2022\/03\/31\/marjan-rintel-nueva-directora-general-de-klm\/#respond\"]}]},{\"@type\":\"WebPage\",\"@id\":\"https:\/\/nitu.mx\/index.php\/2022\/03\/31\/marjan-rintel-nueva-directora-general-de-klm\/\",\"url\":\"https:\/\/nitu.mx\/index.php\/2022\/03\/31\/marjan-rintel-nueva-directora-general-de-klm\/\",\"name\":\"Marjan Rintel, nueva directora general de KLM - Nitu - Noticias de la Industria Turistica\",\"isPartOf\":{\"@id\":\"https:\/\/nitu.mx\/#website\"},\"primaryImageOfPage\":{\"@id\":\"https:\/\/nitu.mx\/index.php\/2022\/03\/31\/marjan-rintel-nueva-directora-general-de-klm\/#primaryimage\"},\"image\":{\"@id\":\"https:\/\/nitu.mx\/index.php\/2022\/03\/31\/marjan-rintel-nueva-directora-general-de-klm\/#primaryimage\"},\"thumbnailUrl\":\"https:\/\/nitu.mx\/wp-content\/uploads\/2022\/03\/Marjan-Rintel-KLM.jpg\",\"datePublished\":\"2022-04-01T01:57:33+00:00\",\"dateModified\":\"2022-04-01T07:14:52+00:00\",\"breadcrumb\":{\"@id\":\"https:\/\/nitu.mx\/index.php\/2022\/03\/31\/marjan-rintel-nueva-directora-general-de-klm\/#breadcrumb\"},\"inLanguage\":\"es-MX\",\"potentialAction\":[{\"@type\":\"ReadAction\",\"target\":[\"https:\/\/nitu.mx\/index.php\/2022\/03\/31\/marjan-rintel-nueva-directora-general-de-klm\/\"]}]},{\"@type\":\"ImageObject\",\"inLanguage\":\"es-MX\",\"@id\":\"https:\/\/nitu.mx\/index.php\/2022\/03\/31\/marjan-rintel-nueva-directora-general-de-klm\/#primaryimage\",\"url\":\"https:\/\/nitu.mx\/wp-content\/uploads\/2022\/03\/Marjan-Rintel-KLM.jpg\",\"contentUrl\":\"https:\/\/nitu.mx\/wp-content\/uploads\/2022\/03\/Marjan-Rintel-KLM.jpg\",\"width\":1767,\"height\":1200},{\"@type\":\"BreadcrumbList\",\"@id\":\"https:\/\/nitu.mx\/index.php\/2022\/03\/31\/marjan-rintel-nueva-directora-general-de-klm\/#breadcrumb\",\"itemListElement\":[{\"@type\":\"ListItem\",\"position\":1,\"name\":\"Inicio\",\"item\":\"https:\/\/nitu.mx\/\"},{\"@type\":\"ListItem\",\"position\":2,\"name\":\"Marjan Rintel, nueva directora general de KLM\"}]},{\"@type\":\"WebSite\",\"@id\":\"https:\/\/nitu.mx\/#website\",\"url\":\"https:\/\/nitu.mx\/\",\"name\":\"Nitu - Noticias de la Industria Turistica\",\"description\":\"Noticias de la Industria Turistica\",\"publisher\":{\"@id\":\"https:\/\/nitu.mx\/#\/schema\/person\/ae7a53426417292d3dd07b45a33e01bc\"},\"alternateName\":\"Noticias de la Industria Turistica\",\"potentialAction\":[{\"@type\":\"SearchAction\",\"target\":{\"@type\":\"EntryPoint\",\"urlTemplate\":\"https:\/\/nitu.mx\/?s={search_term_string}\"},\"query-input\":\"required name=search_term_string\"}],\"inLanguage\":\"es-MX\"},{\"@type\":[\"Person\",\"Organization\"],\"@id\":\"https:\/\/nitu.mx\/#\/schema\/person\/ae7a53426417292d3dd07b45a33e01bc\",\"name\":\"Arturo Medina\",\"image\":{\"@type\":\"ImageObject\",\"inLanguage\":\"es-MX\",\"@id\":\"https:\/\/nitu.mx\/#\/schema\/person\/image\/\",\"url\":\"https:\/\/nitu.mx\/wp-content\/uploads\/2024\/04\/4A315622-1904-4D5C-B022-878CDC840E04-90x90-1.jpeg\",\"contentUrl\":\"https:\/\/nitu.mx\/wp-content\/uploads\/2024\/04\/4A315622-1904-4D5C-B022-878CDC840E04-90x90-1.jpeg\",\"width\":90,\"height\":90,\"caption\":\"Arturo Medina\"},\"logo\":{\"@id\":\"https:\/\/nitu.mx\/#\/schema\/person\/image\/\"},\"description\":\"Director NITU.mx, Egresado de la Escuela de Periodismo Carlos Septi\u00e9n Garc\u00eda. Periodista y analista especializado en turismo desde hace 35 a\u00f1os, radicado en Canc\u00fan Q.Roo. arturo@nitu.mx\",\"sameAs\":[\"https:\/\/nitu.mx\",\"https:\/\/www.facebook.com\/NITUmx\/\",\"medinacancun\",\"https:\/\/twitter.com\/@Arturo_Medina_G\"]},{\"@type\":\"Person\",\"@id\":\"https:\/\/nitu.mx\/#\/schema\/person\/4a28fe9bd65924f7c90623773daf1b0b\",\"name\":\"Redacci\u00f3n\",\"image\":{\"@type\":\"ImageObject\",\"inLanguage\":\"es-MX\",\"@id\":\"https:\/\/nitu.mx\/#\/schema\/person\/image\/\",\"url\":\"https:\/\/secure.gravatar.com\/avatar\/5dd011c8ccfc5cd7e4c81e42252aab38?s=96&d=mm&r=g\",\"contentUrl\":\"https:\/\/secure.gravatar.com\/avatar\/5dd011c8ccfc5cd7e4c81e42252aab38?s=96&d=mm&r=g\",\"caption\":\"Redacci\u00f3n\"},\"url\":\"https:\/\/nitu.mx\/index.php\/author\/redaccion\/\"}]}<\/script>\n<!-- \/ Yoast SEO plugin. -->","yoast_head_json":{"title":"Marjan Rintel, nueva directora general de KLM - Nitu - Noticias de la Industria Turistica","robots":{"index":"index","follow":"follow","max-snippet":"max-snippet:-1","max-image-preview":"max-image-preview:large","max-video-preview":"max-video-preview:-1"},"canonical":"https:\/\/nitu.mx\/index.php\/2022\/03\/31\/marjan-rintel-nueva-directora-general-de-klm\/","twitter_card":"summary_large_image","twitter_title":"Marjan Rintel, nueva directora general de KLM - Nitu - Noticias de la Industria Turistica","twitter_description":"El Consejo de Supervisi\u00f3n de KLM nombr\u00f3 a Marjan Rintel como nueva presidenta y directora general de KLM Royal Dutch Airlines. Rintel es actualmente presidenta y consejera delegada de Dutch Railways, donde ha trabajado desde noviembre de 2014. Rintel no es una persona nueva en KLM y -antes de incorporarse a Dutch Railways- trabaj\u00f3 para [&hellip;]","twitter_image":"https:\/\/nitu.mx\/wp-content\/uploads\/2022\/03\/Marjan-Rintel-KLM.jpg","twitter_creator":"@NITUmx","twitter_site":"@Arturo_Medina_G","twitter_misc":{"Escrito por":"Redacci\u00f3n","Tiempo de lectura":"2 minutos"},"schema":{"@context":"https:\/\/schema.org","@graph":[{"@type":"Article","@id":"https:\/\/nitu.mx\/index.php\/2022\/03\/31\/marjan-rintel-nueva-directora-general-de-klm\/#article","isPartOf":{"@id":"https:\/\/nitu.mx\/index.php\/2022\/03\/31\/marjan-rintel-nueva-directora-general-de-klm\/"},"author":{"name":"Redacci\u00f3n","@id":"https:\/\/nitu.mx\/#\/schema\/person\/4a28fe9bd65924f7c90623773daf1b0b"},"headline":"Marjan Rintel, nueva directora general de KLM","datePublished":"2022-04-01T01:57:33+00:00","dateModified":"2022-04-01T07:14:52+00:00","mainEntityOfPage":{"@id":"https:\/\/nitu.mx\/index.php\/2022\/03\/31\/marjan-rintel-nueva-directora-general-de-klm\/"},"wordCount":414,"commentCount":0,"publisher":{"@id":"https:\/\/nitu.mx\/#\/schema\/person\/ae7a53426417292d3dd07b45a33e01bc"},"image":{"@id":"https:\/\/nitu.mx\/index.php\/2022\/03\/31\/marjan-rintel-nueva-directora-general-de-klm\/#primaryimage"},"thumbnailUrl":"https:\/\/nitu.mx\/wp-content\/uploads\/2022\/03\/Marjan-Rintel-KLM.jpg","keywords":["KLM","Marjan Rintel","Pieter Elbers"],"articleSection":["Aerol\u00edneas"],"inLanguage":"es-MX","potentialAction":[{"@type":"CommentAction","name":"Comment","target":["https:\/\/nitu.mx\/index.php\/2022\/03\/31\/marjan-rintel-nueva-directora-general-de-klm\/#respond"]}]},{"@type":"WebPage","@id":"https:\/\/nitu.mx\/index.php\/2022\/03\/31\/marjan-rintel-nueva-directora-general-de-klm\/","url":"https:\/\/nitu.mx\/index.php\/2022\/03\/31\/marjan-rintel-nueva-directora-general-de-klm\/","name":"Marjan Rintel, nueva directora general de KLM - Nitu - Noticias de la Industria Turistica","isPartOf":{"@id":"https:\/\/nitu.mx\/#website"},"primaryImageOfPage":{"@id":"https:\/\/nitu.mx\/index.php\/2022\/03\/31\/marjan-rintel-nueva-directora-general-de-klm\/#primaryimage"},"image":{"@id":"https:\/\/nitu.mx\/index.php\/2022\/03\/31\/marjan-rintel-nueva-directora-general-de-klm\/#primaryimage"},"thumbnailUrl":"https:\/\/nitu.mx\/wp-content\/uploads\/2022\/03\/Marjan-Rintel-KLM.jpg","datePublished":"2022-04-01T01:57:33+00:00","dateModified":"2022-04-01T07:14:52+00:00","breadcrumb":{"@id":"https:\/\/nitu.mx\/index.php\/2022\/03\/31\/marjan-rintel-nueva-directora-general-de-klm\/#breadcrumb"},"inLanguage":"es-MX","potentialAction":[{"@type":"ReadAction","target":["https:\/\/nitu.mx\/index.php\/2022\/03\/31\/marjan-rintel-nueva-directora-general-de-klm\/"]}]},{"@type":"ImageObject","inLanguage":"es-MX","@id":"https:\/\/nitu.mx\/index.php\/2022\/03\/31\/marjan-rintel-nueva-directora-general-de-klm\/#primaryimage","url":"https:\/\/nitu.mx\/wp-content\/uploads\/2022\/03\/Marjan-Rintel-KLM.jpg","contentUrl":"https:\/\/nitu.mx\/wp-content\/uploads\/2022\/03\/Marjan-Rintel-KLM.jpg","width":1767,"height":1200},{"@type":"BreadcrumbList","@id":"https:\/\/nitu.mx\/index.php\/2022\/03\/31\/marjan-rintel-nueva-directora-general-de-klm\/#breadcrumb","itemListElement":[{"@type":"ListItem","position":1,"name":"Inicio","item":"https:\/\/nitu.mx\/"},{"@type":"ListItem","position":2,"name":"Marjan Rintel, nueva directora general de KLM"}]},{"@type":"WebSite","@id":"https:\/\/nitu.mx\/#website","url":"https:\/\/nitu.mx\/","name":"Nitu - Noticias de la Industria Turistica","description":"Noticias de la Industria Turistica","publisher":{"@id":"https:\/\/nitu.mx\/#\/schema\/person\/ae7a53426417292d3dd07b45a33e01bc"},"alternateName":"Noticias de la Industria Turistica","potentialAction":[{"@type":"SearchAction","target":{"@type":"EntryPoint","urlTemplate":"https:\/\/nitu.mx\/?s={search_term_string}"},"query-input":"required name=search_term_string"}],"inLanguage":"es-MX"},{"@type":["Person","Organization"],"@id":"https:\/\/nitu.mx\/#\/schema\/person\/ae7a53426417292d3dd07b45a33e01bc","name":"Arturo Medina","image":{"@type":"ImageObject","inLanguage":"es-MX","@id":"https:\/\/nitu.mx\/#\/schema\/person\/image\/","url":"https:\/\/nitu.mx\/wp-content\/uploads\/2024\/04\/4A315622-1904-4D5C-B022-878CDC840E04-90x90-1.jpeg","contentUrl":"https:\/\/nitu.mx\/wp-content\/uploads\/2024\/04\/4A315622-1904-4D5C-B022-878CDC840E04-90x90-1.jpeg","width":90,"height":90,"caption":"Arturo Medina"},"logo":{"@id":"https:\/\/nitu.mx\/#\/schema\/person\/image\/"},"description":"Director NITU.mx, Egresado de la Escuela de Periodismo Carlos Septi\u00e9n Garc\u00eda. Periodista y analista especializado en turismo desde hace 35 a\u00f1os, radicado en Canc\u00fan Q.Roo. arturo@nitu.mx","sameAs":["https:\/\/nitu.mx","https:\/\/www.facebook.com\/NITUmx\/","medinacancun","https:\/\/twitter.com\/@Arturo_Medina_G"]},{"@type":"Person","@id":"https:\/\/nitu.mx\/#\/schema\/person\/4a28fe9bd65924f7c90623773daf1b0b","name":"Redacci\u00f3n","image":{"@type":"ImageObject","inLanguage":"es-MX","@id":"https:\/\/nitu.mx\/#\/schema\/person\/image\/","url":"https:\/\/secure.gravatar.com\/avatar\/5dd011c8ccfc5cd7e4c81e42252aab38?s=96&d=mm&r=g","contentUrl":"https:\/\/secure.gravatar.com\/avatar\/5dd011c8ccfc5cd7e4c81e42252aab38?s=96&d=mm&r=g","caption":"Redacci\u00f3n"},"url":"https:\/\/nitu.mx\/index.php\/author\/redaccion\/"}]}},"views":280,"_links":{"self":[{"href":"https:\/\/nitu.mx\/index.php\/wp-json\/wp\/v2\/posts\/58779"}],"collection":[{"href":"https:\/\/nitu.mx\/index.php\/wp-json\/wp\/v2\/posts"}],"about":[{"href":"https:\/\/nitu.mx\/index.php\/wp-json\/wp\/v2\/types\/post"}],"author":[{"embeddable":true,"href":"https:\/\/nitu.mx\/index.php\/wp-json\/wp\/v2\/users\/17"}],"replies":[{"embeddable":true,"href":"https:\/\/nitu.mx\/index.php\/wp-json\/wp\/v2\/comments?post=58779"}],"version-history":[{"count":2,"href":"https:\/\/nitu.mx\/index.php\/wp-json\/wp\/v2\/posts\/58779\/revisions"}],"predecessor-version":[{"id":58816,"href":"https:\/\/nitu.mx\/index.php\/wp-json\/wp\/v2\/posts\/58779\/revisions\/58816"}],"wp:featuredmedia":[{"embeddable":true,"href":"https:\/\/nitu.mx\/index.php\/wp-json\/wp\/v2\/media\/58817"}],"wp:attachment":[{"href":"https:\/\/nitu.mx\/index.php\/wp-json\/wp\/v2\/media?parent=58779"}],"wp:term":[{"taxonomy":"category","embeddable":true,"href":"https:\/\/nitu.mx\/index.php\/wp-json\/wp\/v2\/categories?post=58779"},{"taxonomy":"post_tag","embeddable":true,"href":"https:\/\/nitu.mx\/index.php\/wp-json\/wp\/v2\/tags?post=58779"}],"curies":[{"name":"wp","href":"https:\/\/api.w.org\/{rel}","templated":true}]}}