{"id":58763,"date":"2022-03-31T00:16:33","date_gmt":"2022-03-31T05:16:33","guid":{"rendered":"https:\/\/www.dev.nitu.mx\/?p=58763"},"modified":"2022-03-31T00:53:56","modified_gmt":"2022-03-31T05:53:56","slug":"sin-visa-pero-con-un-preregistro-hasta-con-itinerario-pormenorizado-para-colombianos","status":"publish","type":"post","link":"https:\/\/nitu.mx\/index.php\/2022\/03\/31\/sin-visa-pero-con-un-preregistro-hasta-con-itinerario-pormenorizado-para-colombianos\/","title":{"rendered":"Sin visa pero con un preregistro hasta con itinerario pormenorizado para colombianos"},"content":{"rendered":"<p>Luego que la canciller\u00eda tomara como suya la petici\u00f3n de facilitar el acceso los colombianos que continuamente eran rechazados en los filtros de migraci\u00f3n, sugiri\u00f3 como opci\u00f3n un preregistro para evitar que solucionen sus faltantes antes de viajar, sin embargo el requisito es tan detallado que incluso piden pasaporte con mas de seis meses de vigencia y un itinerario pormenorizado de sus actividades.<\/p>\n<p>Las preguntas no son extra\u00f1as, son pr\u00e1cticamente las mismas a las que nos someten algunos pa\u00edses al llegar a sus aeropuertos, lo extra\u00f1o es la forma de aplicarlo a &#8220;rajatabla&#8221;. A partir del pr\u00f3ximo viernes los colombianos que lleguen a M\u00e9xico deber\u00e1n cumplir con este requisito.<\/p>\n<p><img decoding=\"async\" loading=\"lazy\" class=\"aligncenter wp-image-58764 size-full\" src=\"https:\/\/www.dev.nitu.mx\/wp-content\/uploads\/2022\/03\/Captura-de-Pantalla-2022-03-30-a-las-19.22.09.png\" alt=\"\" width=\"792\" height=\"441\" srcset=\"https:\/\/nitu.mx\/wp-content\/uploads\/2022\/03\/Captura-de-Pantalla-2022-03-30-a-las-19.22.09.png 792w, https:\/\/nitu.mx\/wp-content\/uploads\/2022\/03\/Captura-de-Pantalla-2022-03-30-a-las-19.22.09-300x167.png 300w, https:\/\/nitu.mx\/wp-content\/uploads\/2022\/03\/Captura-de-Pantalla-2022-03-30-a-las-19.22.09-768x428.png 768w\" sizes=\"(max-width: 792px) 100vw, 792px\" \/><\/p>\n<p>&nbsp;<\/p>\n<p class=\"font--secondary\">Para evitar que miles de colombianos sean devueltos por parte de las autoridades migratorias en M\u00e9xico, las Canciller\u00edas de ambos pa\u00edses acordaron un plan para que cualquier turista, empresario o estudiante colombiano que compre un pasaje a M\u00e9xico, sea objeto de un chequeo electr\u00f3nico. De esta forma, los agentes del Instituto Nacional de Migraci\u00f3n (INM) de ese pa\u00eds, podr\u00e1n dar un aviso previo al viajero, en caso de no cumplir con los requerimientos exigidos para entrar a M\u00e9xico. La medida empezar\u00e1 a funcionar desde el 1o.\u00a0 de abril.<\/p>\n<p class=\"font--secondary\">M\u00e1s de medio mill\u00f3n de colombianos viajan al a\u00f1o a M\u00e9xico y miles son deportados en cifras cada vez m\u00e1s elevadas. M\u00e9xico neg\u00f3 la entrada a unos seis mil colombianos durante 2021, mientras que Espa\u00f1a, por ejemplo, rechaz\u00f3 a unos 900. \u201cAlgunos colombianos se\u00f1alan que son retenidos sin su pasaporte, sin alimentos y no les permiten comunicarse con nadie<\/p>\n<p class=\"font--secondary\">Estas negociaciones, lograron evitar que Colombia se sume a la lista de pa\u00edses como Ecuador, Bolivia y Brasil, a los que el gobierno mexicano ahora les exige visa para ingresar a ese pa\u00eds. (<a title=\"Avanza legislaci\u00f3n para destrabar obst\u00e1culos de Migraci\u00f3n en Canc\u00fan\" href=\"https:\/\/www.dev.nitu.mx\/index.php\/2022\/03\/09\/avanza-legislacion-para-destrabar-obstaculos-de-migracion-en-cancun\/\" rel=\"bookmark\">Avanza legislaci\u00f3n para destrabar obst\u00e1culos de Migraci\u00f3n en Canc\u00fan<\/a>).<\/p>\n","protected":false},"excerpt":{"rendered":"<p>Luego que la canciller\u00eda tomara como suya la petici\u00f3n de facilitar el acceso los colombianos que continuamente eran rechazados en los filtros de migraci\u00f3n, sugiri\u00f3 como opci\u00f3n un preregistro para evitar que solucionen sus faltantes antes de viajar, sin embargo el requisito es tan detallado que incluso piden pasaporte con mas de seis meses de [&hellip;]<\/p>\n","protected":false},"author":2,"featured_media":47108,"comment_status":"open","ping_status":"open","sticky":false,"template":"","format":"standard","meta":{"footnotes":""},"categories":[5],"tags":[6583,13768,3120,23219,3010],"yoast_head":"<!-- This site is optimized with the Yoast SEO plugin v22.2 - https:\/\/yoast.com\/wordpress\/plugins\/seo\/ -->\n<title>Sin visa pero con un preregistro hasta con itinerario pormenorizado para colombianos - Nitu - Noticias de la Industria Turistica<\/title>\n<meta name=\"robots\" content=\"index, follow, max-snippet:-1, max-image-preview:large, max-video-preview:-1\" \/>\n<link rel=\"canonical\" href=\"https:\/\/nitu.mx\/index.php\/2022\/03\/31\/sin-visa-pero-con-un-preregistro-hasta-con-itinerario-pormenorizado-para-colombianos\/\" \/>\n<meta name=\"twitter:card\" content=\"summary_large_image\" \/>\n<meta name=\"twitter:title\" content=\"Sin visa pero con un preregistro hasta con itinerario pormenorizado para colombianos - Nitu - Noticias de la Industria Turistica\" \/>\n<meta name=\"twitter:description\" content=\"Luego que la canciller\u00eda tomara como suya la petici\u00f3n de facilitar el acceso los colombianos que continuamente eran rechazados en los filtros de migraci\u00f3n, sugiri\u00f3 como opci\u00f3n un preregistro para evitar que solucionen sus faltantes antes de viajar, sin embargo el requisito es tan detallado que incluso piden pasaporte con mas de seis meses de [&hellip;]\" \/>\n<meta name=\"twitter:image\" content=\"https:\/\/nitu.mx\/wp-content\/uploads\/2020\/10\/turistas-huraca\u0301n-delta-sedetur.jpg\" \/>\n<meta name=\"twitter:creator\" content=\"@Arturo_Medina_G\" \/>\n<meta name=\"twitter:site\" content=\"@Arturo_Medina_G\" \/>\n<meta name=\"twitter:label1\" content=\"Escrito por\" \/>\n\t<meta name=\"twitter:data1\" content=\"Arturo Medina\" \/>\n\t<meta name=\"twitter:label2\" content=\"Tiempo de lectura\" \/>\n\t<meta name=\"twitter:data2\" content=\"2 minutos\" \/>\n<script type=\"application\/ld+json\" class=\"yoast-schema-graph\">{\"@context\":\"https:\/\/schema.org\",\"@graph\":[{\"@type\":\"Article\",\"@id\":\"https:\/\/nitu.mx\/index.php\/2022\/03\/31\/sin-visa-pero-con-un-preregistro-hasta-con-itinerario-pormenorizado-para-colombianos\/#article\",\"isPartOf\":{\"@id\":\"https:\/\/nitu.mx\/index.php\/2022\/03\/31\/sin-visa-pero-con-un-preregistro-hasta-con-itinerario-pormenorizado-para-colombianos\/\"},\"author\":{\"name\":\"Arturo Medina\",\"@id\":\"https:\/\/nitu.mx\/#\/schema\/person\/ae7a53426417292d3dd07b45a33e01bc\"},\"headline\":\"Sin visa pero con un preregistro hasta con itinerario pormenorizado para colombianos\",\"datePublished\":\"2022-03-31T05:16:33+00:00\",\"dateModified\":\"2022-03-31T05:53:56+00:00\",\"mainEntityOfPage\":{\"@id\":\"https:\/\/nitu.mx\/index.php\/2022\/03\/31\/sin-visa-pero-con-un-preregistro-hasta-con-itinerario-pormenorizado-para-colombianos\/\"},\"wordCount\":343,\"commentCount\":0,\"publisher\":{\"@id\":\"https:\/\/nitu.mx\/#\/schema\/person\/ae7a53426417292d3dd07b45a33e01bc\"},\"image\":{\"@id\":\"https:\/\/nitu.mx\/index.php\/2022\/03\/31\/sin-visa-pero-con-un-preregistro-hasta-con-itinerario-pormenorizado-para-colombianos\/#primaryimage\"},\"thumbnailUrl\":\"https:\/\/nitu.mx\/wp-content\/uploads\/2020\/10\/turistas-huraca\u0301n-delta-sedetur.jpg\",\"keywords\":[\"colombianos\",\"INM\",\"Migraci\u00f3n\",\"preregistro\",\"Visa\"],\"articleSection\":[\"Destinos\"],\"inLanguage\":\"es-MX\",\"potentialAction\":[{\"@type\":\"CommentAction\",\"name\":\"Comment\",\"target\":[\"https:\/\/nitu.mx\/index.php\/2022\/03\/31\/sin-visa-pero-con-un-preregistro-hasta-con-itinerario-pormenorizado-para-colombianos\/#respond\"]}]},{\"@type\":\"WebPage\",\"@id\":\"https:\/\/nitu.mx\/index.php\/2022\/03\/31\/sin-visa-pero-con-un-preregistro-hasta-con-itinerario-pormenorizado-para-colombianos\/\",\"url\":\"https:\/\/nitu.mx\/index.php\/2022\/03\/31\/sin-visa-pero-con-un-preregistro-hasta-con-itinerario-pormenorizado-para-colombianos\/\",\"name\":\"Sin visa pero con un preregistro hasta con itinerario pormenorizado para colombianos - Nitu - Noticias de la Industria Turistica\",\"isPartOf\":{\"@id\":\"https:\/\/nitu.mx\/#website\"},\"primaryImageOfPage\":{\"@id\":\"https:\/\/nitu.mx\/index.php\/2022\/03\/31\/sin-visa-pero-con-un-preregistro-hasta-con-itinerario-pormenorizado-para-colombianos\/#primaryimage\"},\"image\":{\"@id\":\"https:\/\/nitu.mx\/index.php\/2022\/03\/31\/sin-visa-pero-con-un-preregistro-hasta-con-itinerario-pormenorizado-para-colombianos\/#primaryimage\"},\"thumbnailUrl\":\"https:\/\/nitu.mx\/wp-content\/uploads\/2020\/10\/turistas-huraca\u0301n-delta-sedetur.jpg\",\"datePublished\":\"2022-03-31T05:16:33+00:00\",\"dateModified\":\"2022-03-31T05:53:56+00:00\",\"breadcrumb\":{\"@id\":\"https:\/\/nitu.mx\/index.php\/2022\/03\/31\/sin-visa-pero-con-un-preregistro-hasta-con-itinerario-pormenorizado-para-colombianos\/#breadcrumb\"},\"inLanguage\":\"es-MX\",\"potentialAction\":[{\"@type\":\"ReadAction\",\"target\":[\"https:\/\/nitu.mx\/index.php\/2022\/03\/31\/sin-visa-pero-con-un-preregistro-hasta-con-itinerario-pormenorizado-para-colombianos\/\"]}]},{\"@type\":\"ImageObject\",\"inLanguage\":\"es-MX\",\"@id\":\"https:\/\/nitu.mx\/index.php\/2022\/03\/31\/sin-visa-pero-con-un-preregistro-hasta-con-itinerario-pormenorizado-para-colombianos\/#primaryimage\",\"url\":\"https:\/\/nitu.mx\/wp-content\/uploads\/2020\/10\/turistas-huraca\u0301n-delta-sedetur.jpg\",\"contentUrl\":\"https:\/\/nitu.mx\/wp-content\/uploads\/2020\/10\/turistas-huraca\u0301n-delta-sedetur.jpg\",\"width\":1200,\"height\":675},{\"@type\":\"BreadcrumbList\",\"@id\":\"https:\/\/nitu.mx\/index.php\/2022\/03\/31\/sin-visa-pero-con-un-preregistro-hasta-con-itinerario-pormenorizado-para-colombianos\/#breadcrumb\",\"itemListElement\":[{\"@type\":\"ListItem\",\"position\":1,\"name\":\"Inicio\",\"item\":\"https:\/\/nitu.mx\/\"},{\"@type\":\"ListItem\",\"position\":2,\"name\":\"Sin visa pero con un preregistro hasta con itinerario pormenorizado para colombianos\"}]},{\"@type\":\"WebSite\",\"@id\":\"https:\/\/nitu.mx\/#website\",\"url\":\"https:\/\/nitu.mx\/\",\"name\":\"Nitu - Noticias de la Industria Turistica\",\"description\":\"Noticias de la Industria Turistica\",\"publisher\":{\"@id\":\"https:\/\/nitu.mx\/#\/schema\/person\/ae7a53426417292d3dd07b45a33e01bc\"},\"alternateName\":\"Noticias de la Industria Turistica\",\"potentialAction\":[{\"@type\":\"SearchAction\",\"target\":{\"@type\":\"EntryPoint\",\"urlTemplate\":\"https:\/\/nitu.mx\/?s={search_term_string}\"},\"query-input\":\"required name=search_term_string\"}],\"inLanguage\":\"es-MX\"},{\"@type\":[\"Person\",\"Organization\"],\"@id\":\"https:\/\/nitu.mx\/#\/schema\/person\/ae7a53426417292d3dd07b45a33e01bc\",\"name\":\"Arturo Medina\",\"image\":{\"@type\":\"ImageObject\",\"inLanguage\":\"es-MX\",\"@id\":\"https:\/\/nitu.mx\/#\/schema\/person\/image\/\",\"url\":\"https:\/\/nitu.mx\/wp-content\/uploads\/2024\/04\/4A315622-1904-4D5C-B022-878CDC840E04-90x90-1.jpeg\",\"contentUrl\":\"https:\/\/nitu.mx\/wp-content\/uploads\/2024\/04\/4A315622-1904-4D5C-B022-878CDC840E04-90x90-1.jpeg\",\"width\":90,\"height\":90,\"caption\":\"Arturo Medina\"},\"logo\":{\"@id\":\"https:\/\/nitu.mx\/#\/schema\/person\/image\/\"},\"description\":\"Director NITU.mx, Egresado de la Escuela de Periodismo Carlos Septi\u00e9n Garc\u00eda. Periodista y analista especializado en turismo desde hace 35 a\u00f1os, radicado en Canc\u00fan Q.Roo. arturo@nitu.mx\",\"sameAs\":[\"https:\/\/nitu.mx\",\"https:\/\/www.facebook.com\/NITUmx\/\",\"medinacancun\",\"https:\/\/twitter.com\/@Arturo_Medina_G\"],\"url\":\"https:\/\/nitu.mx\/index.php\/author\/arturo-medina\/\"}]}<\/script>\n<!-- \/ Yoast SEO plugin. -->","yoast_head_json":{"title":"Sin visa pero con un preregistro hasta con itinerario pormenorizado para colombianos - Nitu - Noticias de la Industria Turistica","robots":{"index":"index","follow":"follow","max-snippet":"max-snippet:-1","max-image-preview":"max-image-preview:large","max-video-preview":"max-video-preview:-1"},"canonical":"https:\/\/nitu.mx\/index.php\/2022\/03\/31\/sin-visa-pero-con-un-preregistro-hasta-con-itinerario-pormenorizado-para-colombianos\/","twitter_card":"summary_large_image","twitter_title":"Sin visa pero con un preregistro hasta con itinerario pormenorizado para colombianos - Nitu - Noticias de la Industria Turistica","twitter_description":"Luego que la canciller\u00eda tomara como suya la petici\u00f3n de facilitar el acceso los colombianos que continuamente eran rechazados en los filtros de migraci\u00f3n, sugiri\u00f3 como opci\u00f3n un preregistro para evitar que solucionen sus faltantes antes de viajar, sin embargo el requisito es tan detallado que incluso piden pasaporte con mas de seis meses de [&hellip;]","twitter_image":"https:\/\/nitu.mx\/wp-content\/uploads\/2020\/10\/turistas-huraca\u0301n-delta-sedetur.jpg","twitter_creator":"@Arturo_Medina_G","twitter_site":"@Arturo_Medina_G","twitter_misc":{"Escrito por":"Arturo Medina","Tiempo de lectura":"2 minutos"},"schema":{"@context":"https:\/\/schema.org","@graph":[{"@type":"Article","@id":"https:\/\/nitu.mx\/index.php\/2022\/03\/31\/sin-visa-pero-con-un-preregistro-hasta-con-itinerario-pormenorizado-para-colombianos\/#article","isPartOf":{"@id":"https:\/\/nitu.mx\/index.php\/2022\/03\/31\/sin-visa-pero-con-un-preregistro-hasta-con-itinerario-pormenorizado-para-colombianos\/"},"author":{"name":"Arturo Medina","@id":"https:\/\/nitu.mx\/#\/schema\/person\/ae7a53426417292d3dd07b45a33e01bc"},"headline":"Sin visa pero con un preregistro hasta con itinerario pormenorizado para colombianos","datePublished":"2022-03-31T05:16:33+00:00","dateModified":"2022-03-31T05:53:56+00:00","mainEntityOfPage":{"@id":"https:\/\/nitu.mx\/index.php\/2022\/03\/31\/sin-visa-pero-con-un-preregistro-hasta-con-itinerario-pormenorizado-para-colombianos\/"},"wordCount":343,"commentCount":0,"publisher":{"@id":"https:\/\/nitu.mx\/#\/schema\/person\/ae7a53426417292d3dd07b45a33e01bc"},"image":{"@id":"https:\/\/nitu.mx\/index.php\/2022\/03\/31\/sin-visa-pero-con-un-preregistro-hasta-con-itinerario-pormenorizado-para-colombianos\/#primaryimage"},"thumbnailUrl":"https:\/\/nitu.mx\/wp-content\/uploads\/2020\/10\/turistas-huraca\u0301n-delta-sedetur.jpg","keywords":["colombianos","INM","Migraci\u00f3n","preregistro","Visa"],"articleSection":["Destinos"],"inLanguage":"es-MX","potentialAction":[{"@type":"CommentAction","name":"Comment","target":["https:\/\/nitu.mx\/index.php\/2022\/03\/31\/sin-visa-pero-con-un-preregistro-hasta-con-itinerario-pormenorizado-para-colombianos\/#respond"]}]},{"@type":"WebPage","@id":"https:\/\/nitu.mx\/index.php\/2022\/03\/31\/sin-visa-pero-con-un-preregistro-hasta-con-itinerario-pormenorizado-para-colombianos\/","url":"https:\/\/nitu.mx\/index.php\/2022\/03\/31\/sin-visa-pero-con-un-preregistro-hasta-con-itinerario-pormenorizado-para-colombianos\/","name":"Sin visa pero con un preregistro hasta con itinerario pormenorizado para colombianos - Nitu - Noticias de la Industria Turistica","isPartOf":{"@id":"https:\/\/nitu.mx\/#website"},"primaryImageOfPage":{"@id":"https:\/\/nitu.mx\/index.php\/2022\/03\/31\/sin-visa-pero-con-un-preregistro-hasta-con-itinerario-pormenorizado-para-colombianos\/#primaryimage"},"image":{"@id":"https:\/\/nitu.mx\/index.php\/2022\/03\/31\/sin-visa-pero-con-un-preregistro-hasta-con-itinerario-pormenorizado-para-colombianos\/#primaryimage"},"thumbnailUrl":"https:\/\/nitu.mx\/wp-content\/uploads\/2020\/10\/turistas-huraca\u0301n-delta-sedetur.jpg","datePublished":"2022-03-31T05:16:33+00:00","dateModified":"2022-03-31T05:53:56+00:00","breadcrumb":{"@id":"https:\/\/nitu.mx\/index.php\/2022\/03\/31\/sin-visa-pero-con-un-preregistro-hasta-con-itinerario-pormenorizado-para-colombianos\/#breadcrumb"},"inLanguage":"es-MX","potentialAction":[{"@type":"ReadAction","target":["https:\/\/nitu.mx\/index.php\/2022\/03\/31\/sin-visa-pero-con-un-preregistro-hasta-con-itinerario-pormenorizado-para-colombianos\/"]}]},{"@type":"ImageObject","inLanguage":"es-MX","@id":"https:\/\/nitu.mx\/index.php\/2022\/03\/31\/sin-visa-pero-con-un-preregistro-hasta-con-itinerario-pormenorizado-para-colombianos\/#primaryimage","url":"https:\/\/nitu.mx\/wp-content\/uploads\/2020\/10\/turistas-huraca\u0301n-delta-sedetur.jpg","contentUrl":"https:\/\/nitu.mx\/wp-content\/uploads\/2020\/10\/turistas-huraca\u0301n-delta-sedetur.jpg","width":1200,"height":675},{"@type":"BreadcrumbList","@id":"https:\/\/nitu.mx\/index.php\/2022\/03\/31\/sin-visa-pero-con-un-preregistro-hasta-con-itinerario-pormenorizado-para-colombianos\/#breadcrumb","itemListElement":[{"@type":"ListItem","position":1,"name":"Inicio","item":"https:\/\/nitu.mx\/"},{"@type":"ListItem","position":2,"name":"Sin visa pero con un preregistro hasta con itinerario pormenorizado para colombianos"}]},{"@type":"WebSite","@id":"https:\/\/nitu.mx\/#website","url":"https:\/\/nitu.mx\/","name":"Nitu - Noticias de la Industria Turistica","description":"Noticias de la Industria Turistica","publisher":{"@id":"https:\/\/nitu.mx\/#\/schema\/person\/ae7a53426417292d3dd07b45a33e01bc"},"alternateName":"Noticias de la Industria Turistica","potentialAction":[{"@type":"SearchAction","target":{"@type":"EntryPoint","urlTemplate":"https:\/\/nitu.mx\/?s={search_term_string}"},"query-input":"required name=search_term_string"}],"inLanguage":"es-MX"},{"@type":["Person","Organization"],"@id":"https:\/\/nitu.mx\/#\/schema\/person\/ae7a53426417292d3dd07b45a33e01bc","name":"Arturo Medina","image":{"@type":"ImageObject","inLanguage":"es-MX","@id":"https:\/\/nitu.mx\/#\/schema\/person\/image\/","url":"https:\/\/nitu.mx\/wp-content\/uploads\/2024\/04\/4A315622-1904-4D5C-B022-878CDC840E04-90x90-1.jpeg","contentUrl":"https:\/\/nitu.mx\/wp-content\/uploads\/2024\/04\/4A315622-1904-4D5C-B022-878CDC840E04-90x90-1.jpeg","width":90,"height":90,"caption":"Arturo Medina"},"logo":{"@id":"https:\/\/nitu.mx\/#\/schema\/person\/image\/"},"description":"Director NITU.mx, Egresado de la Escuela de Periodismo Carlos Septi\u00e9n Garc\u00eda. Periodista y analista especializado en turismo desde hace 35 a\u00f1os, radicado en Canc\u00fan Q.Roo. arturo@nitu.mx","sameAs":["https:\/\/nitu.mx","https:\/\/www.facebook.com\/NITUmx\/","medinacancun","https:\/\/twitter.com\/@Arturo_Medina_G"],"url":"https:\/\/nitu.mx\/index.php\/author\/arturo-medina\/"}]}},"views":740,"_links":{"self":[{"href":"https:\/\/nitu.mx\/index.php\/wp-json\/wp\/v2\/posts\/58763"}],"collection":[{"href":"https:\/\/nitu.mx\/index.php\/wp-json\/wp\/v2\/posts"}],"about":[{"href":"https:\/\/nitu.mx\/index.php\/wp-json\/wp\/v2\/types\/post"}],"author":[{"embeddable":true,"href":"https:\/\/nitu.mx\/index.php\/wp-json\/wp\/v2\/users\/2"}],"replies":[{"embeddable":true,"href":"https:\/\/nitu.mx\/index.php\/wp-json\/wp\/v2\/comments?post=58763"}],"version-history":[{"count":3,"href":"https:\/\/nitu.mx\/index.php\/wp-json\/wp\/v2\/posts\/58763\/revisions"}],"predecessor-version":[{"id":58767,"href":"https:\/\/nitu.mx\/index.php\/wp-json\/wp\/v2\/posts\/58763\/revisions\/58767"}],"wp:featuredmedia":[{"embeddable":true,"href":"https:\/\/nitu.mx\/index.php\/wp-json\/wp\/v2\/media\/47108"}],"wp:attachment":[{"href":"https:\/\/nitu.mx\/index.php\/wp-json\/wp\/v2\/media?parent=58763"}],"wp:term":[{"taxonomy":"category","embeddable":true,"href":"https:\/\/nitu.mx\/index.php\/wp-json\/wp\/v2\/categories?post=58763"},{"taxonomy":"post_tag","embeddable":true,"href":"https:\/\/nitu.mx\/index.php\/wp-json\/wp\/v2\/tags?post=58763"}],"curies":[{"name":"wp","href":"https:\/\/api.w.org\/{rel}","templated":true}]}}