{"id":58746,"date":"2022-03-30T02:20:35","date_gmt":"2022-03-30T07:20:35","guid":{"rendered":"https:\/\/www.dev.nitu.mx\/?p=58746"},"modified":"2022-03-30T02:30:52","modified_gmt":"2022-03-30T07:30:52","slug":"puerto-vallarta-y-riviera-nayarit-continuaran-con-promocion-conjunta","status":"publish","type":"post","link":"https:\/\/nitu.mx\/index.php\/2022\/03\/30\/puerto-vallarta-y-riviera-nayarit-continuaran-con-promocion-conjunta\/","title":{"rendered":"Puerto Vallarta y Riviera Nayarit continuar\u00e1n con promoci\u00f3n conjunta"},"content":{"rendered":"<p>Pese a la divisi\u00f3n generada en febrero pasado cuando el gobierno nayarita quiso desprenderse de la imagen de Nuevo Vallarta, los fideicomisos de promoci\u00f3n de Puerto Vallarta y Riviera Nayarit refrendaron su compromiso de seguir conjuntos en la promoci\u00f3n tur\u00edstica.<\/p>\n<p>Con este objetivo, el\u00a0Fideicomiso P\u00fablico para la Promoci\u00f3n y Publicidad Tur\u00edstica de Puerto Vallarta y el Fideicomiso de Promoci\u00f3n Tur\u00edstica del Estado de Nayarit, firmaron un convenio con el que apoyar\u00e1n la promoci\u00f3n tur\u00edstica del binomio tur\u00edstico del Pac\u00edfico Mexicano.<\/p>\n<p>Para lograrlo, contar\u00e1n con una bolsa conjunta de tres millones de d\u00f3lares, con los que llegar\u00e1n a los principales mercados tur\u00edsticos internacionales de Estados Unidos, Canad\u00e1 y Europa.<\/p>\n<p>La alianza de Puerto Vallarta y Riviera Nayarit seguir\u00e1 con los trabajos estrat\u00e9gicos que realizan para impulsar la llegada de m\u00e1s visitantes.<\/p>\n<p>La sinergia se espera traiga excelentes resultados a estos destinos que lograron tan solo en 2021 alrededor de 20 mil 542 frecuencias a\u00e9reas hacia el Aeropuerto Internacional de Puerto Vallarta.<\/p>\n<p>De esta manera llegaron un mill\u00f3n 135 mil 700 pasajeros que llegaron a ambas franjas tur\u00edsticas.<\/p>\n<p>En lo que va de este a\u00f1o, han recibido seis mil 824 frecuencias a\u00e9reas y m\u00e1s de 314 mil 50 pasajeros, lo cual permite visibilizar altas expectativas durante este 2022 para Puerto Vallarta y Riviera Nayarit.<\/p>\n<p>La terminal a\u00e9rea ha mostrado una importante recuperaci\u00f3n e incluso ya integr\u00f3 nuevas rutas. Adem\u00e1s, se trabaja en obras de ampliaci\u00f3n para contar con m\u00e1s capacidad de operaciones y pasajeros.<\/p>\n<p>La realizaci\u00f3n de Gala Puerto Vallarta \u2013 Riviera Nayarit fue otro ejemplo de trabajo conjunto de promoci\u00f3n de estos destinos, en donde reunieron operadores mayoristas con proveedores de servicios para fortalecer las reservas.<\/p>\n<p>Cuando ambos destinos tur\u00edsticos decidieron trabajar en conjunto hace ya m\u00e1s de 10 a\u00f1os, el objetivo era ir de la mano en la b\u00fasqueda de viajeros internacionales, lo que seguir\u00e1 en pie.<\/p>\n<p>El resultado en el mediano plazo fue consolidar a Puerto Vallarta y Riviera Nayarit como el tercer destino tur\u00edstico m\u00e1s importante de M\u00e9xico, solo detr\u00e1s de Canc\u00fan y Los Cabos, que adem\u00e1s tiene una amplia oferta para todos los segmentos tur\u00edsticos.<\/p>\n","protected":false},"excerpt":{"rendered":"<p>Pese a la divisi\u00f3n generada en febrero pasado cuando el gobierno nayarita quiso desprenderse de la imagen de Nuevo Vallarta, los fideicomisos de promoci\u00f3n de Puerto Vallarta y Riviera Nayarit refrendaron su compromiso de seguir conjuntos en la promoci\u00f3n tur\u00edstica. Con este objetivo, el\u00a0Fideicomiso P\u00fablico para la Promoci\u00f3n y Publicidad Tur\u00edstica de Puerto Vallarta y [&hellip;]<\/p>\n","protected":false},"author":17,"featured_media":58755,"comment_status":"open","ping_status":"open","sticky":false,"template":"","format":"standard","meta":{"footnotes":""},"categories":[12],"tags":[23213,471,537],"yoast_head":"<!-- This site is optimized with the Yoast SEO plugin v22.2 - https:\/\/yoast.com\/wordpress\/plugins\/seo\/ -->\n<title>Puerto Vallarta y Riviera Nayarit continuar\u00e1n con promoci\u00f3n conjunta - Nitu - Noticias de la Industria Turistica<\/title>\n<meta name=\"robots\" content=\"index, follow, max-snippet:-1, max-image-preview:large, max-video-preview:-1\" \/>\n<link rel=\"canonical\" href=\"https:\/\/nitu.mx\/index.php\/2022\/03\/30\/puerto-vallarta-y-riviera-nayarit-continuaran-con-promocion-conjunta\/\" \/>\n<meta name=\"twitter:card\" content=\"summary_large_image\" \/>\n<meta name=\"twitter:title\" content=\"Puerto Vallarta y Riviera Nayarit continuar\u00e1n con promoci\u00f3n conjunta - Nitu - Noticias de la Industria Turistica\" \/>\n<meta name=\"twitter:description\" content=\"Pese a la divisi\u00f3n generada en febrero pasado cuando el gobierno nayarita quiso desprenderse de la imagen de Nuevo Vallarta, los fideicomisos de promoci\u00f3n de Puerto Vallarta y Riviera Nayarit refrendaron su compromiso de seguir conjuntos en la promoci\u00f3n tur\u00edstica. Con este objetivo, el\u00a0Fideicomiso P\u00fablico para la Promoci\u00f3n y Publicidad Tur\u00edstica de Puerto Vallarta y [&hellip;]\" \/>\n<meta name=\"twitter:image\" content=\"https:\/\/nitu.mx\/wp-content\/uploads\/2022\/03\/Puerto-Vallarta-y-Riviera-Nayarit.jpg\" \/>\n<meta name=\"twitter:creator\" content=\"@NITUmx\" \/>\n<meta name=\"twitter:site\" content=\"@Arturo_Medina_G\" \/>\n<meta name=\"twitter:label1\" content=\"Escrito por\" \/>\n\t<meta name=\"twitter:data1\" content=\"Redacci\u00f3n\" \/>\n\t<meta name=\"twitter:label2\" content=\"Tiempo de lectura\" \/>\n\t<meta name=\"twitter:data2\" content=\"2 minutos\" \/>\n<script type=\"application\/ld+json\" class=\"yoast-schema-graph\">{\"@context\":\"https:\/\/schema.org\",\"@graph\":[{\"@type\":\"Article\",\"@id\":\"https:\/\/nitu.mx\/index.php\/2022\/03\/30\/puerto-vallarta-y-riviera-nayarit-continuaran-con-promocion-conjunta\/#article\",\"isPartOf\":{\"@id\":\"https:\/\/nitu.mx\/index.php\/2022\/03\/30\/puerto-vallarta-y-riviera-nayarit-continuaran-con-promocion-conjunta\/\"},\"author\":{\"name\":\"Redacci\u00f3n\",\"@id\":\"https:\/\/nitu.mx\/#\/schema\/person\/4a28fe9bd65924f7c90623773daf1b0b\"},\"headline\":\"Puerto Vallarta y Riviera Nayarit continuar\u00e1n con promoci\u00f3n conjunta\",\"datePublished\":\"2022-03-30T07:20:35+00:00\",\"dateModified\":\"2022-03-30T07:30:52+00:00\",\"mainEntityOfPage\":{\"@id\":\"https:\/\/nitu.mx\/index.php\/2022\/03\/30\/puerto-vallarta-y-riviera-nayarit-continuaran-con-promocion-conjunta\/\"},\"wordCount\":393,\"commentCount\":0,\"publisher\":{\"@id\":\"https:\/\/nitu.mx\/#\/schema\/person\/ae7a53426417292d3dd07b45a33e01bc\"},\"image\":{\"@id\":\"https:\/\/nitu.mx\/index.php\/2022\/03\/30\/puerto-vallarta-y-riviera-nayarit-continuaran-con-promocion-conjunta\/#primaryimage\"},\"thumbnailUrl\":\"https:\/\/nitu.mx\/wp-content\/uploads\/2022\/03\/Puerto-Vallarta-y-Riviera-Nayarit.jpg\",\"keywords\":[\"Promoci\u00f3n conjunta\",\"Puerto Vallarta\",\"Riviera Nayarit\"],\"articleSection\":[\"Marketing\"],\"inLanguage\":\"es-MX\",\"potentialAction\":[{\"@type\":\"CommentAction\",\"name\":\"Comment\",\"target\":[\"https:\/\/nitu.mx\/index.php\/2022\/03\/30\/puerto-vallarta-y-riviera-nayarit-continuaran-con-promocion-conjunta\/#respond\"]}]},{\"@type\":\"WebPage\",\"@id\":\"https:\/\/nitu.mx\/index.php\/2022\/03\/30\/puerto-vallarta-y-riviera-nayarit-continuaran-con-promocion-conjunta\/\",\"url\":\"https:\/\/nitu.mx\/index.php\/2022\/03\/30\/puerto-vallarta-y-riviera-nayarit-continuaran-con-promocion-conjunta\/\",\"name\":\"Puerto Vallarta y Riviera Nayarit continuar\u00e1n con promoci\u00f3n conjunta - Nitu - Noticias de la Industria Turistica\",\"isPartOf\":{\"@id\":\"https:\/\/nitu.mx\/#website\"},\"primaryImageOfPage\":{\"@id\":\"https:\/\/nitu.mx\/index.php\/2022\/03\/30\/puerto-vallarta-y-riviera-nayarit-continuaran-con-promocion-conjunta\/#primaryimage\"},\"image\":{\"@id\":\"https:\/\/nitu.mx\/index.php\/2022\/03\/30\/puerto-vallarta-y-riviera-nayarit-continuaran-con-promocion-conjunta\/#primaryimage\"},\"thumbnailUrl\":\"https:\/\/nitu.mx\/wp-content\/uploads\/2022\/03\/Puerto-Vallarta-y-Riviera-Nayarit.jpg\",\"datePublished\":\"2022-03-30T07:20:35+00:00\",\"dateModified\":\"2022-03-30T07:30:52+00:00\",\"breadcrumb\":{\"@id\":\"https:\/\/nitu.mx\/index.php\/2022\/03\/30\/puerto-vallarta-y-riviera-nayarit-continuaran-con-promocion-conjunta\/#breadcrumb\"},\"inLanguage\":\"es-MX\",\"potentialAction\":[{\"@type\":\"ReadAction\",\"target\":[\"https:\/\/nitu.mx\/index.php\/2022\/03\/30\/puerto-vallarta-y-riviera-nayarit-continuaran-con-promocion-conjunta\/\"]}]},{\"@type\":\"ImageObject\",\"inLanguage\":\"es-MX\",\"@id\":\"https:\/\/nitu.mx\/index.php\/2022\/03\/30\/puerto-vallarta-y-riviera-nayarit-continuaran-con-promocion-conjunta\/#primaryimage\",\"url\":\"https:\/\/nitu.mx\/wp-content\/uploads\/2022\/03\/Puerto-Vallarta-y-Riviera-Nayarit.jpg\",\"contentUrl\":\"https:\/\/nitu.mx\/wp-content\/uploads\/2022\/03\/Puerto-Vallarta-y-Riviera-Nayarit.jpg\",\"width\":1200,\"height\":675},{\"@type\":\"BreadcrumbList\",\"@id\":\"https:\/\/nitu.mx\/index.php\/2022\/03\/30\/puerto-vallarta-y-riviera-nayarit-continuaran-con-promocion-conjunta\/#breadcrumb\",\"itemListElement\":[{\"@type\":\"ListItem\",\"position\":1,\"name\":\"Inicio\",\"item\":\"https:\/\/nitu.mx\/\"},{\"@type\":\"ListItem\",\"position\":2,\"name\":\"Puerto Vallarta y Riviera Nayarit continuar\u00e1n con promoci\u00f3n conjunta\"}]},{\"@type\":\"WebSite\",\"@id\":\"https:\/\/nitu.mx\/#website\",\"url\":\"https:\/\/nitu.mx\/\",\"name\":\"Nitu - Noticias de la Industria Turistica\",\"description\":\"Noticias de la Industria Turistica\",\"publisher\":{\"@id\":\"https:\/\/nitu.mx\/#\/schema\/person\/ae7a53426417292d3dd07b45a33e01bc\"},\"alternateName\":\"Noticias de la Industria Turistica\",\"potentialAction\":[{\"@type\":\"SearchAction\",\"target\":{\"@type\":\"EntryPoint\",\"urlTemplate\":\"https:\/\/nitu.mx\/?s={search_term_string}\"},\"query-input\":\"required name=search_term_string\"}],\"inLanguage\":\"es-MX\"},{\"@type\":[\"Person\",\"Organization\"],\"@id\":\"https:\/\/nitu.mx\/#\/schema\/person\/ae7a53426417292d3dd07b45a33e01bc\",\"name\":\"Arturo Medina\",\"image\":{\"@type\":\"ImageObject\",\"inLanguage\":\"es-MX\",\"@id\":\"https:\/\/nitu.mx\/#\/schema\/person\/image\/\",\"url\":\"https:\/\/nitu.mx\/wp-content\/uploads\/2024\/04\/4A315622-1904-4D5C-B022-878CDC840E04-90x90-1.jpeg\",\"contentUrl\":\"https:\/\/nitu.mx\/wp-content\/uploads\/2024\/04\/4A315622-1904-4D5C-B022-878CDC840E04-90x90-1.jpeg\",\"width\":90,\"height\":90,\"caption\":\"Arturo Medina\"},\"logo\":{\"@id\":\"https:\/\/nitu.mx\/#\/schema\/person\/image\/\"},\"description\":\"Director NITU.mx, Egresado de la Escuela de Periodismo Carlos Septi\u00e9n Garc\u00eda. Periodista y analista especializado en turismo desde hace 35 a\u00f1os, radicado en Canc\u00fan Q.Roo. arturo@nitu.mx\",\"sameAs\":[\"https:\/\/nitu.mx\",\"https:\/\/www.facebook.com\/NITUmx\/\",\"medinacancun\",\"https:\/\/twitter.com\/@Arturo_Medina_G\"]},{\"@type\":\"Person\",\"@id\":\"https:\/\/nitu.mx\/#\/schema\/person\/4a28fe9bd65924f7c90623773daf1b0b\",\"name\":\"Redacci\u00f3n\",\"image\":{\"@type\":\"ImageObject\",\"inLanguage\":\"es-MX\",\"@id\":\"https:\/\/nitu.mx\/#\/schema\/person\/image\/\",\"url\":\"https:\/\/secure.gravatar.com\/avatar\/5dd011c8ccfc5cd7e4c81e42252aab38?s=96&d=mm&r=g\",\"contentUrl\":\"https:\/\/secure.gravatar.com\/avatar\/5dd011c8ccfc5cd7e4c81e42252aab38?s=96&d=mm&r=g\",\"caption\":\"Redacci\u00f3n\"},\"url\":\"https:\/\/nitu.mx\/index.php\/author\/redaccion\/\"}]}<\/script>\n<!-- \/ Yoast SEO plugin. -->","yoast_head_json":{"title":"Puerto Vallarta y Riviera Nayarit continuar\u00e1n con promoci\u00f3n conjunta - Nitu - Noticias de la Industria Turistica","robots":{"index":"index","follow":"follow","max-snippet":"max-snippet:-1","max-image-preview":"max-image-preview:large","max-video-preview":"max-video-preview:-1"},"canonical":"https:\/\/nitu.mx\/index.php\/2022\/03\/30\/puerto-vallarta-y-riviera-nayarit-continuaran-con-promocion-conjunta\/","twitter_card":"summary_large_image","twitter_title":"Puerto Vallarta y Riviera Nayarit continuar\u00e1n con promoci\u00f3n conjunta - Nitu - Noticias de la Industria Turistica","twitter_description":"Pese a la divisi\u00f3n generada en febrero pasado cuando el gobierno nayarita quiso desprenderse de la imagen de Nuevo Vallarta, los fideicomisos de promoci\u00f3n de Puerto Vallarta y Riviera Nayarit refrendaron su compromiso de seguir conjuntos en la promoci\u00f3n tur\u00edstica. Con este objetivo, el\u00a0Fideicomiso P\u00fablico para la Promoci\u00f3n y Publicidad Tur\u00edstica de Puerto Vallarta y [&hellip;]","twitter_image":"https:\/\/nitu.mx\/wp-content\/uploads\/2022\/03\/Puerto-Vallarta-y-Riviera-Nayarit.jpg","twitter_creator":"@NITUmx","twitter_site":"@Arturo_Medina_G","twitter_misc":{"Escrito por":"Redacci\u00f3n","Tiempo de lectura":"2 minutos"},"schema":{"@context":"https:\/\/schema.org","@graph":[{"@type":"Article","@id":"https:\/\/nitu.mx\/index.php\/2022\/03\/30\/puerto-vallarta-y-riviera-nayarit-continuaran-con-promocion-conjunta\/#article","isPartOf":{"@id":"https:\/\/nitu.mx\/index.php\/2022\/03\/30\/puerto-vallarta-y-riviera-nayarit-continuaran-con-promocion-conjunta\/"},"author":{"name":"Redacci\u00f3n","@id":"https:\/\/nitu.mx\/#\/schema\/person\/4a28fe9bd65924f7c90623773daf1b0b"},"headline":"Puerto Vallarta y Riviera Nayarit continuar\u00e1n con promoci\u00f3n conjunta","datePublished":"2022-03-30T07:20:35+00:00","dateModified":"2022-03-30T07:30:52+00:00","mainEntityOfPage":{"@id":"https:\/\/nitu.mx\/index.php\/2022\/03\/30\/puerto-vallarta-y-riviera-nayarit-continuaran-con-promocion-conjunta\/"},"wordCount":393,"commentCount":0,"publisher":{"@id":"https:\/\/nitu.mx\/#\/schema\/person\/ae7a53426417292d3dd07b45a33e01bc"},"image":{"@id":"https:\/\/nitu.mx\/index.php\/2022\/03\/30\/puerto-vallarta-y-riviera-nayarit-continuaran-con-promocion-conjunta\/#primaryimage"},"thumbnailUrl":"https:\/\/nitu.mx\/wp-content\/uploads\/2022\/03\/Puerto-Vallarta-y-Riviera-Nayarit.jpg","keywords":["Promoci\u00f3n conjunta","Puerto Vallarta","Riviera Nayarit"],"articleSection":["Marketing"],"inLanguage":"es-MX","potentialAction":[{"@type":"CommentAction","name":"Comment","target":["https:\/\/nitu.mx\/index.php\/2022\/03\/30\/puerto-vallarta-y-riviera-nayarit-continuaran-con-promocion-conjunta\/#respond"]}]},{"@type":"WebPage","@id":"https:\/\/nitu.mx\/index.php\/2022\/03\/30\/puerto-vallarta-y-riviera-nayarit-continuaran-con-promocion-conjunta\/","url":"https:\/\/nitu.mx\/index.php\/2022\/03\/30\/puerto-vallarta-y-riviera-nayarit-continuaran-con-promocion-conjunta\/","name":"Puerto Vallarta y Riviera Nayarit continuar\u00e1n con promoci\u00f3n conjunta - Nitu - Noticias de la Industria Turistica","isPartOf":{"@id":"https:\/\/nitu.mx\/#website"},"primaryImageOfPage":{"@id":"https:\/\/nitu.mx\/index.php\/2022\/03\/30\/puerto-vallarta-y-riviera-nayarit-continuaran-con-promocion-conjunta\/#primaryimage"},"image":{"@id":"https:\/\/nitu.mx\/index.php\/2022\/03\/30\/puerto-vallarta-y-riviera-nayarit-continuaran-con-promocion-conjunta\/#primaryimage"},"thumbnailUrl":"https:\/\/nitu.mx\/wp-content\/uploads\/2022\/03\/Puerto-Vallarta-y-Riviera-Nayarit.jpg","datePublished":"2022-03-30T07:20:35+00:00","dateModified":"2022-03-30T07:30:52+00:00","breadcrumb":{"@id":"https:\/\/nitu.mx\/index.php\/2022\/03\/30\/puerto-vallarta-y-riviera-nayarit-continuaran-con-promocion-conjunta\/#breadcrumb"},"inLanguage":"es-MX","potentialAction":[{"@type":"ReadAction","target":["https:\/\/nitu.mx\/index.php\/2022\/03\/30\/puerto-vallarta-y-riviera-nayarit-continuaran-con-promocion-conjunta\/"]}]},{"@type":"ImageObject","inLanguage":"es-MX","@id":"https:\/\/nitu.mx\/index.php\/2022\/03\/30\/puerto-vallarta-y-riviera-nayarit-continuaran-con-promocion-conjunta\/#primaryimage","url":"https:\/\/nitu.mx\/wp-content\/uploads\/2022\/03\/Puerto-Vallarta-y-Riviera-Nayarit.jpg","contentUrl":"https:\/\/nitu.mx\/wp-content\/uploads\/2022\/03\/Puerto-Vallarta-y-Riviera-Nayarit.jpg","width":1200,"height":675},{"@type":"BreadcrumbList","@id":"https:\/\/nitu.mx\/index.php\/2022\/03\/30\/puerto-vallarta-y-riviera-nayarit-continuaran-con-promocion-conjunta\/#breadcrumb","itemListElement":[{"@type":"ListItem","position":1,"name":"Inicio","item":"https:\/\/nitu.mx\/"},{"@type":"ListItem","position":2,"name":"Puerto Vallarta y Riviera Nayarit continuar\u00e1n con promoci\u00f3n conjunta"}]},{"@type":"WebSite","@id":"https:\/\/nitu.mx\/#website","url":"https:\/\/nitu.mx\/","name":"Nitu - Noticias de la Industria Turistica","description":"Noticias de la Industria Turistica","publisher":{"@id":"https:\/\/nitu.mx\/#\/schema\/person\/ae7a53426417292d3dd07b45a33e01bc"},"alternateName":"Noticias de la Industria Turistica","potentialAction":[{"@type":"SearchAction","target":{"@type":"EntryPoint","urlTemplate":"https:\/\/nitu.mx\/?s={search_term_string}"},"query-input":"required name=search_term_string"}],"inLanguage":"es-MX"},{"@type":["Person","Organization"],"@id":"https:\/\/nitu.mx\/#\/schema\/person\/ae7a53426417292d3dd07b45a33e01bc","name":"Arturo Medina","image":{"@type":"ImageObject","inLanguage":"es-MX","@id":"https:\/\/nitu.mx\/#\/schema\/person\/image\/","url":"https:\/\/nitu.mx\/wp-content\/uploads\/2024\/04\/4A315622-1904-4D5C-B022-878CDC840E04-90x90-1.jpeg","contentUrl":"https:\/\/nitu.mx\/wp-content\/uploads\/2024\/04\/4A315622-1904-4D5C-B022-878CDC840E04-90x90-1.jpeg","width":90,"height":90,"caption":"Arturo Medina"},"logo":{"@id":"https:\/\/nitu.mx\/#\/schema\/person\/image\/"},"description":"Director NITU.mx, Egresado de la Escuela de Periodismo Carlos Septi\u00e9n Garc\u00eda. Periodista y analista especializado en turismo desde hace 35 a\u00f1os, radicado en Canc\u00fan Q.Roo. arturo@nitu.mx","sameAs":["https:\/\/nitu.mx","https:\/\/www.facebook.com\/NITUmx\/","medinacancun","https:\/\/twitter.com\/@Arturo_Medina_G"]},{"@type":"Person","@id":"https:\/\/nitu.mx\/#\/schema\/person\/4a28fe9bd65924f7c90623773daf1b0b","name":"Redacci\u00f3n","image":{"@type":"ImageObject","inLanguage":"es-MX","@id":"https:\/\/nitu.mx\/#\/schema\/person\/image\/","url":"https:\/\/secure.gravatar.com\/avatar\/5dd011c8ccfc5cd7e4c81e42252aab38?s=96&d=mm&r=g","contentUrl":"https:\/\/secure.gravatar.com\/avatar\/5dd011c8ccfc5cd7e4c81e42252aab38?s=96&d=mm&r=g","caption":"Redacci\u00f3n"},"url":"https:\/\/nitu.mx\/index.php\/author\/redaccion\/"}]}},"views":1375,"_links":{"self":[{"href":"https:\/\/nitu.mx\/index.php\/wp-json\/wp\/v2\/posts\/58746"}],"collection":[{"href":"https:\/\/nitu.mx\/index.php\/wp-json\/wp\/v2\/posts"}],"about":[{"href":"https:\/\/nitu.mx\/index.php\/wp-json\/wp\/v2\/types\/post"}],"author":[{"embeddable":true,"href":"https:\/\/nitu.mx\/index.php\/wp-json\/wp\/v2\/users\/17"}],"replies":[{"embeddable":true,"href":"https:\/\/nitu.mx\/index.php\/wp-json\/wp\/v2\/comments?post=58746"}],"version-history":[{"count":1,"href":"https:\/\/nitu.mx\/index.php\/wp-json\/wp\/v2\/posts\/58746\/revisions"}],"predecessor-version":[{"id":58749,"href":"https:\/\/nitu.mx\/index.php\/wp-json\/wp\/v2\/posts\/58746\/revisions\/58749"}],"wp:featuredmedia":[{"embeddable":true,"href":"https:\/\/nitu.mx\/index.php\/wp-json\/wp\/v2\/media\/58755"}],"wp:attachment":[{"href":"https:\/\/nitu.mx\/index.php\/wp-json\/wp\/v2\/media?parent=58746"}],"wp:term":[{"taxonomy":"category","embeddable":true,"href":"https:\/\/nitu.mx\/index.php\/wp-json\/wp\/v2\/categories?post=58746"},{"taxonomy":"post_tag","embeddable":true,"href":"https:\/\/nitu.mx\/index.php\/wp-json\/wp\/v2\/tags?post=58746"}],"curies":[{"name":"wp","href":"https:\/\/api.w.org\/{rel}","templated":true}]}}