{"id":58703,"date":"2022-03-28T03:06:26","date_gmt":"2022-03-28T08:06:26","guid":{"rendered":"https:\/\/www.dev.nitu.mx\/?p=58703"},"modified":"2022-03-28T03:32:57","modified_gmt":"2022-03-28T08:32:57","slug":"la-paz-presenta-nueva-imagen-de-promocion-turistica","status":"publish","type":"post","link":"https:\/\/nitu.mx\/index.php\/2022\/03\/28\/la-paz-presenta-nueva-imagen-de-promocion-turistica\/","title":{"rendered":"La Paz presenta nueva imagen de promoci\u00f3n tur\u00edstica"},"content":{"rendered":"<p><span class=\"il\">La<\/span>\u00a0<span class=\"il\">Paz<\/span>, en Baja California Sur, renueva su imagen para expresar\u00a0<span class=\"il\">la<\/span>\u00a0riqueza natural que ofrecen sus playas, islas, dunas y El Malec\u00f3n, sin dejar de lado\u00a0<span class=\"il\">la<\/span>\u00a0sofisticaci\u00f3n y el placer de recorrer\u00a0<span class=\"il\">la<\/span>\u00a0capital del estado.<\/p>\n<p>En sinton\u00eda con su naturaleza relajada y\u00a0<em>chic<\/em>,\u00a0<span class=\"il\">la<\/span>\u00a0nueva identidad visual de\u00a0<span class=\"il\">La<\/span>\u00a0<span class=\"il\">Paz<\/span>\u00a0est\u00e1 inspirada en\u00a0<span class=\"il\">la<\/span>\u00a0esencia de bienestar del destino, al ser un lugar de aventura ideal para experimentar el nado con lobos marinos o el tibur\u00f3n ballena, as\u00ed como el avistamiento de\u00a0<span class=\"il\">la<\/span>\u00a0ballena gris en altamar.<\/p>\n<p>El nuevo concepto visual de\u00a0<span class=\"il\">La<\/span>\u00a0<span class=\"il\">Paz<\/span>\u00a0refleja el lujo que el destino ofrece, aquel volcado a\u00a0<span class=\"il\">la<\/span>\u00a0naturaleza y\u00a0<span class=\"il\">la<\/span>\u00a0aventura. Une\u00a0<span class=\"il\">la<\/span>\u00a0sencillez con\u00a0<span class=\"il\">la<\/span>\u00a0sofisticaci\u00f3n y proyecta\u00a0<span class=\"il\">la<\/span>\u00a0tranquilidad que encuentran sus visitantes.<\/p>\n<p>Al lanzamiento de\u00a0<span class=\"il\">la<\/span>\u00a0nueva imagen tur\u00edstica de\u00a0<span class=\"il\">La<\/span>\u00a0<span class=\"il\">Paz<\/span>, se suma una campa\u00f1a a partir de tres videos que ponen en valor lugares como Todos Santos y\u00a0<span class=\"il\">La<\/span>\u00a0Ventana, puntos clave en\u00a0<span class=\"il\">la<\/span>\u00a0oferta tur\u00edstica de\u00a0<span class=\"il\">La<\/span>\u00a0<span class=\"il\">Paz<\/span>, que permiten el contacto con lo local y abren\u00a0<span class=\"il\">la<\/span>\u00a0puerta al Mar de Cort\u00e9s y sus bellezas.<\/p>\n<p>Para transmitir las oportunidades \u00fanicas que el destino ofrece a los viajeros nacionales y extranjeros, adicional a\u00a0<span class=\"il\">la<\/span>\u00a0renovaci\u00f3n de su logo e identidad visual, se renovar\u00e1 su sitio web a partir del segundo semestre del 2022. Ser\u00e1 una herramienta que sin duda invitar\u00e1 a las personas a visitar el destino y facilitar\u00e1 el desarrollo de itinerarios personalizados.<\/p>\n<p>Estas acciones forman parte del plan de posicionamiento y promoci\u00f3n tur\u00edstica del destino para este a\u00f1o.\u00a0<span class=\"il\">La<\/span>\u00a0actividad tur\u00edstica en el destino genera un suministro de divisas importante, aumenta los ingresos (micro y macroecon\u00f3micos) y aumenta el Producto Interno Bruto (PIB). Adem\u00e1s, mejora y desarrolla infraestructura que estimula el comercio local, rompe barreras ling\u00fc\u00edsticas, socioculturales y pol\u00edticas, a\u00a0<span class=\"il\">la<\/span>\u00a0vez que mejora\u00a0<span class=\"il\">la<\/span>\u00a0calidad de vida de las comunidades.<\/p>\n<p><strong>Un destino de esp\u00edritu libre sofisticado<\/strong><\/p>\n<p>En\u00a0<span class=\"il\">La<\/span>\u00a0<span class=\"il\">Paz<\/span>\u00a0se brinda hospedaje y experiencias de\u00a0<span class=\"il\">la<\/span>\u00a0m\u00e1s alta calidad en cada\u00a0<em>spot\u00a0<\/em>que los viajeros elijan, desde sus playas de aguas tranquilas, arena blanca y mar turquesa ideales para todas las edades, pasando por\u00a0<span class=\"il\">la<\/span>\u00a0oferta culinaria en El Malec\u00f3n, el contacto con especies \u00fanicas en\u00a0<span class=\"il\">la<\/span>\u00a0Isla Esp\u00edritu Santo o\u00a0<span class=\"il\">la<\/span>\u00a0riqueza cultural del Pueblo M\u00e1gico de Todos Santos.<\/p>\n<p>Los visitantes tambi\u00e9n pueden disfrutar del desierto en actividades como\u00a0<em>sandboarding\u00a0<\/em>o recorrerlo a toda velocidad sobre un Rzr, mientras se admira el contraste de las dunas con\u00a0<span class=\"il\">la<\/span>\u00a0majestuosidad del Mar de Cort\u00e9s.<\/p>\n<p>En el centro hist\u00f3rico de\u00a0<span class=\"il\">La<\/span>\u00a0<span class=\"il\">Paz<\/span>\u00a0se pueden encontrar actividades que conectan con\u00a0<span class=\"il\">la<\/span>\u00a0cultura local en todas sus aristas, como\u00a0<span class=\"il\">la<\/span>\u00a0opci\u00f3n de recorrer los m\u00e1s de 35 murales, que reflejan\u00a0<span class=\"il\">la<\/span>\u00a0simbiosis del desierto con el mar, elementos que forjaron\u00a0<span class=\"il\">la<\/span>\u00a0identidad sudcaliforniana. A lo largo de su malec\u00f3n costero, que se extiende por m\u00e1s de 5 kil\u00f3metros, se pueden admirar m\u00e1s de 10 esculturas, entre ellas,\u00a0<span class=\"il\">La<\/span>\u00a0Perla o Jacques Cousteau, o disfrutar de\u00a0<span class=\"il\">la<\/span>\u00a0gastronom\u00eda local con\u00a0<span class=\"il\">la<\/span>\u00a0pesca del d\u00eda donde no pueden faltar tacos de langosta o las almejas chocolatadas.<\/p>\n<p><span class=\"il\">La<\/span>\u00a0<span class=\"il\">Paz<\/span>\u00a0es el destino ideal que une\u00a0<span class=\"il\">la<\/span>\u00a0sencillez con\u00a0<span class=\"il\">la<\/span>\u00a0sofisticaci\u00f3n y que abre\u00a0<span class=\"il\">la<\/span>\u00a0puerta al Mar de Cort\u00e9s y sus bellezas a los viajeros de esp\u00edritu libre y amantes de los placeres de\u00a0<span class=\"il\">la<\/span>\u00a0vida.<\/p>\n","protected":false},"excerpt":{"rendered":"<p>La\u00a0Paz, en Baja California Sur, renueva su imagen para expresar\u00a0la\u00a0riqueza natural que ofrecen sus playas, islas, dunas y El Malec\u00f3n, sin dejar de lado\u00a0la\u00a0sofisticaci\u00f3n y el placer de recorrer\u00a0la\u00a0capital del estado. En sinton\u00eda con su naturaleza relajada y\u00a0chic,\u00a0la\u00a0nueva identidad visual de\u00a0La\u00a0Paz\u00a0est\u00e1 inspirada en\u00a0la\u00a0esencia de bienestar del destino, al ser un lugar de aventura ideal para [&hellip;]<\/p>\n","protected":false},"author":17,"featured_media":30543,"comment_status":"open","ping_status":"open","sticky":false,"template":"","format":"standard","meta":{"footnotes":""},"categories":[5],"tags":[167,132,11398],"yoast_head":"<!-- This site is optimized with the Yoast SEO plugin v22.2 - https:\/\/yoast.com\/wordpress\/plugins\/seo\/ -->\n<title>La Paz presenta nueva imagen de promoci\u00f3n tur\u00edstica - Nitu - Noticias de la Industria Turistica<\/title>\n<meta name=\"robots\" content=\"index, follow, max-snippet:-1, max-image-preview:large, max-video-preview:-1\" \/>\n<link rel=\"canonical\" href=\"https:\/\/nitu.mx\/index.php\/2022\/03\/28\/la-paz-presenta-nueva-imagen-de-promocion-turistica\/\" \/>\n<meta name=\"twitter:card\" content=\"summary_large_image\" \/>\n<meta name=\"twitter:title\" content=\"La Paz presenta nueva imagen de promoci\u00f3n tur\u00edstica - Nitu - Noticias de la Industria Turistica\" \/>\n<meta name=\"twitter:description\" content=\"La\u00a0Paz, en Baja California Sur, renueva su imagen para expresar\u00a0la\u00a0riqueza natural que ofrecen sus playas, islas, dunas y El Malec\u00f3n, sin dejar de lado\u00a0la\u00a0sofisticaci\u00f3n y el placer de recorrer\u00a0la\u00a0capital del estado. En sinton\u00eda con su naturaleza relajada y\u00a0chic,\u00a0la\u00a0nueva identidad visual de\u00a0La\u00a0Paz\u00a0est\u00e1 inspirada en\u00a0la\u00a0esencia de bienestar del destino, al ser un lugar de aventura ideal para [&hellip;]\" \/>\n<meta name=\"twitter:image\" content=\"https:\/\/nitu.mx\/wp-content\/uploads\/2019\/03\/La-Paz.jpg\" \/>\n<meta name=\"twitter:creator\" content=\"@NITUmx\" \/>\n<meta name=\"twitter:site\" content=\"@Arturo_Medina_G\" \/>\n<meta name=\"twitter:label1\" content=\"Escrito por\" \/>\n\t<meta name=\"twitter:data1\" content=\"Redacci\u00f3n\" \/>\n\t<meta name=\"twitter:label2\" content=\"Tiempo de lectura\" \/>\n\t<meta name=\"twitter:data2\" content=\"3 minutos\" \/>\n<script type=\"application\/ld+json\" class=\"yoast-schema-graph\">{\"@context\":\"https:\/\/schema.org\",\"@graph\":[{\"@type\":\"Article\",\"@id\":\"https:\/\/nitu.mx\/index.php\/2022\/03\/28\/la-paz-presenta-nueva-imagen-de-promocion-turistica\/#article\",\"isPartOf\":{\"@id\":\"https:\/\/nitu.mx\/index.php\/2022\/03\/28\/la-paz-presenta-nueva-imagen-de-promocion-turistica\/\"},\"author\":{\"name\":\"Redacci\u00f3n\",\"@id\":\"https:\/\/nitu.mx\/#\/schema\/person\/4a28fe9bd65924f7c90623773daf1b0b\"},\"headline\":\"La Paz presenta nueva imagen de promoci\u00f3n tur\u00edstica\",\"datePublished\":\"2022-03-28T08:06:26+00:00\",\"dateModified\":\"2022-03-28T08:32:57+00:00\",\"mainEntityOfPage\":{\"@id\":\"https:\/\/nitu.mx\/index.php\/2022\/03\/28\/la-paz-presenta-nueva-imagen-de-promocion-turistica\/\"},\"wordCount\":593,\"commentCount\":0,\"publisher\":{\"@id\":\"https:\/\/nitu.mx\/#\/schema\/person\/ae7a53426417292d3dd07b45a33e01bc\"},\"image\":{\"@id\":\"https:\/\/nitu.mx\/index.php\/2022\/03\/28\/la-paz-presenta-nueva-imagen-de-promocion-turistica\/#primaryimage\"},\"thumbnailUrl\":\"https:\/\/nitu.mx\/wp-content\/uploads\/2019\/03\/La-Paz.jpg\",\"keywords\":[\"Baja California Sur\",\"La Paz\",\"Mar de Cort\u00e9s\"],\"articleSection\":[\"Destinos\"],\"inLanguage\":\"es-MX\",\"potentialAction\":[{\"@type\":\"CommentAction\",\"name\":\"Comment\",\"target\":[\"https:\/\/nitu.mx\/index.php\/2022\/03\/28\/la-paz-presenta-nueva-imagen-de-promocion-turistica\/#respond\"]}]},{\"@type\":\"WebPage\",\"@id\":\"https:\/\/nitu.mx\/index.php\/2022\/03\/28\/la-paz-presenta-nueva-imagen-de-promocion-turistica\/\",\"url\":\"https:\/\/nitu.mx\/index.php\/2022\/03\/28\/la-paz-presenta-nueva-imagen-de-promocion-turistica\/\",\"name\":\"La Paz presenta nueva imagen de promoci\u00f3n tur\u00edstica - Nitu - Noticias de la Industria Turistica\",\"isPartOf\":{\"@id\":\"https:\/\/nitu.mx\/#website\"},\"primaryImageOfPage\":{\"@id\":\"https:\/\/nitu.mx\/index.php\/2022\/03\/28\/la-paz-presenta-nueva-imagen-de-promocion-turistica\/#primaryimage\"},\"image\":{\"@id\":\"https:\/\/nitu.mx\/index.php\/2022\/03\/28\/la-paz-presenta-nueva-imagen-de-promocion-turistica\/#primaryimage\"},\"thumbnailUrl\":\"https:\/\/nitu.mx\/wp-content\/uploads\/2019\/03\/La-Paz.jpg\",\"datePublished\":\"2022-03-28T08:06:26+00:00\",\"dateModified\":\"2022-03-28T08:32:57+00:00\",\"breadcrumb\":{\"@id\":\"https:\/\/nitu.mx\/index.php\/2022\/03\/28\/la-paz-presenta-nueva-imagen-de-promocion-turistica\/#breadcrumb\"},\"inLanguage\":\"es-MX\",\"potentialAction\":[{\"@type\":\"ReadAction\",\"target\":[\"https:\/\/nitu.mx\/index.php\/2022\/03\/28\/la-paz-presenta-nueva-imagen-de-promocion-turistica\/\"]}]},{\"@type\":\"ImageObject\",\"inLanguage\":\"es-MX\",\"@id\":\"https:\/\/nitu.mx\/index.php\/2022\/03\/28\/la-paz-presenta-nueva-imagen-de-promocion-turistica\/#primaryimage\",\"url\":\"https:\/\/nitu.mx\/wp-content\/uploads\/2019\/03\/La-Paz.jpg\",\"contentUrl\":\"https:\/\/nitu.mx\/wp-content\/uploads\/2019\/03\/La-Paz.jpg\",\"width\":850,\"height\":480,\"caption\":\"La Paz\"},{\"@type\":\"BreadcrumbList\",\"@id\":\"https:\/\/nitu.mx\/index.php\/2022\/03\/28\/la-paz-presenta-nueva-imagen-de-promocion-turistica\/#breadcrumb\",\"itemListElement\":[{\"@type\":\"ListItem\",\"position\":1,\"name\":\"Inicio\",\"item\":\"https:\/\/nitu.mx\/\"},{\"@type\":\"ListItem\",\"position\":2,\"name\":\"La Paz presenta nueva imagen de promoci\u00f3n tur\u00edstica\"}]},{\"@type\":\"WebSite\",\"@id\":\"https:\/\/nitu.mx\/#website\",\"url\":\"https:\/\/nitu.mx\/\",\"name\":\"Nitu - Noticias de la Industria Turistica\",\"description\":\"Noticias de la Industria Turistica\",\"publisher\":{\"@id\":\"https:\/\/nitu.mx\/#\/schema\/person\/ae7a53426417292d3dd07b45a33e01bc\"},\"alternateName\":\"Noticias de la Industria Turistica\",\"potentialAction\":[{\"@type\":\"SearchAction\",\"target\":{\"@type\":\"EntryPoint\",\"urlTemplate\":\"https:\/\/nitu.mx\/?s={search_term_string}\"},\"query-input\":\"required name=search_term_string\"}],\"inLanguage\":\"es-MX\"},{\"@type\":[\"Person\",\"Organization\"],\"@id\":\"https:\/\/nitu.mx\/#\/schema\/person\/ae7a53426417292d3dd07b45a33e01bc\",\"name\":\"Arturo Medina\",\"image\":{\"@type\":\"ImageObject\",\"inLanguage\":\"es-MX\",\"@id\":\"https:\/\/nitu.mx\/#\/schema\/person\/image\/\",\"url\":\"https:\/\/nitu.mx\/wp-content\/uploads\/2024\/04\/4A315622-1904-4D5C-B022-878CDC840E04-90x90-1.jpeg\",\"contentUrl\":\"https:\/\/nitu.mx\/wp-content\/uploads\/2024\/04\/4A315622-1904-4D5C-B022-878CDC840E04-90x90-1.jpeg\",\"width\":90,\"height\":90,\"caption\":\"Arturo Medina\"},\"logo\":{\"@id\":\"https:\/\/nitu.mx\/#\/schema\/person\/image\/\"},\"description\":\"Director NITU.mx, Egresado de la Escuela de Periodismo Carlos Septi\u00e9n Garc\u00eda. Periodista y analista especializado en turismo desde hace 35 a\u00f1os, radicado en Canc\u00fan Q.Roo. arturo@nitu.mx\",\"sameAs\":[\"https:\/\/nitu.mx\",\"https:\/\/www.facebook.com\/NITUmx\/\",\"medinacancun\",\"https:\/\/twitter.com\/@Arturo_Medina_G\"]},{\"@type\":\"Person\",\"@id\":\"https:\/\/nitu.mx\/#\/schema\/person\/4a28fe9bd65924f7c90623773daf1b0b\",\"name\":\"Redacci\u00f3n\",\"image\":{\"@type\":\"ImageObject\",\"inLanguage\":\"es-MX\",\"@id\":\"https:\/\/nitu.mx\/#\/schema\/person\/image\/\",\"url\":\"https:\/\/secure.gravatar.com\/avatar\/5dd011c8ccfc5cd7e4c81e42252aab38?s=96&d=mm&r=g\",\"contentUrl\":\"https:\/\/secure.gravatar.com\/avatar\/5dd011c8ccfc5cd7e4c81e42252aab38?s=96&d=mm&r=g\",\"caption\":\"Redacci\u00f3n\"},\"url\":\"https:\/\/nitu.mx\/index.php\/author\/redaccion\/\"}]}<\/script>\n<!-- \/ Yoast SEO plugin. -->","yoast_head_json":{"title":"La Paz presenta nueva imagen de promoci\u00f3n tur\u00edstica - Nitu - Noticias de la Industria Turistica","robots":{"index":"index","follow":"follow","max-snippet":"max-snippet:-1","max-image-preview":"max-image-preview:large","max-video-preview":"max-video-preview:-1"},"canonical":"https:\/\/nitu.mx\/index.php\/2022\/03\/28\/la-paz-presenta-nueva-imagen-de-promocion-turistica\/","twitter_card":"summary_large_image","twitter_title":"La Paz presenta nueva imagen de promoci\u00f3n tur\u00edstica - Nitu - Noticias de la Industria Turistica","twitter_description":"La\u00a0Paz, en Baja California Sur, renueva su imagen para expresar\u00a0la\u00a0riqueza natural que ofrecen sus playas, islas, dunas y El Malec\u00f3n, sin dejar de lado\u00a0la\u00a0sofisticaci\u00f3n y el placer de recorrer\u00a0la\u00a0capital del estado. En sinton\u00eda con su naturaleza relajada y\u00a0chic,\u00a0la\u00a0nueva identidad visual de\u00a0La\u00a0Paz\u00a0est\u00e1 inspirada en\u00a0la\u00a0esencia de bienestar del destino, al ser un lugar de aventura ideal para [&hellip;]","twitter_image":"https:\/\/nitu.mx\/wp-content\/uploads\/2019\/03\/La-Paz.jpg","twitter_creator":"@NITUmx","twitter_site":"@Arturo_Medina_G","twitter_misc":{"Escrito por":"Redacci\u00f3n","Tiempo de lectura":"3 minutos"},"schema":{"@context":"https:\/\/schema.org","@graph":[{"@type":"Article","@id":"https:\/\/nitu.mx\/index.php\/2022\/03\/28\/la-paz-presenta-nueva-imagen-de-promocion-turistica\/#article","isPartOf":{"@id":"https:\/\/nitu.mx\/index.php\/2022\/03\/28\/la-paz-presenta-nueva-imagen-de-promocion-turistica\/"},"author":{"name":"Redacci\u00f3n","@id":"https:\/\/nitu.mx\/#\/schema\/person\/4a28fe9bd65924f7c90623773daf1b0b"},"headline":"La Paz presenta nueva imagen de promoci\u00f3n tur\u00edstica","datePublished":"2022-03-28T08:06:26+00:00","dateModified":"2022-03-28T08:32:57+00:00","mainEntityOfPage":{"@id":"https:\/\/nitu.mx\/index.php\/2022\/03\/28\/la-paz-presenta-nueva-imagen-de-promocion-turistica\/"},"wordCount":593,"commentCount":0,"publisher":{"@id":"https:\/\/nitu.mx\/#\/schema\/person\/ae7a53426417292d3dd07b45a33e01bc"},"image":{"@id":"https:\/\/nitu.mx\/index.php\/2022\/03\/28\/la-paz-presenta-nueva-imagen-de-promocion-turistica\/#primaryimage"},"thumbnailUrl":"https:\/\/nitu.mx\/wp-content\/uploads\/2019\/03\/La-Paz.jpg","keywords":["Baja California Sur","La Paz","Mar de Cort\u00e9s"],"articleSection":["Destinos"],"inLanguage":"es-MX","potentialAction":[{"@type":"CommentAction","name":"Comment","target":["https:\/\/nitu.mx\/index.php\/2022\/03\/28\/la-paz-presenta-nueva-imagen-de-promocion-turistica\/#respond"]}]},{"@type":"WebPage","@id":"https:\/\/nitu.mx\/index.php\/2022\/03\/28\/la-paz-presenta-nueva-imagen-de-promocion-turistica\/","url":"https:\/\/nitu.mx\/index.php\/2022\/03\/28\/la-paz-presenta-nueva-imagen-de-promocion-turistica\/","name":"La Paz presenta nueva imagen de promoci\u00f3n tur\u00edstica - Nitu - Noticias de la Industria Turistica","isPartOf":{"@id":"https:\/\/nitu.mx\/#website"},"primaryImageOfPage":{"@id":"https:\/\/nitu.mx\/index.php\/2022\/03\/28\/la-paz-presenta-nueva-imagen-de-promocion-turistica\/#primaryimage"},"image":{"@id":"https:\/\/nitu.mx\/index.php\/2022\/03\/28\/la-paz-presenta-nueva-imagen-de-promocion-turistica\/#primaryimage"},"thumbnailUrl":"https:\/\/nitu.mx\/wp-content\/uploads\/2019\/03\/La-Paz.jpg","datePublished":"2022-03-28T08:06:26+00:00","dateModified":"2022-03-28T08:32:57+00:00","breadcrumb":{"@id":"https:\/\/nitu.mx\/index.php\/2022\/03\/28\/la-paz-presenta-nueva-imagen-de-promocion-turistica\/#breadcrumb"},"inLanguage":"es-MX","potentialAction":[{"@type":"ReadAction","target":["https:\/\/nitu.mx\/index.php\/2022\/03\/28\/la-paz-presenta-nueva-imagen-de-promocion-turistica\/"]}]},{"@type":"ImageObject","inLanguage":"es-MX","@id":"https:\/\/nitu.mx\/index.php\/2022\/03\/28\/la-paz-presenta-nueva-imagen-de-promocion-turistica\/#primaryimage","url":"https:\/\/nitu.mx\/wp-content\/uploads\/2019\/03\/La-Paz.jpg","contentUrl":"https:\/\/nitu.mx\/wp-content\/uploads\/2019\/03\/La-Paz.jpg","width":850,"height":480,"caption":"La Paz"},{"@type":"BreadcrumbList","@id":"https:\/\/nitu.mx\/index.php\/2022\/03\/28\/la-paz-presenta-nueva-imagen-de-promocion-turistica\/#breadcrumb","itemListElement":[{"@type":"ListItem","position":1,"name":"Inicio","item":"https:\/\/nitu.mx\/"},{"@type":"ListItem","position":2,"name":"La Paz presenta nueva imagen de promoci\u00f3n tur\u00edstica"}]},{"@type":"WebSite","@id":"https:\/\/nitu.mx\/#website","url":"https:\/\/nitu.mx\/","name":"Nitu - Noticias de la Industria Turistica","description":"Noticias de la Industria Turistica","publisher":{"@id":"https:\/\/nitu.mx\/#\/schema\/person\/ae7a53426417292d3dd07b45a33e01bc"},"alternateName":"Noticias de la Industria Turistica","potentialAction":[{"@type":"SearchAction","target":{"@type":"EntryPoint","urlTemplate":"https:\/\/nitu.mx\/?s={search_term_string}"},"query-input":"required name=search_term_string"}],"inLanguage":"es-MX"},{"@type":["Person","Organization"],"@id":"https:\/\/nitu.mx\/#\/schema\/person\/ae7a53426417292d3dd07b45a33e01bc","name":"Arturo Medina","image":{"@type":"ImageObject","inLanguage":"es-MX","@id":"https:\/\/nitu.mx\/#\/schema\/person\/image\/","url":"https:\/\/nitu.mx\/wp-content\/uploads\/2024\/04\/4A315622-1904-4D5C-B022-878CDC840E04-90x90-1.jpeg","contentUrl":"https:\/\/nitu.mx\/wp-content\/uploads\/2024\/04\/4A315622-1904-4D5C-B022-878CDC840E04-90x90-1.jpeg","width":90,"height":90,"caption":"Arturo Medina"},"logo":{"@id":"https:\/\/nitu.mx\/#\/schema\/person\/image\/"},"description":"Director NITU.mx, Egresado de la Escuela de Periodismo Carlos Septi\u00e9n Garc\u00eda. Periodista y analista especializado en turismo desde hace 35 a\u00f1os, radicado en Canc\u00fan Q.Roo. arturo@nitu.mx","sameAs":["https:\/\/nitu.mx","https:\/\/www.facebook.com\/NITUmx\/","medinacancun","https:\/\/twitter.com\/@Arturo_Medina_G"]},{"@type":"Person","@id":"https:\/\/nitu.mx\/#\/schema\/person\/4a28fe9bd65924f7c90623773daf1b0b","name":"Redacci\u00f3n","image":{"@type":"ImageObject","inLanguage":"es-MX","@id":"https:\/\/nitu.mx\/#\/schema\/person\/image\/","url":"https:\/\/secure.gravatar.com\/avatar\/5dd011c8ccfc5cd7e4c81e42252aab38?s=96&d=mm&r=g","contentUrl":"https:\/\/secure.gravatar.com\/avatar\/5dd011c8ccfc5cd7e4c81e42252aab38?s=96&d=mm&r=g","caption":"Redacci\u00f3n"},"url":"https:\/\/nitu.mx\/index.php\/author\/redaccion\/"}]}},"views":374,"_links":{"self":[{"href":"https:\/\/nitu.mx\/index.php\/wp-json\/wp\/v2\/posts\/58703"}],"collection":[{"href":"https:\/\/nitu.mx\/index.php\/wp-json\/wp\/v2\/posts"}],"about":[{"href":"https:\/\/nitu.mx\/index.php\/wp-json\/wp\/v2\/types\/post"}],"author":[{"embeddable":true,"href":"https:\/\/nitu.mx\/index.php\/wp-json\/wp\/v2\/users\/17"}],"replies":[{"embeddable":true,"href":"https:\/\/nitu.mx\/index.php\/wp-json\/wp\/v2\/comments?post=58703"}],"version-history":[{"count":1,"href":"https:\/\/nitu.mx\/index.php\/wp-json\/wp\/v2\/posts\/58703\/revisions"}],"predecessor-version":[{"id":58704,"href":"https:\/\/nitu.mx\/index.php\/wp-json\/wp\/v2\/posts\/58703\/revisions\/58704"}],"wp:featuredmedia":[{"embeddable":true,"href":"https:\/\/nitu.mx\/index.php\/wp-json\/wp\/v2\/media\/30543"}],"wp:attachment":[{"href":"https:\/\/nitu.mx\/index.php\/wp-json\/wp\/v2\/media?parent=58703"}],"wp:term":[{"taxonomy":"category","embeddable":true,"href":"https:\/\/nitu.mx\/index.php\/wp-json\/wp\/v2\/categories?post=58703"},{"taxonomy":"post_tag","embeddable":true,"href":"https:\/\/nitu.mx\/index.php\/wp-json\/wp\/v2\/tags?post=58703"}],"curies":[{"name":"wp","href":"https:\/\/api.w.org\/{rel}","templated":true}]}}