{"id":58699,"date":"2022-03-28T03:17:36","date_gmt":"2022-03-28T08:17:36","guid":{"rendered":"https:\/\/www.dev.nitu.mx\/?p=58699"},"modified":"2022-03-28T03:33:52","modified_gmt":"2022-03-28T08:33:52","slug":"hungria-a-la-conquista-de-los-viajeros-mexicanos","status":"publish","type":"post","link":"https:\/\/nitu.mx\/index.php\/2022\/03\/28\/hungria-a-la-conquista-de-los-viajeros-mexicanos\/","title":{"rendered":"Hungr\u00eda a la conquista de los viajeros mexicanos"},"content":{"rendered":"<p>La Agencia de Turismo de Hungr\u00eda organiz\u00f3 por primera vez en M\u00e9xico un evento de promoci\u00f3n tur\u00edstica de alto nivel. Dedicado a fortalecer los lazos entre Hungr\u00eda y los principales proveedores de servicios del sector tur\u00edstico mexicano, el evento dio a conocer las \u00faltimas novedades y principales atractivos del pa\u00eds centroeuropeo; la destacada arquitectura de su capital, Budapest; su vivo patrimonio y tradiciones \u00fanicas; as\u00ed como la excepcional cultura termal del destino tan caracter\u00edstica del destino.<\/p>\n<p>Hungr\u00eda es cada vez m\u00e1s popular entre los perfiles de viajes vacacionales, como el enfocado en negocios. Y es que es un destino vibrante con mucho que ofrecer: su infraestructura bien desarrollada, su econom\u00eda din\u00e1mica y su vibrante vida acad\u00e9mica y cultural hacen de Hungr\u00eda y Budapest uno de los lugares preferidos de Europa tanto para los viajes vacacionales y para los centrados en conferencias y congresos.<\/p>\n<p>Desde el 7 de marzo de 2022, Hungr\u00eda elimin\u00f3 casi todas las medidas restrictivas relacionadas con el coronavirus. En relaci\u00f3n con el turismo, esto significa volver a las normas de entrada anteriores a la pandemia, el acceso y el uso sin restricciones de los alojamientos y las atracciones tur\u00edsticas, incluso sin el uso obligatorio de mascarillas. En esta l\u00ednea, desde la agencia de turismo de Hungr\u00eda aseguran seguir \u201cesforz\u00e1ndonos por garantizar una recuperaci\u00f3n r\u00e1pida y sin problemas del sector tur\u00edstico -tanto nacional como internacional- de los efectos de la pandemia\u201d.<\/p>\n<p>De acuerdo con la Oficina Central de Estad\u00edstica de Hungr\u00eda, el n\u00famero de visitantes mexicanos a Hungr\u00eda aument\u00f3 de forma constante entre 2013 y 2019, casi triplicando su n\u00famero. En Hungr\u00eda, la recuperaci\u00f3n de los efectos de la pandemia ya ha comenzado. En 2021, el n\u00famero de pernoctaciones mexicanas se increment\u00f3 en un 24% en comparaci\u00f3n con 2020, el a\u00f1o del estallido de la pandemia. Las llegadas de visitantes mexicanos -al igual que las llegadas de extranjeros en general- se recuperaron tras la flexibilizaci\u00f3n de las restricciones de entrada a finales del verano de 2021, y dos tercios del total de las pernoctaciones mexicanas en Hungr\u00eda se registraron entre septiembre y diciembre. En 2021, Budapest represent\u00f3 tres cuartas partes de todas las pernoctaciones mexicanas, siendo S\u00e1rv\u00e1r, Gy\u00f6ngy\u00f6s, Gy\u0151r y Debrecen las ciudades rurales m\u00e1s populares.<\/p>\n<p>En palabras de la Agencia de Turismo de Hungr\u00eda: \u201cCreemos firmemente en el turismo como industria de la paz. Trabajamos por la paz, as\u00ed como al mismo tiempo tambi\u00e9n echamos una mano a los que m\u00e1s lo necesitan. Mientras tanto, Hungr\u00eda sigue siendo un destino seguro, como toda la Uni\u00f3n Europea. Como siempre, el turismo sigue siendo no solo nuestra profesi\u00f3n, sino tambi\u00e9n nuestra pasi\u00f3n\u201d.<\/p>\n","protected":false},"excerpt":{"rendered":"<p>La Agencia de Turismo de Hungr\u00eda organiz\u00f3 por primera vez en M\u00e9xico un evento de promoci\u00f3n tur\u00edstica de alto nivel. Dedicado a fortalecer los lazos entre Hungr\u00eda y los principales proveedores de servicios del sector tur\u00edstico mexicano, el evento dio a conocer las \u00faltimas novedades y principales atractivos del pa\u00eds centroeuropeo; la destacada arquitectura de [&hellip;]<\/p>\n","protected":false},"author":17,"featured_media":58708,"comment_status":"open","ping_status":"open","sticky":false,"template":"","format":"standard","meta":{"footnotes":""},"categories":[5],"tags":[23206,21551,4236],"yoast_head":"<!-- This site is optimized with the Yoast SEO plugin v22.2 - https:\/\/yoast.com\/wordpress\/plugins\/seo\/ -->\n<title>Hungr\u00eda a la conquista de los viajeros mexicanos - Nitu - Noticias de la Industria Turistica<\/title>\n<meta name=\"robots\" content=\"index, follow, max-snippet:-1, max-image-preview:large, max-video-preview:-1\" \/>\n<link rel=\"canonical\" href=\"https:\/\/nitu.mx\/index.php\/2022\/03\/28\/hungria-a-la-conquista-de-los-viajeros-mexicanos\/\" \/>\n<meta name=\"twitter:card\" content=\"summary_large_image\" \/>\n<meta name=\"twitter:title\" content=\"Hungr\u00eda a la conquista de los viajeros mexicanos - Nitu - Noticias de la Industria Turistica\" \/>\n<meta name=\"twitter:description\" content=\"La Agencia de Turismo de Hungr\u00eda organiz\u00f3 por primera vez en M\u00e9xico un evento de promoci\u00f3n tur\u00edstica de alto nivel. Dedicado a fortalecer los lazos entre Hungr\u00eda y los principales proveedores de servicios del sector tur\u00edstico mexicano, el evento dio a conocer las \u00faltimas novedades y principales atractivos del pa\u00eds centroeuropeo; la destacada arquitectura de [&hellip;]\" \/>\n<meta name=\"twitter:image\" content=\"https:\/\/nitu.mx\/wp-content\/uploads\/2022\/03\/Hungri\u0301a-promocio\u0301n.jpg\" \/>\n<meta name=\"twitter:creator\" content=\"@NITUmx\" \/>\n<meta name=\"twitter:site\" content=\"@Arturo_Medina_G\" \/>\n<meta name=\"twitter:label1\" content=\"Escrito por\" \/>\n\t<meta name=\"twitter:data1\" content=\"Redacci\u00f3n\" \/>\n\t<meta name=\"twitter:label2\" content=\"Tiempo de lectura\" \/>\n\t<meta name=\"twitter:data2\" content=\"2 minutos\" \/>\n<script type=\"application\/ld+json\" class=\"yoast-schema-graph\">{\"@context\":\"https:\/\/schema.org\",\"@graph\":[{\"@type\":\"Article\",\"@id\":\"https:\/\/nitu.mx\/index.php\/2022\/03\/28\/hungria-a-la-conquista-de-los-viajeros-mexicanos\/#article\",\"isPartOf\":{\"@id\":\"https:\/\/nitu.mx\/index.php\/2022\/03\/28\/hungria-a-la-conquista-de-los-viajeros-mexicanos\/\"},\"author\":{\"name\":\"Redacci\u00f3n\",\"@id\":\"https:\/\/nitu.mx\/#\/schema\/person\/4a28fe9bd65924f7c90623773daf1b0b\"},\"headline\":\"Hungr\u00eda a la conquista de los viajeros mexicanos\",\"datePublished\":\"2022-03-28T08:17:36+00:00\",\"dateModified\":\"2022-03-28T08:33:52+00:00\",\"mainEntityOfPage\":{\"@id\":\"https:\/\/nitu.mx\/index.php\/2022\/03\/28\/hungria-a-la-conquista-de-los-viajeros-mexicanos\/\"},\"wordCount\":482,\"commentCount\":0,\"publisher\":{\"@id\":\"https:\/\/nitu.mx\/#\/schema\/person\/ae7a53426417292d3dd07b45a33e01bc\"},\"image\":{\"@id\":\"https:\/\/nitu.mx\/index.php\/2022\/03\/28\/hungria-a-la-conquista-de-los-viajeros-mexicanos\/#primaryimage\"},\"thumbnailUrl\":\"https:\/\/nitu.mx\/wp-content\/uploads\/2022\/03\/Hungri\u0301a-promocio\u0301n.jpg\",\"keywords\":[\"Agencia de Turismo de Hungr\u00eda\",\"Hungr\u00eda\",\"turistas mexicanos\"],\"articleSection\":[\"Destinos\"],\"inLanguage\":\"es-MX\",\"potentialAction\":[{\"@type\":\"CommentAction\",\"name\":\"Comment\",\"target\":[\"https:\/\/nitu.mx\/index.php\/2022\/03\/28\/hungria-a-la-conquista-de-los-viajeros-mexicanos\/#respond\"]}]},{\"@type\":\"WebPage\",\"@id\":\"https:\/\/nitu.mx\/index.php\/2022\/03\/28\/hungria-a-la-conquista-de-los-viajeros-mexicanos\/\",\"url\":\"https:\/\/nitu.mx\/index.php\/2022\/03\/28\/hungria-a-la-conquista-de-los-viajeros-mexicanos\/\",\"name\":\"Hungr\u00eda a la conquista de los viajeros mexicanos - Nitu - Noticias de la Industria Turistica\",\"isPartOf\":{\"@id\":\"https:\/\/nitu.mx\/#website\"},\"primaryImageOfPage\":{\"@id\":\"https:\/\/nitu.mx\/index.php\/2022\/03\/28\/hungria-a-la-conquista-de-los-viajeros-mexicanos\/#primaryimage\"},\"image\":{\"@id\":\"https:\/\/nitu.mx\/index.php\/2022\/03\/28\/hungria-a-la-conquista-de-los-viajeros-mexicanos\/#primaryimage\"},\"thumbnailUrl\":\"https:\/\/nitu.mx\/wp-content\/uploads\/2022\/03\/Hungri\u0301a-promocio\u0301n.jpg\",\"datePublished\":\"2022-03-28T08:17:36+00:00\",\"dateModified\":\"2022-03-28T08:33:52+00:00\",\"breadcrumb\":{\"@id\":\"https:\/\/nitu.mx\/index.php\/2022\/03\/28\/hungria-a-la-conquista-de-los-viajeros-mexicanos\/#breadcrumb\"},\"inLanguage\":\"es-MX\",\"potentialAction\":[{\"@type\":\"ReadAction\",\"target\":[\"https:\/\/nitu.mx\/index.php\/2022\/03\/28\/hungria-a-la-conquista-de-los-viajeros-mexicanos\/\"]}]},{\"@type\":\"ImageObject\",\"inLanguage\":\"es-MX\",\"@id\":\"https:\/\/nitu.mx\/index.php\/2022\/03\/28\/hungria-a-la-conquista-de-los-viajeros-mexicanos\/#primaryimage\",\"url\":\"https:\/\/nitu.mx\/wp-content\/uploads\/2022\/03\/Hungri\u0301a-promocio\u0301n.jpg\",\"contentUrl\":\"https:\/\/nitu.mx\/wp-content\/uploads\/2022\/03\/Hungri\u0301a-promocio\u0301n.jpg\",\"width\":1200,\"height\":675},{\"@type\":\"BreadcrumbList\",\"@id\":\"https:\/\/nitu.mx\/index.php\/2022\/03\/28\/hungria-a-la-conquista-de-los-viajeros-mexicanos\/#breadcrumb\",\"itemListElement\":[{\"@type\":\"ListItem\",\"position\":1,\"name\":\"Inicio\",\"item\":\"https:\/\/nitu.mx\/\"},{\"@type\":\"ListItem\",\"position\":2,\"name\":\"Hungr\u00eda a la conquista de los viajeros mexicanos\"}]},{\"@type\":\"WebSite\",\"@id\":\"https:\/\/nitu.mx\/#website\",\"url\":\"https:\/\/nitu.mx\/\",\"name\":\"Nitu - Noticias de la Industria Turistica\",\"description\":\"Noticias de la Industria Turistica\",\"publisher\":{\"@id\":\"https:\/\/nitu.mx\/#\/schema\/person\/ae7a53426417292d3dd07b45a33e01bc\"},\"alternateName\":\"Noticias de la Industria Turistica\",\"potentialAction\":[{\"@type\":\"SearchAction\",\"target\":{\"@type\":\"EntryPoint\",\"urlTemplate\":\"https:\/\/nitu.mx\/?s={search_term_string}\"},\"query-input\":\"required name=search_term_string\"}],\"inLanguage\":\"es-MX\"},{\"@type\":[\"Person\",\"Organization\"],\"@id\":\"https:\/\/nitu.mx\/#\/schema\/person\/ae7a53426417292d3dd07b45a33e01bc\",\"name\":\"Arturo Medina\",\"image\":{\"@type\":\"ImageObject\",\"inLanguage\":\"es-MX\",\"@id\":\"https:\/\/nitu.mx\/#\/schema\/person\/image\/\",\"url\":\"https:\/\/nitu.mx\/wp-content\/uploads\/2024\/04\/4A315622-1904-4D5C-B022-878CDC840E04-90x90-1.jpeg\",\"contentUrl\":\"https:\/\/nitu.mx\/wp-content\/uploads\/2024\/04\/4A315622-1904-4D5C-B022-878CDC840E04-90x90-1.jpeg\",\"width\":90,\"height\":90,\"caption\":\"Arturo Medina\"},\"logo\":{\"@id\":\"https:\/\/nitu.mx\/#\/schema\/person\/image\/\"},\"description\":\"Director NITU.mx, Egresado de la Escuela de Periodismo Carlos Septi\u00e9n Garc\u00eda. Periodista y analista especializado en turismo desde hace 35 a\u00f1os, radicado en Canc\u00fan Q.Roo. arturo@nitu.mx\",\"sameAs\":[\"https:\/\/nitu.mx\",\"https:\/\/www.facebook.com\/NITUmx\/\",\"medinacancun\",\"https:\/\/twitter.com\/@Arturo_Medina_G\"]},{\"@type\":\"Person\",\"@id\":\"https:\/\/nitu.mx\/#\/schema\/person\/4a28fe9bd65924f7c90623773daf1b0b\",\"name\":\"Redacci\u00f3n\",\"image\":{\"@type\":\"ImageObject\",\"inLanguage\":\"es-MX\",\"@id\":\"https:\/\/nitu.mx\/#\/schema\/person\/image\/\",\"url\":\"https:\/\/secure.gravatar.com\/avatar\/5dd011c8ccfc5cd7e4c81e42252aab38?s=96&d=mm&r=g\",\"contentUrl\":\"https:\/\/secure.gravatar.com\/avatar\/5dd011c8ccfc5cd7e4c81e42252aab38?s=96&d=mm&r=g\",\"caption\":\"Redacci\u00f3n\"},\"url\":\"https:\/\/nitu.mx\/index.php\/author\/redaccion\/\"}]}<\/script>\n<!-- \/ Yoast SEO plugin. -->","yoast_head_json":{"title":"Hungr\u00eda a la conquista de los viajeros mexicanos - Nitu - Noticias de la Industria Turistica","robots":{"index":"index","follow":"follow","max-snippet":"max-snippet:-1","max-image-preview":"max-image-preview:large","max-video-preview":"max-video-preview:-1"},"canonical":"https:\/\/nitu.mx\/index.php\/2022\/03\/28\/hungria-a-la-conquista-de-los-viajeros-mexicanos\/","twitter_card":"summary_large_image","twitter_title":"Hungr\u00eda a la conquista de los viajeros mexicanos - Nitu - Noticias de la Industria Turistica","twitter_description":"La Agencia de Turismo de Hungr\u00eda organiz\u00f3 por primera vez en M\u00e9xico un evento de promoci\u00f3n tur\u00edstica de alto nivel. Dedicado a fortalecer los lazos entre Hungr\u00eda y los principales proveedores de servicios del sector tur\u00edstico mexicano, el evento dio a conocer las \u00faltimas novedades y principales atractivos del pa\u00eds centroeuropeo; la destacada arquitectura de [&hellip;]","twitter_image":"https:\/\/nitu.mx\/wp-content\/uploads\/2022\/03\/Hungri\u0301a-promocio\u0301n.jpg","twitter_creator":"@NITUmx","twitter_site":"@Arturo_Medina_G","twitter_misc":{"Escrito por":"Redacci\u00f3n","Tiempo de lectura":"2 minutos"},"schema":{"@context":"https:\/\/schema.org","@graph":[{"@type":"Article","@id":"https:\/\/nitu.mx\/index.php\/2022\/03\/28\/hungria-a-la-conquista-de-los-viajeros-mexicanos\/#article","isPartOf":{"@id":"https:\/\/nitu.mx\/index.php\/2022\/03\/28\/hungria-a-la-conquista-de-los-viajeros-mexicanos\/"},"author":{"name":"Redacci\u00f3n","@id":"https:\/\/nitu.mx\/#\/schema\/person\/4a28fe9bd65924f7c90623773daf1b0b"},"headline":"Hungr\u00eda a la conquista de los viajeros mexicanos","datePublished":"2022-03-28T08:17:36+00:00","dateModified":"2022-03-28T08:33:52+00:00","mainEntityOfPage":{"@id":"https:\/\/nitu.mx\/index.php\/2022\/03\/28\/hungria-a-la-conquista-de-los-viajeros-mexicanos\/"},"wordCount":482,"commentCount":0,"publisher":{"@id":"https:\/\/nitu.mx\/#\/schema\/person\/ae7a53426417292d3dd07b45a33e01bc"},"image":{"@id":"https:\/\/nitu.mx\/index.php\/2022\/03\/28\/hungria-a-la-conquista-de-los-viajeros-mexicanos\/#primaryimage"},"thumbnailUrl":"https:\/\/nitu.mx\/wp-content\/uploads\/2022\/03\/Hungri\u0301a-promocio\u0301n.jpg","keywords":["Agencia de Turismo de Hungr\u00eda","Hungr\u00eda","turistas mexicanos"],"articleSection":["Destinos"],"inLanguage":"es-MX","potentialAction":[{"@type":"CommentAction","name":"Comment","target":["https:\/\/nitu.mx\/index.php\/2022\/03\/28\/hungria-a-la-conquista-de-los-viajeros-mexicanos\/#respond"]}]},{"@type":"WebPage","@id":"https:\/\/nitu.mx\/index.php\/2022\/03\/28\/hungria-a-la-conquista-de-los-viajeros-mexicanos\/","url":"https:\/\/nitu.mx\/index.php\/2022\/03\/28\/hungria-a-la-conquista-de-los-viajeros-mexicanos\/","name":"Hungr\u00eda a la conquista de los viajeros mexicanos - Nitu - Noticias de la Industria Turistica","isPartOf":{"@id":"https:\/\/nitu.mx\/#website"},"primaryImageOfPage":{"@id":"https:\/\/nitu.mx\/index.php\/2022\/03\/28\/hungria-a-la-conquista-de-los-viajeros-mexicanos\/#primaryimage"},"image":{"@id":"https:\/\/nitu.mx\/index.php\/2022\/03\/28\/hungria-a-la-conquista-de-los-viajeros-mexicanos\/#primaryimage"},"thumbnailUrl":"https:\/\/nitu.mx\/wp-content\/uploads\/2022\/03\/Hungri\u0301a-promocio\u0301n.jpg","datePublished":"2022-03-28T08:17:36+00:00","dateModified":"2022-03-28T08:33:52+00:00","breadcrumb":{"@id":"https:\/\/nitu.mx\/index.php\/2022\/03\/28\/hungria-a-la-conquista-de-los-viajeros-mexicanos\/#breadcrumb"},"inLanguage":"es-MX","potentialAction":[{"@type":"ReadAction","target":["https:\/\/nitu.mx\/index.php\/2022\/03\/28\/hungria-a-la-conquista-de-los-viajeros-mexicanos\/"]}]},{"@type":"ImageObject","inLanguage":"es-MX","@id":"https:\/\/nitu.mx\/index.php\/2022\/03\/28\/hungria-a-la-conquista-de-los-viajeros-mexicanos\/#primaryimage","url":"https:\/\/nitu.mx\/wp-content\/uploads\/2022\/03\/Hungri\u0301a-promocio\u0301n.jpg","contentUrl":"https:\/\/nitu.mx\/wp-content\/uploads\/2022\/03\/Hungri\u0301a-promocio\u0301n.jpg","width":1200,"height":675},{"@type":"BreadcrumbList","@id":"https:\/\/nitu.mx\/index.php\/2022\/03\/28\/hungria-a-la-conquista-de-los-viajeros-mexicanos\/#breadcrumb","itemListElement":[{"@type":"ListItem","position":1,"name":"Inicio","item":"https:\/\/nitu.mx\/"},{"@type":"ListItem","position":2,"name":"Hungr\u00eda a la conquista de los viajeros mexicanos"}]},{"@type":"WebSite","@id":"https:\/\/nitu.mx\/#website","url":"https:\/\/nitu.mx\/","name":"Nitu - Noticias de la Industria Turistica","description":"Noticias de la Industria Turistica","publisher":{"@id":"https:\/\/nitu.mx\/#\/schema\/person\/ae7a53426417292d3dd07b45a33e01bc"},"alternateName":"Noticias de la Industria Turistica","potentialAction":[{"@type":"SearchAction","target":{"@type":"EntryPoint","urlTemplate":"https:\/\/nitu.mx\/?s={search_term_string}"},"query-input":"required name=search_term_string"}],"inLanguage":"es-MX"},{"@type":["Person","Organization"],"@id":"https:\/\/nitu.mx\/#\/schema\/person\/ae7a53426417292d3dd07b45a33e01bc","name":"Arturo Medina","image":{"@type":"ImageObject","inLanguage":"es-MX","@id":"https:\/\/nitu.mx\/#\/schema\/person\/image\/","url":"https:\/\/nitu.mx\/wp-content\/uploads\/2024\/04\/4A315622-1904-4D5C-B022-878CDC840E04-90x90-1.jpeg","contentUrl":"https:\/\/nitu.mx\/wp-content\/uploads\/2024\/04\/4A315622-1904-4D5C-B022-878CDC840E04-90x90-1.jpeg","width":90,"height":90,"caption":"Arturo Medina"},"logo":{"@id":"https:\/\/nitu.mx\/#\/schema\/person\/image\/"},"description":"Director NITU.mx, Egresado de la Escuela de Periodismo Carlos Septi\u00e9n Garc\u00eda. Periodista y analista especializado en turismo desde hace 35 a\u00f1os, radicado en Canc\u00fan Q.Roo. arturo@nitu.mx","sameAs":["https:\/\/nitu.mx","https:\/\/www.facebook.com\/NITUmx\/","medinacancun","https:\/\/twitter.com\/@Arturo_Medina_G"]},{"@type":"Person","@id":"https:\/\/nitu.mx\/#\/schema\/person\/4a28fe9bd65924f7c90623773daf1b0b","name":"Redacci\u00f3n","image":{"@type":"ImageObject","inLanguage":"es-MX","@id":"https:\/\/nitu.mx\/#\/schema\/person\/image\/","url":"https:\/\/secure.gravatar.com\/avatar\/5dd011c8ccfc5cd7e4c81e42252aab38?s=96&d=mm&r=g","contentUrl":"https:\/\/secure.gravatar.com\/avatar\/5dd011c8ccfc5cd7e4c81e42252aab38?s=96&d=mm&r=g","caption":"Redacci\u00f3n"},"url":"https:\/\/nitu.mx\/index.php\/author\/redaccion\/"}]}},"views":324,"_links":{"self":[{"href":"https:\/\/nitu.mx\/index.php\/wp-json\/wp\/v2\/posts\/58699"}],"collection":[{"href":"https:\/\/nitu.mx\/index.php\/wp-json\/wp\/v2\/posts"}],"about":[{"href":"https:\/\/nitu.mx\/index.php\/wp-json\/wp\/v2\/types\/post"}],"author":[{"embeddable":true,"href":"https:\/\/nitu.mx\/index.php\/wp-json\/wp\/v2\/users\/17"}],"replies":[{"embeddable":true,"href":"https:\/\/nitu.mx\/index.php\/wp-json\/wp\/v2\/comments?post=58699"}],"version-history":[{"count":1,"href":"https:\/\/nitu.mx\/index.php\/wp-json\/wp\/v2\/posts\/58699\/revisions"}],"predecessor-version":[{"id":58700,"href":"https:\/\/nitu.mx\/index.php\/wp-json\/wp\/v2\/posts\/58699\/revisions\/58700"}],"wp:featuredmedia":[{"embeddable":true,"href":"https:\/\/nitu.mx\/index.php\/wp-json\/wp\/v2\/media\/58708"}],"wp:attachment":[{"href":"https:\/\/nitu.mx\/index.php\/wp-json\/wp\/v2\/media?parent=58699"}],"wp:term":[{"taxonomy":"category","embeddable":true,"href":"https:\/\/nitu.mx\/index.php\/wp-json\/wp\/v2\/categories?post=58699"},{"taxonomy":"post_tag","embeddable":true,"href":"https:\/\/nitu.mx\/index.php\/wp-json\/wp\/v2\/tags?post=58699"}],"curies":[{"name":"wp","href":"https:\/\/api.w.org\/{rel}","templated":true}]}}