{"id":58693,"date":"2022-03-27T22:35:42","date_gmt":"2022-03-28T03:35:42","guid":{"rendered":"https:\/\/www.dev.nitu.mx\/?p=58693"},"modified":"2022-03-28T03:33:37","modified_gmt":"2022-03-28T08:33:37","slug":"ocupa-mexico-tercer-lugar-en-asientos-aereos-a-colombia","status":"publish","type":"post","link":"https:\/\/nitu.mx\/index.php\/2022\/03\/27\/ocupa-mexico-tercer-lugar-en-asientos-aereos-a-colombia\/","title":{"rendered":"Ocupa M\u00e9xico tercer lugar en asientos a\u00e9reos a Colombia"},"content":{"rendered":"<p>\u201cEn lo que va de 2022 M\u00e9xico lidera la lista de nuevas rutas anunciadas para vuelos internacionales hacia nuestro pa\u00eds, mientras que, en materia de asientos semanales con Colombia,\u00a0M\u00e9xico ocupa el tercer lugar con 13% de participaci\u00f3n,\u00a0solo superado por Estados Unidos y Panam\u00e1\u201d, explic\u00f3 Flavia Santoro, presidenta de ProColombia.<\/p>\n<p>Uno de los grandes impulsos para que esto ocurra es el aumento de frecuencias de lineas mexicanas pero tambi\u00e9n de la Colombiana \u00a0Viva, con el prop\u00f3sito de\u00a0dar a m\u00e1s latinoamericanos la oportunidad de volar con el modelo de Bajo Costo a Colombia.<\/p>\n<p>Explic\u00f3 que con su Hub de conexiones en Colombia se conecta a la Ciudad de M\u00e9xico y Canc\u00fan con\u00a0sus 44 rutas dom\u00e9sticas y 12 destinos internacionales,\u00a0en la que se encuentra su nueva ruta a Sao Paulo, Brasil.<\/p>\n<p>\u201cDe este modo,\u00a0Viva se convierte en la aerol\u00ednea que presenta al mercado mexicano las mejores opciones de conectividad a trav\u00e9s de una misma aerol\u00ednea;\u00a0por ello, sumamos nuevas conexiones directas entre Ciudad de M\u00e9xico y Cartagena, Cali-Ciudad de M\u00e9xico y Cali-Canc\u00fan\u201d, asever\u00f3 F\u00e9lix Antelo, CEO del Grupo Viva. (<a title=\"Viva inicia operaciones de la ruta Cali \u2013 Canc\u00fan\" href=\"https:\/\/www.dev.nitu.mx\/index.php\/2022\/03\/23\/viva-inicia-operaciones-de-la-ruta-cali-cancun\/\" rel=\"bookmark\">Viva inicia operaciones de la ruta Cali \u2013 Canc\u00fan<\/a>).<\/p>\n<p>Refiri\u00f3 que, en el primer trimestre del 2022, se ha observado un\u00a0incremento del 40% en el n\u00famero de pasajeros\u00a0viajando entre ambos pa\u00edses con Viva Air, comparado con el \u00faltimo trimestre del 2021<\/p>\n<p>Estas estrategias se suman al acuerdo interl\u00ednea con Viva Aerobus firmado el 28 de octubre de 2021, lo que da cuenta de la apuesta internacional que adelanta la compa\u00f1\u00eda, y la importancia de M\u00e9xico como destino tur\u00edstico y de negocio, pilar de la regi\u00f3n.<\/p>\n","protected":false},"excerpt":{"rendered":"<p>\u201cEn lo que va de 2022 M\u00e9xico lidera la lista de nuevas rutas anunciadas para vuelos internacionales hacia nuestro pa\u00eds, mientras que, en materia de asientos semanales con Colombia,\u00a0M\u00e9xico ocupa el tercer lugar con 13% de participaci\u00f3n,\u00a0solo superado por Estados Unidos y Panam\u00e1\u201d, explic\u00f3 Flavia Santoro, presidenta de ProColombia. Uno de los grandes impulsos para [&hellip;]<\/p>\n","protected":false},"author":17,"featured_media":52908,"comment_status":"open","ping_status":"open","sticky":false,"template":"","format":"standard","meta":{"footnotes":""},"categories":[29],"tags":[125,224,22222,10115],"yoast_head":"<!-- This site is optimized with the Yoast SEO plugin v22.2 - https:\/\/yoast.com\/wordpress\/plugins\/seo\/ -->\n<title>Ocupa M\u00e9xico tercer lugar en asientos a\u00e9reos a Colombia - Nitu - Noticias de la Industria Turistica<\/title>\n<meta name=\"robots\" content=\"index, follow, max-snippet:-1, max-image-preview:large, max-video-preview:-1\" \/>\n<link rel=\"canonical\" href=\"https:\/\/nitu.mx\/index.php\/2022\/03\/27\/ocupa-mexico-tercer-lugar-en-asientos-aereos-a-colombia\/\" \/>\n<meta name=\"twitter:card\" content=\"summary_large_image\" \/>\n<meta name=\"twitter:title\" content=\"Ocupa M\u00e9xico tercer lugar en asientos a\u00e9reos a Colombia - Nitu - Noticias de la Industria Turistica\" \/>\n<meta name=\"twitter:description\" content=\"\u201cEn lo que va de 2022 M\u00e9xico lidera la lista de nuevas rutas anunciadas para vuelos internacionales hacia nuestro pa\u00eds, mientras que, en materia de asientos semanales con Colombia,\u00a0M\u00e9xico ocupa el tercer lugar con 13% de participaci\u00f3n,\u00a0solo superado por Estados Unidos y Panam\u00e1\u201d, explic\u00f3 Flavia Santoro, presidenta de ProColombia. Uno de los grandes impulsos para [&hellip;]\" \/>\n<meta name=\"twitter:image\" content=\"https:\/\/nitu.mx\/wp-content\/uploads\/2021\/06\/Viva-Air-Colombia.jpg\" \/>\n<meta name=\"twitter:creator\" content=\"@NITUmx\" \/>\n<meta name=\"twitter:site\" content=\"@Arturo_Medina_G\" \/>\n<meta name=\"twitter:label1\" content=\"Escrito por\" \/>\n\t<meta name=\"twitter:data1\" content=\"Redacci\u00f3n\" \/>\n\t<meta name=\"twitter:label2\" content=\"Tiempo de lectura\" \/>\n\t<meta name=\"twitter:data2\" content=\"1 minuto\" \/>\n<script type=\"application\/ld+json\" class=\"yoast-schema-graph\">{\"@context\":\"https:\/\/schema.org\",\"@graph\":[{\"@type\":\"Article\",\"@id\":\"https:\/\/nitu.mx\/index.php\/2022\/03\/27\/ocupa-mexico-tercer-lugar-en-asientos-aereos-a-colombia\/#article\",\"isPartOf\":{\"@id\":\"https:\/\/nitu.mx\/index.php\/2022\/03\/27\/ocupa-mexico-tercer-lugar-en-asientos-aereos-a-colombia\/\"},\"author\":{\"name\":\"Redacci\u00f3n\",\"@id\":\"https:\/\/nitu.mx\/#\/schema\/person\/4a28fe9bd65924f7c90623773daf1b0b\"},\"headline\":\"Ocupa M\u00e9xico tercer lugar en asientos a\u00e9reos a Colombia\",\"datePublished\":\"2022-03-28T03:35:42+00:00\",\"dateModified\":\"2022-03-28T08:33:37+00:00\",\"mainEntityOfPage\":{\"@id\":\"https:\/\/nitu.mx\/index.php\/2022\/03\/27\/ocupa-mexico-tercer-lugar-en-asientos-aereos-a-colombia\/\"},\"wordCount\":295,\"commentCount\":0,\"publisher\":{\"@id\":\"https:\/\/nitu.mx\/#\/schema\/person\/ae7a53426417292d3dd07b45a33e01bc\"},\"image\":{\"@id\":\"https:\/\/nitu.mx\/index.php\/2022\/03\/27\/ocupa-mexico-tercer-lugar-en-asientos-aereos-a-colombia\/#primaryimage\"},\"thumbnailUrl\":\"https:\/\/nitu.mx\/wp-content\/uploads\/2021\/06\/Viva-Air-Colombia.jpg\",\"keywords\":[\"Ciudad de M\u00e9xico\",\"Colombia\",\"F\u00e9lix Antelo\",\"Viva Air Colombia\"],\"articleSection\":[\"Aerol\u00edneas\"],\"inLanguage\":\"es-MX\",\"potentialAction\":[{\"@type\":\"CommentAction\",\"name\":\"Comment\",\"target\":[\"https:\/\/nitu.mx\/index.php\/2022\/03\/27\/ocupa-mexico-tercer-lugar-en-asientos-aereos-a-colombia\/#respond\"]}]},{\"@type\":\"WebPage\",\"@id\":\"https:\/\/nitu.mx\/index.php\/2022\/03\/27\/ocupa-mexico-tercer-lugar-en-asientos-aereos-a-colombia\/\",\"url\":\"https:\/\/nitu.mx\/index.php\/2022\/03\/27\/ocupa-mexico-tercer-lugar-en-asientos-aereos-a-colombia\/\",\"name\":\"Ocupa M\u00e9xico tercer lugar en asientos a\u00e9reos a Colombia - Nitu - Noticias de la Industria Turistica\",\"isPartOf\":{\"@id\":\"https:\/\/nitu.mx\/#website\"},\"primaryImageOfPage\":{\"@id\":\"https:\/\/nitu.mx\/index.php\/2022\/03\/27\/ocupa-mexico-tercer-lugar-en-asientos-aereos-a-colombia\/#primaryimage\"},\"image\":{\"@id\":\"https:\/\/nitu.mx\/index.php\/2022\/03\/27\/ocupa-mexico-tercer-lugar-en-asientos-aereos-a-colombia\/#primaryimage\"},\"thumbnailUrl\":\"https:\/\/nitu.mx\/wp-content\/uploads\/2021\/06\/Viva-Air-Colombia.jpg\",\"datePublished\":\"2022-03-28T03:35:42+00:00\",\"dateModified\":\"2022-03-28T08:33:37+00:00\",\"breadcrumb\":{\"@id\":\"https:\/\/nitu.mx\/index.php\/2022\/03\/27\/ocupa-mexico-tercer-lugar-en-asientos-aereos-a-colombia\/#breadcrumb\"},\"inLanguage\":\"es-MX\",\"potentialAction\":[{\"@type\":\"ReadAction\",\"target\":[\"https:\/\/nitu.mx\/index.php\/2022\/03\/27\/ocupa-mexico-tercer-lugar-en-asientos-aereos-a-colombia\/\"]}]},{\"@type\":\"ImageObject\",\"inLanguage\":\"es-MX\",\"@id\":\"https:\/\/nitu.mx\/index.php\/2022\/03\/27\/ocupa-mexico-tercer-lugar-en-asientos-aereos-a-colombia\/#primaryimage\",\"url\":\"https:\/\/nitu.mx\/wp-content\/uploads\/2021\/06\/Viva-Air-Colombia.jpg\",\"contentUrl\":\"https:\/\/nitu.mx\/wp-content\/uploads\/2021\/06\/Viva-Air-Colombia.jpg\",\"width\":1200,\"height\":675},{\"@type\":\"BreadcrumbList\",\"@id\":\"https:\/\/nitu.mx\/index.php\/2022\/03\/27\/ocupa-mexico-tercer-lugar-en-asientos-aereos-a-colombia\/#breadcrumb\",\"itemListElement\":[{\"@type\":\"ListItem\",\"position\":1,\"name\":\"Inicio\",\"item\":\"https:\/\/nitu.mx\/\"},{\"@type\":\"ListItem\",\"position\":2,\"name\":\"Ocupa M\u00e9xico tercer lugar en asientos a\u00e9reos a Colombia\"}]},{\"@type\":\"WebSite\",\"@id\":\"https:\/\/nitu.mx\/#website\",\"url\":\"https:\/\/nitu.mx\/\",\"name\":\"Nitu - Noticias de la Industria Turistica\",\"description\":\"Noticias de la Industria Turistica\",\"publisher\":{\"@id\":\"https:\/\/nitu.mx\/#\/schema\/person\/ae7a53426417292d3dd07b45a33e01bc\"},\"alternateName\":\"Noticias de la Industria Turistica\",\"potentialAction\":[{\"@type\":\"SearchAction\",\"target\":{\"@type\":\"EntryPoint\",\"urlTemplate\":\"https:\/\/nitu.mx\/?s={search_term_string}\"},\"query-input\":\"required name=search_term_string\"}],\"inLanguage\":\"es-MX\"},{\"@type\":[\"Person\",\"Organization\"],\"@id\":\"https:\/\/nitu.mx\/#\/schema\/person\/ae7a53426417292d3dd07b45a33e01bc\",\"name\":\"Arturo Medina\",\"image\":{\"@type\":\"ImageObject\",\"inLanguage\":\"es-MX\",\"@id\":\"https:\/\/nitu.mx\/#\/schema\/person\/image\/\",\"url\":\"https:\/\/nitu.mx\/wp-content\/uploads\/2024\/04\/4A315622-1904-4D5C-B022-878CDC840E04-90x90-1.jpeg\",\"contentUrl\":\"https:\/\/nitu.mx\/wp-content\/uploads\/2024\/04\/4A315622-1904-4D5C-B022-878CDC840E04-90x90-1.jpeg\",\"width\":90,\"height\":90,\"caption\":\"Arturo Medina\"},\"logo\":{\"@id\":\"https:\/\/nitu.mx\/#\/schema\/person\/image\/\"},\"description\":\"Director NITU.mx, Egresado de la Escuela de Periodismo Carlos Septi\u00e9n Garc\u00eda. Periodista y analista especializado en turismo desde hace 35 a\u00f1os, radicado en Canc\u00fan Q.Roo. arturo@nitu.mx\",\"sameAs\":[\"https:\/\/nitu.mx\",\"https:\/\/www.facebook.com\/NITUmx\/\",\"medinacancun\",\"https:\/\/twitter.com\/@Arturo_Medina_G\"]},{\"@type\":\"Person\",\"@id\":\"https:\/\/nitu.mx\/#\/schema\/person\/4a28fe9bd65924f7c90623773daf1b0b\",\"name\":\"Redacci\u00f3n\",\"image\":{\"@type\":\"ImageObject\",\"inLanguage\":\"es-MX\",\"@id\":\"https:\/\/nitu.mx\/#\/schema\/person\/image\/\",\"url\":\"https:\/\/secure.gravatar.com\/avatar\/5dd011c8ccfc5cd7e4c81e42252aab38?s=96&d=mm&r=g\",\"contentUrl\":\"https:\/\/secure.gravatar.com\/avatar\/5dd011c8ccfc5cd7e4c81e42252aab38?s=96&d=mm&r=g\",\"caption\":\"Redacci\u00f3n\"},\"url\":\"https:\/\/nitu.mx\/index.php\/author\/redaccion\/\"}]}<\/script>\n<!-- \/ Yoast SEO plugin. -->","yoast_head_json":{"title":"Ocupa M\u00e9xico tercer lugar en asientos a\u00e9reos a Colombia - Nitu - Noticias de la Industria Turistica","robots":{"index":"index","follow":"follow","max-snippet":"max-snippet:-1","max-image-preview":"max-image-preview:large","max-video-preview":"max-video-preview:-1"},"canonical":"https:\/\/nitu.mx\/index.php\/2022\/03\/27\/ocupa-mexico-tercer-lugar-en-asientos-aereos-a-colombia\/","twitter_card":"summary_large_image","twitter_title":"Ocupa M\u00e9xico tercer lugar en asientos a\u00e9reos a Colombia - Nitu - Noticias de la Industria Turistica","twitter_description":"\u201cEn lo que va de 2022 M\u00e9xico lidera la lista de nuevas rutas anunciadas para vuelos internacionales hacia nuestro pa\u00eds, mientras que, en materia de asientos semanales con Colombia,\u00a0M\u00e9xico ocupa el tercer lugar con 13% de participaci\u00f3n,\u00a0solo superado por Estados Unidos y Panam\u00e1\u201d, explic\u00f3 Flavia Santoro, presidenta de ProColombia. Uno de los grandes impulsos para [&hellip;]","twitter_image":"https:\/\/nitu.mx\/wp-content\/uploads\/2021\/06\/Viva-Air-Colombia.jpg","twitter_creator":"@NITUmx","twitter_site":"@Arturo_Medina_G","twitter_misc":{"Escrito por":"Redacci\u00f3n","Tiempo de lectura":"1 minuto"},"schema":{"@context":"https:\/\/schema.org","@graph":[{"@type":"Article","@id":"https:\/\/nitu.mx\/index.php\/2022\/03\/27\/ocupa-mexico-tercer-lugar-en-asientos-aereos-a-colombia\/#article","isPartOf":{"@id":"https:\/\/nitu.mx\/index.php\/2022\/03\/27\/ocupa-mexico-tercer-lugar-en-asientos-aereos-a-colombia\/"},"author":{"name":"Redacci\u00f3n","@id":"https:\/\/nitu.mx\/#\/schema\/person\/4a28fe9bd65924f7c90623773daf1b0b"},"headline":"Ocupa M\u00e9xico tercer lugar en asientos a\u00e9reos a Colombia","datePublished":"2022-03-28T03:35:42+00:00","dateModified":"2022-03-28T08:33:37+00:00","mainEntityOfPage":{"@id":"https:\/\/nitu.mx\/index.php\/2022\/03\/27\/ocupa-mexico-tercer-lugar-en-asientos-aereos-a-colombia\/"},"wordCount":295,"commentCount":0,"publisher":{"@id":"https:\/\/nitu.mx\/#\/schema\/person\/ae7a53426417292d3dd07b45a33e01bc"},"image":{"@id":"https:\/\/nitu.mx\/index.php\/2022\/03\/27\/ocupa-mexico-tercer-lugar-en-asientos-aereos-a-colombia\/#primaryimage"},"thumbnailUrl":"https:\/\/nitu.mx\/wp-content\/uploads\/2021\/06\/Viva-Air-Colombia.jpg","keywords":["Ciudad de M\u00e9xico","Colombia","F\u00e9lix Antelo","Viva Air Colombia"],"articleSection":["Aerol\u00edneas"],"inLanguage":"es-MX","potentialAction":[{"@type":"CommentAction","name":"Comment","target":["https:\/\/nitu.mx\/index.php\/2022\/03\/27\/ocupa-mexico-tercer-lugar-en-asientos-aereos-a-colombia\/#respond"]}]},{"@type":"WebPage","@id":"https:\/\/nitu.mx\/index.php\/2022\/03\/27\/ocupa-mexico-tercer-lugar-en-asientos-aereos-a-colombia\/","url":"https:\/\/nitu.mx\/index.php\/2022\/03\/27\/ocupa-mexico-tercer-lugar-en-asientos-aereos-a-colombia\/","name":"Ocupa M\u00e9xico tercer lugar en asientos a\u00e9reos a Colombia - Nitu - Noticias de la Industria Turistica","isPartOf":{"@id":"https:\/\/nitu.mx\/#website"},"primaryImageOfPage":{"@id":"https:\/\/nitu.mx\/index.php\/2022\/03\/27\/ocupa-mexico-tercer-lugar-en-asientos-aereos-a-colombia\/#primaryimage"},"image":{"@id":"https:\/\/nitu.mx\/index.php\/2022\/03\/27\/ocupa-mexico-tercer-lugar-en-asientos-aereos-a-colombia\/#primaryimage"},"thumbnailUrl":"https:\/\/nitu.mx\/wp-content\/uploads\/2021\/06\/Viva-Air-Colombia.jpg","datePublished":"2022-03-28T03:35:42+00:00","dateModified":"2022-03-28T08:33:37+00:00","breadcrumb":{"@id":"https:\/\/nitu.mx\/index.php\/2022\/03\/27\/ocupa-mexico-tercer-lugar-en-asientos-aereos-a-colombia\/#breadcrumb"},"inLanguage":"es-MX","potentialAction":[{"@type":"ReadAction","target":["https:\/\/nitu.mx\/index.php\/2022\/03\/27\/ocupa-mexico-tercer-lugar-en-asientos-aereos-a-colombia\/"]}]},{"@type":"ImageObject","inLanguage":"es-MX","@id":"https:\/\/nitu.mx\/index.php\/2022\/03\/27\/ocupa-mexico-tercer-lugar-en-asientos-aereos-a-colombia\/#primaryimage","url":"https:\/\/nitu.mx\/wp-content\/uploads\/2021\/06\/Viva-Air-Colombia.jpg","contentUrl":"https:\/\/nitu.mx\/wp-content\/uploads\/2021\/06\/Viva-Air-Colombia.jpg","width":1200,"height":675},{"@type":"BreadcrumbList","@id":"https:\/\/nitu.mx\/index.php\/2022\/03\/27\/ocupa-mexico-tercer-lugar-en-asientos-aereos-a-colombia\/#breadcrumb","itemListElement":[{"@type":"ListItem","position":1,"name":"Inicio","item":"https:\/\/nitu.mx\/"},{"@type":"ListItem","position":2,"name":"Ocupa M\u00e9xico tercer lugar en asientos a\u00e9reos a Colombia"}]},{"@type":"WebSite","@id":"https:\/\/nitu.mx\/#website","url":"https:\/\/nitu.mx\/","name":"Nitu - Noticias de la Industria Turistica","description":"Noticias de la Industria Turistica","publisher":{"@id":"https:\/\/nitu.mx\/#\/schema\/person\/ae7a53426417292d3dd07b45a33e01bc"},"alternateName":"Noticias de la Industria Turistica","potentialAction":[{"@type":"SearchAction","target":{"@type":"EntryPoint","urlTemplate":"https:\/\/nitu.mx\/?s={search_term_string}"},"query-input":"required name=search_term_string"}],"inLanguage":"es-MX"},{"@type":["Person","Organization"],"@id":"https:\/\/nitu.mx\/#\/schema\/person\/ae7a53426417292d3dd07b45a33e01bc","name":"Arturo Medina","image":{"@type":"ImageObject","inLanguage":"es-MX","@id":"https:\/\/nitu.mx\/#\/schema\/person\/image\/","url":"https:\/\/nitu.mx\/wp-content\/uploads\/2024\/04\/4A315622-1904-4D5C-B022-878CDC840E04-90x90-1.jpeg","contentUrl":"https:\/\/nitu.mx\/wp-content\/uploads\/2024\/04\/4A315622-1904-4D5C-B022-878CDC840E04-90x90-1.jpeg","width":90,"height":90,"caption":"Arturo Medina"},"logo":{"@id":"https:\/\/nitu.mx\/#\/schema\/person\/image\/"},"description":"Director NITU.mx, Egresado de la Escuela de Periodismo Carlos Septi\u00e9n Garc\u00eda. Periodista y analista especializado en turismo desde hace 35 a\u00f1os, radicado en Canc\u00fan Q.Roo. arturo@nitu.mx","sameAs":["https:\/\/nitu.mx","https:\/\/www.facebook.com\/NITUmx\/","medinacancun","https:\/\/twitter.com\/@Arturo_Medina_G"]},{"@type":"Person","@id":"https:\/\/nitu.mx\/#\/schema\/person\/4a28fe9bd65924f7c90623773daf1b0b","name":"Redacci\u00f3n","image":{"@type":"ImageObject","inLanguage":"es-MX","@id":"https:\/\/nitu.mx\/#\/schema\/person\/image\/","url":"https:\/\/secure.gravatar.com\/avatar\/5dd011c8ccfc5cd7e4c81e42252aab38?s=96&d=mm&r=g","contentUrl":"https:\/\/secure.gravatar.com\/avatar\/5dd011c8ccfc5cd7e4c81e42252aab38?s=96&d=mm&r=g","caption":"Redacci\u00f3n"},"url":"https:\/\/nitu.mx\/index.php\/author\/redaccion\/"}]}},"views":246,"_links":{"self":[{"href":"https:\/\/nitu.mx\/index.php\/wp-json\/wp\/v2\/posts\/58693"}],"collection":[{"href":"https:\/\/nitu.mx\/index.php\/wp-json\/wp\/v2\/posts"}],"about":[{"href":"https:\/\/nitu.mx\/index.php\/wp-json\/wp\/v2\/types\/post"}],"author":[{"embeddable":true,"href":"https:\/\/nitu.mx\/index.php\/wp-json\/wp\/v2\/users\/17"}],"replies":[{"embeddable":true,"href":"https:\/\/nitu.mx\/index.php\/wp-json\/wp\/v2\/comments?post=58693"}],"version-history":[{"count":3,"href":"https:\/\/nitu.mx\/index.php\/wp-json\/wp\/v2\/posts\/58693\/revisions"}],"predecessor-version":[{"id":58714,"href":"https:\/\/nitu.mx\/index.php\/wp-json\/wp\/v2\/posts\/58693\/revisions\/58714"}],"wp:featuredmedia":[{"embeddable":true,"href":"https:\/\/nitu.mx\/index.php\/wp-json\/wp\/v2\/media\/52908"}],"wp:attachment":[{"href":"https:\/\/nitu.mx\/index.php\/wp-json\/wp\/v2\/media?parent=58693"}],"wp:term":[{"taxonomy":"category","embeddable":true,"href":"https:\/\/nitu.mx\/index.php\/wp-json\/wp\/v2\/categories?post=58693"},{"taxonomy":"post_tag","embeddable":true,"href":"https:\/\/nitu.mx\/index.php\/wp-json\/wp\/v2\/tags?post=58693"}],"curies":[{"name":"wp","href":"https:\/\/api.w.org\/{rel}","templated":true}]}}