{"id":58691,"date":"2022-03-27T22:22:35","date_gmt":"2022-03-28T03:22:35","guid":{"rendered":"https:\/\/www.dev.nitu.mx\/?p=58691"},"modified":"2022-03-28T03:33:29","modified_gmt":"2022-03-28T08:33:29","slug":"cambia-china-por-qatar-cumbre-de-la-iata","status":"publish","type":"post","link":"https:\/\/nitu.mx\/index.php\/2022\/03\/27\/cambia-china-por-qatar-cumbre-de-la-iata\/","title":{"rendered":"Cambia China por Qatar cumbre de la IATA"},"content":{"rendered":"<p>La Asociaci\u00f3n de Transporte A\u00e9reo Internacional\u00a0(IATA)\u00a0anunci\u00f3 que la 78\u00aa\u00a0Reuni\u00f3n General Anual\u00a0(AGM)\u00a0y la\u00a0Cumbre Mundial del Transporte A\u00e9reo\u00a0se llevar\u00e1n a cabo del 19 al 21 de junio de 2022 en Doha, Qatar, y no en China como originalmente se tenia contemplado, debido ala situaci\u00f3n que vive en relaci\u00f3n a la pandemia que los ha obligado a cambios constantes en cuanto a los protocolos sanitarios.<\/p>\n<p>La organizaci\u00f3n de la m\u00e1xima cita de la industria del transporte a\u00e9reo ser\u00e1 organizada por\u00a0Qatar Airways. Esta ser\u00e1 la\u00a0segunda vez\u00a0que la reuni\u00f3n mundial de los principales l\u00edderes de la aviaci\u00f3n se llevar\u00e1 a cabo en Qatar.\u00a0La primera fue en 2014.<\/p>\n<p>Originalmente, la 78\u00aa Reuni\u00f3n General Anual de la IATA y la Cumbre Mundial del Transporte A\u00e9reo\u00a0se planificaron para las mismas fechas en Shangh\u00e1i, Rep\u00fablica Popular de China, organizadas por China Eastern Airlines.<\/p>\n<p>Willie Walsh, director general de IATA,\u00a0ha considerado &#8220;profundamente decepcionante&#8221; que no puedan celebrar la reuni\u00f3n en Shangh\u00e1i\u00a0como estaba previsto, si bien ha mostrado satisfacci\u00f3n por regresar al &#8220;din\u00e1mico\u00a0<em>hub<\/em>\u00a0de aviaci\u00f3n de Doha y la c\u00e1lida hospitalidad por la que Qatar Airways&#8221;, la aerol\u00ednea anfitriona.<\/p>\n<p>&#8220;La AGM de este a\u00f1o ser\u00e1 una oportunidad importante para que los l\u00edderes de la aviaci\u00f3n reflexionen sobre las cambiantes realidades pol\u00edticas, econ\u00f3micas y tecnol\u00f3gicas que enfrentan los viajes a\u00e9reos a medida que se acelera la recuperaci\u00f3n de la industria de la pandemia de COVID-19\u201d<\/p>\n<p>IATA (Asociaci\u00f3n Internacional de Transporte A\u00e9reo)\u00a0representa a unas 290 aerol\u00edneas\u00a0que concentran el 83% del tr\u00e1fico a\u00e9reo mundial.<\/p>\n","protected":false},"excerpt":{"rendered":"<p>La Asociaci\u00f3n de Transporte A\u00e9reo Internacional\u00a0(IATA)\u00a0anunci\u00f3 que la 78\u00aa\u00a0Reuni\u00f3n General Anual\u00a0(AGM)\u00a0y la\u00a0Cumbre Mundial del Transporte A\u00e9reo\u00a0se llevar\u00e1n a cabo del 19 al 21 de junio de 2022 en Doha, Qatar, y no en China como originalmente se tenia contemplado, debido ala situaci\u00f3n que vive en relaci\u00f3n a la pandemia que los ha obligado a cambios [&hellip;]<\/p>\n","protected":false},"author":17,"featured_media":58711,"comment_status":"open","ping_status":"open","sticky":false,"template":"","format":"standard","meta":{"footnotes":""},"categories":[5],"tags":[487,23207,1734,4528],"yoast_head":"<!-- This site is optimized with the Yoast SEO plugin v22.2 - https:\/\/yoast.com\/wordpress\/plugins\/seo\/ -->\n<title>Cambia China por Qatar cumbre de la IATA - Nitu - Noticias de la Industria Turistica<\/title>\n<meta name=\"robots\" content=\"index, follow, max-snippet:-1, max-image-preview:large, max-video-preview:-1\" \/>\n<link rel=\"canonical\" href=\"https:\/\/nitu.mx\/index.php\/2022\/03\/27\/cambia-china-por-qatar-cumbre-de-la-iata\/\" \/>\n<meta name=\"twitter:card\" content=\"summary_large_image\" \/>\n<meta name=\"twitter:title\" content=\"Cambia China por Qatar cumbre de la IATA - Nitu - Noticias de la Industria Turistica\" \/>\n<meta name=\"twitter:description\" content=\"La Asociaci\u00f3n de Transporte A\u00e9reo Internacional\u00a0(IATA)\u00a0anunci\u00f3 que la 78\u00aa\u00a0Reuni\u00f3n General Anual\u00a0(AGM)\u00a0y la\u00a0Cumbre Mundial del Transporte A\u00e9reo\u00a0se llevar\u00e1n a cabo del 19 al 21 de junio de 2022 en Doha, Qatar, y no en China como originalmente se tenia contemplado, debido ala situaci\u00f3n que vive en relaci\u00f3n a la pandemia que los ha obligado a cambios [&hellip;]\" \/>\n<meta name=\"twitter:image\" content=\"https:\/\/nitu.mx\/wp-content\/uploads\/2022\/03\/Qatar-IATA.jpg\" \/>\n<meta name=\"twitter:creator\" content=\"@NITUmx\" \/>\n<meta name=\"twitter:site\" content=\"@Arturo_Medina_G\" \/>\n<meta name=\"twitter:label1\" content=\"Escrito por\" \/>\n\t<meta name=\"twitter:data1\" content=\"Redacci\u00f3n\" \/>\n\t<meta name=\"twitter:label2\" content=\"Tiempo de lectura\" \/>\n\t<meta name=\"twitter:data2\" content=\"1 minuto\" \/>\n<script type=\"application\/ld+json\" class=\"yoast-schema-graph\">{\"@context\":\"https:\/\/schema.org\",\"@graph\":[{\"@type\":\"Article\",\"@id\":\"https:\/\/nitu.mx\/index.php\/2022\/03\/27\/cambia-china-por-qatar-cumbre-de-la-iata\/#article\",\"isPartOf\":{\"@id\":\"https:\/\/nitu.mx\/index.php\/2022\/03\/27\/cambia-china-por-qatar-cumbre-de-la-iata\/\"},\"author\":{\"name\":\"Redacci\u00f3n\",\"@id\":\"https:\/\/nitu.mx\/#\/schema\/person\/4a28fe9bd65924f7c90623773daf1b0b\"},\"headline\":\"Cambia China por Qatar cumbre de la IATA\",\"datePublished\":\"2022-03-28T03:22:35+00:00\",\"dateModified\":\"2022-03-28T08:33:29+00:00\",\"mainEntityOfPage\":{\"@id\":\"https:\/\/nitu.mx\/index.php\/2022\/03\/27\/cambia-china-por-qatar-cumbre-de-la-iata\/\"},\"wordCount\":294,\"commentCount\":0,\"publisher\":{\"@id\":\"https:\/\/nitu.mx\/#\/schema\/person\/ae7a53426417292d3dd07b45a33e01bc\"},\"image\":{\"@id\":\"https:\/\/nitu.mx\/index.php\/2022\/03\/27\/cambia-china-por-qatar-cumbre-de-la-iata\/#primaryimage\"},\"thumbnailUrl\":\"https:\/\/nitu.mx\/wp-content\/uploads\/2022\/03\/Qatar-IATA.jpg\",\"keywords\":[\"China\",\"Cumbre Mundial del Transporte A\u00e9reo\",\"IATA\",\"Qatar\"],\"articleSection\":[\"Destinos\"],\"inLanguage\":\"es-MX\",\"potentialAction\":[{\"@type\":\"CommentAction\",\"name\":\"Comment\",\"target\":[\"https:\/\/nitu.mx\/index.php\/2022\/03\/27\/cambia-china-por-qatar-cumbre-de-la-iata\/#respond\"]}]},{\"@type\":\"WebPage\",\"@id\":\"https:\/\/nitu.mx\/index.php\/2022\/03\/27\/cambia-china-por-qatar-cumbre-de-la-iata\/\",\"url\":\"https:\/\/nitu.mx\/index.php\/2022\/03\/27\/cambia-china-por-qatar-cumbre-de-la-iata\/\",\"name\":\"Cambia China por Qatar cumbre de la IATA - Nitu - Noticias de la Industria Turistica\",\"isPartOf\":{\"@id\":\"https:\/\/nitu.mx\/#website\"},\"primaryImageOfPage\":{\"@id\":\"https:\/\/nitu.mx\/index.php\/2022\/03\/27\/cambia-china-por-qatar-cumbre-de-la-iata\/#primaryimage\"},\"image\":{\"@id\":\"https:\/\/nitu.mx\/index.php\/2022\/03\/27\/cambia-china-por-qatar-cumbre-de-la-iata\/#primaryimage\"},\"thumbnailUrl\":\"https:\/\/nitu.mx\/wp-content\/uploads\/2022\/03\/Qatar-IATA.jpg\",\"datePublished\":\"2022-03-28T03:22:35+00:00\",\"dateModified\":\"2022-03-28T08:33:29+00:00\",\"breadcrumb\":{\"@id\":\"https:\/\/nitu.mx\/index.php\/2022\/03\/27\/cambia-china-por-qatar-cumbre-de-la-iata\/#breadcrumb\"},\"inLanguage\":\"es-MX\",\"potentialAction\":[{\"@type\":\"ReadAction\",\"target\":[\"https:\/\/nitu.mx\/index.php\/2022\/03\/27\/cambia-china-por-qatar-cumbre-de-la-iata\/\"]}]},{\"@type\":\"ImageObject\",\"inLanguage\":\"es-MX\",\"@id\":\"https:\/\/nitu.mx\/index.php\/2022\/03\/27\/cambia-china-por-qatar-cumbre-de-la-iata\/#primaryimage\",\"url\":\"https:\/\/nitu.mx\/wp-content\/uploads\/2022\/03\/Qatar-IATA.jpg\",\"contentUrl\":\"https:\/\/nitu.mx\/wp-content\/uploads\/2022\/03\/Qatar-IATA.jpg\",\"width\":1200,\"height\":675},{\"@type\":\"BreadcrumbList\",\"@id\":\"https:\/\/nitu.mx\/index.php\/2022\/03\/27\/cambia-china-por-qatar-cumbre-de-la-iata\/#breadcrumb\",\"itemListElement\":[{\"@type\":\"ListItem\",\"position\":1,\"name\":\"Inicio\",\"item\":\"https:\/\/nitu.mx\/\"},{\"@type\":\"ListItem\",\"position\":2,\"name\":\"Cambia China por Qatar cumbre de la IATA\"}]},{\"@type\":\"WebSite\",\"@id\":\"https:\/\/nitu.mx\/#website\",\"url\":\"https:\/\/nitu.mx\/\",\"name\":\"Nitu - Noticias de la Industria Turistica\",\"description\":\"Noticias de la Industria Turistica\",\"publisher\":{\"@id\":\"https:\/\/nitu.mx\/#\/schema\/person\/ae7a53426417292d3dd07b45a33e01bc\"},\"alternateName\":\"Noticias de la Industria Turistica\",\"potentialAction\":[{\"@type\":\"SearchAction\",\"target\":{\"@type\":\"EntryPoint\",\"urlTemplate\":\"https:\/\/nitu.mx\/?s={search_term_string}\"},\"query-input\":\"required name=search_term_string\"}],\"inLanguage\":\"es-MX\"},{\"@type\":[\"Person\",\"Organization\"],\"@id\":\"https:\/\/nitu.mx\/#\/schema\/person\/ae7a53426417292d3dd07b45a33e01bc\",\"name\":\"Arturo Medina\",\"image\":{\"@type\":\"ImageObject\",\"inLanguage\":\"es-MX\",\"@id\":\"https:\/\/nitu.mx\/#\/schema\/person\/image\/\",\"url\":\"https:\/\/nitu.mx\/wp-content\/uploads\/2024\/04\/4A315622-1904-4D5C-B022-878CDC840E04-90x90-1.jpeg\",\"contentUrl\":\"https:\/\/nitu.mx\/wp-content\/uploads\/2024\/04\/4A315622-1904-4D5C-B022-878CDC840E04-90x90-1.jpeg\",\"width\":90,\"height\":90,\"caption\":\"Arturo Medina\"},\"logo\":{\"@id\":\"https:\/\/nitu.mx\/#\/schema\/person\/image\/\"},\"description\":\"Director NITU.mx, Egresado de la Escuela de Periodismo Carlos Septi\u00e9n Garc\u00eda. Periodista y analista especializado en turismo desde hace 35 a\u00f1os, radicado en Canc\u00fan Q.Roo. arturo@nitu.mx\",\"sameAs\":[\"https:\/\/nitu.mx\",\"https:\/\/www.facebook.com\/NITUmx\/\",\"medinacancun\",\"https:\/\/twitter.com\/@Arturo_Medina_G\"]},{\"@type\":\"Person\",\"@id\":\"https:\/\/nitu.mx\/#\/schema\/person\/4a28fe9bd65924f7c90623773daf1b0b\",\"name\":\"Redacci\u00f3n\",\"image\":{\"@type\":\"ImageObject\",\"inLanguage\":\"es-MX\",\"@id\":\"https:\/\/nitu.mx\/#\/schema\/person\/image\/\",\"url\":\"https:\/\/secure.gravatar.com\/avatar\/5dd011c8ccfc5cd7e4c81e42252aab38?s=96&d=mm&r=g\",\"contentUrl\":\"https:\/\/secure.gravatar.com\/avatar\/5dd011c8ccfc5cd7e4c81e42252aab38?s=96&d=mm&r=g\",\"caption\":\"Redacci\u00f3n\"},\"url\":\"https:\/\/nitu.mx\/index.php\/author\/redaccion\/\"}]}<\/script>\n<!-- \/ Yoast SEO plugin. -->","yoast_head_json":{"title":"Cambia China por Qatar cumbre de la IATA - Nitu - Noticias de la Industria Turistica","robots":{"index":"index","follow":"follow","max-snippet":"max-snippet:-1","max-image-preview":"max-image-preview:large","max-video-preview":"max-video-preview:-1"},"canonical":"https:\/\/nitu.mx\/index.php\/2022\/03\/27\/cambia-china-por-qatar-cumbre-de-la-iata\/","twitter_card":"summary_large_image","twitter_title":"Cambia China por Qatar cumbre de la IATA - Nitu - Noticias de la Industria Turistica","twitter_description":"La Asociaci\u00f3n de Transporte A\u00e9reo Internacional\u00a0(IATA)\u00a0anunci\u00f3 que la 78\u00aa\u00a0Reuni\u00f3n General Anual\u00a0(AGM)\u00a0y la\u00a0Cumbre Mundial del Transporte A\u00e9reo\u00a0se llevar\u00e1n a cabo del 19 al 21 de junio de 2022 en Doha, Qatar, y no en China como originalmente se tenia contemplado, debido ala situaci\u00f3n que vive en relaci\u00f3n a la pandemia que los ha obligado a cambios [&hellip;]","twitter_image":"https:\/\/nitu.mx\/wp-content\/uploads\/2022\/03\/Qatar-IATA.jpg","twitter_creator":"@NITUmx","twitter_site":"@Arturo_Medina_G","twitter_misc":{"Escrito por":"Redacci\u00f3n","Tiempo de lectura":"1 minuto"},"schema":{"@context":"https:\/\/schema.org","@graph":[{"@type":"Article","@id":"https:\/\/nitu.mx\/index.php\/2022\/03\/27\/cambia-china-por-qatar-cumbre-de-la-iata\/#article","isPartOf":{"@id":"https:\/\/nitu.mx\/index.php\/2022\/03\/27\/cambia-china-por-qatar-cumbre-de-la-iata\/"},"author":{"name":"Redacci\u00f3n","@id":"https:\/\/nitu.mx\/#\/schema\/person\/4a28fe9bd65924f7c90623773daf1b0b"},"headline":"Cambia China por Qatar cumbre de la IATA","datePublished":"2022-03-28T03:22:35+00:00","dateModified":"2022-03-28T08:33:29+00:00","mainEntityOfPage":{"@id":"https:\/\/nitu.mx\/index.php\/2022\/03\/27\/cambia-china-por-qatar-cumbre-de-la-iata\/"},"wordCount":294,"commentCount":0,"publisher":{"@id":"https:\/\/nitu.mx\/#\/schema\/person\/ae7a53426417292d3dd07b45a33e01bc"},"image":{"@id":"https:\/\/nitu.mx\/index.php\/2022\/03\/27\/cambia-china-por-qatar-cumbre-de-la-iata\/#primaryimage"},"thumbnailUrl":"https:\/\/nitu.mx\/wp-content\/uploads\/2022\/03\/Qatar-IATA.jpg","keywords":["China","Cumbre Mundial del Transporte A\u00e9reo","IATA","Qatar"],"articleSection":["Destinos"],"inLanguage":"es-MX","potentialAction":[{"@type":"CommentAction","name":"Comment","target":["https:\/\/nitu.mx\/index.php\/2022\/03\/27\/cambia-china-por-qatar-cumbre-de-la-iata\/#respond"]}]},{"@type":"WebPage","@id":"https:\/\/nitu.mx\/index.php\/2022\/03\/27\/cambia-china-por-qatar-cumbre-de-la-iata\/","url":"https:\/\/nitu.mx\/index.php\/2022\/03\/27\/cambia-china-por-qatar-cumbre-de-la-iata\/","name":"Cambia China por Qatar cumbre de la IATA - Nitu - Noticias de la Industria Turistica","isPartOf":{"@id":"https:\/\/nitu.mx\/#website"},"primaryImageOfPage":{"@id":"https:\/\/nitu.mx\/index.php\/2022\/03\/27\/cambia-china-por-qatar-cumbre-de-la-iata\/#primaryimage"},"image":{"@id":"https:\/\/nitu.mx\/index.php\/2022\/03\/27\/cambia-china-por-qatar-cumbre-de-la-iata\/#primaryimage"},"thumbnailUrl":"https:\/\/nitu.mx\/wp-content\/uploads\/2022\/03\/Qatar-IATA.jpg","datePublished":"2022-03-28T03:22:35+00:00","dateModified":"2022-03-28T08:33:29+00:00","breadcrumb":{"@id":"https:\/\/nitu.mx\/index.php\/2022\/03\/27\/cambia-china-por-qatar-cumbre-de-la-iata\/#breadcrumb"},"inLanguage":"es-MX","potentialAction":[{"@type":"ReadAction","target":["https:\/\/nitu.mx\/index.php\/2022\/03\/27\/cambia-china-por-qatar-cumbre-de-la-iata\/"]}]},{"@type":"ImageObject","inLanguage":"es-MX","@id":"https:\/\/nitu.mx\/index.php\/2022\/03\/27\/cambia-china-por-qatar-cumbre-de-la-iata\/#primaryimage","url":"https:\/\/nitu.mx\/wp-content\/uploads\/2022\/03\/Qatar-IATA.jpg","contentUrl":"https:\/\/nitu.mx\/wp-content\/uploads\/2022\/03\/Qatar-IATA.jpg","width":1200,"height":675},{"@type":"BreadcrumbList","@id":"https:\/\/nitu.mx\/index.php\/2022\/03\/27\/cambia-china-por-qatar-cumbre-de-la-iata\/#breadcrumb","itemListElement":[{"@type":"ListItem","position":1,"name":"Inicio","item":"https:\/\/nitu.mx\/"},{"@type":"ListItem","position":2,"name":"Cambia China por Qatar cumbre de la IATA"}]},{"@type":"WebSite","@id":"https:\/\/nitu.mx\/#website","url":"https:\/\/nitu.mx\/","name":"Nitu - Noticias de la Industria Turistica","description":"Noticias de la Industria Turistica","publisher":{"@id":"https:\/\/nitu.mx\/#\/schema\/person\/ae7a53426417292d3dd07b45a33e01bc"},"alternateName":"Noticias de la Industria Turistica","potentialAction":[{"@type":"SearchAction","target":{"@type":"EntryPoint","urlTemplate":"https:\/\/nitu.mx\/?s={search_term_string}"},"query-input":"required name=search_term_string"}],"inLanguage":"es-MX"},{"@type":["Person","Organization"],"@id":"https:\/\/nitu.mx\/#\/schema\/person\/ae7a53426417292d3dd07b45a33e01bc","name":"Arturo Medina","image":{"@type":"ImageObject","inLanguage":"es-MX","@id":"https:\/\/nitu.mx\/#\/schema\/person\/image\/","url":"https:\/\/nitu.mx\/wp-content\/uploads\/2024\/04\/4A315622-1904-4D5C-B022-878CDC840E04-90x90-1.jpeg","contentUrl":"https:\/\/nitu.mx\/wp-content\/uploads\/2024\/04\/4A315622-1904-4D5C-B022-878CDC840E04-90x90-1.jpeg","width":90,"height":90,"caption":"Arturo Medina"},"logo":{"@id":"https:\/\/nitu.mx\/#\/schema\/person\/image\/"},"description":"Director NITU.mx, Egresado de la Escuela de Periodismo Carlos Septi\u00e9n Garc\u00eda. Periodista y analista especializado en turismo desde hace 35 a\u00f1os, radicado en Canc\u00fan Q.Roo. arturo@nitu.mx","sameAs":["https:\/\/nitu.mx","https:\/\/www.facebook.com\/NITUmx\/","medinacancun","https:\/\/twitter.com\/@Arturo_Medina_G"]},{"@type":"Person","@id":"https:\/\/nitu.mx\/#\/schema\/person\/4a28fe9bd65924f7c90623773daf1b0b","name":"Redacci\u00f3n","image":{"@type":"ImageObject","inLanguage":"es-MX","@id":"https:\/\/nitu.mx\/#\/schema\/person\/image\/","url":"https:\/\/secure.gravatar.com\/avatar\/5dd011c8ccfc5cd7e4c81e42252aab38?s=96&d=mm&r=g","contentUrl":"https:\/\/secure.gravatar.com\/avatar\/5dd011c8ccfc5cd7e4c81e42252aab38?s=96&d=mm&r=g","caption":"Redacci\u00f3n"},"url":"https:\/\/nitu.mx\/index.php\/author\/redaccion\/"}]}},"views":679,"_links":{"self":[{"href":"https:\/\/nitu.mx\/index.php\/wp-json\/wp\/v2\/posts\/58691"}],"collection":[{"href":"https:\/\/nitu.mx\/index.php\/wp-json\/wp\/v2\/posts"}],"about":[{"href":"https:\/\/nitu.mx\/index.php\/wp-json\/wp\/v2\/types\/post"}],"author":[{"embeddable":true,"href":"https:\/\/nitu.mx\/index.php\/wp-json\/wp\/v2\/users\/17"}],"replies":[{"embeddable":true,"href":"https:\/\/nitu.mx\/index.php\/wp-json\/wp\/v2\/comments?post=58691"}],"version-history":[{"count":3,"href":"https:\/\/nitu.mx\/index.php\/wp-json\/wp\/v2\/posts\/58691\/revisions"}],"predecessor-version":[{"id":58712,"href":"https:\/\/nitu.mx\/index.php\/wp-json\/wp\/v2\/posts\/58691\/revisions\/58712"}],"wp:featuredmedia":[{"embeddable":true,"href":"https:\/\/nitu.mx\/index.php\/wp-json\/wp\/v2\/media\/58711"}],"wp:attachment":[{"href":"https:\/\/nitu.mx\/index.php\/wp-json\/wp\/v2\/media?parent=58691"}],"wp:term":[{"taxonomy":"category","embeddable":true,"href":"https:\/\/nitu.mx\/index.php\/wp-json\/wp\/v2\/categories?post=58691"},{"taxonomy":"post_tag","embeddable":true,"href":"https:\/\/nitu.mx\/index.php\/wp-json\/wp\/v2\/tags?post=58691"}],"curies":[{"name":"wp","href":"https:\/\/api.w.org\/{rel}","templated":true}]}}