{"id":58629,"date":"2022-03-22T21:53:39","date_gmt":"2022-03-23T02:53:39","guid":{"rendered":"https:\/\/www.dev.nitu.mx\/?p=58629"},"modified":"2022-03-23T00:46:03","modified_gmt":"2022-03-23T05:46:03","slug":"chichen-itza-recibe-26-mil-visitantes-en-equinoccio-de-primavera","status":"publish","type":"post","link":"https:\/\/nitu.mx\/index.php\/2022\/03\/22\/chichen-itza-recibe-26-mil-visitantes-en-equinoccio-de-primavera\/","title":{"rendered":"Chich\u00e9n Itz\u00e1 recibe 26 mil visitantes en equinoccio de primavera"},"content":{"rendered":"<p>Este a\u00f1o siguiendo los estrictos protocolos de bioseguridad que rigen en el estado de Yucat\u00e1n, Chich\u00e9n Itz\u00e1 reabri\u00f3 sus puertas durante el equinoccio de primavera y recibi\u00f3 a m\u00e1s de 26,000 turistas a lo largo de tres d\u00edas.<\/p>\n<p dir=\"ltr\">Cabe recordar que, como una medida para el control de contagios y atendiendo las medidas sanitarias establecidas por la Organizaci\u00f3n Mundial de la Salud, durante estas fechas, el recinto arquitect\u00f3nico permaneci\u00f3 cerrado en los dos a\u00f1os anteriores.<\/p>\n<p dir=\"ltr\">En los primeros dos meses de 2022 Chichen Itz\u00e1 ha recibido a m\u00e1s de medio mill\u00f3n de visitantes, dato que habla sobre la reactivaci\u00f3n del turismo en el estado y la posibilidad de superar los r\u00e9cords de visitas de los a\u00f1os previos a la contingencia por COVID 19.<\/p>\n<p dir=\"ltr\">\u201cHemos hecho un trabajo arduo y coordinado entre el gobierno del Estado y sus distintas dependencias, agradecemos el apoyo del INAH para lograr este evento despu\u00e9s de dos a\u00f1os y recibir a turistas de todo el mundo en una fecha tan emblem\u00e1tica. Consideramos a este 2022 como el de recuperaci\u00f3n tur\u00edstica en el que esperamos romper los r\u00e9cords de varios indicadores previos a la pandemia\u201d enfatiz\u00f3 Michelle Fridman Hirsch, titular de la Secretar\u00eda de Fomento Tur\u00edstico del Estado.<\/p>\n<p dir=\"ltr\">Este fin de semana ha sido posible apreciar c\u00f3mo el turismo dom\u00e9stico se ha incrementado con relaci\u00f3n a los \u00edndices pre pandemia, destacando el Pueblo M\u00e1gico de Valladolid con una ocupaci\u00f3n hotelera a m\u00e1s del 70%, que genera derrama econ\u00f3mica y estamos logrando reactivar el turismo de una forma m\u00e1s incluyente para todos los yucatecos, puntualiz\u00f3.<\/p>\n<p dir=\"ltr\">\u201cExiste una tendencia en la que los turistas est\u00e1n priorizando vivir mejores experiencias, que sin duda ofrece el estado de Yucat\u00e1n; tales como experiencias aut\u00e9nticas y org\u00e1nicas que les permiten reconectar con la vida, finaliz\u00f3 Fridman Hirsch.<\/p>\n<p dir=\"ltr\">La zona arqueol\u00f3gica de Chich\u00e9n Itz\u00e1 se ha distinguido por ser uno de los grandes distintivos del estado de\u00a0 Yucat\u00e1n y de M\u00e9xico ante el mundo, reconociendo en 2007 al Castillo de Kukulk\u00e1n como una de las 7 Maravillas del Mundo Moderno y Patrimonio Cultural de la Humanidad, declarado por la UNESCO.<\/p>\n<p dir=\"ltr\">Vale la pena mencionar que, Yucat\u00e1n es un estado \u00fanico en cuanto a su oferta tur\u00edstica, y esto puede verse a trav\u00e9s de la campa\u00f1a de 365 D\u00edas en Yucat\u00e1n, que est\u00e1 por culminar; una campa\u00f1a que ha dado a conocer la versatilidad y la gran variedad de opciones que tiene el destino para sus visitantes.<\/p>\n","protected":false},"excerpt":{"rendered":"<p>Este a\u00f1o siguiendo los estrictos protocolos de bioseguridad que rigen en el estado de Yucat\u00e1n, Chich\u00e9n Itz\u00e1 reabri\u00f3 sus puertas durante el equinoccio de primavera y recibi\u00f3 a m\u00e1s de 26,000 turistas a lo largo de tres d\u00edas. Cabe recordar que, como una medida para el control de contagios y atendiendo las medidas sanitarias establecidas [&hellip;]<\/p>\n","protected":false},"author":17,"featured_media":32929,"comment_status":"open","ping_status":"open","sticky":false,"template":"","format":"standard","meta":{"footnotes":""},"categories":[5],"tags":[520,12599,23198,449],"yoast_head":"<!-- This site is optimized with the Yoast SEO plugin v22.2 - https:\/\/yoast.com\/wordpress\/plugins\/seo\/ -->\n<title>Chich\u00e9n Itz\u00e1 recibe 26 mil visitantes en equinoccio de primavera - Nitu - Noticias de la Industria Turistica<\/title>\n<meta name=\"robots\" content=\"index, follow, max-snippet:-1, max-image-preview:large, max-video-preview:-1\" \/>\n<link rel=\"canonical\" href=\"https:\/\/nitu.mx\/index.php\/2022\/03\/22\/chichen-itza-recibe-26-mil-visitantes-en-equinoccio-de-primavera\/\" \/>\n<meta name=\"twitter:card\" content=\"summary_large_image\" \/>\n<meta name=\"twitter:title\" content=\"Chich\u00e9n Itz\u00e1 recibe 26 mil visitantes en equinoccio de primavera - Nitu - Noticias de la Industria Turistica\" \/>\n<meta name=\"twitter:description\" content=\"Este a\u00f1o siguiendo los estrictos protocolos de bioseguridad que rigen en el estado de Yucat\u00e1n, Chich\u00e9n Itz\u00e1 reabri\u00f3 sus puertas durante el equinoccio de primavera y recibi\u00f3 a m\u00e1s de 26,000 turistas a lo largo de tres d\u00edas. Cabe recordar que, como una medida para el control de contagios y atendiendo las medidas sanitarias establecidas [&hellip;]\" \/>\n<meta name=\"twitter:image\" content=\"https:\/\/nitu.mx\/wp-content\/uploads\/2019\/06\/chichen_itza_15062013.jpg\" \/>\n<meta name=\"twitter:creator\" content=\"@NITUmx\" \/>\n<meta name=\"twitter:site\" content=\"@Arturo_Medina_G\" \/>\n<meta name=\"twitter:label1\" content=\"Escrito por\" \/>\n\t<meta name=\"twitter:data1\" content=\"Redacci\u00f3n\" \/>\n\t<meta name=\"twitter:label2\" content=\"Tiempo de lectura\" \/>\n\t<meta name=\"twitter:data2\" content=\"2 minutos\" \/>\n<script type=\"application\/ld+json\" class=\"yoast-schema-graph\">{\"@context\":\"https:\/\/schema.org\",\"@graph\":[{\"@type\":\"Article\",\"@id\":\"https:\/\/nitu.mx\/index.php\/2022\/03\/22\/chichen-itza-recibe-26-mil-visitantes-en-equinoccio-de-primavera\/#article\",\"isPartOf\":{\"@id\":\"https:\/\/nitu.mx\/index.php\/2022\/03\/22\/chichen-itza-recibe-26-mil-visitantes-en-equinoccio-de-primavera\/\"},\"author\":{\"name\":\"Redacci\u00f3n\",\"@id\":\"https:\/\/nitu.mx\/#\/schema\/person\/4a28fe9bd65924f7c90623773daf1b0b\"},\"headline\":\"Chich\u00e9n Itz\u00e1 recibe 26 mil visitantes en equinoccio de primavera\",\"datePublished\":\"2022-03-23T02:53:39+00:00\",\"dateModified\":\"2022-03-23T05:46:03+00:00\",\"mainEntityOfPage\":{\"@id\":\"https:\/\/nitu.mx\/index.php\/2022\/03\/22\/chichen-itza-recibe-26-mil-visitantes-en-equinoccio-de-primavera\/\"},\"wordCount\":449,\"commentCount\":0,\"publisher\":{\"@id\":\"https:\/\/nitu.mx\/#\/schema\/person\/ae7a53426417292d3dd07b45a33e01bc\"},\"image\":{\"@id\":\"https:\/\/nitu.mx\/index.php\/2022\/03\/22\/chichen-itza-recibe-26-mil-visitantes-en-equinoccio-de-primavera\/#primaryimage\"},\"thumbnailUrl\":\"https:\/\/nitu.mx\/wp-content\/uploads\/2019\/06\/chichen_itza_15062013.jpg\",\"keywords\":[\"Chich\u00e9n Itz\u00e1\",\"Michelle Fridman\",\"Primavera\",\"Yucat\u00e1n\"],\"articleSection\":[\"Destinos\"],\"inLanguage\":\"es-MX\",\"potentialAction\":[{\"@type\":\"CommentAction\",\"name\":\"Comment\",\"target\":[\"https:\/\/nitu.mx\/index.php\/2022\/03\/22\/chichen-itza-recibe-26-mil-visitantes-en-equinoccio-de-primavera\/#respond\"]}]},{\"@type\":\"WebPage\",\"@id\":\"https:\/\/nitu.mx\/index.php\/2022\/03\/22\/chichen-itza-recibe-26-mil-visitantes-en-equinoccio-de-primavera\/\",\"url\":\"https:\/\/nitu.mx\/index.php\/2022\/03\/22\/chichen-itza-recibe-26-mil-visitantes-en-equinoccio-de-primavera\/\",\"name\":\"Chich\u00e9n Itz\u00e1 recibe 26 mil visitantes en equinoccio de primavera - Nitu - Noticias de la Industria Turistica\",\"isPartOf\":{\"@id\":\"https:\/\/nitu.mx\/#website\"},\"primaryImageOfPage\":{\"@id\":\"https:\/\/nitu.mx\/index.php\/2022\/03\/22\/chichen-itza-recibe-26-mil-visitantes-en-equinoccio-de-primavera\/#primaryimage\"},\"image\":{\"@id\":\"https:\/\/nitu.mx\/index.php\/2022\/03\/22\/chichen-itza-recibe-26-mil-visitantes-en-equinoccio-de-primavera\/#primaryimage\"},\"thumbnailUrl\":\"https:\/\/nitu.mx\/wp-content\/uploads\/2019\/06\/chichen_itza_15062013.jpg\",\"datePublished\":\"2022-03-23T02:53:39+00:00\",\"dateModified\":\"2022-03-23T05:46:03+00:00\",\"breadcrumb\":{\"@id\":\"https:\/\/nitu.mx\/index.php\/2022\/03\/22\/chichen-itza-recibe-26-mil-visitantes-en-equinoccio-de-primavera\/#breadcrumb\"},\"inLanguage\":\"es-MX\",\"potentialAction\":[{\"@type\":\"ReadAction\",\"target\":[\"https:\/\/nitu.mx\/index.php\/2022\/03\/22\/chichen-itza-recibe-26-mil-visitantes-en-equinoccio-de-primavera\/\"]}]},{\"@type\":\"ImageObject\",\"inLanguage\":\"es-MX\",\"@id\":\"https:\/\/nitu.mx\/index.php\/2022\/03\/22\/chichen-itza-recibe-26-mil-visitantes-en-equinoccio-de-primavera\/#primaryimage\",\"url\":\"https:\/\/nitu.mx\/wp-content\/uploads\/2019\/06\/chichen_itza_15062013.jpg\",\"contentUrl\":\"https:\/\/nitu.mx\/wp-content\/uploads\/2019\/06\/chichen_itza_15062013.jpg\",\"width\":640,\"height\":420,\"caption\":\"Yucatan\"},{\"@type\":\"BreadcrumbList\",\"@id\":\"https:\/\/nitu.mx\/index.php\/2022\/03\/22\/chichen-itza-recibe-26-mil-visitantes-en-equinoccio-de-primavera\/#breadcrumb\",\"itemListElement\":[{\"@type\":\"ListItem\",\"position\":1,\"name\":\"Inicio\",\"item\":\"https:\/\/nitu.mx\/\"},{\"@type\":\"ListItem\",\"position\":2,\"name\":\"Chich\u00e9n Itz\u00e1 recibe 26 mil visitantes en equinoccio de primavera\"}]},{\"@type\":\"WebSite\",\"@id\":\"https:\/\/nitu.mx\/#website\",\"url\":\"https:\/\/nitu.mx\/\",\"name\":\"Nitu - Noticias de la Industria Turistica\",\"description\":\"Noticias de la Industria Turistica\",\"publisher\":{\"@id\":\"https:\/\/nitu.mx\/#\/schema\/person\/ae7a53426417292d3dd07b45a33e01bc\"},\"alternateName\":\"Noticias de la Industria Turistica\",\"potentialAction\":[{\"@type\":\"SearchAction\",\"target\":{\"@type\":\"EntryPoint\",\"urlTemplate\":\"https:\/\/nitu.mx\/?s={search_term_string}\"},\"query-input\":\"required name=search_term_string\"}],\"inLanguage\":\"es-MX\"},{\"@type\":[\"Person\",\"Organization\"],\"@id\":\"https:\/\/nitu.mx\/#\/schema\/person\/ae7a53426417292d3dd07b45a33e01bc\",\"name\":\"Arturo Medina\",\"image\":{\"@type\":\"ImageObject\",\"inLanguage\":\"es-MX\",\"@id\":\"https:\/\/nitu.mx\/#\/schema\/person\/image\/\",\"url\":\"https:\/\/nitu.mx\/wp-content\/uploads\/2024\/04\/4A315622-1904-4D5C-B022-878CDC840E04-90x90-1.jpeg\",\"contentUrl\":\"https:\/\/nitu.mx\/wp-content\/uploads\/2024\/04\/4A315622-1904-4D5C-B022-878CDC840E04-90x90-1.jpeg\",\"width\":90,\"height\":90,\"caption\":\"Arturo Medina\"},\"logo\":{\"@id\":\"https:\/\/nitu.mx\/#\/schema\/person\/image\/\"},\"description\":\"Director NITU.mx, Egresado de la Escuela de Periodismo Carlos Septi\u00e9n Garc\u00eda. Periodista y analista especializado en turismo desde hace 35 a\u00f1os, radicado en Canc\u00fan Q.Roo. arturo@nitu.mx\",\"sameAs\":[\"https:\/\/nitu.mx\",\"https:\/\/www.facebook.com\/NITUmx\/\",\"medinacancun\",\"https:\/\/twitter.com\/@Arturo_Medina_G\"]},{\"@type\":\"Person\",\"@id\":\"https:\/\/nitu.mx\/#\/schema\/person\/4a28fe9bd65924f7c90623773daf1b0b\",\"name\":\"Redacci\u00f3n\",\"image\":{\"@type\":\"ImageObject\",\"inLanguage\":\"es-MX\",\"@id\":\"https:\/\/nitu.mx\/#\/schema\/person\/image\/\",\"url\":\"https:\/\/secure.gravatar.com\/avatar\/5dd011c8ccfc5cd7e4c81e42252aab38?s=96&d=mm&r=g\",\"contentUrl\":\"https:\/\/secure.gravatar.com\/avatar\/5dd011c8ccfc5cd7e4c81e42252aab38?s=96&d=mm&r=g\",\"caption\":\"Redacci\u00f3n\"},\"url\":\"https:\/\/nitu.mx\/index.php\/author\/redaccion\/\"}]}<\/script>\n<!-- \/ Yoast SEO plugin. -->","yoast_head_json":{"title":"Chich\u00e9n Itz\u00e1 recibe 26 mil visitantes en equinoccio de primavera - Nitu - Noticias de la Industria Turistica","robots":{"index":"index","follow":"follow","max-snippet":"max-snippet:-1","max-image-preview":"max-image-preview:large","max-video-preview":"max-video-preview:-1"},"canonical":"https:\/\/nitu.mx\/index.php\/2022\/03\/22\/chichen-itza-recibe-26-mil-visitantes-en-equinoccio-de-primavera\/","twitter_card":"summary_large_image","twitter_title":"Chich\u00e9n Itz\u00e1 recibe 26 mil visitantes en equinoccio de primavera - Nitu - Noticias de la Industria Turistica","twitter_description":"Este a\u00f1o siguiendo los estrictos protocolos de bioseguridad que rigen en el estado de Yucat\u00e1n, Chich\u00e9n Itz\u00e1 reabri\u00f3 sus puertas durante el equinoccio de primavera y recibi\u00f3 a m\u00e1s de 26,000 turistas a lo largo de tres d\u00edas. Cabe recordar que, como una medida para el control de contagios y atendiendo las medidas sanitarias establecidas [&hellip;]","twitter_image":"https:\/\/nitu.mx\/wp-content\/uploads\/2019\/06\/chichen_itza_15062013.jpg","twitter_creator":"@NITUmx","twitter_site":"@Arturo_Medina_G","twitter_misc":{"Escrito por":"Redacci\u00f3n","Tiempo de lectura":"2 minutos"},"schema":{"@context":"https:\/\/schema.org","@graph":[{"@type":"Article","@id":"https:\/\/nitu.mx\/index.php\/2022\/03\/22\/chichen-itza-recibe-26-mil-visitantes-en-equinoccio-de-primavera\/#article","isPartOf":{"@id":"https:\/\/nitu.mx\/index.php\/2022\/03\/22\/chichen-itza-recibe-26-mil-visitantes-en-equinoccio-de-primavera\/"},"author":{"name":"Redacci\u00f3n","@id":"https:\/\/nitu.mx\/#\/schema\/person\/4a28fe9bd65924f7c90623773daf1b0b"},"headline":"Chich\u00e9n Itz\u00e1 recibe 26 mil visitantes en equinoccio de primavera","datePublished":"2022-03-23T02:53:39+00:00","dateModified":"2022-03-23T05:46:03+00:00","mainEntityOfPage":{"@id":"https:\/\/nitu.mx\/index.php\/2022\/03\/22\/chichen-itza-recibe-26-mil-visitantes-en-equinoccio-de-primavera\/"},"wordCount":449,"commentCount":0,"publisher":{"@id":"https:\/\/nitu.mx\/#\/schema\/person\/ae7a53426417292d3dd07b45a33e01bc"},"image":{"@id":"https:\/\/nitu.mx\/index.php\/2022\/03\/22\/chichen-itza-recibe-26-mil-visitantes-en-equinoccio-de-primavera\/#primaryimage"},"thumbnailUrl":"https:\/\/nitu.mx\/wp-content\/uploads\/2019\/06\/chichen_itza_15062013.jpg","keywords":["Chich\u00e9n Itz\u00e1","Michelle Fridman","Primavera","Yucat\u00e1n"],"articleSection":["Destinos"],"inLanguage":"es-MX","potentialAction":[{"@type":"CommentAction","name":"Comment","target":["https:\/\/nitu.mx\/index.php\/2022\/03\/22\/chichen-itza-recibe-26-mil-visitantes-en-equinoccio-de-primavera\/#respond"]}]},{"@type":"WebPage","@id":"https:\/\/nitu.mx\/index.php\/2022\/03\/22\/chichen-itza-recibe-26-mil-visitantes-en-equinoccio-de-primavera\/","url":"https:\/\/nitu.mx\/index.php\/2022\/03\/22\/chichen-itza-recibe-26-mil-visitantes-en-equinoccio-de-primavera\/","name":"Chich\u00e9n Itz\u00e1 recibe 26 mil visitantes en equinoccio de primavera - Nitu - Noticias de la Industria Turistica","isPartOf":{"@id":"https:\/\/nitu.mx\/#website"},"primaryImageOfPage":{"@id":"https:\/\/nitu.mx\/index.php\/2022\/03\/22\/chichen-itza-recibe-26-mil-visitantes-en-equinoccio-de-primavera\/#primaryimage"},"image":{"@id":"https:\/\/nitu.mx\/index.php\/2022\/03\/22\/chichen-itza-recibe-26-mil-visitantes-en-equinoccio-de-primavera\/#primaryimage"},"thumbnailUrl":"https:\/\/nitu.mx\/wp-content\/uploads\/2019\/06\/chichen_itza_15062013.jpg","datePublished":"2022-03-23T02:53:39+00:00","dateModified":"2022-03-23T05:46:03+00:00","breadcrumb":{"@id":"https:\/\/nitu.mx\/index.php\/2022\/03\/22\/chichen-itza-recibe-26-mil-visitantes-en-equinoccio-de-primavera\/#breadcrumb"},"inLanguage":"es-MX","potentialAction":[{"@type":"ReadAction","target":["https:\/\/nitu.mx\/index.php\/2022\/03\/22\/chichen-itza-recibe-26-mil-visitantes-en-equinoccio-de-primavera\/"]}]},{"@type":"ImageObject","inLanguage":"es-MX","@id":"https:\/\/nitu.mx\/index.php\/2022\/03\/22\/chichen-itza-recibe-26-mil-visitantes-en-equinoccio-de-primavera\/#primaryimage","url":"https:\/\/nitu.mx\/wp-content\/uploads\/2019\/06\/chichen_itza_15062013.jpg","contentUrl":"https:\/\/nitu.mx\/wp-content\/uploads\/2019\/06\/chichen_itza_15062013.jpg","width":640,"height":420,"caption":"Yucatan"},{"@type":"BreadcrumbList","@id":"https:\/\/nitu.mx\/index.php\/2022\/03\/22\/chichen-itza-recibe-26-mil-visitantes-en-equinoccio-de-primavera\/#breadcrumb","itemListElement":[{"@type":"ListItem","position":1,"name":"Inicio","item":"https:\/\/nitu.mx\/"},{"@type":"ListItem","position":2,"name":"Chich\u00e9n Itz\u00e1 recibe 26 mil visitantes en equinoccio de primavera"}]},{"@type":"WebSite","@id":"https:\/\/nitu.mx\/#website","url":"https:\/\/nitu.mx\/","name":"Nitu - Noticias de la Industria Turistica","description":"Noticias de la Industria Turistica","publisher":{"@id":"https:\/\/nitu.mx\/#\/schema\/person\/ae7a53426417292d3dd07b45a33e01bc"},"alternateName":"Noticias de la Industria Turistica","potentialAction":[{"@type":"SearchAction","target":{"@type":"EntryPoint","urlTemplate":"https:\/\/nitu.mx\/?s={search_term_string}"},"query-input":"required name=search_term_string"}],"inLanguage":"es-MX"},{"@type":["Person","Organization"],"@id":"https:\/\/nitu.mx\/#\/schema\/person\/ae7a53426417292d3dd07b45a33e01bc","name":"Arturo Medina","image":{"@type":"ImageObject","inLanguage":"es-MX","@id":"https:\/\/nitu.mx\/#\/schema\/person\/image\/","url":"https:\/\/nitu.mx\/wp-content\/uploads\/2024\/04\/4A315622-1904-4D5C-B022-878CDC840E04-90x90-1.jpeg","contentUrl":"https:\/\/nitu.mx\/wp-content\/uploads\/2024\/04\/4A315622-1904-4D5C-B022-878CDC840E04-90x90-1.jpeg","width":90,"height":90,"caption":"Arturo Medina"},"logo":{"@id":"https:\/\/nitu.mx\/#\/schema\/person\/image\/"},"description":"Director NITU.mx, Egresado de la Escuela de Periodismo Carlos Septi\u00e9n Garc\u00eda. Periodista y analista especializado en turismo desde hace 35 a\u00f1os, radicado en Canc\u00fan Q.Roo. arturo@nitu.mx","sameAs":["https:\/\/nitu.mx","https:\/\/www.facebook.com\/NITUmx\/","medinacancun","https:\/\/twitter.com\/@Arturo_Medina_G"]},{"@type":"Person","@id":"https:\/\/nitu.mx\/#\/schema\/person\/4a28fe9bd65924f7c90623773daf1b0b","name":"Redacci\u00f3n","image":{"@type":"ImageObject","inLanguage":"es-MX","@id":"https:\/\/nitu.mx\/#\/schema\/person\/image\/","url":"https:\/\/secure.gravatar.com\/avatar\/5dd011c8ccfc5cd7e4c81e42252aab38?s=96&d=mm&r=g","contentUrl":"https:\/\/secure.gravatar.com\/avatar\/5dd011c8ccfc5cd7e4c81e42252aab38?s=96&d=mm&r=g","caption":"Redacci\u00f3n"},"url":"https:\/\/nitu.mx\/index.php\/author\/redaccion\/"}]}},"views":486,"_links":{"self":[{"href":"https:\/\/nitu.mx\/index.php\/wp-json\/wp\/v2\/posts\/58629"}],"collection":[{"href":"https:\/\/nitu.mx\/index.php\/wp-json\/wp\/v2\/posts"}],"about":[{"href":"https:\/\/nitu.mx\/index.php\/wp-json\/wp\/v2\/types\/post"}],"author":[{"embeddable":true,"href":"https:\/\/nitu.mx\/index.php\/wp-json\/wp\/v2\/users\/17"}],"replies":[{"embeddable":true,"href":"https:\/\/nitu.mx\/index.php\/wp-json\/wp\/v2\/comments?post=58629"}],"version-history":[{"count":1,"href":"https:\/\/nitu.mx\/index.php\/wp-json\/wp\/v2\/posts\/58629\/revisions"}],"predecessor-version":[{"id":58630,"href":"https:\/\/nitu.mx\/index.php\/wp-json\/wp\/v2\/posts\/58629\/revisions\/58630"}],"wp:featuredmedia":[{"embeddable":true,"href":"https:\/\/nitu.mx\/index.php\/wp-json\/wp\/v2\/media\/32929"}],"wp:attachment":[{"href":"https:\/\/nitu.mx\/index.php\/wp-json\/wp\/v2\/media?parent=58629"}],"wp:term":[{"taxonomy":"category","embeddable":true,"href":"https:\/\/nitu.mx\/index.php\/wp-json\/wp\/v2\/categories?post=58629"},{"taxonomy":"post_tag","embeddable":true,"href":"https:\/\/nitu.mx\/index.php\/wp-json\/wp\/v2\/tags?post=58629"}],"curies":[{"name":"wp","href":"https:\/\/api.w.org\/{rel}","templated":true}]}}