{"id":58613,"date":"2022-03-21T23:13:07","date_gmt":"2022-03-22T04:13:07","guid":{"rendered":"https:\/\/www.dev.nitu.mx\/?p=58613"},"modified":"2022-03-22T00:34:27","modified_gmt":"2022-03-22T05:34:27","slug":"iberia-a-traves-de-iag-retoma-interes-por-air-europa","status":"publish","type":"post","link":"https:\/\/nitu.mx\/index.php\/2022\/03\/21\/iberia-a-traves-de-iag-retoma-interes-por-air-europa\/","title":{"rendered":"Iberia a trav\u00e9s de IAG retoma inter\u00e9s por Air Europa"},"content":{"rendered":"<p>El consorcio de aerol\u00edneas IAG concedi\u00f3 un pr\u00e9stamo de\u00a0100 millones de euros a Air Europa\u00a0susceptibles de convertirse en una participaci\u00f3n del\u00a020% en la aerol\u00ednea espa\u00f1ola.<\/p>\n<p>International Airlines Group (IAG), integrado por Iberia y British Airways, entre otras, lleg\u00f3 a un acuerdo con Globalia, propietaria de Air Europa, para otorgarle un\u00a0pr\u00e9stamo no garantizado de 100 millones de euros a siete a\u00f1os.<\/p>\n<p>As\u00ed, IAG tendr\u00e1 la opci\u00f3n de convertir el pr\u00e9stamo en una participaci\u00f3n de hasta una\u00a0quinta parte en el capital de Air Europa,\u00a0el cual estar\u00e1 sujeto a las aprobaciones regulatorias pertinentes; adem\u00e1s IAG se asegura un periodo de exclusividad de un a\u00f1o, para las negociaciones con Globalia y podr\u00e1 igualar toda oferta de terceros por Air Europa durante\u00a0los pr\u00f3ximos tres a\u00f1os.<\/p>\n<p>Desde 2019, AIG mantiene un proyecto para la\u00a0compra de Air Europa por 1,000 millones de euros\u00a0para reforzar sus enlaces con el continente americano y convertir a Madrid en uno de los principales centros de enlace europeos.<\/p>\n<p>No obstante, la crisis sanitaria mundial llev\u00f3 a IAG a rebajar a la mitad su oferta inicial, a lo que hay que unir las inquietudes de la Comisi\u00f3n Europea por una reducci\u00f3n de la competencia en el mercado espa\u00f1ol; al final, las negociaciones no se concretaron, IAG tuvo que\u00a0pagar 75 millones de euros de penalizaci\u00f3n, y as\u00ed se aplaz\u00f3 el proyecto de compra.<\/p>\n<p>IAG mantiene su inter\u00e9s en Air Europa debido a que une mediante vuelos directos a Madrid con ciudades latinoamericanas como Asunci\u00f3n, Montevideo, Caracas, Lima, Bogot\u00e1, Panam\u00e1, Sao Paulo y Buenos Aires, entre otras.<\/p>\n<p>Esta acci\u00f3n se produce en un momento en el que Air Europa estaba ya negociando con otras aerol\u00edneas, en concreto con Air France.<\/p>\n<p>\u201cSeguimos convencidos de la importancia estrat\u00e9gica de esta operaci\u00f3n para el desarrollo y la competitividad del hub de Madrid.\u00a0Desde que iniciamos las negociaciones, el mundo ha cambiado.\u00a0Este acuerdo nos dar\u00e1 tiempo para evaluar con exclusividad estructuras alternativas que puedan ser de inter\u00e9s para ambas compa\u00f1\u00edas y que ofrezcan beneficios significativos para sus clientes, empleados y accionistas\u201d, afirm\u00f3 Luis Gallego, consejero delegado de IAG.<\/p>\n","protected":false},"excerpt":{"rendered":"<p>El consorcio de aerol\u00edneas IAG concedi\u00f3 un pr\u00e9stamo de\u00a0100 millones de euros a Air Europa\u00a0susceptibles de convertirse en una participaci\u00f3n del\u00a020% en la aerol\u00ednea espa\u00f1ola. International Airlines Group (IAG), integrado por Iberia y British Airways, entre otras, lleg\u00f3 a un acuerdo con Globalia, propietaria de Air Europa, para otorgarle un\u00a0pr\u00e9stamo no garantizado de 100 millones [&hellip;]<\/p>\n","protected":false},"author":17,"featured_media":56021,"comment_status":"open","ping_status":"open","sticky":false,"template":"","format":"standard","meta":{"footnotes":""},"categories":[29],"tags":[11535,17853,1304],"yoast_head":"<!-- This site is optimized with the Yoast SEO plugin v22.2 - https:\/\/yoast.com\/wordpress\/plugins\/seo\/ -->\n<title>Iberia a trav\u00e9s de IAG retoma inter\u00e9s por Air Europa - Nitu - Noticias de la Industria Turistica<\/title>\n<meta name=\"robots\" content=\"index, follow, max-snippet:-1, max-image-preview:large, max-video-preview:-1\" \/>\n<link rel=\"canonical\" href=\"https:\/\/nitu.mx\/index.php\/2022\/03\/21\/iberia-a-traves-de-iag-retoma-interes-por-air-europa\/\" \/>\n<meta name=\"twitter:card\" content=\"summary_large_image\" \/>\n<meta name=\"twitter:title\" content=\"Iberia a trav\u00e9s de IAG retoma inter\u00e9s por Air Europa - Nitu - Noticias de la Industria Turistica\" \/>\n<meta name=\"twitter:description\" content=\"El consorcio de aerol\u00edneas IAG concedi\u00f3 un pr\u00e9stamo de\u00a0100 millones de euros a Air Europa\u00a0susceptibles de convertirse en una participaci\u00f3n del\u00a020% en la aerol\u00ednea espa\u00f1ola. International Airlines Group (IAG), integrado por Iberia y British Airways, entre otras, lleg\u00f3 a un acuerdo con Globalia, propietaria de Air Europa, para otorgarle un\u00a0pr\u00e9stamo no garantizado de 100 millones [&hellip;]\" \/>\n<meta name=\"twitter:image\" content=\"https:\/\/nitu.mx\/wp-content\/uploads\/2021\/10\/Iberia-vuelos-invierno-2.jpg\" \/>\n<meta name=\"twitter:creator\" content=\"@NITUmx\" \/>\n<meta name=\"twitter:site\" content=\"@Arturo_Medina_G\" \/>\n<meta name=\"twitter:label1\" content=\"Escrito por\" \/>\n\t<meta name=\"twitter:data1\" content=\"Redacci\u00f3n\" \/>\n\t<meta name=\"twitter:label2\" content=\"Tiempo de lectura\" \/>\n\t<meta name=\"twitter:data2\" content=\"2 minutos\" \/>\n<script type=\"application\/ld+json\" class=\"yoast-schema-graph\">{\"@context\":\"https:\/\/schema.org\",\"@graph\":[{\"@type\":\"Article\",\"@id\":\"https:\/\/nitu.mx\/index.php\/2022\/03\/21\/iberia-a-traves-de-iag-retoma-interes-por-air-europa\/#article\",\"isPartOf\":{\"@id\":\"https:\/\/nitu.mx\/index.php\/2022\/03\/21\/iberia-a-traves-de-iag-retoma-interes-por-air-europa\/\"},\"author\":{\"name\":\"Redacci\u00f3n\",\"@id\":\"https:\/\/nitu.mx\/#\/schema\/person\/4a28fe9bd65924f7c90623773daf1b0b\"},\"headline\":\"Iberia a trav\u00e9s de IAG retoma inter\u00e9s por Air Europa\",\"datePublished\":\"2022-03-22T04:13:07+00:00\",\"dateModified\":\"2022-03-22T05:34:27+00:00\",\"mainEntityOfPage\":{\"@id\":\"https:\/\/nitu.mx\/index.php\/2022\/03\/21\/iberia-a-traves-de-iag-retoma-interes-por-air-europa\/\"},\"wordCount\":382,\"commentCount\":0,\"publisher\":{\"@id\":\"https:\/\/nitu.mx\/#\/schema\/person\/ae7a53426417292d3dd07b45a33e01bc\"},\"image\":{\"@id\":\"https:\/\/nitu.mx\/index.php\/2022\/03\/21\/iberia-a-traves-de-iag-retoma-interes-por-air-europa\/#primaryimage\"},\"thumbnailUrl\":\"https:\/\/nitu.mx\/wp-content\/uploads\/2021\/10\/Iberia-vuelos-invierno-2.jpg\",\"keywords\":[\"Air Europa\",\"IAG\",\"Iberia\"],\"articleSection\":[\"Aerol\u00edneas\"],\"inLanguage\":\"es-MX\",\"potentialAction\":[{\"@type\":\"CommentAction\",\"name\":\"Comment\",\"target\":[\"https:\/\/nitu.mx\/index.php\/2022\/03\/21\/iberia-a-traves-de-iag-retoma-interes-por-air-europa\/#respond\"]}]},{\"@type\":\"WebPage\",\"@id\":\"https:\/\/nitu.mx\/index.php\/2022\/03\/21\/iberia-a-traves-de-iag-retoma-interes-por-air-europa\/\",\"url\":\"https:\/\/nitu.mx\/index.php\/2022\/03\/21\/iberia-a-traves-de-iag-retoma-interes-por-air-europa\/\",\"name\":\"Iberia a trav\u00e9s de IAG retoma inter\u00e9s por Air Europa - Nitu - Noticias de la Industria Turistica\",\"isPartOf\":{\"@id\":\"https:\/\/nitu.mx\/#website\"},\"primaryImageOfPage\":{\"@id\":\"https:\/\/nitu.mx\/index.php\/2022\/03\/21\/iberia-a-traves-de-iag-retoma-interes-por-air-europa\/#primaryimage\"},\"image\":{\"@id\":\"https:\/\/nitu.mx\/index.php\/2022\/03\/21\/iberia-a-traves-de-iag-retoma-interes-por-air-europa\/#primaryimage\"},\"thumbnailUrl\":\"https:\/\/nitu.mx\/wp-content\/uploads\/2021\/10\/Iberia-vuelos-invierno-2.jpg\",\"datePublished\":\"2022-03-22T04:13:07+00:00\",\"dateModified\":\"2022-03-22T05:34:27+00:00\",\"breadcrumb\":{\"@id\":\"https:\/\/nitu.mx\/index.php\/2022\/03\/21\/iberia-a-traves-de-iag-retoma-interes-por-air-europa\/#breadcrumb\"},\"inLanguage\":\"es-MX\",\"potentialAction\":[{\"@type\":\"ReadAction\",\"target\":[\"https:\/\/nitu.mx\/index.php\/2022\/03\/21\/iberia-a-traves-de-iag-retoma-interes-por-air-europa\/\"]}]},{\"@type\":\"ImageObject\",\"inLanguage\":\"es-MX\",\"@id\":\"https:\/\/nitu.mx\/index.php\/2022\/03\/21\/iberia-a-traves-de-iag-retoma-interes-por-air-europa\/#primaryimage\",\"url\":\"https:\/\/nitu.mx\/wp-content\/uploads\/2021\/10\/Iberia-vuelos-invierno-2.jpg\",\"contentUrl\":\"https:\/\/nitu.mx\/wp-content\/uploads\/2021\/10\/Iberia-vuelos-invierno-2.jpg\",\"width\":1200,\"height\":675,\"caption\":\"Iberia\"},{\"@type\":\"BreadcrumbList\",\"@id\":\"https:\/\/nitu.mx\/index.php\/2022\/03\/21\/iberia-a-traves-de-iag-retoma-interes-por-air-europa\/#breadcrumb\",\"itemListElement\":[{\"@type\":\"ListItem\",\"position\":1,\"name\":\"Inicio\",\"item\":\"https:\/\/nitu.mx\/\"},{\"@type\":\"ListItem\",\"position\":2,\"name\":\"Iberia a trav\u00e9s de IAG retoma inter\u00e9s por Air Europa\"}]},{\"@type\":\"WebSite\",\"@id\":\"https:\/\/nitu.mx\/#website\",\"url\":\"https:\/\/nitu.mx\/\",\"name\":\"Nitu - Noticias de la Industria Turistica\",\"description\":\"Noticias de la Industria Turistica\",\"publisher\":{\"@id\":\"https:\/\/nitu.mx\/#\/schema\/person\/ae7a53426417292d3dd07b45a33e01bc\"},\"alternateName\":\"Noticias de la Industria Turistica\",\"potentialAction\":[{\"@type\":\"SearchAction\",\"target\":{\"@type\":\"EntryPoint\",\"urlTemplate\":\"https:\/\/nitu.mx\/?s={search_term_string}\"},\"query-input\":\"required name=search_term_string\"}],\"inLanguage\":\"es-MX\"},{\"@type\":[\"Person\",\"Organization\"],\"@id\":\"https:\/\/nitu.mx\/#\/schema\/person\/ae7a53426417292d3dd07b45a33e01bc\",\"name\":\"Arturo Medina\",\"image\":{\"@type\":\"ImageObject\",\"inLanguage\":\"es-MX\",\"@id\":\"https:\/\/nitu.mx\/#\/schema\/person\/image\/\",\"url\":\"https:\/\/nitu.mx\/wp-content\/uploads\/2024\/04\/4A315622-1904-4D5C-B022-878CDC840E04-90x90-1.jpeg\",\"contentUrl\":\"https:\/\/nitu.mx\/wp-content\/uploads\/2024\/04\/4A315622-1904-4D5C-B022-878CDC840E04-90x90-1.jpeg\",\"width\":90,\"height\":90,\"caption\":\"Arturo Medina\"},\"logo\":{\"@id\":\"https:\/\/nitu.mx\/#\/schema\/person\/image\/\"},\"description\":\"Director NITU.mx, Egresado de la Escuela de Periodismo Carlos Septi\u00e9n Garc\u00eda. Periodista y analista especializado en turismo desde hace 35 a\u00f1os, radicado en Canc\u00fan Q.Roo. arturo@nitu.mx\",\"sameAs\":[\"https:\/\/nitu.mx\",\"https:\/\/www.facebook.com\/NITUmx\/\",\"medinacancun\",\"https:\/\/twitter.com\/@Arturo_Medina_G\"]},{\"@type\":\"Person\",\"@id\":\"https:\/\/nitu.mx\/#\/schema\/person\/4a28fe9bd65924f7c90623773daf1b0b\",\"name\":\"Redacci\u00f3n\",\"image\":{\"@type\":\"ImageObject\",\"inLanguage\":\"es-MX\",\"@id\":\"https:\/\/nitu.mx\/#\/schema\/person\/image\/\",\"url\":\"https:\/\/secure.gravatar.com\/avatar\/5dd011c8ccfc5cd7e4c81e42252aab38?s=96&d=mm&r=g\",\"contentUrl\":\"https:\/\/secure.gravatar.com\/avatar\/5dd011c8ccfc5cd7e4c81e42252aab38?s=96&d=mm&r=g\",\"caption\":\"Redacci\u00f3n\"},\"url\":\"https:\/\/nitu.mx\/index.php\/author\/redaccion\/\"}]}<\/script>\n<!-- \/ Yoast SEO plugin. -->","yoast_head_json":{"title":"Iberia a trav\u00e9s de IAG retoma inter\u00e9s por Air Europa - Nitu - Noticias de la Industria Turistica","robots":{"index":"index","follow":"follow","max-snippet":"max-snippet:-1","max-image-preview":"max-image-preview:large","max-video-preview":"max-video-preview:-1"},"canonical":"https:\/\/nitu.mx\/index.php\/2022\/03\/21\/iberia-a-traves-de-iag-retoma-interes-por-air-europa\/","twitter_card":"summary_large_image","twitter_title":"Iberia a trav\u00e9s de IAG retoma inter\u00e9s por Air Europa - Nitu - Noticias de la Industria Turistica","twitter_description":"El consorcio de aerol\u00edneas IAG concedi\u00f3 un pr\u00e9stamo de\u00a0100 millones de euros a Air Europa\u00a0susceptibles de convertirse en una participaci\u00f3n del\u00a020% en la aerol\u00ednea espa\u00f1ola. International Airlines Group (IAG), integrado por Iberia y British Airways, entre otras, lleg\u00f3 a un acuerdo con Globalia, propietaria de Air Europa, para otorgarle un\u00a0pr\u00e9stamo no garantizado de 100 millones [&hellip;]","twitter_image":"https:\/\/nitu.mx\/wp-content\/uploads\/2021\/10\/Iberia-vuelos-invierno-2.jpg","twitter_creator":"@NITUmx","twitter_site":"@Arturo_Medina_G","twitter_misc":{"Escrito por":"Redacci\u00f3n","Tiempo de lectura":"2 minutos"},"schema":{"@context":"https:\/\/schema.org","@graph":[{"@type":"Article","@id":"https:\/\/nitu.mx\/index.php\/2022\/03\/21\/iberia-a-traves-de-iag-retoma-interes-por-air-europa\/#article","isPartOf":{"@id":"https:\/\/nitu.mx\/index.php\/2022\/03\/21\/iberia-a-traves-de-iag-retoma-interes-por-air-europa\/"},"author":{"name":"Redacci\u00f3n","@id":"https:\/\/nitu.mx\/#\/schema\/person\/4a28fe9bd65924f7c90623773daf1b0b"},"headline":"Iberia a trav\u00e9s de IAG retoma inter\u00e9s por Air Europa","datePublished":"2022-03-22T04:13:07+00:00","dateModified":"2022-03-22T05:34:27+00:00","mainEntityOfPage":{"@id":"https:\/\/nitu.mx\/index.php\/2022\/03\/21\/iberia-a-traves-de-iag-retoma-interes-por-air-europa\/"},"wordCount":382,"commentCount":0,"publisher":{"@id":"https:\/\/nitu.mx\/#\/schema\/person\/ae7a53426417292d3dd07b45a33e01bc"},"image":{"@id":"https:\/\/nitu.mx\/index.php\/2022\/03\/21\/iberia-a-traves-de-iag-retoma-interes-por-air-europa\/#primaryimage"},"thumbnailUrl":"https:\/\/nitu.mx\/wp-content\/uploads\/2021\/10\/Iberia-vuelos-invierno-2.jpg","keywords":["Air Europa","IAG","Iberia"],"articleSection":["Aerol\u00edneas"],"inLanguage":"es-MX","potentialAction":[{"@type":"CommentAction","name":"Comment","target":["https:\/\/nitu.mx\/index.php\/2022\/03\/21\/iberia-a-traves-de-iag-retoma-interes-por-air-europa\/#respond"]}]},{"@type":"WebPage","@id":"https:\/\/nitu.mx\/index.php\/2022\/03\/21\/iberia-a-traves-de-iag-retoma-interes-por-air-europa\/","url":"https:\/\/nitu.mx\/index.php\/2022\/03\/21\/iberia-a-traves-de-iag-retoma-interes-por-air-europa\/","name":"Iberia a trav\u00e9s de IAG retoma inter\u00e9s por Air Europa - Nitu - Noticias de la Industria Turistica","isPartOf":{"@id":"https:\/\/nitu.mx\/#website"},"primaryImageOfPage":{"@id":"https:\/\/nitu.mx\/index.php\/2022\/03\/21\/iberia-a-traves-de-iag-retoma-interes-por-air-europa\/#primaryimage"},"image":{"@id":"https:\/\/nitu.mx\/index.php\/2022\/03\/21\/iberia-a-traves-de-iag-retoma-interes-por-air-europa\/#primaryimage"},"thumbnailUrl":"https:\/\/nitu.mx\/wp-content\/uploads\/2021\/10\/Iberia-vuelos-invierno-2.jpg","datePublished":"2022-03-22T04:13:07+00:00","dateModified":"2022-03-22T05:34:27+00:00","breadcrumb":{"@id":"https:\/\/nitu.mx\/index.php\/2022\/03\/21\/iberia-a-traves-de-iag-retoma-interes-por-air-europa\/#breadcrumb"},"inLanguage":"es-MX","potentialAction":[{"@type":"ReadAction","target":["https:\/\/nitu.mx\/index.php\/2022\/03\/21\/iberia-a-traves-de-iag-retoma-interes-por-air-europa\/"]}]},{"@type":"ImageObject","inLanguage":"es-MX","@id":"https:\/\/nitu.mx\/index.php\/2022\/03\/21\/iberia-a-traves-de-iag-retoma-interes-por-air-europa\/#primaryimage","url":"https:\/\/nitu.mx\/wp-content\/uploads\/2021\/10\/Iberia-vuelos-invierno-2.jpg","contentUrl":"https:\/\/nitu.mx\/wp-content\/uploads\/2021\/10\/Iberia-vuelos-invierno-2.jpg","width":1200,"height":675,"caption":"Iberia"},{"@type":"BreadcrumbList","@id":"https:\/\/nitu.mx\/index.php\/2022\/03\/21\/iberia-a-traves-de-iag-retoma-interes-por-air-europa\/#breadcrumb","itemListElement":[{"@type":"ListItem","position":1,"name":"Inicio","item":"https:\/\/nitu.mx\/"},{"@type":"ListItem","position":2,"name":"Iberia a trav\u00e9s de IAG retoma inter\u00e9s por Air Europa"}]},{"@type":"WebSite","@id":"https:\/\/nitu.mx\/#website","url":"https:\/\/nitu.mx\/","name":"Nitu - Noticias de la Industria Turistica","description":"Noticias de la Industria Turistica","publisher":{"@id":"https:\/\/nitu.mx\/#\/schema\/person\/ae7a53426417292d3dd07b45a33e01bc"},"alternateName":"Noticias de la Industria Turistica","potentialAction":[{"@type":"SearchAction","target":{"@type":"EntryPoint","urlTemplate":"https:\/\/nitu.mx\/?s={search_term_string}"},"query-input":"required name=search_term_string"}],"inLanguage":"es-MX"},{"@type":["Person","Organization"],"@id":"https:\/\/nitu.mx\/#\/schema\/person\/ae7a53426417292d3dd07b45a33e01bc","name":"Arturo Medina","image":{"@type":"ImageObject","inLanguage":"es-MX","@id":"https:\/\/nitu.mx\/#\/schema\/person\/image\/","url":"https:\/\/nitu.mx\/wp-content\/uploads\/2024\/04\/4A315622-1904-4D5C-B022-878CDC840E04-90x90-1.jpeg","contentUrl":"https:\/\/nitu.mx\/wp-content\/uploads\/2024\/04\/4A315622-1904-4D5C-B022-878CDC840E04-90x90-1.jpeg","width":90,"height":90,"caption":"Arturo Medina"},"logo":{"@id":"https:\/\/nitu.mx\/#\/schema\/person\/image\/"},"description":"Director NITU.mx, Egresado de la Escuela de Periodismo Carlos Septi\u00e9n Garc\u00eda. Periodista y analista especializado en turismo desde hace 35 a\u00f1os, radicado en Canc\u00fan Q.Roo. arturo@nitu.mx","sameAs":["https:\/\/nitu.mx","https:\/\/www.facebook.com\/NITUmx\/","medinacancun","https:\/\/twitter.com\/@Arturo_Medina_G"]},{"@type":"Person","@id":"https:\/\/nitu.mx\/#\/schema\/person\/4a28fe9bd65924f7c90623773daf1b0b","name":"Redacci\u00f3n","image":{"@type":"ImageObject","inLanguage":"es-MX","@id":"https:\/\/nitu.mx\/#\/schema\/person\/image\/","url":"https:\/\/secure.gravatar.com\/avatar\/5dd011c8ccfc5cd7e4c81e42252aab38?s=96&d=mm&r=g","contentUrl":"https:\/\/secure.gravatar.com\/avatar\/5dd011c8ccfc5cd7e4c81e42252aab38?s=96&d=mm&r=g","caption":"Redacci\u00f3n"},"url":"https:\/\/nitu.mx\/index.php\/author\/redaccion\/"}]}},"views":237,"_links":{"self":[{"href":"https:\/\/nitu.mx\/index.php\/wp-json\/wp\/v2\/posts\/58613"}],"collection":[{"href":"https:\/\/nitu.mx\/index.php\/wp-json\/wp\/v2\/posts"}],"about":[{"href":"https:\/\/nitu.mx\/index.php\/wp-json\/wp\/v2\/types\/post"}],"author":[{"embeddable":true,"href":"https:\/\/nitu.mx\/index.php\/wp-json\/wp\/v2\/users\/17"}],"replies":[{"embeddable":true,"href":"https:\/\/nitu.mx\/index.php\/wp-json\/wp\/v2\/comments?post=58613"}],"version-history":[{"count":1,"href":"https:\/\/nitu.mx\/index.php\/wp-json\/wp\/v2\/posts\/58613\/revisions"}],"predecessor-version":[{"id":58614,"href":"https:\/\/nitu.mx\/index.php\/wp-json\/wp\/v2\/posts\/58613\/revisions\/58614"}],"wp:featuredmedia":[{"embeddable":true,"href":"https:\/\/nitu.mx\/index.php\/wp-json\/wp\/v2\/media\/56021"}],"wp:attachment":[{"href":"https:\/\/nitu.mx\/index.php\/wp-json\/wp\/v2\/media?parent=58613"}],"wp:term":[{"taxonomy":"category","embeddable":true,"href":"https:\/\/nitu.mx\/index.php\/wp-json\/wp\/v2\/categories?post=58613"},{"taxonomy":"post_tag","embeddable":true,"href":"https:\/\/nitu.mx\/index.php\/wp-json\/wp\/v2\/tags?post=58613"}],"curies":[{"name":"wp","href":"https:\/\/api.w.org\/{rel}","templated":true}]}}