{"id":58595,"date":"2022-03-20T14:49:38","date_gmt":"2022-03-20T19:49:38","guid":{"rendered":"https:\/\/www.dev.nitu.mx\/?p=58595"},"modified":"2022-03-22T00:34:45","modified_gmt":"2022-03-22T05:34:45","slug":"estiman-cerca-de-3-millones-de-turistas-por-fin-de-semana-largo","status":"publish","type":"post","link":"https:\/\/nitu.mx\/index.php\/2022\/03\/20\/estiman-cerca-de-3-millones-de-turistas-por-fin-de-semana-largo\/","title":{"rendered":"Estiman cerca de 3 millones de turistas por fin de semana largo"},"content":{"rendered":"<p>Para el segundo fin de semana largo que va del 18 al 21 de marzo, la Secretar\u00eda de Turismo (Sectur) prev\u00e9 que viajen 2.7 millones de turistas en los principales destinos del pa\u00eds.<\/p>\n<p>El titular de la dependencia, Miguel Torruco Marqu\u00e9s, coment\u00f3 que se prev\u00e9 la llegada de un mill\u00f3n 423 mil turistas a hotel, que comparado con el mismo periodo de 2019 tendr\u00e1 una recuperaci\u00f3n de 84.6%, esto es, solo 259 mil viajeros por debajo de los registrados en ese a\u00f1o.<\/p>\n<p>Del total de turistas que se estima lleguen a hotel, un mill\u00f3n 52 mil ser\u00e1n nacionales, lo que representa 74.0% del total y 26.0% ser\u00e1n internacionales, se\u00f1al\u00f3 Torruco Marqu\u00e9s.<\/p>\n<p>Coment\u00f3 que se estima una ocupaci\u00f3n hotelera a nivel nacional de 55.8%, esto es 19.8 puntos porcentuales m\u00e1s comparado con el mismo periodo de asueto de 2021, cuando se registr\u00f3 36.0% de ocupaci\u00f3n general durante los d\u00edas de este fin de semana largo.<\/p>\n<p>Agreg\u00f3 que el porcentaje de ocupaci\u00f3n que se alcanzar\u00e1\u00a0en 12 centros seleccionados ser\u00e1:<\/p>\n<ul>\n<li>Los Cabos 81.6%<\/li>\n<li>Puerto Vallarta 80.3%<\/li>\n<li>Canc\u00fan 80.2%<\/li>\n<li>Aguascalientes 61.6%<\/li>\n<li>Quer\u00e9taro 58.8%<\/li>\n<li>Acapulco 54.8%<\/li>\n<li>San Miguel de Allende 53.4%<\/li>\n<li>Ciudad de M\u00e9xico 51.7%<\/li>\n<li>Puebla 49.8%<\/li>\n<li>Villahermosa 45.0%<\/li>\n<li>San Crist\u00f3bal de las Casas 43.2%<\/li>\n<li>Tuxtla Guti\u00e9rrez 38.4%.<\/li>\n<\/ul>\n<p>Estos destinos en conjunto, representan el 42.5% del total de habitaciones en los centros monitoreados en el sistema Datatur, inform\u00f3 Sectur.<\/p>\n<p>Adicionalmente, se pronostica que un mill\u00f3n 619 mil turistas nacionales m\u00e1s, se alojen en otra forma de hospedaje como es en visitas a familiares y amigos, as\u00ed como en segundas residencias.<\/p>\n<p>En tanto, otros 186 mil viajeros, nacionales y extranjeros, se hospedar\u00e1n en alojamiento de econom\u00edas compartidas, como las plataformas digitales.<\/p>\n<p>El titular de Sectur destac\u00f3 tambi\u00e9n que durante este fin de semana largo se espera una derrama econ\u00f3mica de tres mil 803 millones de pesos, por concepto de hospedaje, que junto con otros servicios tur\u00edsticos alcanzar\u00e1 un consumo total de 41 mil 615 millones de pesos.\u00a0<a title=\"Canc\u00fan arrasa con 47% de turistas internacionales por v\u00eda a\u00e9rea\" href=\"https:\/\/www.dev.nitu.mx\/index.php\/2022\/03\/07\/cancun-arrasa-con-47-de-turistas-internacionales-por-via-aerea\/\" rel=\"bookmark\">(Canc\u00fan arrasa con 47% de turistas internacionales por v\u00eda a\u00e9rea<\/a>).<\/p>\n","protected":false},"excerpt":{"rendered":"<p>Para el segundo fin de semana largo que va del 18 al 21 de marzo, la Secretar\u00eda de Turismo (Sectur) prev\u00e9 que viajen 2.7 millones de turistas en los principales destinos del pa\u00eds. El titular de la dependencia, Miguel Torruco Marqu\u00e9s, coment\u00f3 que se prev\u00e9 la llegada de un mill\u00f3n 423 mil turistas a hotel, [&hellip;]<\/p>\n","protected":false},"author":17,"featured_media":32968,"comment_status":"open","ping_status":"open","sticky":false,"template":"","format":"standard","meta":{"footnotes":""},"categories":[5],"tags":[43,4854,13146,130,1238,6280,14919,93],"yoast_head":"<!-- This site is optimized with the Yoast SEO plugin v22.2 - https:\/\/yoast.com\/wordpress\/plugins\/seo\/ -->\n<title>Estiman cerca de 3 millones de turistas por fin de semana largo - Nitu - Noticias de la Industria Turistica<\/title>\n<meta name=\"robots\" content=\"index, follow, max-snippet:-1, max-image-preview:large, max-video-preview:-1\" \/>\n<link rel=\"canonical\" href=\"https:\/\/nitu.mx\/index.php\/2022\/03\/20\/estiman-cerca-de-3-millones-de-turistas-por-fin-de-semana-largo\/\" \/>\n<meta name=\"twitter:card\" content=\"summary_large_image\" \/>\n<meta name=\"twitter:title\" content=\"Estiman cerca de 3 millones de turistas por fin de semana largo - Nitu - Noticias de la Industria Turistica\" \/>\n<meta name=\"twitter:description\" content=\"Para el segundo fin de semana largo que va del 18 al 21 de marzo, la Secretar\u00eda de Turismo (Sectur) prev\u00e9 que viajen 2.7 millones de turistas en los principales destinos del pa\u00eds. El titular de la dependencia, Miguel Torruco Marqu\u00e9s, coment\u00f3 que se prev\u00e9 la llegada de un mill\u00f3n 423 mil turistas a hotel, [&hellip;]\" \/>\n<meta name=\"twitter:image\" content=\"https:\/\/nitu.mx\/wp-content\/uploads\/2019\/06\/Cancun.jpg\" \/>\n<meta name=\"twitter:creator\" content=\"@NITUmx\" \/>\n<meta name=\"twitter:site\" content=\"@Arturo_Medina_G\" \/>\n<meta name=\"twitter:label1\" content=\"Escrito por\" \/>\n\t<meta name=\"twitter:data1\" content=\"Redacci\u00f3n\" \/>\n\t<meta name=\"twitter:label2\" content=\"Tiempo de lectura\" \/>\n\t<meta name=\"twitter:data2\" content=\"2 minutos\" \/>\n<script type=\"application\/ld+json\" class=\"yoast-schema-graph\">{\"@context\":\"https:\/\/schema.org\",\"@graph\":[{\"@type\":\"Article\",\"@id\":\"https:\/\/nitu.mx\/index.php\/2022\/03\/20\/estiman-cerca-de-3-millones-de-turistas-por-fin-de-semana-largo\/#article\",\"isPartOf\":{\"@id\":\"https:\/\/nitu.mx\/index.php\/2022\/03\/20\/estiman-cerca-de-3-millones-de-turistas-por-fin-de-semana-largo\/\"},\"author\":{\"name\":\"Redacci\u00f3n\",\"@id\":\"https:\/\/nitu.mx\/#\/schema\/person\/4a28fe9bd65924f7c90623773daf1b0b\"},\"headline\":\"Estiman cerca de 3 millones de turistas por fin de semana largo\",\"datePublished\":\"2022-03-20T19:49:38+00:00\",\"dateModified\":\"2022-03-22T05:34:45+00:00\",\"mainEntityOfPage\":{\"@id\":\"https:\/\/nitu.mx\/index.php\/2022\/03\/20\/estiman-cerca-de-3-millones-de-turistas-por-fin-de-semana-largo\/\"},\"wordCount\":340,\"commentCount\":0,\"publisher\":{\"@id\":\"https:\/\/nitu.mx\/#\/schema\/person\/ae7a53426417292d3dd07b45a33e01bc\"},\"image\":{\"@id\":\"https:\/\/nitu.mx\/index.php\/2022\/03\/20\/estiman-cerca-de-3-millones-de-turistas-por-fin-de-semana-largo\/#primaryimage\"},\"thumbnailUrl\":\"https:\/\/nitu.mx\/wp-content\/uploads\/2019\/06\/Cancun.jpg\",\"keywords\":[\"Canc\u00fan\",\"derrama econ\u00f3mica\",\"Fin de semana largo\",\"Los Cabos\",\"Miguel Torruco Marqu\u00e9s\",\"ocupaci\u00f3n\",\"puente\",\"Sectur\"],\"articleSection\":[\"Destinos\"],\"inLanguage\":\"es-MX\",\"potentialAction\":[{\"@type\":\"CommentAction\",\"name\":\"Comment\",\"target\":[\"https:\/\/nitu.mx\/index.php\/2022\/03\/20\/estiman-cerca-de-3-millones-de-turistas-por-fin-de-semana-largo\/#respond\"]}]},{\"@type\":\"WebPage\",\"@id\":\"https:\/\/nitu.mx\/index.php\/2022\/03\/20\/estiman-cerca-de-3-millones-de-turistas-por-fin-de-semana-largo\/\",\"url\":\"https:\/\/nitu.mx\/index.php\/2022\/03\/20\/estiman-cerca-de-3-millones-de-turistas-por-fin-de-semana-largo\/\",\"name\":\"Estiman cerca de 3 millones de turistas por fin de semana largo - Nitu - Noticias de la Industria Turistica\",\"isPartOf\":{\"@id\":\"https:\/\/nitu.mx\/#website\"},\"primaryImageOfPage\":{\"@id\":\"https:\/\/nitu.mx\/index.php\/2022\/03\/20\/estiman-cerca-de-3-millones-de-turistas-por-fin-de-semana-largo\/#primaryimage\"},\"image\":{\"@id\":\"https:\/\/nitu.mx\/index.php\/2022\/03\/20\/estiman-cerca-de-3-millones-de-turistas-por-fin-de-semana-largo\/#primaryimage\"},\"thumbnailUrl\":\"https:\/\/nitu.mx\/wp-content\/uploads\/2019\/06\/Cancun.jpg\",\"datePublished\":\"2022-03-20T19:49:38+00:00\",\"dateModified\":\"2022-03-22T05:34:45+00:00\",\"breadcrumb\":{\"@id\":\"https:\/\/nitu.mx\/index.php\/2022\/03\/20\/estiman-cerca-de-3-millones-de-turistas-por-fin-de-semana-largo\/#breadcrumb\"},\"inLanguage\":\"es-MX\",\"potentialAction\":[{\"@type\":\"ReadAction\",\"target\":[\"https:\/\/nitu.mx\/index.php\/2022\/03\/20\/estiman-cerca-de-3-millones-de-turistas-por-fin-de-semana-largo\/\"]}]},{\"@type\":\"ImageObject\",\"inLanguage\":\"es-MX\",\"@id\":\"https:\/\/nitu.mx\/index.php\/2022\/03\/20\/estiman-cerca-de-3-millones-de-turistas-por-fin-de-semana-largo\/#primaryimage\",\"url\":\"https:\/\/nitu.mx\/wp-content\/uploads\/2019\/06\/Cancun.jpg\",\"contentUrl\":\"https:\/\/nitu.mx\/wp-content\/uploads\/2019\/06\/Cancun.jpg\",\"width\":850,\"height\":480,\"caption\":\"Cancun AMAV CPTQ ocupaci\u00f3n hotelera d\u00f3lar Quintana Roo Sedetur Expedia Sectur\"},{\"@type\":\"BreadcrumbList\",\"@id\":\"https:\/\/nitu.mx\/index.php\/2022\/03\/20\/estiman-cerca-de-3-millones-de-turistas-por-fin-de-semana-largo\/#breadcrumb\",\"itemListElement\":[{\"@type\":\"ListItem\",\"position\":1,\"name\":\"Inicio\",\"item\":\"https:\/\/nitu.mx\/\"},{\"@type\":\"ListItem\",\"position\":2,\"name\":\"Estiman cerca de 3 millones de turistas por fin de semana largo\"}]},{\"@type\":\"WebSite\",\"@id\":\"https:\/\/nitu.mx\/#website\",\"url\":\"https:\/\/nitu.mx\/\",\"name\":\"Nitu - Noticias de la Industria Turistica\",\"description\":\"Noticias de la Industria Turistica\",\"publisher\":{\"@id\":\"https:\/\/nitu.mx\/#\/schema\/person\/ae7a53426417292d3dd07b45a33e01bc\"},\"alternateName\":\"Noticias de la Industria Turistica\",\"potentialAction\":[{\"@type\":\"SearchAction\",\"target\":{\"@type\":\"EntryPoint\",\"urlTemplate\":\"https:\/\/nitu.mx\/?s={search_term_string}\"},\"query-input\":\"required name=search_term_string\"}],\"inLanguage\":\"es-MX\"},{\"@type\":[\"Person\",\"Organization\"],\"@id\":\"https:\/\/nitu.mx\/#\/schema\/person\/ae7a53426417292d3dd07b45a33e01bc\",\"name\":\"Arturo Medina\",\"image\":{\"@type\":\"ImageObject\",\"inLanguage\":\"es-MX\",\"@id\":\"https:\/\/nitu.mx\/#\/schema\/person\/image\/\",\"url\":\"https:\/\/nitu.mx\/wp-content\/uploads\/2024\/04\/4A315622-1904-4D5C-B022-878CDC840E04-90x90-1.jpeg\",\"contentUrl\":\"https:\/\/nitu.mx\/wp-content\/uploads\/2024\/04\/4A315622-1904-4D5C-B022-878CDC840E04-90x90-1.jpeg\",\"width\":90,\"height\":90,\"caption\":\"Arturo Medina\"},\"logo\":{\"@id\":\"https:\/\/nitu.mx\/#\/schema\/person\/image\/\"},\"description\":\"Director NITU.mx, Egresado de la Escuela de Periodismo Carlos Septi\u00e9n Garc\u00eda. Periodista y analista especializado en turismo desde hace 35 a\u00f1os, radicado en Canc\u00fan Q.Roo. arturo@nitu.mx\",\"sameAs\":[\"https:\/\/nitu.mx\",\"https:\/\/www.facebook.com\/NITUmx\/\",\"medinacancun\",\"https:\/\/twitter.com\/@Arturo_Medina_G\"]},{\"@type\":\"Person\",\"@id\":\"https:\/\/nitu.mx\/#\/schema\/person\/4a28fe9bd65924f7c90623773daf1b0b\",\"name\":\"Redacci\u00f3n\",\"image\":{\"@type\":\"ImageObject\",\"inLanguage\":\"es-MX\",\"@id\":\"https:\/\/nitu.mx\/#\/schema\/person\/image\/\",\"url\":\"https:\/\/secure.gravatar.com\/avatar\/5dd011c8ccfc5cd7e4c81e42252aab38?s=96&d=mm&r=g\",\"contentUrl\":\"https:\/\/secure.gravatar.com\/avatar\/5dd011c8ccfc5cd7e4c81e42252aab38?s=96&d=mm&r=g\",\"caption\":\"Redacci\u00f3n\"},\"url\":\"https:\/\/nitu.mx\/index.php\/author\/redaccion\/\"}]}<\/script>\n<!-- \/ Yoast SEO plugin. -->","yoast_head_json":{"title":"Estiman cerca de 3 millones de turistas por fin de semana largo - Nitu - Noticias de la Industria Turistica","robots":{"index":"index","follow":"follow","max-snippet":"max-snippet:-1","max-image-preview":"max-image-preview:large","max-video-preview":"max-video-preview:-1"},"canonical":"https:\/\/nitu.mx\/index.php\/2022\/03\/20\/estiman-cerca-de-3-millones-de-turistas-por-fin-de-semana-largo\/","twitter_card":"summary_large_image","twitter_title":"Estiman cerca de 3 millones de turistas por fin de semana largo - Nitu - Noticias de la Industria Turistica","twitter_description":"Para el segundo fin de semana largo que va del 18 al 21 de marzo, la Secretar\u00eda de Turismo (Sectur) prev\u00e9 que viajen 2.7 millones de turistas en los principales destinos del pa\u00eds. El titular de la dependencia, Miguel Torruco Marqu\u00e9s, coment\u00f3 que se prev\u00e9 la llegada de un mill\u00f3n 423 mil turistas a hotel, [&hellip;]","twitter_image":"https:\/\/nitu.mx\/wp-content\/uploads\/2019\/06\/Cancun.jpg","twitter_creator":"@NITUmx","twitter_site":"@Arturo_Medina_G","twitter_misc":{"Escrito por":"Redacci\u00f3n","Tiempo de lectura":"2 minutos"},"schema":{"@context":"https:\/\/schema.org","@graph":[{"@type":"Article","@id":"https:\/\/nitu.mx\/index.php\/2022\/03\/20\/estiman-cerca-de-3-millones-de-turistas-por-fin-de-semana-largo\/#article","isPartOf":{"@id":"https:\/\/nitu.mx\/index.php\/2022\/03\/20\/estiman-cerca-de-3-millones-de-turistas-por-fin-de-semana-largo\/"},"author":{"name":"Redacci\u00f3n","@id":"https:\/\/nitu.mx\/#\/schema\/person\/4a28fe9bd65924f7c90623773daf1b0b"},"headline":"Estiman cerca de 3 millones de turistas por fin de semana largo","datePublished":"2022-03-20T19:49:38+00:00","dateModified":"2022-03-22T05:34:45+00:00","mainEntityOfPage":{"@id":"https:\/\/nitu.mx\/index.php\/2022\/03\/20\/estiman-cerca-de-3-millones-de-turistas-por-fin-de-semana-largo\/"},"wordCount":340,"commentCount":0,"publisher":{"@id":"https:\/\/nitu.mx\/#\/schema\/person\/ae7a53426417292d3dd07b45a33e01bc"},"image":{"@id":"https:\/\/nitu.mx\/index.php\/2022\/03\/20\/estiman-cerca-de-3-millones-de-turistas-por-fin-de-semana-largo\/#primaryimage"},"thumbnailUrl":"https:\/\/nitu.mx\/wp-content\/uploads\/2019\/06\/Cancun.jpg","keywords":["Canc\u00fan","derrama econ\u00f3mica","Fin de semana largo","Los Cabos","Miguel Torruco Marqu\u00e9s","ocupaci\u00f3n","puente","Sectur"],"articleSection":["Destinos"],"inLanguage":"es-MX","potentialAction":[{"@type":"CommentAction","name":"Comment","target":["https:\/\/nitu.mx\/index.php\/2022\/03\/20\/estiman-cerca-de-3-millones-de-turistas-por-fin-de-semana-largo\/#respond"]}]},{"@type":"WebPage","@id":"https:\/\/nitu.mx\/index.php\/2022\/03\/20\/estiman-cerca-de-3-millones-de-turistas-por-fin-de-semana-largo\/","url":"https:\/\/nitu.mx\/index.php\/2022\/03\/20\/estiman-cerca-de-3-millones-de-turistas-por-fin-de-semana-largo\/","name":"Estiman cerca de 3 millones de turistas por fin de semana largo - Nitu - Noticias de la Industria Turistica","isPartOf":{"@id":"https:\/\/nitu.mx\/#website"},"primaryImageOfPage":{"@id":"https:\/\/nitu.mx\/index.php\/2022\/03\/20\/estiman-cerca-de-3-millones-de-turistas-por-fin-de-semana-largo\/#primaryimage"},"image":{"@id":"https:\/\/nitu.mx\/index.php\/2022\/03\/20\/estiman-cerca-de-3-millones-de-turistas-por-fin-de-semana-largo\/#primaryimage"},"thumbnailUrl":"https:\/\/nitu.mx\/wp-content\/uploads\/2019\/06\/Cancun.jpg","datePublished":"2022-03-20T19:49:38+00:00","dateModified":"2022-03-22T05:34:45+00:00","breadcrumb":{"@id":"https:\/\/nitu.mx\/index.php\/2022\/03\/20\/estiman-cerca-de-3-millones-de-turistas-por-fin-de-semana-largo\/#breadcrumb"},"inLanguage":"es-MX","potentialAction":[{"@type":"ReadAction","target":["https:\/\/nitu.mx\/index.php\/2022\/03\/20\/estiman-cerca-de-3-millones-de-turistas-por-fin-de-semana-largo\/"]}]},{"@type":"ImageObject","inLanguage":"es-MX","@id":"https:\/\/nitu.mx\/index.php\/2022\/03\/20\/estiman-cerca-de-3-millones-de-turistas-por-fin-de-semana-largo\/#primaryimage","url":"https:\/\/nitu.mx\/wp-content\/uploads\/2019\/06\/Cancun.jpg","contentUrl":"https:\/\/nitu.mx\/wp-content\/uploads\/2019\/06\/Cancun.jpg","width":850,"height":480,"caption":"Cancun AMAV CPTQ ocupaci\u00f3n hotelera d\u00f3lar Quintana Roo Sedetur Expedia Sectur"},{"@type":"BreadcrumbList","@id":"https:\/\/nitu.mx\/index.php\/2022\/03\/20\/estiman-cerca-de-3-millones-de-turistas-por-fin-de-semana-largo\/#breadcrumb","itemListElement":[{"@type":"ListItem","position":1,"name":"Inicio","item":"https:\/\/nitu.mx\/"},{"@type":"ListItem","position":2,"name":"Estiman cerca de 3 millones de turistas por fin de semana largo"}]},{"@type":"WebSite","@id":"https:\/\/nitu.mx\/#website","url":"https:\/\/nitu.mx\/","name":"Nitu - Noticias de la Industria Turistica","description":"Noticias de la Industria Turistica","publisher":{"@id":"https:\/\/nitu.mx\/#\/schema\/person\/ae7a53426417292d3dd07b45a33e01bc"},"alternateName":"Noticias de la Industria Turistica","potentialAction":[{"@type":"SearchAction","target":{"@type":"EntryPoint","urlTemplate":"https:\/\/nitu.mx\/?s={search_term_string}"},"query-input":"required name=search_term_string"}],"inLanguage":"es-MX"},{"@type":["Person","Organization"],"@id":"https:\/\/nitu.mx\/#\/schema\/person\/ae7a53426417292d3dd07b45a33e01bc","name":"Arturo Medina","image":{"@type":"ImageObject","inLanguage":"es-MX","@id":"https:\/\/nitu.mx\/#\/schema\/person\/image\/","url":"https:\/\/nitu.mx\/wp-content\/uploads\/2024\/04\/4A315622-1904-4D5C-B022-878CDC840E04-90x90-1.jpeg","contentUrl":"https:\/\/nitu.mx\/wp-content\/uploads\/2024\/04\/4A315622-1904-4D5C-B022-878CDC840E04-90x90-1.jpeg","width":90,"height":90,"caption":"Arturo Medina"},"logo":{"@id":"https:\/\/nitu.mx\/#\/schema\/person\/image\/"},"description":"Director NITU.mx, Egresado de la Escuela de Periodismo Carlos Septi\u00e9n Garc\u00eda. Periodista y analista especializado en turismo desde hace 35 a\u00f1os, radicado en Canc\u00fan Q.Roo. arturo@nitu.mx","sameAs":["https:\/\/nitu.mx","https:\/\/www.facebook.com\/NITUmx\/","medinacancun","https:\/\/twitter.com\/@Arturo_Medina_G"]},{"@type":"Person","@id":"https:\/\/nitu.mx\/#\/schema\/person\/4a28fe9bd65924f7c90623773daf1b0b","name":"Redacci\u00f3n","image":{"@type":"ImageObject","inLanguage":"es-MX","@id":"https:\/\/nitu.mx\/#\/schema\/person\/image\/","url":"https:\/\/secure.gravatar.com\/avatar\/5dd011c8ccfc5cd7e4c81e42252aab38?s=96&d=mm&r=g","contentUrl":"https:\/\/secure.gravatar.com\/avatar\/5dd011c8ccfc5cd7e4c81e42252aab38?s=96&d=mm&r=g","caption":"Redacci\u00f3n"},"url":"https:\/\/nitu.mx\/index.php\/author\/redaccion\/"}]}},"views":403,"_links":{"self":[{"href":"https:\/\/nitu.mx\/index.php\/wp-json\/wp\/v2\/posts\/58595"}],"collection":[{"href":"https:\/\/nitu.mx\/index.php\/wp-json\/wp\/v2\/posts"}],"about":[{"href":"https:\/\/nitu.mx\/index.php\/wp-json\/wp\/v2\/types\/post"}],"author":[{"embeddable":true,"href":"https:\/\/nitu.mx\/index.php\/wp-json\/wp\/v2\/users\/17"}],"replies":[{"embeddable":true,"href":"https:\/\/nitu.mx\/index.php\/wp-json\/wp\/v2\/comments?post=58595"}],"version-history":[{"count":2,"href":"https:\/\/nitu.mx\/index.php\/wp-json\/wp\/v2\/posts\/58595\/revisions"}],"predecessor-version":[{"id":58611,"href":"https:\/\/nitu.mx\/index.php\/wp-json\/wp\/v2\/posts\/58595\/revisions\/58611"}],"wp:featuredmedia":[{"embeddable":true,"href":"https:\/\/nitu.mx\/index.php\/wp-json\/wp\/v2\/media\/32968"}],"wp:attachment":[{"href":"https:\/\/nitu.mx\/index.php\/wp-json\/wp\/v2\/media?parent=58595"}],"wp:term":[{"taxonomy":"category","embeddable":true,"href":"https:\/\/nitu.mx\/index.php\/wp-json\/wp\/v2\/categories?post=58595"},{"taxonomy":"post_tag","embeddable":true,"href":"https:\/\/nitu.mx\/index.php\/wp-json\/wp\/v2\/tags?post=58595"}],"curies":[{"name":"wp","href":"https:\/\/api.w.org\/{rel}","templated":true}]}}