{"id":58518,"date":"2022-03-15T00:42:07","date_gmt":"2022-03-15T05:42:07","guid":{"rendered":"https:\/\/www.dev.nitu.mx\/?p=58518"},"modified":"2022-03-15T00:45:10","modified_gmt":"2022-03-15T05:45:10","slug":"latam-preve-operar-1-029-vuelos-diarios-durante-marzo","status":"publish","type":"post","link":"https:\/\/nitu.mx\/index.php\/2022\/03\/15\/latam-preve-operar-1-029-vuelos-diarios-durante-marzo\/","title":{"rendered":"LATAM\u00a0prev\u00e9 operar 1.029 vuelos diarios durante marzo"},"content":{"rendered":"<p style=\"font-weight: 400;\">A pesar de la incertidumbre internacional que ha tra\u00eddo como consecuencia una alta volatilidad en el precio del combustible, el grupo\u00a0LATAM\u00a0proyecta una operaci\u00f3n de pasajeros de hasta un 67% para marzo (medida en asientos-kil\u00f3metros disponibles &#8211; ASK), lo que representa aproximadamente\u00a0 1,029 vuelos diarios nacionales e internacionales.<\/p>\n<p>Este porcentaje es\u00a0 respecto al mismo mes de 2019 (escenario pre pandemia), siguiendo la tendencia de estabilidad operacional mostrada en los \u00faltimos meses.<\/p>\n<p style=\"font-weight: 400;\">Se estima que las operaciones dom\u00e9sticas de Colombia y Brasil ser\u00edan las que impulsar\u00edan las recuperaciones frente a niveles pre-pandemia, con un 165% y 101% respectivamente. Por su parte, las operaciones de las filiales cargueras alcanzar\u00edan niveles previos a la crisis sanitaria global, con un 100% de estimaci\u00f3n operacional para marzo.<\/p>\n<p style=\"font-weight: 400;\">Entre las novedades de este mes destaca el reinicio de operaciones desde Santiago de Chile a Auckland (Nueva Zelanda) y Sydney (Australia).<\/p>\n<p style=\"font-weight: 400;\">Los 1.029 vuelos diarios de LATAM conectar\u00e1n 135 destinos en 20 pa\u00edses. El negocio de carga tiene programados casi 1,200\u00a0 vuelos en aviones cargueros con un nivel de\u00a0utilizaci\u00f3n un 7% mayor\u00a0en promedio que el mismo periodo de 2019. Nuevamente, todas estas proyecciones est\u00e1n sujetas a la evoluci\u00f3n de la pandemia, especialmente los \u00faltimos casos de variante Omicron en los pa\u00edses donde opera el grupo.<\/p>\n<p style=\"font-weight: 400;\">En febrero de 2022, el tr\u00e1fico de pasajeros (medido en pasajeros-kil\u00f3metros rentados &#8211; RPK) fue de 60.6% en relaci\u00f3n al mismo per\u00edodo de 2019, basado en una operaci\u00f3n medida en ASK (asientos-kil\u00f3metros disponibles) de un 63.7% comparada con febrero de 2019. Esto implic\u00f3 que el factor de ocupaci\u00f3n disminuyera 4.0 puntos porcentuales, llegando a 79.8%.<\/p>\n<p style=\"font-weight: 400;\">En carga, el factor de ocupaci\u00f3n fue de 61.5%, lo que corresponde a un aumento de 9.2 puntos porcentuales en relaci\u00f3n a febrero de 2019.<\/p>\n","protected":false},"excerpt":{"rendered":"<p>A pesar de la incertidumbre internacional que ha tra\u00eddo como consecuencia una alta volatilidad en el precio del combustible, el grupo\u00a0LATAM\u00a0proyecta una operaci\u00f3n de pasajeros de hasta un 67% para marzo (medida en asientos-kil\u00f3metros disponibles &#8211; ASK), lo que representa aproximadamente\u00a0 1,029 vuelos diarios nacionales e internacionales. Este porcentaje es\u00a0 respecto al mismo mes de [&hellip;]<\/p>\n","protected":false},"author":17,"featured_media":13377,"comment_status":"open","ping_status":"open","sticky":false,"template":"","format":"standard","meta":{"footnotes":""},"categories":[29],"tags":[1049,223,224,8928,165],"yoast_head":"<!-- This site is optimized with the Yoast SEO plugin v22.2 - https:\/\/yoast.com\/wordpress\/plugins\/seo\/ -->\n<title>LATAM\u00a0prev\u00e9 operar 1.029 vuelos diarios durante marzo - Nitu - Noticias de la Industria Turistica<\/title>\n<meta name=\"robots\" content=\"index, follow, max-snippet:-1, max-image-preview:large, max-video-preview:-1\" \/>\n<link rel=\"canonical\" href=\"https:\/\/nitu.mx\/index.php\/2022\/03\/15\/latam-preve-operar-1-029-vuelos-diarios-durante-marzo\/\" \/>\n<meta name=\"twitter:card\" content=\"summary_large_image\" \/>\n<meta name=\"twitter:title\" content=\"LATAM\u00a0prev\u00e9 operar 1.029 vuelos diarios durante marzo - Nitu - Noticias de la Industria Turistica\" \/>\n<meta name=\"twitter:description\" content=\"A pesar de la incertidumbre internacional que ha tra\u00eddo como consecuencia una alta volatilidad en el precio del combustible, el grupo\u00a0LATAM\u00a0proyecta una operaci\u00f3n de pasajeros de hasta un 67% para marzo (medida en asientos-kil\u00f3metros disponibles &#8211; ASK), lo que representa aproximadamente\u00a0 1,029 vuelos diarios nacionales e internacionales. Este porcentaje es\u00a0 respecto al mismo mes de [&hellip;]\" \/>\n<meta name=\"twitter:image\" content=\"https:\/\/nitu.mx\/wp-content\/uploads\/2017\/09\/Latam-airlines.jpg\" \/>\n<meta name=\"twitter:creator\" content=\"@NITUmx\" \/>\n<meta name=\"twitter:site\" content=\"@Arturo_Medina_G\" \/>\n<meta name=\"twitter:label1\" content=\"Escrito por\" \/>\n\t<meta name=\"twitter:data1\" content=\"Redacci\u00f3n\" \/>\n\t<meta name=\"twitter:label2\" content=\"Tiempo de lectura\" \/>\n\t<meta name=\"twitter:data2\" content=\"1 minuto\" \/>\n<script type=\"application\/ld+json\" class=\"yoast-schema-graph\">{\"@context\":\"https:\/\/schema.org\",\"@graph\":[{\"@type\":\"Article\",\"@id\":\"https:\/\/nitu.mx\/index.php\/2022\/03\/15\/latam-preve-operar-1-029-vuelos-diarios-durante-marzo\/#article\",\"isPartOf\":{\"@id\":\"https:\/\/nitu.mx\/index.php\/2022\/03\/15\/latam-preve-operar-1-029-vuelos-diarios-durante-marzo\/\"},\"author\":{\"name\":\"Redacci\u00f3n\",\"@id\":\"https:\/\/nitu.mx\/#\/schema\/person\/4a28fe9bd65924f7c90623773daf1b0b\"},\"headline\":\"LATAM\u00a0prev\u00e9 operar 1.029 vuelos diarios durante marzo\",\"datePublished\":\"2022-03-15T05:42:07+00:00\",\"dateModified\":\"2022-03-15T05:45:10+00:00\",\"mainEntityOfPage\":{\"@id\":\"https:\/\/nitu.mx\/index.php\/2022\/03\/15\/latam-preve-operar-1-029-vuelos-diarios-durante-marzo\/\"},\"wordCount\":299,\"commentCount\":0,\"publisher\":{\"@id\":\"https:\/\/nitu.mx\/#\/schema\/person\/ae7a53426417292d3dd07b45a33e01bc\"},\"image\":{\"@id\":\"https:\/\/nitu.mx\/index.php\/2022\/03\/15\/latam-preve-operar-1-029-vuelos-diarios-durante-marzo\/#primaryimage\"},\"thumbnailUrl\":\"https:\/\/nitu.mx\/wp-content\/uploads\/2017\/09\/Latam-airlines.jpg\",\"keywords\":[\"Brasil\",\"Chile\",\"Colombia\",\"Grupo LATAM\",\"LATAM Airlines\"],\"articleSection\":[\"Aerol\u00edneas\"],\"inLanguage\":\"es-MX\",\"potentialAction\":[{\"@type\":\"CommentAction\",\"name\":\"Comment\",\"target\":[\"https:\/\/nitu.mx\/index.php\/2022\/03\/15\/latam-preve-operar-1-029-vuelos-diarios-durante-marzo\/#respond\"]}]},{\"@type\":\"WebPage\",\"@id\":\"https:\/\/nitu.mx\/index.php\/2022\/03\/15\/latam-preve-operar-1-029-vuelos-diarios-durante-marzo\/\",\"url\":\"https:\/\/nitu.mx\/index.php\/2022\/03\/15\/latam-preve-operar-1-029-vuelos-diarios-durante-marzo\/\",\"name\":\"LATAM\u00a0prev\u00e9 operar 1.029 vuelos diarios durante marzo - Nitu - Noticias de la Industria Turistica\",\"isPartOf\":{\"@id\":\"https:\/\/nitu.mx\/#website\"},\"primaryImageOfPage\":{\"@id\":\"https:\/\/nitu.mx\/index.php\/2022\/03\/15\/latam-preve-operar-1-029-vuelos-diarios-durante-marzo\/#primaryimage\"},\"image\":{\"@id\":\"https:\/\/nitu.mx\/index.php\/2022\/03\/15\/latam-preve-operar-1-029-vuelos-diarios-durante-marzo\/#primaryimage\"},\"thumbnailUrl\":\"https:\/\/nitu.mx\/wp-content\/uploads\/2017\/09\/Latam-airlines.jpg\",\"datePublished\":\"2022-03-15T05:42:07+00:00\",\"dateModified\":\"2022-03-15T05:45:10+00:00\",\"breadcrumb\":{\"@id\":\"https:\/\/nitu.mx\/index.php\/2022\/03\/15\/latam-preve-operar-1-029-vuelos-diarios-durante-marzo\/#breadcrumb\"},\"inLanguage\":\"es-MX\",\"potentialAction\":[{\"@type\":\"ReadAction\",\"target\":[\"https:\/\/nitu.mx\/index.php\/2022\/03\/15\/latam-preve-operar-1-029-vuelos-diarios-durante-marzo\/\"]}]},{\"@type\":\"ImageObject\",\"inLanguage\":\"es-MX\",\"@id\":\"https:\/\/nitu.mx\/index.php\/2022\/03\/15\/latam-preve-operar-1-029-vuelos-diarios-durante-marzo\/#primaryimage\",\"url\":\"https:\/\/nitu.mx\/wp-content\/uploads\/2017\/09\/Latam-airlines.jpg\",\"contentUrl\":\"https:\/\/nitu.mx\/wp-content\/uploads\/2017\/09\/Latam-airlines.jpg\",\"width\":850,\"height\":480,\"caption\":\"Latam airlines\"},{\"@type\":\"BreadcrumbList\",\"@id\":\"https:\/\/nitu.mx\/index.php\/2022\/03\/15\/latam-preve-operar-1-029-vuelos-diarios-durante-marzo\/#breadcrumb\",\"itemListElement\":[{\"@type\":\"ListItem\",\"position\":1,\"name\":\"Inicio\",\"item\":\"https:\/\/nitu.mx\/\"},{\"@type\":\"ListItem\",\"position\":2,\"name\":\"LATAM\u00a0prev\u00e9 operar 1.029 vuelos diarios durante marzo\"}]},{\"@type\":\"WebSite\",\"@id\":\"https:\/\/nitu.mx\/#website\",\"url\":\"https:\/\/nitu.mx\/\",\"name\":\"Nitu - Noticias de la Industria Turistica\",\"description\":\"Noticias de la Industria Turistica\",\"publisher\":{\"@id\":\"https:\/\/nitu.mx\/#\/schema\/person\/ae7a53426417292d3dd07b45a33e01bc\"},\"alternateName\":\"Noticias de la Industria Turistica\",\"potentialAction\":[{\"@type\":\"SearchAction\",\"target\":{\"@type\":\"EntryPoint\",\"urlTemplate\":\"https:\/\/nitu.mx\/?s={search_term_string}\"},\"query-input\":\"required name=search_term_string\"}],\"inLanguage\":\"es-MX\"},{\"@type\":[\"Person\",\"Organization\"],\"@id\":\"https:\/\/nitu.mx\/#\/schema\/person\/ae7a53426417292d3dd07b45a33e01bc\",\"name\":\"Arturo Medina\",\"image\":{\"@type\":\"ImageObject\",\"inLanguage\":\"es-MX\",\"@id\":\"https:\/\/nitu.mx\/#\/schema\/person\/image\/\",\"url\":\"https:\/\/nitu.mx\/wp-content\/uploads\/2024\/04\/4A315622-1904-4D5C-B022-878CDC840E04-90x90-1.jpeg\",\"contentUrl\":\"https:\/\/nitu.mx\/wp-content\/uploads\/2024\/04\/4A315622-1904-4D5C-B022-878CDC840E04-90x90-1.jpeg\",\"width\":90,\"height\":90,\"caption\":\"Arturo Medina\"},\"logo\":{\"@id\":\"https:\/\/nitu.mx\/#\/schema\/person\/image\/\"},\"description\":\"Director NITU.mx, Egresado de la Escuela de Periodismo Carlos Septi\u00e9n Garc\u00eda. Periodista y analista especializado en turismo desde hace 35 a\u00f1os, radicado en Canc\u00fan Q.Roo. arturo@nitu.mx\",\"sameAs\":[\"https:\/\/nitu.mx\",\"https:\/\/www.facebook.com\/NITUmx\/\",\"medinacancun\",\"https:\/\/twitter.com\/@Arturo_Medina_G\"]},{\"@type\":\"Person\",\"@id\":\"https:\/\/nitu.mx\/#\/schema\/person\/4a28fe9bd65924f7c90623773daf1b0b\",\"name\":\"Redacci\u00f3n\",\"image\":{\"@type\":\"ImageObject\",\"inLanguage\":\"es-MX\",\"@id\":\"https:\/\/nitu.mx\/#\/schema\/person\/image\/\",\"url\":\"https:\/\/secure.gravatar.com\/avatar\/5dd011c8ccfc5cd7e4c81e42252aab38?s=96&d=mm&r=g\",\"contentUrl\":\"https:\/\/secure.gravatar.com\/avatar\/5dd011c8ccfc5cd7e4c81e42252aab38?s=96&d=mm&r=g\",\"caption\":\"Redacci\u00f3n\"},\"url\":\"https:\/\/nitu.mx\/index.php\/author\/redaccion\/\"}]}<\/script>\n<!-- \/ Yoast SEO plugin. -->","yoast_head_json":{"title":"LATAM\u00a0prev\u00e9 operar 1.029 vuelos diarios durante marzo - Nitu - Noticias de la Industria Turistica","robots":{"index":"index","follow":"follow","max-snippet":"max-snippet:-1","max-image-preview":"max-image-preview:large","max-video-preview":"max-video-preview:-1"},"canonical":"https:\/\/nitu.mx\/index.php\/2022\/03\/15\/latam-preve-operar-1-029-vuelos-diarios-durante-marzo\/","twitter_card":"summary_large_image","twitter_title":"LATAM\u00a0prev\u00e9 operar 1.029 vuelos diarios durante marzo - Nitu - Noticias de la Industria Turistica","twitter_description":"A pesar de la incertidumbre internacional que ha tra\u00eddo como consecuencia una alta volatilidad en el precio del combustible, el grupo\u00a0LATAM\u00a0proyecta una operaci\u00f3n de pasajeros de hasta un 67% para marzo (medida en asientos-kil\u00f3metros disponibles &#8211; ASK), lo que representa aproximadamente\u00a0 1,029 vuelos diarios nacionales e internacionales. Este porcentaje es\u00a0 respecto al mismo mes de [&hellip;]","twitter_image":"https:\/\/nitu.mx\/wp-content\/uploads\/2017\/09\/Latam-airlines.jpg","twitter_creator":"@NITUmx","twitter_site":"@Arturo_Medina_G","twitter_misc":{"Escrito por":"Redacci\u00f3n","Tiempo de lectura":"1 minuto"},"schema":{"@context":"https:\/\/schema.org","@graph":[{"@type":"Article","@id":"https:\/\/nitu.mx\/index.php\/2022\/03\/15\/latam-preve-operar-1-029-vuelos-diarios-durante-marzo\/#article","isPartOf":{"@id":"https:\/\/nitu.mx\/index.php\/2022\/03\/15\/latam-preve-operar-1-029-vuelos-diarios-durante-marzo\/"},"author":{"name":"Redacci\u00f3n","@id":"https:\/\/nitu.mx\/#\/schema\/person\/4a28fe9bd65924f7c90623773daf1b0b"},"headline":"LATAM\u00a0prev\u00e9 operar 1.029 vuelos diarios durante marzo","datePublished":"2022-03-15T05:42:07+00:00","dateModified":"2022-03-15T05:45:10+00:00","mainEntityOfPage":{"@id":"https:\/\/nitu.mx\/index.php\/2022\/03\/15\/latam-preve-operar-1-029-vuelos-diarios-durante-marzo\/"},"wordCount":299,"commentCount":0,"publisher":{"@id":"https:\/\/nitu.mx\/#\/schema\/person\/ae7a53426417292d3dd07b45a33e01bc"},"image":{"@id":"https:\/\/nitu.mx\/index.php\/2022\/03\/15\/latam-preve-operar-1-029-vuelos-diarios-durante-marzo\/#primaryimage"},"thumbnailUrl":"https:\/\/nitu.mx\/wp-content\/uploads\/2017\/09\/Latam-airlines.jpg","keywords":["Brasil","Chile","Colombia","Grupo LATAM","LATAM Airlines"],"articleSection":["Aerol\u00edneas"],"inLanguage":"es-MX","potentialAction":[{"@type":"CommentAction","name":"Comment","target":["https:\/\/nitu.mx\/index.php\/2022\/03\/15\/latam-preve-operar-1-029-vuelos-diarios-durante-marzo\/#respond"]}]},{"@type":"WebPage","@id":"https:\/\/nitu.mx\/index.php\/2022\/03\/15\/latam-preve-operar-1-029-vuelos-diarios-durante-marzo\/","url":"https:\/\/nitu.mx\/index.php\/2022\/03\/15\/latam-preve-operar-1-029-vuelos-diarios-durante-marzo\/","name":"LATAM\u00a0prev\u00e9 operar 1.029 vuelos diarios durante marzo - Nitu - Noticias de la Industria Turistica","isPartOf":{"@id":"https:\/\/nitu.mx\/#website"},"primaryImageOfPage":{"@id":"https:\/\/nitu.mx\/index.php\/2022\/03\/15\/latam-preve-operar-1-029-vuelos-diarios-durante-marzo\/#primaryimage"},"image":{"@id":"https:\/\/nitu.mx\/index.php\/2022\/03\/15\/latam-preve-operar-1-029-vuelos-diarios-durante-marzo\/#primaryimage"},"thumbnailUrl":"https:\/\/nitu.mx\/wp-content\/uploads\/2017\/09\/Latam-airlines.jpg","datePublished":"2022-03-15T05:42:07+00:00","dateModified":"2022-03-15T05:45:10+00:00","breadcrumb":{"@id":"https:\/\/nitu.mx\/index.php\/2022\/03\/15\/latam-preve-operar-1-029-vuelos-diarios-durante-marzo\/#breadcrumb"},"inLanguage":"es-MX","potentialAction":[{"@type":"ReadAction","target":["https:\/\/nitu.mx\/index.php\/2022\/03\/15\/latam-preve-operar-1-029-vuelos-diarios-durante-marzo\/"]}]},{"@type":"ImageObject","inLanguage":"es-MX","@id":"https:\/\/nitu.mx\/index.php\/2022\/03\/15\/latam-preve-operar-1-029-vuelos-diarios-durante-marzo\/#primaryimage","url":"https:\/\/nitu.mx\/wp-content\/uploads\/2017\/09\/Latam-airlines.jpg","contentUrl":"https:\/\/nitu.mx\/wp-content\/uploads\/2017\/09\/Latam-airlines.jpg","width":850,"height":480,"caption":"Latam airlines"},{"@type":"BreadcrumbList","@id":"https:\/\/nitu.mx\/index.php\/2022\/03\/15\/latam-preve-operar-1-029-vuelos-diarios-durante-marzo\/#breadcrumb","itemListElement":[{"@type":"ListItem","position":1,"name":"Inicio","item":"https:\/\/nitu.mx\/"},{"@type":"ListItem","position":2,"name":"LATAM\u00a0prev\u00e9 operar 1.029 vuelos diarios durante marzo"}]},{"@type":"WebSite","@id":"https:\/\/nitu.mx\/#website","url":"https:\/\/nitu.mx\/","name":"Nitu - Noticias de la Industria Turistica","description":"Noticias de la Industria Turistica","publisher":{"@id":"https:\/\/nitu.mx\/#\/schema\/person\/ae7a53426417292d3dd07b45a33e01bc"},"alternateName":"Noticias de la Industria Turistica","potentialAction":[{"@type":"SearchAction","target":{"@type":"EntryPoint","urlTemplate":"https:\/\/nitu.mx\/?s={search_term_string}"},"query-input":"required name=search_term_string"}],"inLanguage":"es-MX"},{"@type":["Person","Organization"],"@id":"https:\/\/nitu.mx\/#\/schema\/person\/ae7a53426417292d3dd07b45a33e01bc","name":"Arturo Medina","image":{"@type":"ImageObject","inLanguage":"es-MX","@id":"https:\/\/nitu.mx\/#\/schema\/person\/image\/","url":"https:\/\/nitu.mx\/wp-content\/uploads\/2024\/04\/4A315622-1904-4D5C-B022-878CDC840E04-90x90-1.jpeg","contentUrl":"https:\/\/nitu.mx\/wp-content\/uploads\/2024\/04\/4A315622-1904-4D5C-B022-878CDC840E04-90x90-1.jpeg","width":90,"height":90,"caption":"Arturo Medina"},"logo":{"@id":"https:\/\/nitu.mx\/#\/schema\/person\/image\/"},"description":"Director NITU.mx, Egresado de la Escuela de Periodismo Carlos Septi\u00e9n Garc\u00eda. Periodista y analista especializado en turismo desde hace 35 a\u00f1os, radicado en Canc\u00fan Q.Roo. arturo@nitu.mx","sameAs":["https:\/\/nitu.mx","https:\/\/www.facebook.com\/NITUmx\/","medinacancun","https:\/\/twitter.com\/@Arturo_Medina_G"]},{"@type":"Person","@id":"https:\/\/nitu.mx\/#\/schema\/person\/4a28fe9bd65924f7c90623773daf1b0b","name":"Redacci\u00f3n","image":{"@type":"ImageObject","inLanguage":"es-MX","@id":"https:\/\/nitu.mx\/#\/schema\/person\/image\/","url":"https:\/\/secure.gravatar.com\/avatar\/5dd011c8ccfc5cd7e4c81e42252aab38?s=96&d=mm&r=g","contentUrl":"https:\/\/secure.gravatar.com\/avatar\/5dd011c8ccfc5cd7e4c81e42252aab38?s=96&d=mm&r=g","caption":"Redacci\u00f3n"},"url":"https:\/\/nitu.mx\/index.php\/author\/redaccion\/"}]}},"views":410,"_links":{"self":[{"href":"https:\/\/nitu.mx\/index.php\/wp-json\/wp\/v2\/posts\/58518"}],"collection":[{"href":"https:\/\/nitu.mx\/index.php\/wp-json\/wp\/v2\/posts"}],"about":[{"href":"https:\/\/nitu.mx\/index.php\/wp-json\/wp\/v2\/types\/post"}],"author":[{"embeddable":true,"href":"https:\/\/nitu.mx\/index.php\/wp-json\/wp\/v2\/users\/17"}],"replies":[{"embeddable":true,"href":"https:\/\/nitu.mx\/index.php\/wp-json\/wp\/v2\/comments?post=58518"}],"version-history":[{"count":1,"href":"https:\/\/nitu.mx\/index.php\/wp-json\/wp\/v2\/posts\/58518\/revisions"}],"predecessor-version":[{"id":58519,"href":"https:\/\/nitu.mx\/index.php\/wp-json\/wp\/v2\/posts\/58518\/revisions\/58519"}],"wp:featuredmedia":[{"embeddable":true,"href":"https:\/\/nitu.mx\/index.php\/wp-json\/wp\/v2\/media\/13377"}],"wp:attachment":[{"href":"https:\/\/nitu.mx\/index.php\/wp-json\/wp\/v2\/media?parent=58518"}],"wp:term":[{"taxonomy":"category","embeddable":true,"href":"https:\/\/nitu.mx\/index.php\/wp-json\/wp\/v2\/categories?post=58518"},{"taxonomy":"post_tag","embeddable":true,"href":"https:\/\/nitu.mx\/index.php\/wp-json\/wp\/v2\/tags?post=58518"}],"curies":[{"name":"wp","href":"https:\/\/api.w.org\/{rel}","templated":true}]}}