{"id":58456,"date":"2022-03-11T00:38:20","date_gmt":"2022-03-11T05:38:20","guid":{"rendered":"https:\/\/www.dev.nitu.mx\/?p=58456"},"modified":"2022-03-14T04:42:28","modified_gmt":"2022-03-14T09:42:28","slug":"volaris-llegara-a-peru-ampliando-conectividad-con-sudamerica","status":"publish","type":"post","link":"https:\/\/nitu.mx\/index.php\/2022\/03\/11\/volaris-llegara-a-peru-ampliando-conectividad-con-sudamerica\/","title":{"rendered":"Volaris llegar\u00e1 a Per\u00fa ampliando conectividad con Sudam\u00e9rica"},"content":{"rendered":"<p>Volaris, la aerol\u00ednea de ultra bajo costo que opera en M\u00e9xico, Estados Unidos, Centroam\u00e9rica y Sudam\u00e9rica, aterriza por primera vez en Per\u00fa con las rutas Ciudad de M\u00e9xico-Lima (MEX-LIM) y Canc\u00fan-Lima (CUN-LIM), que inician operaciones <span dir=\"ltr\">el 1 de junio.<\/span><\/p>\n<p>Per\u00fa es uno de los mercados con mayor crecimiento en el n\u00famero de visitantes mexicanos. Datos de la Comisi\u00f3n de Promoci\u00f3n del Per\u00fa para la Exportaci\u00f3n y el Turismo (PromPer\u00fa) muestran que el n\u00famero de turistas provenientes de M\u00e9xico se duplic\u00f3 a finales de 2019, pasando de 12 por ciento a 24 por ciento. Adem\u00e1s, la estancia promedio del mexicano es de diez d\u00edas y el gasto promedio por persona ronda los mil 100 d\u00f3lares.<\/p>\n<p>\u201cCon estas se\u00f1ales de recuperaci\u00f3n, este a\u00f1o, sumar Per\u00fa a nuestra red fue uno de los principales objetivos en la estrategia de expansi\u00f3n. Adem\u00e1s de unirnos el lenguaje y una composici\u00f3n demogr\u00e1fica similar, los mexicanos encuentran en este pa\u00eds la oportunidad de experimentar un viaje multicultural, gastron\u00f3mico, de aventura y misticismo por sus reservas naturales y patrimonios de la humanidad\u201d, se\u00f1al\u00f3 Holger Blankenstein, vicepresidente ejecutivo de Volaris.<\/p>\n<p>La ruta Ciudad de M\u00e9xico-Lima est\u00e1 pensada para ampliar la oferta de viajes de placer, as\u00ed como incentivar el intercambio comercial y de negocios, al unir dos capitales.<\/p>\n<p>Volaris ser\u00e1 la primera aerol\u00ednea de ultra bajo costo nacional en volar a este destino. Desde su inicio de operaciones en el Aeropuerto Internacional de la Ciudad de M\u00e9xico, la aerol\u00ednea ha transportado m\u00e1s de 56 millones de pasajeros en 49 rutas.\u00a0<a title=\"Volaris repunta 149% en tr\u00e1fico internacional\" href=\"https:\/\/www.dev.nitu.mx\/index.php\/2022\/03\/04\/volaris-repunta-149-en-trafico-internacional\/\" rel=\"bookmark\">(Volaris repunta 149% en tr\u00e1fico internacional<\/a>).<\/p>\n<p>Por su parte, la ruta Canc\u00fan-Lima atender\u00e1 principalmente el mercado de turismo recreativo, al conectar la capital peruana con el destino del Caribe m\u00e1s importante, donde Volaris ha transportado m\u00e1s de 26 millones de pasajeros, posicion\u00e1ndose como el operador m\u00e1s grande.<\/p>\n","protected":false},"excerpt":{"rendered":"<p>Volaris, la aerol\u00ednea de ultra bajo costo que opera en M\u00e9xico, Estados Unidos, Centroam\u00e9rica y Sudam\u00e9rica, aterriza por primera vez en Per\u00fa con las rutas Ciudad de M\u00e9xico-Lima (MEX-LIM) y Canc\u00fan-Lima (CUN-LIM), que inician operaciones el 1 de junio. Per\u00fa es uno de los mercados con mayor crecimiento en el n\u00famero de visitantes mexicanos. Datos [&hellip;]<\/p>\n","protected":false},"author":2,"featured_media":27038,"comment_status":"open","ping_status":"open","sticky":false,"template":"","format":"standard","meta":{"footnotes":""},"categories":[29],"tags":[807,2400,222,131],"yoast_head":"<!-- This site is optimized with the Yoast SEO plugin v22.2 - https:\/\/yoast.com\/wordpress\/plugins\/seo\/ -->\n<title>Volaris llegar\u00e1 a Per\u00fa ampliando conectividad con Sudam\u00e9rica - Nitu - Noticias de la Industria Turistica<\/title>\n<meta name=\"robots\" content=\"index, follow, max-snippet:-1, max-image-preview:large, max-video-preview:-1\" \/>\n<link rel=\"canonical\" href=\"https:\/\/nitu.mx\/index.php\/2022\/03\/11\/volaris-llegara-a-peru-ampliando-conectividad-con-sudamerica\/\" \/>\n<meta name=\"twitter:card\" content=\"summary_large_image\" \/>\n<meta name=\"twitter:title\" content=\"Volaris llegar\u00e1 a Per\u00fa ampliando conectividad con Sudam\u00e9rica - Nitu - Noticias de la Industria Turistica\" \/>\n<meta name=\"twitter:description\" content=\"Volaris, la aerol\u00ednea de ultra bajo costo que opera en M\u00e9xico, Estados Unidos, Centroam\u00e9rica y Sudam\u00e9rica, aterriza por primera vez en Per\u00fa con las rutas Ciudad de M\u00e9xico-Lima (MEX-LIM) y Canc\u00fan-Lima (CUN-LIM), que inician operaciones el 1 de junio. Per\u00fa es uno de los mercados con mayor crecimiento en el n\u00famero de visitantes mexicanos. Datos [&hellip;]\" \/>\n<meta name=\"twitter:image\" content=\"https:\/\/nitu.mx\/wp-content\/uploads\/2018\/11\/Avi\u00f3n-A320neo-Volaris.jpg\" \/>\n<meta name=\"twitter:creator\" content=\"@Arturo_Medina_G\" \/>\n<meta name=\"twitter:site\" content=\"@Arturo_Medina_G\" \/>\n<meta name=\"twitter:label1\" content=\"Escrito por\" \/>\n\t<meta name=\"twitter:data1\" content=\"Arturo Medina\" \/>\n\t<meta name=\"twitter:label2\" content=\"Tiempo de lectura\" \/>\n\t<meta name=\"twitter:data2\" content=\"2 minutos\" \/>\n<script type=\"application\/ld+json\" class=\"yoast-schema-graph\">{\"@context\":\"https:\/\/schema.org\",\"@graph\":[{\"@type\":\"Article\",\"@id\":\"https:\/\/nitu.mx\/index.php\/2022\/03\/11\/volaris-llegara-a-peru-ampliando-conectividad-con-sudamerica\/#article\",\"isPartOf\":{\"@id\":\"https:\/\/nitu.mx\/index.php\/2022\/03\/11\/volaris-llegara-a-peru-ampliando-conectividad-con-sudamerica\/\"},\"author\":{\"name\":\"Arturo Medina\",\"@id\":\"https:\/\/nitu.mx\/#\/schema\/person\/ae7a53426417292d3dd07b45a33e01bc\"},\"headline\":\"Volaris llegar\u00e1 a Per\u00fa ampliando conectividad con Sudam\u00e9rica\",\"datePublished\":\"2022-03-11T05:38:20+00:00\",\"dateModified\":\"2022-03-14T09:42:28+00:00\",\"mainEntityOfPage\":{\"@id\":\"https:\/\/nitu.mx\/index.php\/2022\/03\/11\/volaris-llegara-a-peru-ampliando-conectividad-con-sudamerica\/\"},\"wordCount\":334,\"commentCount\":0,\"publisher\":{\"@id\":\"https:\/\/nitu.mx\/#\/schema\/person\/ae7a53426417292d3dd07b45a33e01bc\"},\"image\":{\"@id\":\"https:\/\/nitu.mx\/index.php\/2022\/03\/11\/volaris-llegara-a-peru-ampliando-conectividad-con-sudamerica\/#primaryimage\"},\"thumbnailUrl\":\"https:\/\/nitu.mx\/wp-content\/uploads\/2018\/11\/Avi\u00f3n-A320neo-Volaris.jpg\",\"keywords\":[\"Holger Blankenstein\",\"Lima\",\"Per\u00fa\",\"Volaris\"],\"articleSection\":[\"Aerol\u00edneas\"],\"inLanguage\":\"es-MX\",\"potentialAction\":[{\"@type\":\"CommentAction\",\"name\":\"Comment\",\"target\":[\"https:\/\/nitu.mx\/index.php\/2022\/03\/11\/volaris-llegara-a-peru-ampliando-conectividad-con-sudamerica\/#respond\"]}]},{\"@type\":\"WebPage\",\"@id\":\"https:\/\/nitu.mx\/index.php\/2022\/03\/11\/volaris-llegara-a-peru-ampliando-conectividad-con-sudamerica\/\",\"url\":\"https:\/\/nitu.mx\/index.php\/2022\/03\/11\/volaris-llegara-a-peru-ampliando-conectividad-con-sudamerica\/\",\"name\":\"Volaris llegar\u00e1 a Per\u00fa ampliando conectividad con Sudam\u00e9rica - Nitu - Noticias de la Industria Turistica\",\"isPartOf\":{\"@id\":\"https:\/\/nitu.mx\/#website\"},\"primaryImageOfPage\":{\"@id\":\"https:\/\/nitu.mx\/index.php\/2022\/03\/11\/volaris-llegara-a-peru-ampliando-conectividad-con-sudamerica\/#primaryimage\"},\"image\":{\"@id\":\"https:\/\/nitu.mx\/index.php\/2022\/03\/11\/volaris-llegara-a-peru-ampliando-conectividad-con-sudamerica\/#primaryimage\"},\"thumbnailUrl\":\"https:\/\/nitu.mx\/wp-content\/uploads\/2018\/11\/Avi\u00f3n-A320neo-Volaris.jpg\",\"datePublished\":\"2022-03-11T05:38:20+00:00\",\"dateModified\":\"2022-03-14T09:42:28+00:00\",\"breadcrumb\":{\"@id\":\"https:\/\/nitu.mx\/index.php\/2022\/03\/11\/volaris-llegara-a-peru-ampliando-conectividad-con-sudamerica\/#breadcrumb\"},\"inLanguage\":\"es-MX\",\"potentialAction\":[{\"@type\":\"ReadAction\",\"target\":[\"https:\/\/nitu.mx\/index.php\/2022\/03\/11\/volaris-llegara-a-peru-ampliando-conectividad-con-sudamerica\/\"]}]},{\"@type\":\"ImageObject\",\"inLanguage\":\"es-MX\",\"@id\":\"https:\/\/nitu.mx\/index.php\/2022\/03\/11\/volaris-llegara-a-peru-ampliando-conectividad-con-sudamerica\/#primaryimage\",\"url\":\"https:\/\/nitu.mx\/wp-content\/uploads\/2018\/11\/Avi\u00f3n-A320neo-Volaris.jpg\",\"contentUrl\":\"https:\/\/nitu.mx\/wp-content\/uploads\/2018\/11\/Avi\u00f3n-A320neo-Volaris.jpg\",\"width\":850,\"height\":480,\"caption\":\"Volaris BMV v.business Baja California Sur\"},{\"@type\":\"BreadcrumbList\",\"@id\":\"https:\/\/nitu.mx\/index.php\/2022\/03\/11\/volaris-llegara-a-peru-ampliando-conectividad-con-sudamerica\/#breadcrumb\",\"itemListElement\":[{\"@type\":\"ListItem\",\"position\":1,\"name\":\"Inicio\",\"item\":\"https:\/\/nitu.mx\/\"},{\"@type\":\"ListItem\",\"position\":2,\"name\":\"Volaris llegar\u00e1 a Per\u00fa ampliando conectividad con Sudam\u00e9rica\"}]},{\"@type\":\"WebSite\",\"@id\":\"https:\/\/nitu.mx\/#website\",\"url\":\"https:\/\/nitu.mx\/\",\"name\":\"Nitu - Noticias de la Industria Turistica\",\"description\":\"Noticias de la Industria Turistica\",\"publisher\":{\"@id\":\"https:\/\/nitu.mx\/#\/schema\/person\/ae7a53426417292d3dd07b45a33e01bc\"},\"alternateName\":\"Noticias de la Industria Turistica\",\"potentialAction\":[{\"@type\":\"SearchAction\",\"target\":{\"@type\":\"EntryPoint\",\"urlTemplate\":\"https:\/\/nitu.mx\/?s={search_term_string}\"},\"query-input\":\"required name=search_term_string\"}],\"inLanguage\":\"es-MX\"},{\"@type\":[\"Person\",\"Organization\"],\"@id\":\"https:\/\/nitu.mx\/#\/schema\/person\/ae7a53426417292d3dd07b45a33e01bc\",\"name\":\"Arturo Medina\",\"image\":{\"@type\":\"ImageObject\",\"inLanguage\":\"es-MX\",\"@id\":\"https:\/\/nitu.mx\/#\/schema\/person\/image\/\",\"url\":\"https:\/\/nitu.mx\/wp-content\/uploads\/2024\/04\/4A315622-1904-4D5C-B022-878CDC840E04-90x90-1.jpeg\",\"contentUrl\":\"https:\/\/nitu.mx\/wp-content\/uploads\/2024\/04\/4A315622-1904-4D5C-B022-878CDC840E04-90x90-1.jpeg\",\"width\":90,\"height\":90,\"caption\":\"Arturo Medina\"},\"logo\":{\"@id\":\"https:\/\/nitu.mx\/#\/schema\/person\/image\/\"},\"description\":\"Director NITU.mx, Egresado de la Escuela de Periodismo Carlos Septi\u00e9n Garc\u00eda. Periodista y analista especializado en turismo desde hace 35 a\u00f1os, radicado en Canc\u00fan Q.Roo. arturo@nitu.mx\",\"sameAs\":[\"https:\/\/nitu.mx\",\"https:\/\/www.facebook.com\/NITUmx\/\",\"medinacancun\",\"https:\/\/twitter.com\/@Arturo_Medina_G\"],\"url\":\"https:\/\/nitu.mx\/index.php\/author\/arturo-medina\/\"}]}<\/script>\n<!-- \/ Yoast SEO plugin. -->","yoast_head_json":{"title":"Volaris llegar\u00e1 a Per\u00fa ampliando conectividad con Sudam\u00e9rica - Nitu - Noticias de la Industria Turistica","robots":{"index":"index","follow":"follow","max-snippet":"max-snippet:-1","max-image-preview":"max-image-preview:large","max-video-preview":"max-video-preview:-1"},"canonical":"https:\/\/nitu.mx\/index.php\/2022\/03\/11\/volaris-llegara-a-peru-ampliando-conectividad-con-sudamerica\/","twitter_card":"summary_large_image","twitter_title":"Volaris llegar\u00e1 a Per\u00fa ampliando conectividad con Sudam\u00e9rica - Nitu - Noticias de la Industria Turistica","twitter_description":"Volaris, la aerol\u00ednea de ultra bajo costo que opera en M\u00e9xico, Estados Unidos, Centroam\u00e9rica y Sudam\u00e9rica, aterriza por primera vez en Per\u00fa con las rutas Ciudad de M\u00e9xico-Lima (MEX-LIM) y Canc\u00fan-Lima (CUN-LIM), que inician operaciones el 1 de junio. Per\u00fa es uno de los mercados con mayor crecimiento en el n\u00famero de visitantes mexicanos. Datos [&hellip;]","twitter_image":"https:\/\/nitu.mx\/wp-content\/uploads\/2018\/11\/Avi\u00f3n-A320neo-Volaris.jpg","twitter_creator":"@Arturo_Medina_G","twitter_site":"@Arturo_Medina_G","twitter_misc":{"Escrito por":"Arturo Medina","Tiempo de lectura":"2 minutos"},"schema":{"@context":"https:\/\/schema.org","@graph":[{"@type":"Article","@id":"https:\/\/nitu.mx\/index.php\/2022\/03\/11\/volaris-llegara-a-peru-ampliando-conectividad-con-sudamerica\/#article","isPartOf":{"@id":"https:\/\/nitu.mx\/index.php\/2022\/03\/11\/volaris-llegara-a-peru-ampliando-conectividad-con-sudamerica\/"},"author":{"name":"Arturo Medina","@id":"https:\/\/nitu.mx\/#\/schema\/person\/ae7a53426417292d3dd07b45a33e01bc"},"headline":"Volaris llegar\u00e1 a Per\u00fa ampliando conectividad con Sudam\u00e9rica","datePublished":"2022-03-11T05:38:20+00:00","dateModified":"2022-03-14T09:42:28+00:00","mainEntityOfPage":{"@id":"https:\/\/nitu.mx\/index.php\/2022\/03\/11\/volaris-llegara-a-peru-ampliando-conectividad-con-sudamerica\/"},"wordCount":334,"commentCount":0,"publisher":{"@id":"https:\/\/nitu.mx\/#\/schema\/person\/ae7a53426417292d3dd07b45a33e01bc"},"image":{"@id":"https:\/\/nitu.mx\/index.php\/2022\/03\/11\/volaris-llegara-a-peru-ampliando-conectividad-con-sudamerica\/#primaryimage"},"thumbnailUrl":"https:\/\/nitu.mx\/wp-content\/uploads\/2018\/11\/Avi\u00f3n-A320neo-Volaris.jpg","keywords":["Holger Blankenstein","Lima","Per\u00fa","Volaris"],"articleSection":["Aerol\u00edneas"],"inLanguage":"es-MX","potentialAction":[{"@type":"CommentAction","name":"Comment","target":["https:\/\/nitu.mx\/index.php\/2022\/03\/11\/volaris-llegara-a-peru-ampliando-conectividad-con-sudamerica\/#respond"]}]},{"@type":"WebPage","@id":"https:\/\/nitu.mx\/index.php\/2022\/03\/11\/volaris-llegara-a-peru-ampliando-conectividad-con-sudamerica\/","url":"https:\/\/nitu.mx\/index.php\/2022\/03\/11\/volaris-llegara-a-peru-ampliando-conectividad-con-sudamerica\/","name":"Volaris llegar\u00e1 a Per\u00fa ampliando conectividad con Sudam\u00e9rica - Nitu - Noticias de la Industria Turistica","isPartOf":{"@id":"https:\/\/nitu.mx\/#website"},"primaryImageOfPage":{"@id":"https:\/\/nitu.mx\/index.php\/2022\/03\/11\/volaris-llegara-a-peru-ampliando-conectividad-con-sudamerica\/#primaryimage"},"image":{"@id":"https:\/\/nitu.mx\/index.php\/2022\/03\/11\/volaris-llegara-a-peru-ampliando-conectividad-con-sudamerica\/#primaryimage"},"thumbnailUrl":"https:\/\/nitu.mx\/wp-content\/uploads\/2018\/11\/Avi\u00f3n-A320neo-Volaris.jpg","datePublished":"2022-03-11T05:38:20+00:00","dateModified":"2022-03-14T09:42:28+00:00","breadcrumb":{"@id":"https:\/\/nitu.mx\/index.php\/2022\/03\/11\/volaris-llegara-a-peru-ampliando-conectividad-con-sudamerica\/#breadcrumb"},"inLanguage":"es-MX","potentialAction":[{"@type":"ReadAction","target":["https:\/\/nitu.mx\/index.php\/2022\/03\/11\/volaris-llegara-a-peru-ampliando-conectividad-con-sudamerica\/"]}]},{"@type":"ImageObject","inLanguage":"es-MX","@id":"https:\/\/nitu.mx\/index.php\/2022\/03\/11\/volaris-llegara-a-peru-ampliando-conectividad-con-sudamerica\/#primaryimage","url":"https:\/\/nitu.mx\/wp-content\/uploads\/2018\/11\/Avi\u00f3n-A320neo-Volaris.jpg","contentUrl":"https:\/\/nitu.mx\/wp-content\/uploads\/2018\/11\/Avi\u00f3n-A320neo-Volaris.jpg","width":850,"height":480,"caption":"Volaris BMV v.business Baja California Sur"},{"@type":"BreadcrumbList","@id":"https:\/\/nitu.mx\/index.php\/2022\/03\/11\/volaris-llegara-a-peru-ampliando-conectividad-con-sudamerica\/#breadcrumb","itemListElement":[{"@type":"ListItem","position":1,"name":"Inicio","item":"https:\/\/nitu.mx\/"},{"@type":"ListItem","position":2,"name":"Volaris llegar\u00e1 a Per\u00fa ampliando conectividad con Sudam\u00e9rica"}]},{"@type":"WebSite","@id":"https:\/\/nitu.mx\/#website","url":"https:\/\/nitu.mx\/","name":"Nitu - Noticias de la Industria Turistica","description":"Noticias de la Industria Turistica","publisher":{"@id":"https:\/\/nitu.mx\/#\/schema\/person\/ae7a53426417292d3dd07b45a33e01bc"},"alternateName":"Noticias de la Industria Turistica","potentialAction":[{"@type":"SearchAction","target":{"@type":"EntryPoint","urlTemplate":"https:\/\/nitu.mx\/?s={search_term_string}"},"query-input":"required name=search_term_string"}],"inLanguage":"es-MX"},{"@type":["Person","Organization"],"@id":"https:\/\/nitu.mx\/#\/schema\/person\/ae7a53426417292d3dd07b45a33e01bc","name":"Arturo Medina","image":{"@type":"ImageObject","inLanguage":"es-MX","@id":"https:\/\/nitu.mx\/#\/schema\/person\/image\/","url":"https:\/\/nitu.mx\/wp-content\/uploads\/2024\/04\/4A315622-1904-4D5C-B022-878CDC840E04-90x90-1.jpeg","contentUrl":"https:\/\/nitu.mx\/wp-content\/uploads\/2024\/04\/4A315622-1904-4D5C-B022-878CDC840E04-90x90-1.jpeg","width":90,"height":90,"caption":"Arturo Medina"},"logo":{"@id":"https:\/\/nitu.mx\/#\/schema\/person\/image\/"},"description":"Director NITU.mx, Egresado de la Escuela de Periodismo Carlos Septi\u00e9n Garc\u00eda. Periodista y analista especializado en turismo desde hace 35 a\u00f1os, radicado en Canc\u00fan Q.Roo. arturo@nitu.mx","sameAs":["https:\/\/nitu.mx","https:\/\/www.facebook.com\/NITUmx\/","medinacancun","https:\/\/twitter.com\/@Arturo_Medina_G"],"url":"https:\/\/nitu.mx\/index.php\/author\/arturo-medina\/"}]}},"views":498,"_links":{"self":[{"href":"https:\/\/nitu.mx\/index.php\/wp-json\/wp\/v2\/posts\/58456"}],"collection":[{"href":"https:\/\/nitu.mx\/index.php\/wp-json\/wp\/v2\/posts"}],"about":[{"href":"https:\/\/nitu.mx\/index.php\/wp-json\/wp\/v2\/types\/post"}],"author":[{"embeddable":true,"href":"https:\/\/nitu.mx\/index.php\/wp-json\/wp\/v2\/users\/2"}],"replies":[{"embeddable":true,"href":"https:\/\/nitu.mx\/index.php\/wp-json\/wp\/v2\/comments?post=58456"}],"version-history":[{"count":5,"href":"https:\/\/nitu.mx\/index.php\/wp-json\/wp\/v2\/posts\/58456\/revisions"}],"predecessor-version":[{"id":58482,"href":"https:\/\/nitu.mx\/index.php\/wp-json\/wp\/v2\/posts\/58456\/revisions\/58482"}],"wp:featuredmedia":[{"embeddable":true,"href":"https:\/\/nitu.mx\/index.php\/wp-json\/wp\/v2\/media\/27038"}],"wp:attachment":[{"href":"https:\/\/nitu.mx\/index.php\/wp-json\/wp\/v2\/media?parent=58456"}],"wp:term":[{"taxonomy":"category","embeddable":true,"href":"https:\/\/nitu.mx\/index.php\/wp-json\/wp\/v2\/categories?post=58456"},{"taxonomy":"post_tag","embeddable":true,"href":"https:\/\/nitu.mx\/index.php\/wp-json\/wp\/v2\/tags?post=58456"}],"curies":[{"name":"wp","href":"https:\/\/api.w.org\/{rel}","templated":true}]}}