{"id":58441,"date":"2022-03-10T01:12:27","date_gmt":"2022-03-10T06:12:27","guid":{"rendered":"https:\/\/www.dev.nitu.mx\/?p=58441"},"modified":"2022-03-10T20:16:05","modified_gmt":"2022-03-11T01:16:05","slug":"avianca-incorporara-88-aviones-a320neo-a-su-flota","status":"publish","type":"post","link":"https:\/\/nitu.mx\/index.php\/2022\/03\/10\/avianca-incorporara-88-aviones-a320neo-a-su-flota\/","title":{"rendered":"Avianca incorporar\u00e1 88 aviones A320neo a su flota"},"content":{"rendered":"<p style=\"font-weight: 400;\">En l\u00ednea con su plan de negocio que incluye la operaci\u00f3n de m\u00e1s de 200 rutas en su mayor\u00eda punto a punto y m\u00e1s de 130 aeronaves para 2025,\u00a0Avianca\u00a0confirm\u00f3 el compromiso por una orden de 88 nuevos aviones de la familia A320neo al fabricante europeo Airbus. El acuerdo logrado tambi\u00e9n incluye opci\u00f3n de compra para 50 aviones adicionales.<\/p>\n<p style=\"font-weight: 400;\">Con la llegada de los 88 nuevos A320neo, que se incorporar\u00e1n progresivamente a la flota de pasajeros de la compa\u00f1\u00eda entre 2025 y 2031,\u00a0Avianca\u00a0apuesta por seguir ofreciendo a sus clientes vuelos de la m\u00e1s alta calidad, al mismo tiempo que optimiza su operaci\u00f3n gracias a la eficiencia y productividad de este avi\u00f3n.<\/p>\n<p style=\"font-weight: 400;\">Rohit Philip, chief financial officer de\u00a0Avianca\u00a0dijo: \u201cEsta es una buena noticia para nuestra compa\u00f1\u00eda, nuestra gente y nuestros clientes, teniendo en cuenta que la familia A320neo es la flota de un solo pasillo m\u00e1s avanzada en t\u00e9rminos de eficiencia, confiabilidad y confort. Esta orden confirmar que seguimos realizando las inversiones necesarias para el crecimiento de nuestra red en l\u00ednea con nuestro plan de negocio\u201d.<\/p>\n<p style=\"font-weight: 400;\">&#8220;Estamos muy felices de que\u00a0Avianca\u00a0haya confirmado su preferencia por los aviones A320neo. Estas aeronaves incorporan las \u00faltimas tecnolog\u00edas, incluyendo motores de nueva generaci\u00f3n, Skarklets y aerodin\u00e1mica, que en conjunto ofrecen un 20% de ahorro de combustible y reducci\u00f3n de CO2 en comparaci\u00f3n con los aviones Airbus de la generaci\u00f3n anterior. Con la cabina de un solo pasillo m\u00e1s amplia de su clase, los pasajeros a bordo del A320 disfrutan de m\u00e1s espacio personal, asientos m\u00e1s amplios y espaciosos compartimientos superiores para guardar su equipaje\u201d, dijo Arturo Barreira, presidente de Airbus para Latinoam\u00e9rica y el Caribe.<\/p>\n<p style=\"font-weight: 400;\">La flota A320neo llegar\u00e1 con la nueva configuraci\u00f3n de cabina definida por\u00a0Avianca\u00a0para sus aviones A320, con la cual ofrece a sus clientes tres tipos de silla: Premium, Plus y Economy. Actualmente, m\u00e1s de 90 aviones A320 que hacen parte de la flota de\u00a0Avianca\u00a0est\u00e1n siendo reconfigurados y 26 de ellos ya cuentan con las nuevas sillas Plus y Economy.<\/p>\n<p style=\"font-weight: 400;\">A partir de mayo los clientes podr\u00e1n disfrutar de la oferta Premium y a cierre de 2022 toda la flota estar\u00e1 completamente reconfigurada.<\/p>\n<p style=\"font-weight: 400;\">Los 88 aviones ordenados por la compa\u00f1\u00eda se suman a los m\u00e1s de 110 que tiene\u00a0Avianca\u00a0en su operaci\u00f3n de pasajeros, la m\u00e1s completa de Colombia y una de las m\u00e1s grandes de Am\u00e9rica Latina con una red de 120 rutas, m\u00e1s de 3.200 vuelos semanales y cerca de 500.000 sillas a la semana que conectan a los clientes con m\u00e1s de 65 destinos en Colombia, Am\u00e9rica Latina y Europa.<\/p>\n<p style=\"font-weight: 400;\">Adem\u00e1s, el uso de hasta un 20% menos combustible y la reducci\u00f3n de hasta 900 toneladas de CO2 al a\u00f1o por avi\u00f3n contribuir\u00e1n a la sostenibilidad de las operaciones de\u00a0Avianca.<\/p>\n","protected":false},"excerpt":{"rendered":"<p>En l\u00ednea con su plan de negocio que incluye la operaci\u00f3n de m\u00e1s de 200 rutas en su mayor\u00eda punto a punto y m\u00e1s de 130 aeronaves para 2025,\u00a0Avianca\u00a0confirm\u00f3 el compromiso por una orden de 88 nuevos aviones de la familia A320neo al fabricante europeo Airbus. El acuerdo logrado tambi\u00e9n incluye opci\u00f3n de compra para [&hellip;]<\/p>\n","protected":false},"author":17,"featured_media":58451,"comment_status":"open","ping_status":"open","sticky":false,"template":"","format":"standard","meta":{"footnotes":""},"categories":[29],"tags":[445,444,1794,173,23164],"yoast_head":"<!-- This site is optimized with the Yoast SEO plugin v22.2 - https:\/\/yoast.com\/wordpress\/plugins\/seo\/ -->\n<title>Avianca incorporar\u00e1 88 aviones A320neo a su flota - Nitu - Noticias de la Industria Turistica<\/title>\n<meta name=\"robots\" content=\"index, follow, max-snippet:-1, max-image-preview:large, max-video-preview:-1\" \/>\n<link rel=\"canonical\" href=\"https:\/\/nitu.mx\/index.php\/2022\/03\/10\/avianca-incorporara-88-aviones-a320neo-a-su-flota\/\" \/>\n<meta name=\"twitter:card\" content=\"summary_large_image\" \/>\n<meta name=\"twitter:title\" content=\"Avianca incorporar\u00e1 88 aviones A320neo a su flota - Nitu - Noticias de la Industria Turistica\" \/>\n<meta name=\"twitter:description\" content=\"En l\u00ednea con su plan de negocio que incluye la operaci\u00f3n de m\u00e1s de 200 rutas en su mayor\u00eda punto a punto y m\u00e1s de 130 aeronaves para 2025,\u00a0Avianca\u00a0confirm\u00f3 el compromiso por una orden de 88 nuevos aviones de la familia A320neo al fabricante europeo Airbus. El acuerdo logrado tambi\u00e9n incluye opci\u00f3n de compra para [&hellip;]\" \/>\n<meta name=\"twitter:image\" content=\"https:\/\/nitu.mx\/wp-content\/uploads\/2022\/03\/Avianca-aviones-A320neo.jpg\" \/>\n<meta name=\"twitter:creator\" content=\"@NITUmx\" \/>\n<meta name=\"twitter:site\" content=\"@Arturo_Medina_G\" \/>\n<meta name=\"twitter:label1\" content=\"Escrito por\" \/>\n\t<meta name=\"twitter:data1\" content=\"Redacci\u00f3n\" \/>\n\t<meta name=\"twitter:label2\" content=\"Tiempo de lectura\" \/>\n\t<meta name=\"twitter:data2\" content=\"2 minutos\" \/>\n<script type=\"application\/ld+json\" class=\"yoast-schema-graph\">{\"@context\":\"https:\/\/schema.org\",\"@graph\":[{\"@type\":\"Article\",\"@id\":\"https:\/\/nitu.mx\/index.php\/2022\/03\/10\/avianca-incorporara-88-aviones-a320neo-a-su-flota\/#article\",\"isPartOf\":{\"@id\":\"https:\/\/nitu.mx\/index.php\/2022\/03\/10\/avianca-incorporara-88-aviones-a320neo-a-su-flota\/\"},\"author\":{\"name\":\"Redacci\u00f3n\",\"@id\":\"https:\/\/nitu.mx\/#\/schema\/person\/4a28fe9bd65924f7c90623773daf1b0b\"},\"headline\":\"Avianca incorporar\u00e1 88 aviones A320neo a su flota\",\"datePublished\":\"2022-03-10T06:12:27+00:00\",\"dateModified\":\"2022-03-11T01:16:05+00:00\",\"mainEntityOfPage\":{\"@id\":\"https:\/\/nitu.mx\/index.php\/2022\/03\/10\/avianca-incorporara-88-aviones-a320neo-a-su-flota\/\"},\"wordCount\":501,\"commentCount\":0,\"publisher\":{\"@id\":\"https:\/\/nitu.mx\/#\/schema\/person\/ae7a53426417292d3dd07b45a33e01bc\"},\"image\":{\"@id\":\"https:\/\/nitu.mx\/index.php\/2022\/03\/10\/avianca-incorporara-88-aviones-a320neo-a-su-flota\/#primaryimage\"},\"thumbnailUrl\":\"https:\/\/nitu.mx\/wp-content\/uploads\/2022\/03\/Avianca-aviones-A320neo.jpg\",\"keywords\":[\"A320neo\",\"Airbus\",\"Arturo Barreira\",\"Avianca\",\"Rohit Philip\"],\"articleSection\":[\"Aerol\u00edneas\"],\"inLanguage\":\"es-MX\",\"potentialAction\":[{\"@type\":\"CommentAction\",\"name\":\"Comment\",\"target\":[\"https:\/\/nitu.mx\/index.php\/2022\/03\/10\/avianca-incorporara-88-aviones-a320neo-a-su-flota\/#respond\"]}]},{\"@type\":\"WebPage\",\"@id\":\"https:\/\/nitu.mx\/index.php\/2022\/03\/10\/avianca-incorporara-88-aviones-a320neo-a-su-flota\/\",\"url\":\"https:\/\/nitu.mx\/index.php\/2022\/03\/10\/avianca-incorporara-88-aviones-a320neo-a-su-flota\/\",\"name\":\"Avianca incorporar\u00e1 88 aviones A320neo a su flota - Nitu - Noticias de la Industria Turistica\",\"isPartOf\":{\"@id\":\"https:\/\/nitu.mx\/#website\"},\"primaryImageOfPage\":{\"@id\":\"https:\/\/nitu.mx\/index.php\/2022\/03\/10\/avianca-incorporara-88-aviones-a320neo-a-su-flota\/#primaryimage\"},\"image\":{\"@id\":\"https:\/\/nitu.mx\/index.php\/2022\/03\/10\/avianca-incorporara-88-aviones-a320neo-a-su-flota\/#primaryimage\"},\"thumbnailUrl\":\"https:\/\/nitu.mx\/wp-content\/uploads\/2022\/03\/Avianca-aviones-A320neo.jpg\",\"datePublished\":\"2022-03-10T06:12:27+00:00\",\"dateModified\":\"2022-03-11T01:16:05+00:00\",\"breadcrumb\":{\"@id\":\"https:\/\/nitu.mx\/index.php\/2022\/03\/10\/avianca-incorporara-88-aviones-a320neo-a-su-flota\/#breadcrumb\"},\"inLanguage\":\"es-MX\",\"potentialAction\":[{\"@type\":\"ReadAction\",\"target\":[\"https:\/\/nitu.mx\/index.php\/2022\/03\/10\/avianca-incorporara-88-aviones-a320neo-a-su-flota\/\"]}]},{\"@type\":\"ImageObject\",\"inLanguage\":\"es-MX\",\"@id\":\"https:\/\/nitu.mx\/index.php\/2022\/03\/10\/avianca-incorporara-88-aviones-a320neo-a-su-flota\/#primaryimage\",\"url\":\"https:\/\/nitu.mx\/wp-content\/uploads\/2022\/03\/Avianca-aviones-A320neo.jpg\",\"contentUrl\":\"https:\/\/nitu.mx\/wp-content\/uploads\/2022\/03\/Avianca-aviones-A320neo.jpg\",\"width\":1200,\"height\":675},{\"@type\":\"BreadcrumbList\",\"@id\":\"https:\/\/nitu.mx\/index.php\/2022\/03\/10\/avianca-incorporara-88-aviones-a320neo-a-su-flota\/#breadcrumb\",\"itemListElement\":[{\"@type\":\"ListItem\",\"position\":1,\"name\":\"Inicio\",\"item\":\"https:\/\/nitu.mx\/\"},{\"@type\":\"ListItem\",\"position\":2,\"name\":\"Avianca incorporar\u00e1 88 aviones A320neo a su flota\"}]},{\"@type\":\"WebSite\",\"@id\":\"https:\/\/nitu.mx\/#website\",\"url\":\"https:\/\/nitu.mx\/\",\"name\":\"Nitu - Noticias de la Industria Turistica\",\"description\":\"Noticias de la Industria Turistica\",\"publisher\":{\"@id\":\"https:\/\/nitu.mx\/#\/schema\/person\/ae7a53426417292d3dd07b45a33e01bc\"},\"alternateName\":\"Noticias de la Industria Turistica\",\"potentialAction\":[{\"@type\":\"SearchAction\",\"target\":{\"@type\":\"EntryPoint\",\"urlTemplate\":\"https:\/\/nitu.mx\/?s={search_term_string}\"},\"query-input\":\"required name=search_term_string\"}],\"inLanguage\":\"es-MX\"},{\"@type\":[\"Person\",\"Organization\"],\"@id\":\"https:\/\/nitu.mx\/#\/schema\/person\/ae7a53426417292d3dd07b45a33e01bc\",\"name\":\"Arturo Medina\",\"image\":{\"@type\":\"ImageObject\",\"inLanguage\":\"es-MX\",\"@id\":\"https:\/\/nitu.mx\/#\/schema\/person\/image\/\",\"url\":\"https:\/\/nitu.mx\/wp-content\/uploads\/2024\/04\/4A315622-1904-4D5C-B022-878CDC840E04-90x90-1.jpeg\",\"contentUrl\":\"https:\/\/nitu.mx\/wp-content\/uploads\/2024\/04\/4A315622-1904-4D5C-B022-878CDC840E04-90x90-1.jpeg\",\"width\":90,\"height\":90,\"caption\":\"Arturo Medina\"},\"logo\":{\"@id\":\"https:\/\/nitu.mx\/#\/schema\/person\/image\/\"},\"description\":\"Director NITU.mx, Egresado de la Escuela de Periodismo Carlos Septi\u00e9n Garc\u00eda. Periodista y analista especializado en turismo desde hace 35 a\u00f1os, radicado en Canc\u00fan Q.Roo. arturo@nitu.mx\",\"sameAs\":[\"https:\/\/nitu.mx\",\"https:\/\/www.facebook.com\/NITUmx\/\",\"medinacancun\",\"https:\/\/twitter.com\/@Arturo_Medina_G\"]},{\"@type\":\"Person\",\"@id\":\"https:\/\/nitu.mx\/#\/schema\/person\/4a28fe9bd65924f7c90623773daf1b0b\",\"name\":\"Redacci\u00f3n\",\"image\":{\"@type\":\"ImageObject\",\"inLanguage\":\"es-MX\",\"@id\":\"https:\/\/nitu.mx\/#\/schema\/person\/image\/\",\"url\":\"https:\/\/secure.gravatar.com\/avatar\/5dd011c8ccfc5cd7e4c81e42252aab38?s=96&d=mm&r=g\",\"contentUrl\":\"https:\/\/secure.gravatar.com\/avatar\/5dd011c8ccfc5cd7e4c81e42252aab38?s=96&d=mm&r=g\",\"caption\":\"Redacci\u00f3n\"},\"url\":\"https:\/\/nitu.mx\/index.php\/author\/redaccion\/\"}]}<\/script>\n<!-- \/ Yoast SEO plugin. -->","yoast_head_json":{"title":"Avianca incorporar\u00e1 88 aviones A320neo a su flota - Nitu - Noticias de la Industria Turistica","robots":{"index":"index","follow":"follow","max-snippet":"max-snippet:-1","max-image-preview":"max-image-preview:large","max-video-preview":"max-video-preview:-1"},"canonical":"https:\/\/nitu.mx\/index.php\/2022\/03\/10\/avianca-incorporara-88-aviones-a320neo-a-su-flota\/","twitter_card":"summary_large_image","twitter_title":"Avianca incorporar\u00e1 88 aviones A320neo a su flota - Nitu - Noticias de la Industria Turistica","twitter_description":"En l\u00ednea con su plan de negocio que incluye la operaci\u00f3n de m\u00e1s de 200 rutas en su mayor\u00eda punto a punto y m\u00e1s de 130 aeronaves para 2025,\u00a0Avianca\u00a0confirm\u00f3 el compromiso por una orden de 88 nuevos aviones de la familia A320neo al fabricante europeo Airbus. El acuerdo logrado tambi\u00e9n incluye opci\u00f3n de compra para [&hellip;]","twitter_image":"https:\/\/nitu.mx\/wp-content\/uploads\/2022\/03\/Avianca-aviones-A320neo.jpg","twitter_creator":"@NITUmx","twitter_site":"@Arturo_Medina_G","twitter_misc":{"Escrito por":"Redacci\u00f3n","Tiempo de lectura":"2 minutos"},"schema":{"@context":"https:\/\/schema.org","@graph":[{"@type":"Article","@id":"https:\/\/nitu.mx\/index.php\/2022\/03\/10\/avianca-incorporara-88-aviones-a320neo-a-su-flota\/#article","isPartOf":{"@id":"https:\/\/nitu.mx\/index.php\/2022\/03\/10\/avianca-incorporara-88-aviones-a320neo-a-su-flota\/"},"author":{"name":"Redacci\u00f3n","@id":"https:\/\/nitu.mx\/#\/schema\/person\/4a28fe9bd65924f7c90623773daf1b0b"},"headline":"Avianca incorporar\u00e1 88 aviones A320neo a su flota","datePublished":"2022-03-10T06:12:27+00:00","dateModified":"2022-03-11T01:16:05+00:00","mainEntityOfPage":{"@id":"https:\/\/nitu.mx\/index.php\/2022\/03\/10\/avianca-incorporara-88-aviones-a320neo-a-su-flota\/"},"wordCount":501,"commentCount":0,"publisher":{"@id":"https:\/\/nitu.mx\/#\/schema\/person\/ae7a53426417292d3dd07b45a33e01bc"},"image":{"@id":"https:\/\/nitu.mx\/index.php\/2022\/03\/10\/avianca-incorporara-88-aviones-a320neo-a-su-flota\/#primaryimage"},"thumbnailUrl":"https:\/\/nitu.mx\/wp-content\/uploads\/2022\/03\/Avianca-aviones-A320neo.jpg","keywords":["A320neo","Airbus","Arturo Barreira","Avianca","Rohit Philip"],"articleSection":["Aerol\u00edneas"],"inLanguage":"es-MX","potentialAction":[{"@type":"CommentAction","name":"Comment","target":["https:\/\/nitu.mx\/index.php\/2022\/03\/10\/avianca-incorporara-88-aviones-a320neo-a-su-flota\/#respond"]}]},{"@type":"WebPage","@id":"https:\/\/nitu.mx\/index.php\/2022\/03\/10\/avianca-incorporara-88-aviones-a320neo-a-su-flota\/","url":"https:\/\/nitu.mx\/index.php\/2022\/03\/10\/avianca-incorporara-88-aviones-a320neo-a-su-flota\/","name":"Avianca incorporar\u00e1 88 aviones A320neo a su flota - Nitu - Noticias de la Industria Turistica","isPartOf":{"@id":"https:\/\/nitu.mx\/#website"},"primaryImageOfPage":{"@id":"https:\/\/nitu.mx\/index.php\/2022\/03\/10\/avianca-incorporara-88-aviones-a320neo-a-su-flota\/#primaryimage"},"image":{"@id":"https:\/\/nitu.mx\/index.php\/2022\/03\/10\/avianca-incorporara-88-aviones-a320neo-a-su-flota\/#primaryimage"},"thumbnailUrl":"https:\/\/nitu.mx\/wp-content\/uploads\/2022\/03\/Avianca-aviones-A320neo.jpg","datePublished":"2022-03-10T06:12:27+00:00","dateModified":"2022-03-11T01:16:05+00:00","breadcrumb":{"@id":"https:\/\/nitu.mx\/index.php\/2022\/03\/10\/avianca-incorporara-88-aviones-a320neo-a-su-flota\/#breadcrumb"},"inLanguage":"es-MX","potentialAction":[{"@type":"ReadAction","target":["https:\/\/nitu.mx\/index.php\/2022\/03\/10\/avianca-incorporara-88-aviones-a320neo-a-su-flota\/"]}]},{"@type":"ImageObject","inLanguage":"es-MX","@id":"https:\/\/nitu.mx\/index.php\/2022\/03\/10\/avianca-incorporara-88-aviones-a320neo-a-su-flota\/#primaryimage","url":"https:\/\/nitu.mx\/wp-content\/uploads\/2022\/03\/Avianca-aviones-A320neo.jpg","contentUrl":"https:\/\/nitu.mx\/wp-content\/uploads\/2022\/03\/Avianca-aviones-A320neo.jpg","width":1200,"height":675},{"@type":"BreadcrumbList","@id":"https:\/\/nitu.mx\/index.php\/2022\/03\/10\/avianca-incorporara-88-aviones-a320neo-a-su-flota\/#breadcrumb","itemListElement":[{"@type":"ListItem","position":1,"name":"Inicio","item":"https:\/\/nitu.mx\/"},{"@type":"ListItem","position":2,"name":"Avianca incorporar\u00e1 88 aviones A320neo a su flota"}]},{"@type":"WebSite","@id":"https:\/\/nitu.mx\/#website","url":"https:\/\/nitu.mx\/","name":"Nitu - Noticias de la Industria Turistica","description":"Noticias de la Industria Turistica","publisher":{"@id":"https:\/\/nitu.mx\/#\/schema\/person\/ae7a53426417292d3dd07b45a33e01bc"},"alternateName":"Noticias de la Industria Turistica","potentialAction":[{"@type":"SearchAction","target":{"@type":"EntryPoint","urlTemplate":"https:\/\/nitu.mx\/?s={search_term_string}"},"query-input":"required name=search_term_string"}],"inLanguage":"es-MX"},{"@type":["Person","Organization"],"@id":"https:\/\/nitu.mx\/#\/schema\/person\/ae7a53426417292d3dd07b45a33e01bc","name":"Arturo Medina","image":{"@type":"ImageObject","inLanguage":"es-MX","@id":"https:\/\/nitu.mx\/#\/schema\/person\/image\/","url":"https:\/\/nitu.mx\/wp-content\/uploads\/2024\/04\/4A315622-1904-4D5C-B022-878CDC840E04-90x90-1.jpeg","contentUrl":"https:\/\/nitu.mx\/wp-content\/uploads\/2024\/04\/4A315622-1904-4D5C-B022-878CDC840E04-90x90-1.jpeg","width":90,"height":90,"caption":"Arturo Medina"},"logo":{"@id":"https:\/\/nitu.mx\/#\/schema\/person\/image\/"},"description":"Director NITU.mx, Egresado de la Escuela de Periodismo Carlos Septi\u00e9n Garc\u00eda. Periodista y analista especializado en turismo desde hace 35 a\u00f1os, radicado en Canc\u00fan Q.Roo. arturo@nitu.mx","sameAs":["https:\/\/nitu.mx","https:\/\/www.facebook.com\/NITUmx\/","medinacancun","https:\/\/twitter.com\/@Arturo_Medina_G"]},{"@type":"Person","@id":"https:\/\/nitu.mx\/#\/schema\/person\/4a28fe9bd65924f7c90623773daf1b0b","name":"Redacci\u00f3n","image":{"@type":"ImageObject","inLanguage":"es-MX","@id":"https:\/\/nitu.mx\/#\/schema\/person\/image\/","url":"https:\/\/secure.gravatar.com\/avatar\/5dd011c8ccfc5cd7e4c81e42252aab38?s=96&d=mm&r=g","contentUrl":"https:\/\/secure.gravatar.com\/avatar\/5dd011c8ccfc5cd7e4c81e42252aab38?s=96&d=mm&r=g","caption":"Redacci\u00f3n"},"url":"https:\/\/nitu.mx\/index.php\/author\/redaccion\/"}]}},"views":391,"_links":{"self":[{"href":"https:\/\/nitu.mx\/index.php\/wp-json\/wp\/v2\/posts\/58441"}],"collection":[{"href":"https:\/\/nitu.mx\/index.php\/wp-json\/wp\/v2\/posts"}],"about":[{"href":"https:\/\/nitu.mx\/index.php\/wp-json\/wp\/v2\/types\/post"}],"author":[{"embeddable":true,"href":"https:\/\/nitu.mx\/index.php\/wp-json\/wp\/v2\/users\/17"}],"replies":[{"embeddable":true,"href":"https:\/\/nitu.mx\/index.php\/wp-json\/wp\/v2\/comments?post=58441"}],"version-history":[{"count":2,"href":"https:\/\/nitu.mx\/index.php\/wp-json\/wp\/v2\/posts\/58441\/revisions"}],"predecessor-version":[{"id":58443,"href":"https:\/\/nitu.mx\/index.php\/wp-json\/wp\/v2\/posts\/58441\/revisions\/58443"}],"wp:featuredmedia":[{"embeddable":true,"href":"https:\/\/nitu.mx\/index.php\/wp-json\/wp\/v2\/media\/58451"}],"wp:attachment":[{"href":"https:\/\/nitu.mx\/index.php\/wp-json\/wp\/v2\/media?parent=58441"}],"wp:term":[{"taxonomy":"category","embeddable":true,"href":"https:\/\/nitu.mx\/index.php\/wp-json\/wp\/v2\/categories?post=58441"},{"taxonomy":"post_tag","embeddable":true,"href":"https:\/\/nitu.mx\/index.php\/wp-json\/wp\/v2\/tags?post=58441"}],"curies":[{"name":"wp","href":"https:\/\/api.w.org\/{rel}","templated":true}]}}