{"id":58391,"date":"2022-03-08T00:20:52","date_gmt":"2022-03-08T05:20:52","guid":{"rendered":"https:\/\/www.dev.nitu.mx\/?p=58391"},"modified":"2022-03-08T07:25:12","modified_gmt":"2022-03-08T12:25:12","slug":"dos-aterrizajes-de-emergencia-en-aeropuerto-de-cancun-en-un-dia","status":"publish","type":"post","link":"https:\/\/nitu.mx\/index.php\/2022\/03\/08\/dos-aterrizajes-de-emergencia-en-aeropuerto-de-cancun-en-un-dia\/","title":{"rendered":"Dos aterrizajes de emergencia en Aeropuerto de Canc\u00fan en un d\u00eda"},"content":{"rendered":"<p>Dos aviones que despegaron de Canc\u00fan este lunes tuvieron que regresar al aeropuerto luego de algunos minutos en el aire, por fallas mec\u00e1nicas en el caso de un avi\u00f3n de Transat y el\u00e9ctricas en el que fue m\u00e1s estresante en uno de Delta con destino a Nueva York.<\/p>\n<p>Cerca del medio d\u00eda despeg\u00f3 el avi\u00f3n de Air Transat con destino a Toronto en Canad\u00e1, luego de algunos minutos en el aire el piloto inform\u00f3 a cabina que por cuestiones de seguridad tendr\u00edan que volver al Canc\u00fan, se activ\u00f3 el c\u00f3digo 2, es decir los equipos de emergencia se prepararon para cualquier contingencia en la terminal a\u00e9rea, que afortunadamente no sucedi\u00f3, el avi\u00f3n aterriz\u00f3 sin novedad.<\/p>\n<p>Unas horas despu\u00e9s de aterrizar la aeronave fue revisada, y una vez que estaba en condiciones emprendi\u00f3 el vuelo a su destino.<\/p>\n<p>Un poco m\u00e1s estresante fue el evento vespertino, el avi\u00f3n de Delta con destino a Nueva York, tenia poco m\u00e1s de 30 minutos en el aire cuando la cabina se empez\u00f3 a llenar de humo, se comunic\u00f3 a los pasajeros que volvieran a Canc\u00fan, de nueva cuenta se activ\u00f3 el c\u00f3digo 2, sin embargo, el aterrizaje tambi\u00e9n fue sin eventualidades.<\/p>\n<p>https:\/\/twitter.com\/JEREMYALEXBURKE\/status\/1501025037444341769?s=20&#038;t=53Wr1pHUJRzqXyRMF6Nm_w<\/p>\n<p>La falla en el avi\u00f3n de Delta fue identificada y reparada, sin embargo, la tripulaci\u00f3n hab\u00eda cumplido sus horas de reglamento en el d\u00eda, por lo que a los pasajeros se les dio alojamiento y vi\u00e1ticos para pasar la noche, y el vuelo saldar\u00e1 este martes a las 3 de la tarde a su destino.<\/p>\n<p>En el caso de este vuelo de Delta, algunos pasajeros a trav\u00e9s de Twitter se quejaron del desempe\u00f1o de qui\u00e9n hizo el anuncio de la falla pues ten\u00eda voz muy nerviosa y transmiti\u00f3 ese sentimiento a muchos pasajeros que sufrieron ataque de nervios.<\/p>\n<blockquote class=\"twitter-tweet\" data-width=\"550\" data-dnt=\"true\">\n<p lang=\"en\" dir=\"ltr\"><a href=\"https:\/\/twitter.com\/Delta?ref_src=twsrc%5Etfw\">@Delta<\/a> my flight leaving Cancun just filled with smoke mid-flight, the staff panicked everyone, was under prepared, I nearly passed out from the fumes and saw my life flash before my eyes, only to discovered they were aware the plane needed to be repaired before it even took off<\/p>\n<p>&mdash; jordan (@jordanthatknows) <a href=\"https:\/\/twitter.com\/jordanthatknows\/status\/1501036957358510081?ref_src=twsrc%5Etfw\">March 8, 2022<\/a><\/p><\/blockquote>\n<p><script async src=\"https:\/\/platform.twitter.com\/widgets.js\" charset=\"utf-8\"><\/script><\/p>\n<blockquote class=\"twitter-tweet\" data-width=\"550\" data-dnt=\"true\">\n<p lang=\"en\" dir=\"ltr\">Just survived the <a href=\"https:\/\/twitter.com\/Delta?ref_src=twsrc%5Etfw\">@Delta<\/a> \u2018fire plane\u2019 from Cancun to <a href=\"https:\/\/twitter.com\/hashtag\/nyc?src=hash&amp;ref_src=twsrc%5Etfw\">#nyc<\/a>. Made emergency landing back in Cancun. Staff unable to manage the situation causing  stress and many passengers wheel-chaired off the plane with anxiety. air hosts with panic in their voice should not use loudspeaker!<\/p>\n<p>&mdash; John Crozier-Durham (@jacro3) <a href=\"https:\/\/twitter.com\/jacro3\/status\/1501019560409018368?ref_src=twsrc%5Etfw\">March 8, 2022<\/a><\/p><\/blockquote>\n<p><script async src=\"https:\/\/platform.twitter.com\/widgets.js\" charset=\"utf-8\"><\/script><\/p>\n","protected":false},"excerpt":{"rendered":"<p>Dos aviones que despegaron de Canc\u00fan este lunes tuvieron que regresar al aeropuerto luego de algunos minutos en el aire, por fallas mec\u00e1nicas en el caso de un avi\u00f3n de Transat y el\u00e9ctricas en el que fue m\u00e1s estresante en uno de Delta con destino a Nueva York. Cerca del medio d\u00eda despeg\u00f3 el avi\u00f3n [&hellip;]<\/p>\n","protected":false},"author":2,"featured_media":49431,"comment_status":"open","ping_status":"open","sticky":false,"template":"","format":"standard","meta":{"footnotes":""},"categories":[29,19462],"tags":[200,1220,534],"yoast_head":"<!-- This site is optimized with the Yoast SEO plugin v22.2 - https:\/\/yoast.com\/wordpress\/plugins\/seo\/ -->\n<title>Dos aterrizajes de emergencia en Aeropuerto de Canc\u00fan en un d\u00eda - Nitu - Noticias de la Industria Turistica<\/title>\n<meta name=\"robots\" content=\"index, follow, max-snippet:-1, max-image-preview:large, max-video-preview:-1\" \/>\n<link rel=\"canonical\" href=\"https:\/\/nitu.mx\/index.php\/2022\/03\/08\/dos-aterrizajes-de-emergencia-en-aeropuerto-de-cancun-en-un-dia\/\" \/>\n<meta name=\"twitter:card\" content=\"summary_large_image\" \/>\n<meta name=\"twitter:title\" content=\"Dos aterrizajes de emergencia en Aeropuerto de Canc\u00fan en un d\u00eda - Nitu - Noticias de la Industria Turistica\" \/>\n<meta name=\"twitter:description\" content=\"Dos aviones que despegaron de Canc\u00fan este lunes tuvieron que regresar al aeropuerto luego de algunos minutos en el aire, por fallas mec\u00e1nicas en el caso de un avi\u00f3n de Transat y el\u00e9ctricas en el que fue m\u00e1s estresante en uno de Delta con destino a Nueva York. Cerca del medio d\u00eda despeg\u00f3 el avi\u00f3n [&hellip;]\" \/>\n<meta name=\"twitter:image\" content=\"https:\/\/nitu.mx\/wp-content\/uploads\/2021\/01\/Boeing-767-Delta-Air-Lines.jpg\" \/>\n<meta name=\"twitter:creator\" content=\"@Arturo_Medina_G\" \/>\n<meta name=\"twitter:site\" content=\"@Arturo_Medina_G\" \/>\n<meta name=\"twitter:label1\" content=\"Escrito por\" \/>\n\t<meta name=\"twitter:data1\" content=\"Arturo Medina\" \/>\n\t<meta name=\"twitter:label2\" content=\"Tiempo de lectura\" \/>\n\t<meta name=\"twitter:data2\" content=\"2 minutos\" \/>\n<script type=\"application\/ld+json\" class=\"yoast-schema-graph\">{\"@context\":\"https:\/\/schema.org\",\"@graph\":[{\"@type\":\"Article\",\"@id\":\"https:\/\/nitu.mx\/index.php\/2022\/03\/08\/dos-aterrizajes-de-emergencia-en-aeropuerto-de-cancun-en-un-dia\/#article\",\"isPartOf\":{\"@id\":\"https:\/\/nitu.mx\/index.php\/2022\/03\/08\/dos-aterrizajes-de-emergencia-en-aeropuerto-de-cancun-en-un-dia\/\"},\"author\":{\"name\":\"Arturo Medina\",\"@id\":\"https:\/\/nitu.mx\/#\/schema\/person\/ae7a53426417292d3dd07b45a33e01bc\"},\"headline\":\"Dos aterrizajes de emergencia en Aeropuerto de Canc\u00fan en un d\u00eda\",\"datePublished\":\"2022-03-08T05:20:52+00:00\",\"dateModified\":\"2022-03-08T12:25:12+00:00\",\"mainEntityOfPage\":{\"@id\":\"https:\/\/nitu.mx\/index.php\/2022\/03\/08\/dos-aterrizajes-de-emergencia-en-aeropuerto-de-cancun-en-un-dia\/\"},\"wordCount\":368,\"commentCount\":1,\"publisher\":{\"@id\":\"https:\/\/nitu.mx\/#\/schema\/person\/ae7a53426417292d3dd07b45a33e01bc\"},\"image\":{\"@id\":\"https:\/\/nitu.mx\/index.php\/2022\/03\/08\/dos-aterrizajes-de-emergencia-en-aeropuerto-de-cancun-en-un-dia\/#primaryimage\"},\"thumbnailUrl\":\"https:\/\/nitu.mx\/wp-content\/uploads\/2021\/01\/Boeing-767-Delta-Air-Lines.jpg\",\"keywords\":[\"Aeropuerto Internacional de Canc\u00fan (AIC)\",\"Air Transat\",\"Delta\"],\"articleSection\":[\"Aerol\u00edneas\",\"Aeropuertos\"],\"inLanguage\":\"es-MX\",\"potentialAction\":[{\"@type\":\"CommentAction\",\"name\":\"Comment\",\"target\":[\"https:\/\/nitu.mx\/index.php\/2022\/03\/08\/dos-aterrizajes-de-emergencia-en-aeropuerto-de-cancun-en-un-dia\/#respond\"]}]},{\"@type\":\"WebPage\",\"@id\":\"https:\/\/nitu.mx\/index.php\/2022\/03\/08\/dos-aterrizajes-de-emergencia-en-aeropuerto-de-cancun-en-un-dia\/\",\"url\":\"https:\/\/nitu.mx\/index.php\/2022\/03\/08\/dos-aterrizajes-de-emergencia-en-aeropuerto-de-cancun-en-un-dia\/\",\"name\":\"Dos aterrizajes de emergencia en Aeropuerto de Canc\u00fan en un d\u00eda - Nitu - Noticias de la Industria Turistica\",\"isPartOf\":{\"@id\":\"https:\/\/nitu.mx\/#website\"},\"primaryImageOfPage\":{\"@id\":\"https:\/\/nitu.mx\/index.php\/2022\/03\/08\/dos-aterrizajes-de-emergencia-en-aeropuerto-de-cancun-en-un-dia\/#primaryimage\"},\"image\":{\"@id\":\"https:\/\/nitu.mx\/index.php\/2022\/03\/08\/dos-aterrizajes-de-emergencia-en-aeropuerto-de-cancun-en-un-dia\/#primaryimage\"},\"thumbnailUrl\":\"https:\/\/nitu.mx\/wp-content\/uploads\/2021\/01\/Boeing-767-Delta-Air-Lines.jpg\",\"datePublished\":\"2022-03-08T05:20:52+00:00\",\"dateModified\":\"2022-03-08T12:25:12+00:00\",\"breadcrumb\":{\"@id\":\"https:\/\/nitu.mx\/index.php\/2022\/03\/08\/dos-aterrizajes-de-emergencia-en-aeropuerto-de-cancun-en-un-dia\/#breadcrumb\"},\"inLanguage\":\"es-MX\",\"potentialAction\":[{\"@type\":\"ReadAction\",\"target\":[\"https:\/\/nitu.mx\/index.php\/2022\/03\/08\/dos-aterrizajes-de-emergencia-en-aeropuerto-de-cancun-en-un-dia\/\"]}]},{\"@type\":\"ImageObject\",\"inLanguage\":\"es-MX\",\"@id\":\"https:\/\/nitu.mx\/index.php\/2022\/03\/08\/dos-aterrizajes-de-emergencia-en-aeropuerto-de-cancun-en-un-dia\/#primaryimage\",\"url\":\"https:\/\/nitu.mx\/wp-content\/uploads\/2021\/01\/Boeing-767-Delta-Air-Lines.jpg\",\"contentUrl\":\"https:\/\/nitu.mx\/wp-content\/uploads\/2021\/01\/Boeing-767-Delta-Air-Lines.jpg\",\"width\":1200,\"height\":675,\"caption\":\"Boeing 767 Delta Air Lines\"},{\"@type\":\"BreadcrumbList\",\"@id\":\"https:\/\/nitu.mx\/index.php\/2022\/03\/08\/dos-aterrizajes-de-emergencia-en-aeropuerto-de-cancun-en-un-dia\/#breadcrumb\",\"itemListElement\":[{\"@type\":\"ListItem\",\"position\":1,\"name\":\"Inicio\",\"item\":\"https:\/\/nitu.mx\/\"},{\"@type\":\"ListItem\",\"position\":2,\"name\":\"Dos aterrizajes de emergencia en Aeropuerto de Canc\u00fan en un d\u00eda\"}]},{\"@type\":\"WebSite\",\"@id\":\"https:\/\/nitu.mx\/#website\",\"url\":\"https:\/\/nitu.mx\/\",\"name\":\"Nitu - Noticias de la Industria Turistica\",\"description\":\"Noticias de la Industria Turistica\",\"publisher\":{\"@id\":\"https:\/\/nitu.mx\/#\/schema\/person\/ae7a53426417292d3dd07b45a33e01bc\"},\"alternateName\":\"Noticias de la Industria Turistica\",\"potentialAction\":[{\"@type\":\"SearchAction\",\"target\":{\"@type\":\"EntryPoint\",\"urlTemplate\":\"https:\/\/nitu.mx\/?s={search_term_string}\"},\"query-input\":\"required name=search_term_string\"}],\"inLanguage\":\"es-MX\"},{\"@type\":[\"Person\",\"Organization\"],\"@id\":\"https:\/\/nitu.mx\/#\/schema\/person\/ae7a53426417292d3dd07b45a33e01bc\",\"name\":\"Arturo Medina\",\"image\":{\"@type\":\"ImageObject\",\"inLanguage\":\"es-MX\",\"@id\":\"https:\/\/nitu.mx\/#\/schema\/person\/image\/\",\"url\":\"https:\/\/nitu.mx\/wp-content\/uploads\/2024\/04\/4A315622-1904-4D5C-B022-878CDC840E04-90x90-1.jpeg\",\"contentUrl\":\"https:\/\/nitu.mx\/wp-content\/uploads\/2024\/04\/4A315622-1904-4D5C-B022-878CDC840E04-90x90-1.jpeg\",\"width\":90,\"height\":90,\"caption\":\"Arturo Medina\"},\"logo\":{\"@id\":\"https:\/\/nitu.mx\/#\/schema\/person\/image\/\"},\"description\":\"Director NITU.mx, Egresado de la Escuela de Periodismo Carlos Septi\u00e9n Garc\u00eda. Periodista y analista especializado en turismo desde hace 35 a\u00f1os, radicado en Canc\u00fan Q.Roo. arturo@nitu.mx\",\"sameAs\":[\"https:\/\/nitu.mx\",\"https:\/\/www.facebook.com\/NITUmx\/\",\"medinacancun\",\"https:\/\/twitter.com\/@Arturo_Medina_G\"],\"url\":\"https:\/\/nitu.mx\/index.php\/author\/arturo-medina\/\"}]}<\/script>\n<!-- \/ Yoast SEO plugin. -->","yoast_head_json":{"title":"Dos aterrizajes de emergencia en Aeropuerto de Canc\u00fan en un d\u00eda - Nitu - Noticias de la Industria Turistica","robots":{"index":"index","follow":"follow","max-snippet":"max-snippet:-1","max-image-preview":"max-image-preview:large","max-video-preview":"max-video-preview:-1"},"canonical":"https:\/\/nitu.mx\/index.php\/2022\/03\/08\/dos-aterrizajes-de-emergencia-en-aeropuerto-de-cancun-en-un-dia\/","twitter_card":"summary_large_image","twitter_title":"Dos aterrizajes de emergencia en Aeropuerto de Canc\u00fan en un d\u00eda - Nitu - Noticias de la Industria Turistica","twitter_description":"Dos aviones que despegaron de Canc\u00fan este lunes tuvieron que regresar al aeropuerto luego de algunos minutos en el aire, por fallas mec\u00e1nicas en el caso de un avi\u00f3n de Transat y el\u00e9ctricas en el que fue m\u00e1s estresante en uno de Delta con destino a Nueva York. Cerca del medio d\u00eda despeg\u00f3 el avi\u00f3n [&hellip;]","twitter_image":"https:\/\/nitu.mx\/wp-content\/uploads\/2021\/01\/Boeing-767-Delta-Air-Lines.jpg","twitter_creator":"@Arturo_Medina_G","twitter_site":"@Arturo_Medina_G","twitter_misc":{"Escrito por":"Arturo Medina","Tiempo de lectura":"2 minutos"},"schema":{"@context":"https:\/\/schema.org","@graph":[{"@type":"Article","@id":"https:\/\/nitu.mx\/index.php\/2022\/03\/08\/dos-aterrizajes-de-emergencia-en-aeropuerto-de-cancun-en-un-dia\/#article","isPartOf":{"@id":"https:\/\/nitu.mx\/index.php\/2022\/03\/08\/dos-aterrizajes-de-emergencia-en-aeropuerto-de-cancun-en-un-dia\/"},"author":{"name":"Arturo Medina","@id":"https:\/\/nitu.mx\/#\/schema\/person\/ae7a53426417292d3dd07b45a33e01bc"},"headline":"Dos aterrizajes de emergencia en Aeropuerto de Canc\u00fan en un d\u00eda","datePublished":"2022-03-08T05:20:52+00:00","dateModified":"2022-03-08T12:25:12+00:00","mainEntityOfPage":{"@id":"https:\/\/nitu.mx\/index.php\/2022\/03\/08\/dos-aterrizajes-de-emergencia-en-aeropuerto-de-cancun-en-un-dia\/"},"wordCount":368,"commentCount":1,"publisher":{"@id":"https:\/\/nitu.mx\/#\/schema\/person\/ae7a53426417292d3dd07b45a33e01bc"},"image":{"@id":"https:\/\/nitu.mx\/index.php\/2022\/03\/08\/dos-aterrizajes-de-emergencia-en-aeropuerto-de-cancun-en-un-dia\/#primaryimage"},"thumbnailUrl":"https:\/\/nitu.mx\/wp-content\/uploads\/2021\/01\/Boeing-767-Delta-Air-Lines.jpg","keywords":["Aeropuerto Internacional de Canc\u00fan (AIC)","Air Transat","Delta"],"articleSection":["Aerol\u00edneas","Aeropuertos"],"inLanguage":"es-MX","potentialAction":[{"@type":"CommentAction","name":"Comment","target":["https:\/\/nitu.mx\/index.php\/2022\/03\/08\/dos-aterrizajes-de-emergencia-en-aeropuerto-de-cancun-en-un-dia\/#respond"]}]},{"@type":"WebPage","@id":"https:\/\/nitu.mx\/index.php\/2022\/03\/08\/dos-aterrizajes-de-emergencia-en-aeropuerto-de-cancun-en-un-dia\/","url":"https:\/\/nitu.mx\/index.php\/2022\/03\/08\/dos-aterrizajes-de-emergencia-en-aeropuerto-de-cancun-en-un-dia\/","name":"Dos aterrizajes de emergencia en Aeropuerto de Canc\u00fan en un d\u00eda - Nitu - Noticias de la Industria Turistica","isPartOf":{"@id":"https:\/\/nitu.mx\/#website"},"primaryImageOfPage":{"@id":"https:\/\/nitu.mx\/index.php\/2022\/03\/08\/dos-aterrizajes-de-emergencia-en-aeropuerto-de-cancun-en-un-dia\/#primaryimage"},"image":{"@id":"https:\/\/nitu.mx\/index.php\/2022\/03\/08\/dos-aterrizajes-de-emergencia-en-aeropuerto-de-cancun-en-un-dia\/#primaryimage"},"thumbnailUrl":"https:\/\/nitu.mx\/wp-content\/uploads\/2021\/01\/Boeing-767-Delta-Air-Lines.jpg","datePublished":"2022-03-08T05:20:52+00:00","dateModified":"2022-03-08T12:25:12+00:00","breadcrumb":{"@id":"https:\/\/nitu.mx\/index.php\/2022\/03\/08\/dos-aterrizajes-de-emergencia-en-aeropuerto-de-cancun-en-un-dia\/#breadcrumb"},"inLanguage":"es-MX","potentialAction":[{"@type":"ReadAction","target":["https:\/\/nitu.mx\/index.php\/2022\/03\/08\/dos-aterrizajes-de-emergencia-en-aeropuerto-de-cancun-en-un-dia\/"]}]},{"@type":"ImageObject","inLanguage":"es-MX","@id":"https:\/\/nitu.mx\/index.php\/2022\/03\/08\/dos-aterrizajes-de-emergencia-en-aeropuerto-de-cancun-en-un-dia\/#primaryimage","url":"https:\/\/nitu.mx\/wp-content\/uploads\/2021\/01\/Boeing-767-Delta-Air-Lines.jpg","contentUrl":"https:\/\/nitu.mx\/wp-content\/uploads\/2021\/01\/Boeing-767-Delta-Air-Lines.jpg","width":1200,"height":675,"caption":"Boeing 767 Delta Air Lines"},{"@type":"BreadcrumbList","@id":"https:\/\/nitu.mx\/index.php\/2022\/03\/08\/dos-aterrizajes-de-emergencia-en-aeropuerto-de-cancun-en-un-dia\/#breadcrumb","itemListElement":[{"@type":"ListItem","position":1,"name":"Inicio","item":"https:\/\/nitu.mx\/"},{"@type":"ListItem","position":2,"name":"Dos aterrizajes de emergencia en Aeropuerto de Canc\u00fan en un d\u00eda"}]},{"@type":"WebSite","@id":"https:\/\/nitu.mx\/#website","url":"https:\/\/nitu.mx\/","name":"Nitu - Noticias de la Industria Turistica","description":"Noticias de la Industria Turistica","publisher":{"@id":"https:\/\/nitu.mx\/#\/schema\/person\/ae7a53426417292d3dd07b45a33e01bc"},"alternateName":"Noticias de la Industria Turistica","potentialAction":[{"@type":"SearchAction","target":{"@type":"EntryPoint","urlTemplate":"https:\/\/nitu.mx\/?s={search_term_string}"},"query-input":"required name=search_term_string"}],"inLanguage":"es-MX"},{"@type":["Person","Organization"],"@id":"https:\/\/nitu.mx\/#\/schema\/person\/ae7a53426417292d3dd07b45a33e01bc","name":"Arturo Medina","image":{"@type":"ImageObject","inLanguage":"es-MX","@id":"https:\/\/nitu.mx\/#\/schema\/person\/image\/","url":"https:\/\/nitu.mx\/wp-content\/uploads\/2024\/04\/4A315622-1904-4D5C-B022-878CDC840E04-90x90-1.jpeg","contentUrl":"https:\/\/nitu.mx\/wp-content\/uploads\/2024\/04\/4A315622-1904-4D5C-B022-878CDC840E04-90x90-1.jpeg","width":90,"height":90,"caption":"Arturo Medina"},"logo":{"@id":"https:\/\/nitu.mx\/#\/schema\/person\/image\/"},"description":"Director NITU.mx, Egresado de la Escuela de Periodismo Carlos Septi\u00e9n Garc\u00eda. Periodista y analista especializado en turismo desde hace 35 a\u00f1os, radicado en Canc\u00fan Q.Roo. arturo@nitu.mx","sameAs":["https:\/\/nitu.mx","https:\/\/www.facebook.com\/NITUmx\/","medinacancun","https:\/\/twitter.com\/@Arturo_Medina_G"],"url":"https:\/\/nitu.mx\/index.php\/author\/arturo-medina\/"}]}},"views":724,"_links":{"self":[{"href":"https:\/\/nitu.mx\/index.php\/wp-json\/wp\/v2\/posts\/58391"}],"collection":[{"href":"https:\/\/nitu.mx\/index.php\/wp-json\/wp\/v2\/posts"}],"about":[{"href":"https:\/\/nitu.mx\/index.php\/wp-json\/wp\/v2\/types\/post"}],"author":[{"embeddable":true,"href":"https:\/\/nitu.mx\/index.php\/wp-json\/wp\/v2\/users\/2"}],"replies":[{"embeddable":true,"href":"https:\/\/nitu.mx\/index.php\/wp-json\/wp\/v2\/comments?post=58391"}],"version-history":[{"count":4,"href":"https:\/\/nitu.mx\/index.php\/wp-json\/wp\/v2\/posts\/58391\/revisions"}],"predecessor-version":[{"id":58400,"href":"https:\/\/nitu.mx\/index.php\/wp-json\/wp\/v2\/posts\/58391\/revisions\/58400"}],"wp:featuredmedia":[{"embeddable":true,"href":"https:\/\/nitu.mx\/index.php\/wp-json\/wp\/v2\/media\/49431"}],"wp:attachment":[{"href":"https:\/\/nitu.mx\/index.php\/wp-json\/wp\/v2\/media?parent=58391"}],"wp:term":[{"taxonomy":"category","embeddable":true,"href":"https:\/\/nitu.mx\/index.php\/wp-json\/wp\/v2\/categories?post=58391"},{"taxonomy":"post_tag","embeddable":true,"href":"https:\/\/nitu.mx\/index.php\/wp-json\/wp\/v2\/tags?post=58391"}],"curies":[{"name":"wp","href":"https:\/\/api.w.org\/{rel}","templated":true}]}}