{"id":5816,"date":"2017-01-11T23:20:05","date_gmt":"2017-01-12T04:20:05","guid":{"rendered":"http:\/\/www.dev.nitu.mx\/?p=5816"},"modified":"2017-01-12T00:41:38","modified_gmt":"2017-01-12T05:41:38","slug":"charters-caen-un-5-en-trafico-en-2016","status":"publish","type":"post","link":"https:\/\/nitu.mx\/index.php\/2017\/01\/11\/charters-caen-un-5-en-trafico-en-2016\/","title":{"rendered":"Charters caen un 5 por ciento en tr\u00e1fico en 2016"},"content":{"rendered":"<p>Ante una mayor expansi\u00f3n de vuelos regulares de las aerol\u00edneas mexicanas en el mercado dom\u00e9stico, el tr\u00e1fico de pasaje en vuelos charter cay\u00f3 4.7 por ciento en 2016, con lo que se revirti\u00f3 la recuperaci\u00f3n que ven\u00eda mostrando.<\/p>\n<p>Los pasajeros en vuelos de fletamento, es decir, en aviones rentados para realizar rutas a solicitud del arrendador, mejor conocidos como charters, sumaron 119 mil 994 entre enero y noviembre del a\u00f1o pasado, desde los 125 mil 872 del mismo periodo del 2015.<\/p>\n<p>\u201cEsto est\u00e1 ocurriendo porque las empresas han lanzado m\u00e1s vuelos regulares\u201d, se\u00f1al\u00f3 Armando Boj\u00f3rquez, presidente de la Agencia de Viajes Mayorista Boj\u00f3rquez.<\/p>\n<p>Para el empresario, las l\u00edneas a\u00e9reas como Volaris, TAR y otras, est\u00e1n abriendo frecuencias de vuelo en M\u00e9xico en lugares donde hay gran demanda que coincide con nulas o m\u00ednimas frecuencias, mercados naturales de los vuelos charter que piden las agencias de viajes.<\/p>\n<p>La reducci\u00f3n de viajeros en vuelos charter se da principalmente por Aerom\u00e9xico. La empresa transport\u00f3 en sus operaciones de fletamento a 9 mil 152 personas en los primeros 11 meses de 2016, para una reducci\u00f3n de 51 por ciento. La aerol\u00ednea, seg\u00fan Marco Monta\u00f1ez, analista de Vector, ha dado prioridad a la expansi\u00f3n de su flota de aviones en el mercado regular internacional, informa El Financiero.<\/p>\n<p>El tr\u00e1fico de pasaje regular del sector se elev\u00f3 12.2 por ciento anual entre enero y noviembre de 2016.<\/p>\n","protected":false},"excerpt":{"rendered":"<p>Ante una mayor expansi\u00f3n de vuelos regulares de las aerol\u00edneas mexicanas en el mercado dom\u00e9stico, el tr\u00e1fico de pasaje en vuelos charter cay\u00f3 4.7 por ciento en 2016, con lo que se revirti\u00f3 la recuperaci\u00f3n que ven\u00eda mostrando. Los pasajeros en vuelos de fletamento, es decir, en aviones rentados para realizar rutas a solicitud del [&hellip;]<\/p>\n","protected":false},"author":17,"featured_media":5848,"comment_status":"open","ping_status":"open","sticky":false,"template":"","format":"standard","meta":{"footnotes":""},"categories":[29,6],"tags":[30,68,238,131],"yoast_head":"<!-- This site is optimized with the Yoast SEO plugin v22.2 - https:\/\/yoast.com\/wordpress\/plugins\/seo\/ -->\n<title>Charters caen un 5 por ciento en tr\u00e1fico en 2016 - Nitu - Noticias de la Industria Turistica<\/title>\n<meta name=\"description\" content=\"El tr\u00e1fico de pasaje en vuelos charter cay\u00f3 4.7 por ciento en 2016, con lo que se revirti\u00f3 la recuperaci\u00f3n que ven\u00eda mostrando.\" \/>\n<meta name=\"robots\" content=\"index, follow, max-snippet:-1, max-image-preview:large, max-video-preview:-1\" \/>\n<link rel=\"canonical\" href=\"https:\/\/nitu.mx\/index.php\/2017\/01\/11\/charters-caen-un-5-en-trafico-en-2016\/\" \/>\n<meta name=\"twitter:card\" content=\"summary_large_image\" \/>\n<meta name=\"twitter:title\" content=\"Charters caen un 5 por ciento en tr\u00e1fico en 2016 - Nitu - Noticias de la Industria Turistica\" \/>\n<meta name=\"twitter:description\" content=\"El tr\u00e1fico de pasaje en vuelos charter cay\u00f3 4.7 por ciento en 2016, con lo que se revirti\u00f3 la recuperaci\u00f3n que ven\u00eda mostrando.\" \/>\n<meta name=\"twitter:image\" content=\"https:\/\/nitu.mx\/wp-content\/uploads\/2017\/01\/charter.png\" \/>\n<meta name=\"twitter:creator\" content=\"@NITUmx\" \/>\n<meta name=\"twitter:site\" content=\"@Arturo_Medina_G\" \/>\n<meta name=\"twitter:label1\" content=\"Escrito por\" \/>\n\t<meta name=\"twitter:data1\" content=\"Redacci\u00f3n\" \/>\n\t<meta name=\"twitter:label2\" content=\"Tiempo de lectura\" \/>\n\t<meta name=\"twitter:data2\" content=\"1 minuto\" \/>\n<script type=\"application\/ld+json\" class=\"yoast-schema-graph\">{\"@context\":\"https:\/\/schema.org\",\"@graph\":[{\"@type\":\"Article\",\"@id\":\"https:\/\/nitu.mx\/index.php\/2017\/01\/11\/charters-caen-un-5-en-trafico-en-2016\/#article\",\"isPartOf\":{\"@id\":\"https:\/\/nitu.mx\/index.php\/2017\/01\/11\/charters-caen-un-5-en-trafico-en-2016\/\"},\"author\":{\"name\":\"Redacci\u00f3n\",\"@id\":\"https:\/\/nitu.mx\/#\/schema\/person\/4a28fe9bd65924f7c90623773daf1b0b\"},\"headline\":\"Charters caen un 5 por ciento en tr\u00e1fico en 2016\",\"datePublished\":\"2017-01-12T04:20:05+00:00\",\"dateModified\":\"2017-01-12T05:41:38+00:00\",\"mainEntityOfPage\":{\"@id\":\"https:\/\/nitu.mx\/index.php\/2017\/01\/11\/charters-caen-un-5-en-trafico-en-2016\/\"},\"wordCount\":250,\"commentCount\":0,\"publisher\":{\"@id\":\"https:\/\/nitu.mx\/#\/schema\/person\/ae7a53426417292d3dd07b45a33e01bc\"},\"image\":{\"@id\":\"https:\/\/nitu.mx\/index.php\/2017\/01\/11\/charters-caen-un-5-en-trafico-en-2016\/#primaryimage\"},\"thumbnailUrl\":\"https:\/\/nitu.mx\/wp-content\/uploads\/2017\/01\/charter.png\",\"keywords\":[\"Aerom\u00e9xico\",\"M\u00e9xico\",\"TAR\",\"Volaris\"],\"articleSection\":[\"Aerol\u00edneas\",\"M\u00e9xico\"],\"inLanguage\":\"es-MX\",\"potentialAction\":[{\"@type\":\"CommentAction\",\"name\":\"Comment\",\"target\":[\"https:\/\/nitu.mx\/index.php\/2017\/01\/11\/charters-caen-un-5-en-trafico-en-2016\/#respond\"]}]},{\"@type\":\"WebPage\",\"@id\":\"https:\/\/nitu.mx\/index.php\/2017\/01\/11\/charters-caen-un-5-en-trafico-en-2016\/\",\"url\":\"https:\/\/nitu.mx\/index.php\/2017\/01\/11\/charters-caen-un-5-en-trafico-en-2016\/\",\"name\":\"Charters caen un 5 por ciento en tr\u00e1fico en 2016 - Nitu - Noticias de la Industria Turistica\",\"isPartOf\":{\"@id\":\"https:\/\/nitu.mx\/#website\"},\"primaryImageOfPage\":{\"@id\":\"https:\/\/nitu.mx\/index.php\/2017\/01\/11\/charters-caen-un-5-en-trafico-en-2016\/#primaryimage\"},\"image\":{\"@id\":\"https:\/\/nitu.mx\/index.php\/2017\/01\/11\/charters-caen-un-5-en-trafico-en-2016\/#primaryimage\"},\"thumbnailUrl\":\"https:\/\/nitu.mx\/wp-content\/uploads\/2017\/01\/charter.png\",\"datePublished\":\"2017-01-12T04:20:05+00:00\",\"dateModified\":\"2017-01-12T05:41:38+00:00\",\"description\":\"El tr\u00e1fico de pasaje en vuelos charter cay\u00f3 4.7 por ciento en 2016, con lo que se revirti\u00f3 la recuperaci\u00f3n que ven\u00eda mostrando.\",\"breadcrumb\":{\"@id\":\"https:\/\/nitu.mx\/index.php\/2017\/01\/11\/charters-caen-un-5-en-trafico-en-2016\/#breadcrumb\"},\"inLanguage\":\"es-MX\",\"potentialAction\":[{\"@type\":\"ReadAction\",\"target\":[\"https:\/\/nitu.mx\/index.php\/2017\/01\/11\/charters-caen-un-5-en-trafico-en-2016\/\"]}]},{\"@type\":\"ImageObject\",\"inLanguage\":\"es-MX\",\"@id\":\"https:\/\/nitu.mx\/index.php\/2017\/01\/11\/charters-caen-un-5-en-trafico-en-2016\/#primaryimage\",\"url\":\"https:\/\/nitu.mx\/wp-content\/uploads\/2017\/01\/charter.png\",\"contentUrl\":\"https:\/\/nitu.mx\/wp-content\/uploads\/2017\/01\/charter.png\",\"width\":999,\"height\":503,\"caption\":\"charters\"},{\"@type\":\"BreadcrumbList\",\"@id\":\"https:\/\/nitu.mx\/index.php\/2017\/01\/11\/charters-caen-un-5-en-trafico-en-2016\/#breadcrumb\",\"itemListElement\":[{\"@type\":\"ListItem\",\"position\":1,\"name\":\"Inicio\",\"item\":\"https:\/\/nitu.mx\/\"},{\"@type\":\"ListItem\",\"position\":2,\"name\":\"Charters caen un 5 por ciento en tr\u00e1fico en 2016\"}]},{\"@type\":\"WebSite\",\"@id\":\"https:\/\/nitu.mx\/#website\",\"url\":\"https:\/\/nitu.mx\/\",\"name\":\"Nitu - Noticias de la Industria Turistica\",\"description\":\"Noticias de la Industria Turistica\",\"publisher\":{\"@id\":\"https:\/\/nitu.mx\/#\/schema\/person\/ae7a53426417292d3dd07b45a33e01bc\"},\"alternateName\":\"Noticias de la Industria Turistica\",\"potentialAction\":[{\"@type\":\"SearchAction\",\"target\":{\"@type\":\"EntryPoint\",\"urlTemplate\":\"https:\/\/nitu.mx\/?s={search_term_string}\"},\"query-input\":\"required name=search_term_string\"}],\"inLanguage\":\"es-MX\"},{\"@type\":[\"Person\",\"Organization\"],\"@id\":\"https:\/\/nitu.mx\/#\/schema\/person\/ae7a53426417292d3dd07b45a33e01bc\",\"name\":\"Arturo Medina\",\"image\":{\"@type\":\"ImageObject\",\"inLanguage\":\"es-MX\",\"@id\":\"https:\/\/nitu.mx\/#\/schema\/person\/image\/\",\"url\":\"https:\/\/nitu.mx\/wp-content\/uploads\/2024\/04\/4A315622-1904-4D5C-B022-878CDC840E04-90x90-1.jpeg\",\"contentUrl\":\"https:\/\/nitu.mx\/wp-content\/uploads\/2024\/04\/4A315622-1904-4D5C-B022-878CDC840E04-90x90-1.jpeg\",\"width\":90,\"height\":90,\"caption\":\"Arturo Medina\"},\"logo\":{\"@id\":\"https:\/\/nitu.mx\/#\/schema\/person\/image\/\"},\"description\":\"Director NITU.mx, Egresado de la Escuela de Periodismo Carlos Septi\u00e9n Garc\u00eda. Periodista y analista especializado en turismo desde hace 35 a\u00f1os, radicado en Canc\u00fan Q.Roo. arturo@nitu.mx\",\"sameAs\":[\"https:\/\/nitu.mx\",\"https:\/\/www.facebook.com\/NITUmx\/\",\"medinacancun\",\"https:\/\/twitter.com\/@Arturo_Medina_G\"]},{\"@type\":\"Person\",\"@id\":\"https:\/\/nitu.mx\/#\/schema\/person\/4a28fe9bd65924f7c90623773daf1b0b\",\"name\":\"Redacci\u00f3n\",\"image\":{\"@type\":\"ImageObject\",\"inLanguage\":\"es-MX\",\"@id\":\"https:\/\/nitu.mx\/#\/schema\/person\/image\/\",\"url\":\"https:\/\/secure.gravatar.com\/avatar\/5dd011c8ccfc5cd7e4c81e42252aab38?s=96&d=mm&r=g\",\"contentUrl\":\"https:\/\/secure.gravatar.com\/avatar\/5dd011c8ccfc5cd7e4c81e42252aab38?s=96&d=mm&r=g\",\"caption\":\"Redacci\u00f3n\"},\"url\":\"https:\/\/nitu.mx\/index.php\/author\/redaccion\/\"}]}<\/script>\n<!-- \/ Yoast SEO plugin. -->","yoast_head_json":{"title":"Charters caen un 5 por ciento en tr\u00e1fico en 2016 - Nitu - Noticias de la Industria Turistica","description":"El tr\u00e1fico de pasaje en vuelos charter cay\u00f3 4.7 por ciento en 2016, con lo que se revirti\u00f3 la recuperaci\u00f3n que ven\u00eda mostrando.","robots":{"index":"index","follow":"follow","max-snippet":"max-snippet:-1","max-image-preview":"max-image-preview:large","max-video-preview":"max-video-preview:-1"},"canonical":"https:\/\/nitu.mx\/index.php\/2017\/01\/11\/charters-caen-un-5-en-trafico-en-2016\/","twitter_card":"summary_large_image","twitter_title":"Charters caen un 5 por ciento en tr\u00e1fico en 2016 - Nitu - Noticias de la Industria Turistica","twitter_description":"El tr\u00e1fico de pasaje en vuelos charter cay\u00f3 4.7 por ciento en 2016, con lo que se revirti\u00f3 la recuperaci\u00f3n que ven\u00eda mostrando.","twitter_image":"https:\/\/nitu.mx\/wp-content\/uploads\/2017\/01\/charter.png","twitter_creator":"@NITUmx","twitter_site":"@Arturo_Medina_G","twitter_misc":{"Escrito por":"Redacci\u00f3n","Tiempo de lectura":"1 minuto"},"schema":{"@context":"https:\/\/schema.org","@graph":[{"@type":"Article","@id":"https:\/\/nitu.mx\/index.php\/2017\/01\/11\/charters-caen-un-5-en-trafico-en-2016\/#article","isPartOf":{"@id":"https:\/\/nitu.mx\/index.php\/2017\/01\/11\/charters-caen-un-5-en-trafico-en-2016\/"},"author":{"name":"Redacci\u00f3n","@id":"https:\/\/nitu.mx\/#\/schema\/person\/4a28fe9bd65924f7c90623773daf1b0b"},"headline":"Charters caen un 5 por ciento en tr\u00e1fico en 2016","datePublished":"2017-01-12T04:20:05+00:00","dateModified":"2017-01-12T05:41:38+00:00","mainEntityOfPage":{"@id":"https:\/\/nitu.mx\/index.php\/2017\/01\/11\/charters-caen-un-5-en-trafico-en-2016\/"},"wordCount":250,"commentCount":0,"publisher":{"@id":"https:\/\/nitu.mx\/#\/schema\/person\/ae7a53426417292d3dd07b45a33e01bc"},"image":{"@id":"https:\/\/nitu.mx\/index.php\/2017\/01\/11\/charters-caen-un-5-en-trafico-en-2016\/#primaryimage"},"thumbnailUrl":"https:\/\/nitu.mx\/wp-content\/uploads\/2017\/01\/charter.png","keywords":["Aerom\u00e9xico","M\u00e9xico","TAR","Volaris"],"articleSection":["Aerol\u00edneas","M\u00e9xico"],"inLanguage":"es-MX","potentialAction":[{"@type":"CommentAction","name":"Comment","target":["https:\/\/nitu.mx\/index.php\/2017\/01\/11\/charters-caen-un-5-en-trafico-en-2016\/#respond"]}]},{"@type":"WebPage","@id":"https:\/\/nitu.mx\/index.php\/2017\/01\/11\/charters-caen-un-5-en-trafico-en-2016\/","url":"https:\/\/nitu.mx\/index.php\/2017\/01\/11\/charters-caen-un-5-en-trafico-en-2016\/","name":"Charters caen un 5 por ciento en tr\u00e1fico en 2016 - Nitu - Noticias de la Industria Turistica","isPartOf":{"@id":"https:\/\/nitu.mx\/#website"},"primaryImageOfPage":{"@id":"https:\/\/nitu.mx\/index.php\/2017\/01\/11\/charters-caen-un-5-en-trafico-en-2016\/#primaryimage"},"image":{"@id":"https:\/\/nitu.mx\/index.php\/2017\/01\/11\/charters-caen-un-5-en-trafico-en-2016\/#primaryimage"},"thumbnailUrl":"https:\/\/nitu.mx\/wp-content\/uploads\/2017\/01\/charter.png","datePublished":"2017-01-12T04:20:05+00:00","dateModified":"2017-01-12T05:41:38+00:00","description":"El tr\u00e1fico de pasaje en vuelos charter cay\u00f3 4.7 por ciento en 2016, con lo que se revirti\u00f3 la recuperaci\u00f3n que ven\u00eda mostrando.","breadcrumb":{"@id":"https:\/\/nitu.mx\/index.php\/2017\/01\/11\/charters-caen-un-5-en-trafico-en-2016\/#breadcrumb"},"inLanguage":"es-MX","potentialAction":[{"@type":"ReadAction","target":["https:\/\/nitu.mx\/index.php\/2017\/01\/11\/charters-caen-un-5-en-trafico-en-2016\/"]}]},{"@type":"ImageObject","inLanguage":"es-MX","@id":"https:\/\/nitu.mx\/index.php\/2017\/01\/11\/charters-caen-un-5-en-trafico-en-2016\/#primaryimage","url":"https:\/\/nitu.mx\/wp-content\/uploads\/2017\/01\/charter.png","contentUrl":"https:\/\/nitu.mx\/wp-content\/uploads\/2017\/01\/charter.png","width":999,"height":503,"caption":"charters"},{"@type":"BreadcrumbList","@id":"https:\/\/nitu.mx\/index.php\/2017\/01\/11\/charters-caen-un-5-en-trafico-en-2016\/#breadcrumb","itemListElement":[{"@type":"ListItem","position":1,"name":"Inicio","item":"https:\/\/nitu.mx\/"},{"@type":"ListItem","position":2,"name":"Charters caen un 5 por ciento en tr\u00e1fico en 2016"}]},{"@type":"WebSite","@id":"https:\/\/nitu.mx\/#website","url":"https:\/\/nitu.mx\/","name":"Nitu - Noticias de la Industria Turistica","description":"Noticias de la Industria Turistica","publisher":{"@id":"https:\/\/nitu.mx\/#\/schema\/person\/ae7a53426417292d3dd07b45a33e01bc"},"alternateName":"Noticias de la Industria Turistica","potentialAction":[{"@type":"SearchAction","target":{"@type":"EntryPoint","urlTemplate":"https:\/\/nitu.mx\/?s={search_term_string}"},"query-input":"required name=search_term_string"}],"inLanguage":"es-MX"},{"@type":["Person","Organization"],"@id":"https:\/\/nitu.mx\/#\/schema\/person\/ae7a53426417292d3dd07b45a33e01bc","name":"Arturo Medina","image":{"@type":"ImageObject","inLanguage":"es-MX","@id":"https:\/\/nitu.mx\/#\/schema\/person\/image\/","url":"https:\/\/nitu.mx\/wp-content\/uploads\/2024\/04\/4A315622-1904-4D5C-B022-878CDC840E04-90x90-1.jpeg","contentUrl":"https:\/\/nitu.mx\/wp-content\/uploads\/2024\/04\/4A315622-1904-4D5C-B022-878CDC840E04-90x90-1.jpeg","width":90,"height":90,"caption":"Arturo Medina"},"logo":{"@id":"https:\/\/nitu.mx\/#\/schema\/person\/image\/"},"description":"Director NITU.mx, Egresado de la Escuela de Periodismo Carlos Septi\u00e9n Garc\u00eda. Periodista y analista especializado en turismo desde hace 35 a\u00f1os, radicado en Canc\u00fan Q.Roo. arturo@nitu.mx","sameAs":["https:\/\/nitu.mx","https:\/\/www.facebook.com\/NITUmx\/","medinacancun","https:\/\/twitter.com\/@Arturo_Medina_G"]},{"@type":"Person","@id":"https:\/\/nitu.mx\/#\/schema\/person\/4a28fe9bd65924f7c90623773daf1b0b","name":"Redacci\u00f3n","image":{"@type":"ImageObject","inLanguage":"es-MX","@id":"https:\/\/nitu.mx\/#\/schema\/person\/image\/","url":"https:\/\/secure.gravatar.com\/avatar\/5dd011c8ccfc5cd7e4c81e42252aab38?s=96&d=mm&r=g","contentUrl":"https:\/\/secure.gravatar.com\/avatar\/5dd011c8ccfc5cd7e4c81e42252aab38?s=96&d=mm&r=g","caption":"Redacci\u00f3n"},"url":"https:\/\/nitu.mx\/index.php\/author\/redaccion\/"}]}},"views":209,"_links":{"self":[{"href":"https:\/\/nitu.mx\/index.php\/wp-json\/wp\/v2\/posts\/5816"}],"collection":[{"href":"https:\/\/nitu.mx\/index.php\/wp-json\/wp\/v2\/posts"}],"about":[{"href":"https:\/\/nitu.mx\/index.php\/wp-json\/wp\/v2\/types\/post"}],"author":[{"embeddable":true,"href":"https:\/\/nitu.mx\/index.php\/wp-json\/wp\/v2\/users\/17"}],"replies":[{"embeddable":true,"href":"https:\/\/nitu.mx\/index.php\/wp-json\/wp\/v2\/comments?post=5816"}],"version-history":[{"count":3,"href":"https:\/\/nitu.mx\/index.php\/wp-json\/wp\/v2\/posts\/5816\/revisions"}],"predecessor-version":[{"id":5849,"href":"https:\/\/nitu.mx\/index.php\/wp-json\/wp\/v2\/posts\/5816\/revisions\/5849"}],"wp:featuredmedia":[{"embeddable":true,"href":"https:\/\/nitu.mx\/index.php\/wp-json\/wp\/v2\/media\/5848"}],"wp:attachment":[{"href":"https:\/\/nitu.mx\/index.php\/wp-json\/wp\/v2\/media?parent=5816"}],"wp:term":[{"taxonomy":"category","embeddable":true,"href":"https:\/\/nitu.mx\/index.php\/wp-json\/wp\/v2\/categories?post=5816"},{"taxonomy":"post_tag","embeddable":true,"href":"https:\/\/nitu.mx\/index.php\/wp-json\/wp\/v2\/tags?post=5816"}],"curies":[{"name":"wp","href":"https:\/\/api.w.org\/{rel}","templated":true}]}}