{"id":5803,"date":"2017-01-11T00:44:41","date_gmt":"2017-01-11T05:44:41","guid":{"rendered":"http:\/\/www.dev.nitu.mx\/?p=5803"},"modified":"2017-01-11T01:07:00","modified_gmt":"2017-01-11T06:07:00","slug":"travel-shop-celebra-su-tercer-aniversario","status":"publish","type":"post","link":"https:\/\/nitu.mx\/index.php\/2017\/01\/11\/travel-shop-celebra-su-tercer-aniversario\/","title":{"rendered":"Travel Shop celebra su tercer aniversario"},"content":{"rendered":"<p>La operadora mayorista de Mundo Joven, Travel Shop, est\u00e1 celebrando tres a\u00f1os de nacimiento, al mando de Miguel Galicia, un turistero en toda la extensi\u00f3n de la palabra, quien fuera por varios a\u00f1os el director operativo de Juli\u00e1 Tours en M\u00e9xico.<\/p>\n<p>Galicia, con su equipo de profesionales conformado por Marcela S\u00e1nchez y Stephani Gonz\u00e1lez, ha forjado una de las operadoras m\u00e1s competitivas del pa\u00eds, la cual esta convencida de que el canal de las agencias de viajes a pesar de diversos pron\u00f3sticos, tiene un gran futuro.<\/p>\n<p>El directivo refiri\u00f3 que este a\u00f1o ser\u00e1 clave para la operadora, la cual a la fecha esta conformada por un equipo de 40 personas y cinco \u00e1reas de trabajo: Operaciones, Producto y Marketing, Comercial, Tecnolog\u00eda y Administraci\u00f3n.<\/p>\n<p>En tan solo tres a\u00f1os, Travel Shop ha desarrollado una l\u00ednea de producto flexible y de calidad respaldada por reconocidos proveedores alrededor del mundo, aerol\u00edneas clave y por algunos organismos de turismo que han visto en Travel Shop un socio estrat\u00e9gico.<\/p>\n<p>En Am\u00e9rica Latina son l\u00edderes en destinos encabezados por Per\u00fa, Costa Rica y Colombia, en tanto en Europa se han apoyado con los tour operadores m\u00e1s importantes de habla hispana como Surland, Panavisi\u00f3n, Travel Plan o VPT.<\/p>\n<p>En cuanto a n\u00fameros se refiere, la operadora tuvo un muy buen 2016, ya que cerr\u00f3 con un importante crecimiento y lanz\u00f3 la segunda etapa de su plataforma web con un enfoque B2B, con m\u00e1s de 500 programas por diferentes destinos, as\u00ed como variantes en hoteler\u00eda e itinerarios en su renovada p\u00e1gina TRAVELSHOP.COM.MX<\/p>\n<p>Otro punto a destacar, fue su crecimiento en el mercado mexicano a destinos como Baja California y su regi\u00f3n vin\u00edcola, la Huasteca Potosina, Campeche, Chiapas, Puebla y sus Pueblos M\u00e1gicos, Yucat\u00e1n, Chihuahua, entre otros. Durante este a\u00f1o la agencia tambi\u00e9n le estar\u00e1 apostando a Canad\u00e1 con diversos circuitos y viajes en tren o auto.<\/p>\n","protected":false},"excerpt":{"rendered":"<p>La operadora mayorista de Mundo Joven, Travel Shop, est\u00e1 celebrando tres a\u00f1os de nacimiento, al mando de Miguel Galicia, un turistero en toda la extensi\u00f3n de la palabra, quien fuera por varios a\u00f1os el director operativo de Juli\u00e1 Tours en M\u00e9xico. Galicia, con su equipo de profesionales conformado por Marcela S\u00e1nchez y Stephani Gonz\u00e1lez, ha [&hellip;]<\/p>\n","protected":false},"author":17,"featured_media":5812,"comment_status":"open","ping_status":"open","sticky":false,"template":"","format":"standard","meta":{"footnotes":""},"categories":[3],"tags":[2615,2616,311,2619,2617,2618,2620,2614,2621],"yoast_head":"<!-- This site is optimized with the Yoast SEO plugin v22.2 - https:\/\/yoast.com\/wordpress\/plugins\/seo\/ -->\n<title>Travel Shop celebra su tercer aniversario - Nitu - Noticias de la Industria Turistica<\/title>\n<meta name=\"description\" content=\"Travel Shop, est\u00e1 celebrando tres a\u00f1os de nacimiento, al mando de Miguel Galicia, con su equipo conformado por Marcela S\u00e1nchez y Stephani Gonz\u00e1lez.\" \/>\n<meta name=\"robots\" content=\"index, follow, max-snippet:-1, max-image-preview:large, max-video-preview:-1\" \/>\n<link rel=\"canonical\" href=\"https:\/\/nitu.mx\/index.php\/2017\/01\/11\/travel-shop-celebra-su-tercer-aniversario\/\" \/>\n<meta name=\"twitter:card\" content=\"summary_large_image\" \/>\n<meta name=\"twitter:title\" content=\"Travel Shop celebra su tercer aniversario - Nitu - Noticias de la Industria Turistica\" \/>\n<meta name=\"twitter:description\" content=\"Travel Shop, est\u00e1 celebrando tres a\u00f1os de nacimiento, al mando de Miguel Galicia, con su equipo conformado por Marcela S\u00e1nchez y Stephani Gonz\u00e1lez.\" \/>\n<meta name=\"twitter:image\" content=\"https:\/\/nitu.mx\/wp-content\/uploads\/2017\/01\/Travel-Shop.jpg\" \/>\n<meta name=\"twitter:creator\" content=\"@NITUmx\" \/>\n<meta name=\"twitter:site\" content=\"@Arturo_Medina_G\" \/>\n<meta name=\"twitter:label1\" content=\"Escrito por\" \/>\n\t<meta name=\"twitter:data1\" content=\"Redacci\u00f3n\" \/>\n\t<meta name=\"twitter:label2\" content=\"Tiempo de lectura\" \/>\n\t<meta name=\"twitter:data2\" content=\"2 minutos\" \/>\n<script type=\"application\/ld+json\" class=\"yoast-schema-graph\">{\"@context\":\"https:\/\/schema.org\",\"@graph\":[{\"@type\":\"Article\",\"@id\":\"https:\/\/nitu.mx\/index.php\/2017\/01\/11\/travel-shop-celebra-su-tercer-aniversario\/#article\",\"isPartOf\":{\"@id\":\"https:\/\/nitu.mx\/index.php\/2017\/01\/11\/travel-shop-celebra-su-tercer-aniversario\/\"},\"author\":{\"name\":\"Redacci\u00f3n\",\"@id\":\"https:\/\/nitu.mx\/#\/schema\/person\/4a28fe9bd65924f7c90623773daf1b0b\"},\"headline\":\"Travel Shop celebra su tercer aniversario\",\"datePublished\":\"2017-01-11T05:44:41+00:00\",\"dateModified\":\"2017-01-11T06:07:00+00:00\",\"mainEntityOfPage\":{\"@id\":\"https:\/\/nitu.mx\/index.php\/2017\/01\/11\/travel-shop-celebra-su-tercer-aniversario\/\"},\"wordCount\":344,\"commentCount\":0,\"publisher\":{\"@id\":\"https:\/\/nitu.mx\/#\/schema\/person\/ae7a53426417292d3dd07b45a33e01bc\"},\"image\":{\"@id\":\"https:\/\/nitu.mx\/index.php\/2017\/01\/11\/travel-shop-celebra-su-tercer-aniversario\/#primaryimage\"},\"thumbnailUrl\":\"https:\/\/nitu.mx\/wp-content\/uploads\/2017\/01\/Travel-Shop.jpg\",\"keywords\":[\"Juli\u00e1 Tours M\u00e9xico\",\"Marcela S\u00e1nchez\",\"Mundo Joven\",\"Panavisi\u00f3n\",\"Stephani Gonz\u00e1lez\",\"Surland\",\"Travel Plan\",\"Travel Shop\",\"VPT\"],\"articleSection\":[\"Agencias de Viajes\"],\"inLanguage\":\"es-MX\",\"potentialAction\":[{\"@type\":\"CommentAction\",\"name\":\"Comment\",\"target\":[\"https:\/\/nitu.mx\/index.php\/2017\/01\/11\/travel-shop-celebra-su-tercer-aniversario\/#respond\"]}]},{\"@type\":\"WebPage\",\"@id\":\"https:\/\/nitu.mx\/index.php\/2017\/01\/11\/travel-shop-celebra-su-tercer-aniversario\/\",\"url\":\"https:\/\/nitu.mx\/index.php\/2017\/01\/11\/travel-shop-celebra-su-tercer-aniversario\/\",\"name\":\"Travel Shop celebra su tercer aniversario - Nitu - Noticias de la Industria Turistica\",\"isPartOf\":{\"@id\":\"https:\/\/nitu.mx\/#website\"},\"primaryImageOfPage\":{\"@id\":\"https:\/\/nitu.mx\/index.php\/2017\/01\/11\/travel-shop-celebra-su-tercer-aniversario\/#primaryimage\"},\"image\":{\"@id\":\"https:\/\/nitu.mx\/index.php\/2017\/01\/11\/travel-shop-celebra-su-tercer-aniversario\/#primaryimage\"},\"thumbnailUrl\":\"https:\/\/nitu.mx\/wp-content\/uploads\/2017\/01\/Travel-Shop.jpg\",\"datePublished\":\"2017-01-11T05:44:41+00:00\",\"dateModified\":\"2017-01-11T06:07:00+00:00\",\"description\":\"Travel Shop, est\u00e1 celebrando tres a\u00f1os de nacimiento, al mando de Miguel Galicia, con su equipo conformado por Marcela S\u00e1nchez y Stephani Gonz\u00e1lez.\",\"breadcrumb\":{\"@id\":\"https:\/\/nitu.mx\/index.php\/2017\/01\/11\/travel-shop-celebra-su-tercer-aniversario\/#breadcrumb\"},\"inLanguage\":\"es-MX\",\"potentialAction\":[{\"@type\":\"ReadAction\",\"target\":[\"https:\/\/nitu.mx\/index.php\/2017\/01\/11\/travel-shop-celebra-su-tercer-aniversario\/\"]}]},{\"@type\":\"ImageObject\",\"inLanguage\":\"es-MX\",\"@id\":\"https:\/\/nitu.mx\/index.php\/2017\/01\/11\/travel-shop-celebra-su-tercer-aniversario\/#primaryimage\",\"url\":\"https:\/\/nitu.mx\/wp-content\/uploads\/2017\/01\/Travel-Shop.jpg\",\"contentUrl\":\"https:\/\/nitu.mx\/wp-content\/uploads\/2017\/01\/Travel-Shop.jpg\",\"width\":748,\"height\":413,\"caption\":\"Travel Shop\"},{\"@type\":\"BreadcrumbList\",\"@id\":\"https:\/\/nitu.mx\/index.php\/2017\/01\/11\/travel-shop-celebra-su-tercer-aniversario\/#breadcrumb\",\"itemListElement\":[{\"@type\":\"ListItem\",\"position\":1,\"name\":\"Inicio\",\"item\":\"https:\/\/nitu.mx\/\"},{\"@type\":\"ListItem\",\"position\":2,\"name\":\"Travel Shop celebra su tercer aniversario\"}]},{\"@type\":\"WebSite\",\"@id\":\"https:\/\/nitu.mx\/#website\",\"url\":\"https:\/\/nitu.mx\/\",\"name\":\"Nitu - Noticias de la Industria Turistica\",\"description\":\"Noticias de la Industria Turistica\",\"publisher\":{\"@id\":\"https:\/\/nitu.mx\/#\/schema\/person\/ae7a53426417292d3dd07b45a33e01bc\"},\"alternateName\":\"Noticias de la Industria Turistica\",\"potentialAction\":[{\"@type\":\"SearchAction\",\"target\":{\"@type\":\"EntryPoint\",\"urlTemplate\":\"https:\/\/nitu.mx\/?s={search_term_string}\"},\"query-input\":\"required name=search_term_string\"}],\"inLanguage\":\"es-MX\"},{\"@type\":[\"Person\",\"Organization\"],\"@id\":\"https:\/\/nitu.mx\/#\/schema\/person\/ae7a53426417292d3dd07b45a33e01bc\",\"name\":\"Arturo Medina\",\"image\":{\"@type\":\"ImageObject\",\"inLanguage\":\"es-MX\",\"@id\":\"https:\/\/nitu.mx\/#\/schema\/person\/image\/\",\"url\":\"https:\/\/nitu.mx\/wp-content\/uploads\/2024\/04\/4A315622-1904-4D5C-B022-878CDC840E04-90x90-1.jpeg\",\"contentUrl\":\"https:\/\/nitu.mx\/wp-content\/uploads\/2024\/04\/4A315622-1904-4D5C-B022-878CDC840E04-90x90-1.jpeg\",\"width\":90,\"height\":90,\"caption\":\"Arturo Medina\"},\"logo\":{\"@id\":\"https:\/\/nitu.mx\/#\/schema\/person\/image\/\"},\"description\":\"Director NITU.mx, Egresado de la Escuela de Periodismo Carlos Septi\u00e9n Garc\u00eda. Periodista y analista especializado en turismo desde hace 35 a\u00f1os, radicado en Canc\u00fan Q.Roo. arturo@nitu.mx\",\"sameAs\":[\"https:\/\/nitu.mx\",\"https:\/\/www.facebook.com\/NITUmx\/\",\"medinacancun\",\"https:\/\/twitter.com\/@Arturo_Medina_G\"]},{\"@type\":\"Person\",\"@id\":\"https:\/\/nitu.mx\/#\/schema\/person\/4a28fe9bd65924f7c90623773daf1b0b\",\"name\":\"Redacci\u00f3n\",\"image\":{\"@type\":\"ImageObject\",\"inLanguage\":\"es-MX\",\"@id\":\"https:\/\/nitu.mx\/#\/schema\/person\/image\/\",\"url\":\"https:\/\/secure.gravatar.com\/avatar\/5dd011c8ccfc5cd7e4c81e42252aab38?s=96&d=mm&r=g\",\"contentUrl\":\"https:\/\/secure.gravatar.com\/avatar\/5dd011c8ccfc5cd7e4c81e42252aab38?s=96&d=mm&r=g\",\"caption\":\"Redacci\u00f3n\"},\"url\":\"https:\/\/nitu.mx\/index.php\/author\/redaccion\/\"}]}<\/script>\n<!-- \/ Yoast SEO plugin. -->","yoast_head_json":{"title":"Travel Shop celebra su tercer aniversario - Nitu - Noticias de la Industria Turistica","description":"Travel Shop, est\u00e1 celebrando tres a\u00f1os de nacimiento, al mando de Miguel Galicia, con su equipo conformado por Marcela S\u00e1nchez y Stephani Gonz\u00e1lez.","robots":{"index":"index","follow":"follow","max-snippet":"max-snippet:-1","max-image-preview":"max-image-preview:large","max-video-preview":"max-video-preview:-1"},"canonical":"https:\/\/nitu.mx\/index.php\/2017\/01\/11\/travel-shop-celebra-su-tercer-aniversario\/","twitter_card":"summary_large_image","twitter_title":"Travel Shop celebra su tercer aniversario - Nitu - Noticias de la Industria Turistica","twitter_description":"Travel Shop, est\u00e1 celebrando tres a\u00f1os de nacimiento, al mando de Miguel Galicia, con su equipo conformado por Marcela S\u00e1nchez y Stephani Gonz\u00e1lez.","twitter_image":"https:\/\/nitu.mx\/wp-content\/uploads\/2017\/01\/Travel-Shop.jpg","twitter_creator":"@NITUmx","twitter_site":"@Arturo_Medina_G","twitter_misc":{"Escrito por":"Redacci\u00f3n","Tiempo de lectura":"2 minutos"},"schema":{"@context":"https:\/\/schema.org","@graph":[{"@type":"Article","@id":"https:\/\/nitu.mx\/index.php\/2017\/01\/11\/travel-shop-celebra-su-tercer-aniversario\/#article","isPartOf":{"@id":"https:\/\/nitu.mx\/index.php\/2017\/01\/11\/travel-shop-celebra-su-tercer-aniversario\/"},"author":{"name":"Redacci\u00f3n","@id":"https:\/\/nitu.mx\/#\/schema\/person\/4a28fe9bd65924f7c90623773daf1b0b"},"headline":"Travel Shop celebra su tercer aniversario","datePublished":"2017-01-11T05:44:41+00:00","dateModified":"2017-01-11T06:07:00+00:00","mainEntityOfPage":{"@id":"https:\/\/nitu.mx\/index.php\/2017\/01\/11\/travel-shop-celebra-su-tercer-aniversario\/"},"wordCount":344,"commentCount":0,"publisher":{"@id":"https:\/\/nitu.mx\/#\/schema\/person\/ae7a53426417292d3dd07b45a33e01bc"},"image":{"@id":"https:\/\/nitu.mx\/index.php\/2017\/01\/11\/travel-shop-celebra-su-tercer-aniversario\/#primaryimage"},"thumbnailUrl":"https:\/\/nitu.mx\/wp-content\/uploads\/2017\/01\/Travel-Shop.jpg","keywords":["Juli\u00e1 Tours M\u00e9xico","Marcela S\u00e1nchez","Mundo Joven","Panavisi\u00f3n","Stephani Gonz\u00e1lez","Surland","Travel Plan","Travel Shop","VPT"],"articleSection":["Agencias de Viajes"],"inLanguage":"es-MX","potentialAction":[{"@type":"CommentAction","name":"Comment","target":["https:\/\/nitu.mx\/index.php\/2017\/01\/11\/travel-shop-celebra-su-tercer-aniversario\/#respond"]}]},{"@type":"WebPage","@id":"https:\/\/nitu.mx\/index.php\/2017\/01\/11\/travel-shop-celebra-su-tercer-aniversario\/","url":"https:\/\/nitu.mx\/index.php\/2017\/01\/11\/travel-shop-celebra-su-tercer-aniversario\/","name":"Travel Shop celebra su tercer aniversario - Nitu - Noticias de la Industria Turistica","isPartOf":{"@id":"https:\/\/nitu.mx\/#website"},"primaryImageOfPage":{"@id":"https:\/\/nitu.mx\/index.php\/2017\/01\/11\/travel-shop-celebra-su-tercer-aniversario\/#primaryimage"},"image":{"@id":"https:\/\/nitu.mx\/index.php\/2017\/01\/11\/travel-shop-celebra-su-tercer-aniversario\/#primaryimage"},"thumbnailUrl":"https:\/\/nitu.mx\/wp-content\/uploads\/2017\/01\/Travel-Shop.jpg","datePublished":"2017-01-11T05:44:41+00:00","dateModified":"2017-01-11T06:07:00+00:00","description":"Travel Shop, est\u00e1 celebrando tres a\u00f1os de nacimiento, al mando de Miguel Galicia, con su equipo conformado por Marcela S\u00e1nchez y Stephani Gonz\u00e1lez.","breadcrumb":{"@id":"https:\/\/nitu.mx\/index.php\/2017\/01\/11\/travel-shop-celebra-su-tercer-aniversario\/#breadcrumb"},"inLanguage":"es-MX","potentialAction":[{"@type":"ReadAction","target":["https:\/\/nitu.mx\/index.php\/2017\/01\/11\/travel-shop-celebra-su-tercer-aniversario\/"]}]},{"@type":"ImageObject","inLanguage":"es-MX","@id":"https:\/\/nitu.mx\/index.php\/2017\/01\/11\/travel-shop-celebra-su-tercer-aniversario\/#primaryimage","url":"https:\/\/nitu.mx\/wp-content\/uploads\/2017\/01\/Travel-Shop.jpg","contentUrl":"https:\/\/nitu.mx\/wp-content\/uploads\/2017\/01\/Travel-Shop.jpg","width":748,"height":413,"caption":"Travel Shop"},{"@type":"BreadcrumbList","@id":"https:\/\/nitu.mx\/index.php\/2017\/01\/11\/travel-shop-celebra-su-tercer-aniversario\/#breadcrumb","itemListElement":[{"@type":"ListItem","position":1,"name":"Inicio","item":"https:\/\/nitu.mx\/"},{"@type":"ListItem","position":2,"name":"Travel Shop celebra su tercer aniversario"}]},{"@type":"WebSite","@id":"https:\/\/nitu.mx\/#website","url":"https:\/\/nitu.mx\/","name":"Nitu - Noticias de la Industria Turistica","description":"Noticias de la Industria Turistica","publisher":{"@id":"https:\/\/nitu.mx\/#\/schema\/person\/ae7a53426417292d3dd07b45a33e01bc"},"alternateName":"Noticias de la Industria Turistica","potentialAction":[{"@type":"SearchAction","target":{"@type":"EntryPoint","urlTemplate":"https:\/\/nitu.mx\/?s={search_term_string}"},"query-input":"required name=search_term_string"}],"inLanguage":"es-MX"},{"@type":["Person","Organization"],"@id":"https:\/\/nitu.mx\/#\/schema\/person\/ae7a53426417292d3dd07b45a33e01bc","name":"Arturo Medina","image":{"@type":"ImageObject","inLanguage":"es-MX","@id":"https:\/\/nitu.mx\/#\/schema\/person\/image\/","url":"https:\/\/nitu.mx\/wp-content\/uploads\/2024\/04\/4A315622-1904-4D5C-B022-878CDC840E04-90x90-1.jpeg","contentUrl":"https:\/\/nitu.mx\/wp-content\/uploads\/2024\/04\/4A315622-1904-4D5C-B022-878CDC840E04-90x90-1.jpeg","width":90,"height":90,"caption":"Arturo Medina"},"logo":{"@id":"https:\/\/nitu.mx\/#\/schema\/person\/image\/"},"description":"Director NITU.mx, Egresado de la Escuela de Periodismo Carlos Septi\u00e9n Garc\u00eda. Periodista y analista especializado en turismo desde hace 35 a\u00f1os, radicado en Canc\u00fan Q.Roo. arturo@nitu.mx","sameAs":["https:\/\/nitu.mx","https:\/\/www.facebook.com\/NITUmx\/","medinacancun","https:\/\/twitter.com\/@Arturo_Medina_G"]},{"@type":"Person","@id":"https:\/\/nitu.mx\/#\/schema\/person\/4a28fe9bd65924f7c90623773daf1b0b","name":"Redacci\u00f3n","image":{"@type":"ImageObject","inLanguage":"es-MX","@id":"https:\/\/nitu.mx\/#\/schema\/person\/image\/","url":"https:\/\/secure.gravatar.com\/avatar\/5dd011c8ccfc5cd7e4c81e42252aab38?s=96&d=mm&r=g","contentUrl":"https:\/\/secure.gravatar.com\/avatar\/5dd011c8ccfc5cd7e4c81e42252aab38?s=96&d=mm&r=g","caption":"Redacci\u00f3n"},"url":"https:\/\/nitu.mx\/index.php\/author\/redaccion\/"}]}},"views":306,"_links":{"self":[{"href":"https:\/\/nitu.mx\/index.php\/wp-json\/wp\/v2\/posts\/5803"}],"collection":[{"href":"https:\/\/nitu.mx\/index.php\/wp-json\/wp\/v2\/posts"}],"about":[{"href":"https:\/\/nitu.mx\/index.php\/wp-json\/wp\/v2\/types\/post"}],"author":[{"embeddable":true,"href":"https:\/\/nitu.mx\/index.php\/wp-json\/wp\/v2\/users\/17"}],"replies":[{"embeddable":true,"href":"https:\/\/nitu.mx\/index.php\/wp-json\/wp\/v2\/comments?post=5803"}],"version-history":[{"count":3,"href":"https:\/\/nitu.mx\/index.php\/wp-json\/wp\/v2\/posts\/5803\/revisions"}],"predecessor-version":[{"id":5809,"href":"https:\/\/nitu.mx\/index.php\/wp-json\/wp\/v2\/posts\/5803\/revisions\/5809"}],"wp:featuredmedia":[{"embeddable":true,"href":"https:\/\/nitu.mx\/index.php\/wp-json\/wp\/v2\/media\/5812"}],"wp:attachment":[{"href":"https:\/\/nitu.mx\/index.php\/wp-json\/wp\/v2\/media?parent=5803"}],"wp:term":[{"taxonomy":"category","embeddable":true,"href":"https:\/\/nitu.mx\/index.php\/wp-json\/wp\/v2\/categories?post=5803"},{"taxonomy":"post_tag","embeddable":true,"href":"https:\/\/nitu.mx\/index.php\/wp-json\/wp\/v2\/tags?post=5803"}],"curies":[{"name":"wp","href":"https:\/\/api.w.org\/{rel}","templated":true}]}}