{"id":57963,"date":"2022-02-08T17:36:24","date_gmt":"2022-02-08T22:36:24","guid":{"rendered":"https:\/\/www.dev.nitu.mx\/?p=57963"},"modified":"2022-02-09T00:56:24","modified_gmt":"2022-02-09T05:56:24","slug":"viva-aerobus-amplia-conectividad-de-cancun-con-ruta-a-medellin","status":"publish","type":"post","link":"https:\/\/nitu.mx\/index.php\/2022\/02\/08\/viva-aerobus-amplia-conectividad-de-cancun-con-ruta-a-medellin\/","title":{"rendered":"Viva Aerobus ampl\u00eda conectividad de Canc\u00fan con ruta a Medell\u00edn"},"content":{"rendered":"<p>Viva Aerobus anunci\u00f3 el lanzamiento de sus dos nuevas rutas internacionales a Colombia, las cuales conectar\u00e1n Canc\u00fan y Ciudad de M\u00e9xico con Medell\u00edn.<\/p>\n<p>En conferencia de prensa, el director general de Viva Aerobus, Juan Carlos Zuazua, detall\u00f3 que la ruta Medell\u00edn \u2013 Canc\u00fan comenzar\u00e1 a volar el 8 de abril con tres frecuencias a la semana (lunes, mi\u00e9rcoles y viernes) y boletos est\u00e1n desde los 30 d\u00f3lares en viaje sencillo, m\u00e1s la Tarifa de Uso Aeroportuario (TUA).<\/p>\n<p>La ruta Medell\u00edn \u2013 Ciudad de M\u00e9xico iniciar\u00e1 operaciones tambi\u00e9n el 8 de abril con un vuelo diario a precios desde los 24 d\u00f3lares en viaje sencillo, m\u00e1s la TUA.<\/p>\n<p>Los vuelos ser\u00e1n operados con aeronaves Airbus A320 con capacidad para 186 pasajeros que forman parte de la flota m\u00e1s joven de M\u00e9xico. Se\u00a0estima que estas rutas generar\u00e1n un flujo de 180 mil pasajeros al a\u00f1o entre ambas naciones.<\/p>\n<p>Viva Aerobus irrumpi\u00f3 en el mercado sudamericano el 2021 con la inauguraci\u00f3n de sus vuelos a Bogot\u00e1 desde\/hacia Canc\u00fan y la Ciudad de M\u00e9xico; y, con el anuncio de hoy, ya suma cuatro rutas a Colombia en menos de un a\u00f1o desde su llegada a este pa\u00eds.<\/p>\n<p>Esta oferta de Viva Aerobus en Colombia est\u00e1 dise\u00f1ada estrat\u00e9gicamente para atender uno de los mercados a\u00e9reos m\u00e1s din\u00e1micos de Latinoam\u00e9rica por el alto flujo de pasajeros que viajan entre M\u00e9xico y Colombia.<\/p>\n<p>Por un lado, de acuerdo con la m\u00e1s\u00a0reciente informaci\u00f3n de la Secretar\u00eda de Turismo (Sectur), en 2021, Colombia se posicion\u00f3 como el tercer pa\u00eds que m\u00e1s visitantes extranjeros v\u00eda a\u00e9rea envi\u00f3 a M\u00e9xico, s\u00f3lo por debajo de Estados Unidos y Canad\u00e1; y arriba de pa\u00edses como Brasil, Espa\u00f1a y Venezuela.<\/p>\n<p>En el 2021, se registr\u00f3 la entrada de m\u00e1s de 454 mil pasajeros colombianos, lo que represent\u00f3 un 3.2 por ciento del total de visitantes a\u00e9reos internacionales en M\u00e9xico.<\/p>\n<p>Por su parte, de acuerdo con el \u00faltimo\u00a0informe de Turismo del Gobierno de Colombia, correspondiente al periodo enero &#8211; octubre 2021, M\u00e9xico ocup\u00f3 el tercer puesto entre los pa\u00edses que generaron un mayor flujo de visitantes extranjeros no residentes a Colombia, tan s\u00f3lo detr\u00e1s de Estados Unidos y Venezuela.<\/p>\n<p>\u201cCon nuestras dos nuevas rutas a Medell\u00edn, seguimos acercando a dos pa\u00edses que comparten grandes lazos comerciales, culturales y con gran potencial tur\u00edstico para beneficio de todos los pasajeros gracias a nuestra misi\u00f3n de Ser Siempre Seguros, Siempre Confiables y Siempre Precios Bajos\u201d, mencion\u00f3 Juan Carlos Zuazua.<\/p>\n<p>Como parte de los beneficios que se ofrecen a los viajeros en estos trayectos, bajo el acuerdo interl\u00ednea existente entre la aerol\u00ednea colombiana Viva Air y Viva Aerobus, los pasajeros pueden adquirir los boletos para volar estas dos rutas desde el sitio web o aplicaciones de ambas aerol\u00edneas con acceso a los itinerarios tanto de Viva Air como de Viva Aerobus y combinar as\u00ed su trayecto con la opci\u00f3n m\u00e1s conveniente.<\/p>\n<p>En el anuncio de estas rutas, el secretario de Turismo, Miguel Torruco, coment\u00f3 \u00a0\u201cEn la tarea de captar un mayor n\u00famero de divisas, diversificar mercados y regionalizar el turismo, la conectividad a\u00e9rea es pieza medular y con estos nuevos vuelos de Viva Aerobus, empresa 100% mexicana que cuenta con 142 rutas a 59 destinos tanto nacionales como internacionales, esta tarea se ver\u00e1 fortalecida\u201d.<\/p>\n<p>Por su parte, \u00c1ngela Ospina de Nicholls, embajadora de Colombia en M\u00e9xico, se\u00f1al\u00f3 \u201cLa conectividad, en el caso de Colombia y M\u00e9xico, es algo clave porque somos pa\u00edses amigos\u201d.<\/p>\n<p>\u201cEl turismo es una gran fuente econ\u00f3mica y, adem\u00e1s, esta conectividad permite acercamientos comerciales para ambos pa\u00edses. Por ello, me complace anunciar estas nuevas rutas a Medell\u00edn, ciudad de la eterna primavera\u201d, concluy\u00f3.\u00a0<a title=\"Viva Aerobus sigue crecimiento con 1.45 millones de pasajeros en enero\" href=\"https:\/\/www.dev.nitu.mx\/index.php\/2022\/02\/07\/viva-aerobus-sigue-crecimiento-con-1-45-millones-de-pasajeros-en-enero\/\" rel=\"bookmark\">(Viva Aerobus sigue crecimiento con 1.45 millones de pasajeros en enero<\/a>).<\/p>\n","protected":false},"excerpt":{"rendered":"<p>Viva Aerobus anunci\u00f3 el lanzamiento de sus dos nuevas rutas internacionales a Colombia, las cuales conectar\u00e1n Canc\u00fan y Ciudad de M\u00e9xico con Medell\u00edn. En conferencia de prensa, el director general de Viva Aerobus, Juan Carlos Zuazua, detall\u00f3 que la ruta Medell\u00edn \u2013 Canc\u00fan comenzar\u00e1 a volar el 8 de abril con tres frecuencias a la [&hellip;]<\/p>\n","protected":false},"author":17,"featured_media":57966,"comment_status":"open","ping_status":"open","sticky":false,"template":"","format":"standard","meta":{"footnotes":""},"categories":[29],"tags":[43,587,224,295,3151,910,4592,93,2102],"yoast_head":"<!-- This site is optimized with the Yoast SEO plugin v22.2 - https:\/\/yoast.com\/wordpress\/plugins\/seo\/ -->\n<title>Viva Aerobus ampl\u00eda conectividad de Canc\u00fan con ruta a Medell\u00edn - Nitu - Noticias de la Industria Turistica<\/title>\n<meta name=\"robots\" content=\"index, follow, max-snippet:-1, max-image-preview:large, max-video-preview:-1\" \/>\n<link rel=\"canonical\" href=\"https:\/\/nitu.mx\/index.php\/2022\/02\/08\/viva-aerobus-amplia-conectividad-de-cancun-con-ruta-a-medellin\/\" \/>\n<meta name=\"twitter:card\" content=\"summary_large_image\" \/>\n<meta name=\"twitter:title\" content=\"Viva Aerobus ampl\u00eda conectividad de Canc\u00fan con ruta a Medell\u00edn - Nitu - Noticias de la Industria Turistica\" \/>\n<meta name=\"twitter:description\" content=\"Viva Aerobus anunci\u00f3 el lanzamiento de sus dos nuevas rutas internacionales a Colombia, las cuales conectar\u00e1n Canc\u00fan y Ciudad de M\u00e9xico con Medell\u00edn. En conferencia de prensa, el director general de Viva Aerobus, Juan Carlos Zuazua, detall\u00f3 que la ruta Medell\u00edn \u2013 Canc\u00fan comenzar\u00e1 a volar el 8 de abril con tres frecuencias a la [&hellip;]\" \/>\n<meta name=\"twitter:image\" content=\"https:\/\/nitu.mx\/wp-content\/uploads\/2022\/02\/Viva-Aerobus-rutas-Canc\u00fan-CDMX-Medell\u00edn.jpg\" \/>\n<meta name=\"twitter:creator\" content=\"@NITUmx\" \/>\n<meta name=\"twitter:site\" content=\"@Arturo_Medina_G\" \/>\n<meta name=\"twitter:label1\" content=\"Escrito por\" \/>\n\t<meta name=\"twitter:data1\" content=\"Redacci\u00f3n\" \/>\n\t<meta name=\"twitter:label2\" content=\"Tiempo de lectura\" \/>\n\t<meta name=\"twitter:data2\" content=\"3 minutos\" \/>\n<script type=\"application\/ld+json\" class=\"yoast-schema-graph\">{\"@context\":\"https:\/\/schema.org\",\"@graph\":[{\"@type\":\"Article\",\"@id\":\"https:\/\/nitu.mx\/index.php\/2022\/02\/08\/viva-aerobus-amplia-conectividad-de-cancun-con-ruta-a-medellin\/#article\",\"isPartOf\":{\"@id\":\"https:\/\/nitu.mx\/index.php\/2022\/02\/08\/viva-aerobus-amplia-conectividad-de-cancun-con-ruta-a-medellin\/\"},\"author\":{\"name\":\"Redacci\u00f3n\",\"@id\":\"https:\/\/nitu.mx\/#\/schema\/person\/4a28fe9bd65924f7c90623773daf1b0b\"},\"headline\":\"Viva Aerobus ampl\u00eda conectividad de Canc\u00fan con ruta a Medell\u00edn\",\"datePublished\":\"2022-02-08T22:36:24+00:00\",\"dateModified\":\"2022-02-09T05:56:24+00:00\",\"mainEntityOfPage\":{\"@id\":\"https:\/\/nitu.mx\/index.php\/2022\/02\/08\/viva-aerobus-amplia-conectividad-de-cancun-con-ruta-a-medellin\/\"},\"wordCount\":676,\"commentCount\":0,\"publisher\":{\"@id\":\"https:\/\/nitu.mx\/#\/schema\/person\/ae7a53426417292d3dd07b45a33e01bc\"},\"image\":{\"@id\":\"https:\/\/nitu.mx\/index.php\/2022\/02\/08\/viva-aerobus-amplia-conectividad-de-cancun-con-ruta-a-medellin\/#primaryimage\"},\"thumbnailUrl\":\"https:\/\/nitu.mx\/wp-content\/uploads\/2022\/02\/Viva-Aerobus-rutas-Canc\u00fan-CDMX-Medell\u00edn.jpg\",\"keywords\":[\"Canc\u00fan\",\"CDMX\",\"Colombia\",\"Juan Carlos Zuazua\",\"Medell\u00edn\",\"Miguel Torruco\",\"rutas a\u00e9reas\",\"Sectur\",\"Viva Aerobus\"],\"articleSection\":[\"Aerol\u00edneas\"],\"inLanguage\":\"es-MX\",\"potentialAction\":[{\"@type\":\"CommentAction\",\"name\":\"Comment\",\"target\":[\"https:\/\/nitu.mx\/index.php\/2022\/02\/08\/viva-aerobus-amplia-conectividad-de-cancun-con-ruta-a-medellin\/#respond\"]}]},{\"@type\":\"WebPage\",\"@id\":\"https:\/\/nitu.mx\/index.php\/2022\/02\/08\/viva-aerobus-amplia-conectividad-de-cancun-con-ruta-a-medellin\/\",\"url\":\"https:\/\/nitu.mx\/index.php\/2022\/02\/08\/viva-aerobus-amplia-conectividad-de-cancun-con-ruta-a-medellin\/\",\"name\":\"Viva Aerobus ampl\u00eda conectividad de Canc\u00fan con ruta a Medell\u00edn - Nitu - Noticias de la Industria Turistica\",\"isPartOf\":{\"@id\":\"https:\/\/nitu.mx\/#website\"},\"primaryImageOfPage\":{\"@id\":\"https:\/\/nitu.mx\/index.php\/2022\/02\/08\/viva-aerobus-amplia-conectividad-de-cancun-con-ruta-a-medellin\/#primaryimage\"},\"image\":{\"@id\":\"https:\/\/nitu.mx\/index.php\/2022\/02\/08\/viva-aerobus-amplia-conectividad-de-cancun-con-ruta-a-medellin\/#primaryimage\"},\"thumbnailUrl\":\"https:\/\/nitu.mx\/wp-content\/uploads\/2022\/02\/Viva-Aerobus-rutas-Canc\u00fan-CDMX-Medell\u00edn.jpg\",\"datePublished\":\"2022-02-08T22:36:24+00:00\",\"dateModified\":\"2022-02-09T05:56:24+00:00\",\"breadcrumb\":{\"@id\":\"https:\/\/nitu.mx\/index.php\/2022\/02\/08\/viva-aerobus-amplia-conectividad-de-cancun-con-ruta-a-medellin\/#breadcrumb\"},\"inLanguage\":\"es-MX\",\"potentialAction\":[{\"@type\":\"ReadAction\",\"target\":[\"https:\/\/nitu.mx\/index.php\/2022\/02\/08\/viva-aerobus-amplia-conectividad-de-cancun-con-ruta-a-medellin\/\"]}]},{\"@type\":\"ImageObject\",\"inLanguage\":\"es-MX\",\"@id\":\"https:\/\/nitu.mx\/index.php\/2022\/02\/08\/viva-aerobus-amplia-conectividad-de-cancun-con-ruta-a-medellin\/#primaryimage\",\"url\":\"https:\/\/nitu.mx\/wp-content\/uploads\/2022\/02\/Viva-Aerobus-rutas-Canc\u00fan-CDMX-Medell\u00edn.jpg\",\"contentUrl\":\"https:\/\/nitu.mx\/wp-content\/uploads\/2022\/02\/Viva-Aerobus-rutas-Canc\u00fan-CDMX-Medell\u00edn.jpg\",\"width\":1200,\"height\":675,\"caption\":\"Viva Aerobus\"},{\"@type\":\"BreadcrumbList\",\"@id\":\"https:\/\/nitu.mx\/index.php\/2022\/02\/08\/viva-aerobus-amplia-conectividad-de-cancun-con-ruta-a-medellin\/#breadcrumb\",\"itemListElement\":[{\"@type\":\"ListItem\",\"position\":1,\"name\":\"Inicio\",\"item\":\"https:\/\/nitu.mx\/\"},{\"@type\":\"ListItem\",\"position\":2,\"name\":\"Viva Aerobus ampl\u00eda conectividad de Canc\u00fan con ruta a Medell\u00edn\"}]},{\"@type\":\"WebSite\",\"@id\":\"https:\/\/nitu.mx\/#website\",\"url\":\"https:\/\/nitu.mx\/\",\"name\":\"Nitu - Noticias de la Industria Turistica\",\"description\":\"Noticias de la Industria Turistica\",\"publisher\":{\"@id\":\"https:\/\/nitu.mx\/#\/schema\/person\/ae7a53426417292d3dd07b45a33e01bc\"},\"alternateName\":\"Noticias de la Industria Turistica\",\"potentialAction\":[{\"@type\":\"SearchAction\",\"target\":{\"@type\":\"EntryPoint\",\"urlTemplate\":\"https:\/\/nitu.mx\/?s={search_term_string}\"},\"query-input\":\"required name=search_term_string\"}],\"inLanguage\":\"es-MX\"},{\"@type\":[\"Person\",\"Organization\"],\"@id\":\"https:\/\/nitu.mx\/#\/schema\/person\/ae7a53426417292d3dd07b45a33e01bc\",\"name\":\"Arturo Medina\",\"image\":{\"@type\":\"ImageObject\",\"inLanguage\":\"es-MX\",\"@id\":\"https:\/\/nitu.mx\/#\/schema\/person\/image\/\",\"url\":\"https:\/\/nitu.mx\/wp-content\/uploads\/2024\/04\/4A315622-1904-4D5C-B022-878CDC840E04-90x90-1.jpeg\",\"contentUrl\":\"https:\/\/nitu.mx\/wp-content\/uploads\/2024\/04\/4A315622-1904-4D5C-B022-878CDC840E04-90x90-1.jpeg\",\"width\":90,\"height\":90,\"caption\":\"Arturo Medina\"},\"logo\":{\"@id\":\"https:\/\/nitu.mx\/#\/schema\/person\/image\/\"},\"description\":\"Director NITU.mx, Egresado de la Escuela de Periodismo Carlos Septi\u00e9n Garc\u00eda. Periodista y analista especializado en turismo desde hace 35 a\u00f1os, radicado en Canc\u00fan Q.Roo. arturo@nitu.mx\",\"sameAs\":[\"https:\/\/nitu.mx\",\"https:\/\/www.facebook.com\/NITUmx\/\",\"medinacancun\",\"https:\/\/twitter.com\/@Arturo_Medina_G\"]},{\"@type\":\"Person\",\"@id\":\"https:\/\/nitu.mx\/#\/schema\/person\/4a28fe9bd65924f7c90623773daf1b0b\",\"name\":\"Redacci\u00f3n\",\"image\":{\"@type\":\"ImageObject\",\"inLanguage\":\"es-MX\",\"@id\":\"https:\/\/nitu.mx\/#\/schema\/person\/image\/\",\"url\":\"https:\/\/secure.gravatar.com\/avatar\/5dd011c8ccfc5cd7e4c81e42252aab38?s=96&d=mm&r=g\",\"contentUrl\":\"https:\/\/secure.gravatar.com\/avatar\/5dd011c8ccfc5cd7e4c81e42252aab38?s=96&d=mm&r=g\",\"caption\":\"Redacci\u00f3n\"},\"url\":\"https:\/\/nitu.mx\/index.php\/author\/redaccion\/\"}]}<\/script>\n<!-- \/ Yoast SEO plugin. -->","yoast_head_json":{"title":"Viva Aerobus ampl\u00eda conectividad de Canc\u00fan con ruta a Medell\u00edn - Nitu - Noticias de la Industria Turistica","robots":{"index":"index","follow":"follow","max-snippet":"max-snippet:-1","max-image-preview":"max-image-preview:large","max-video-preview":"max-video-preview:-1"},"canonical":"https:\/\/nitu.mx\/index.php\/2022\/02\/08\/viva-aerobus-amplia-conectividad-de-cancun-con-ruta-a-medellin\/","twitter_card":"summary_large_image","twitter_title":"Viva Aerobus ampl\u00eda conectividad de Canc\u00fan con ruta a Medell\u00edn - Nitu - Noticias de la Industria Turistica","twitter_description":"Viva Aerobus anunci\u00f3 el lanzamiento de sus dos nuevas rutas internacionales a Colombia, las cuales conectar\u00e1n Canc\u00fan y Ciudad de M\u00e9xico con Medell\u00edn. En conferencia de prensa, el director general de Viva Aerobus, Juan Carlos Zuazua, detall\u00f3 que la ruta Medell\u00edn \u2013 Canc\u00fan comenzar\u00e1 a volar el 8 de abril con tres frecuencias a la [&hellip;]","twitter_image":"https:\/\/nitu.mx\/wp-content\/uploads\/2022\/02\/Viva-Aerobus-rutas-Canc\u00fan-CDMX-Medell\u00edn.jpg","twitter_creator":"@NITUmx","twitter_site":"@Arturo_Medina_G","twitter_misc":{"Escrito por":"Redacci\u00f3n","Tiempo de lectura":"3 minutos"},"schema":{"@context":"https:\/\/schema.org","@graph":[{"@type":"Article","@id":"https:\/\/nitu.mx\/index.php\/2022\/02\/08\/viva-aerobus-amplia-conectividad-de-cancun-con-ruta-a-medellin\/#article","isPartOf":{"@id":"https:\/\/nitu.mx\/index.php\/2022\/02\/08\/viva-aerobus-amplia-conectividad-de-cancun-con-ruta-a-medellin\/"},"author":{"name":"Redacci\u00f3n","@id":"https:\/\/nitu.mx\/#\/schema\/person\/4a28fe9bd65924f7c90623773daf1b0b"},"headline":"Viva Aerobus ampl\u00eda conectividad de Canc\u00fan con ruta a Medell\u00edn","datePublished":"2022-02-08T22:36:24+00:00","dateModified":"2022-02-09T05:56:24+00:00","mainEntityOfPage":{"@id":"https:\/\/nitu.mx\/index.php\/2022\/02\/08\/viva-aerobus-amplia-conectividad-de-cancun-con-ruta-a-medellin\/"},"wordCount":676,"commentCount":0,"publisher":{"@id":"https:\/\/nitu.mx\/#\/schema\/person\/ae7a53426417292d3dd07b45a33e01bc"},"image":{"@id":"https:\/\/nitu.mx\/index.php\/2022\/02\/08\/viva-aerobus-amplia-conectividad-de-cancun-con-ruta-a-medellin\/#primaryimage"},"thumbnailUrl":"https:\/\/nitu.mx\/wp-content\/uploads\/2022\/02\/Viva-Aerobus-rutas-Canc\u00fan-CDMX-Medell\u00edn.jpg","keywords":["Canc\u00fan","CDMX","Colombia","Juan Carlos Zuazua","Medell\u00edn","Miguel Torruco","rutas a\u00e9reas","Sectur","Viva Aerobus"],"articleSection":["Aerol\u00edneas"],"inLanguage":"es-MX","potentialAction":[{"@type":"CommentAction","name":"Comment","target":["https:\/\/nitu.mx\/index.php\/2022\/02\/08\/viva-aerobus-amplia-conectividad-de-cancun-con-ruta-a-medellin\/#respond"]}]},{"@type":"WebPage","@id":"https:\/\/nitu.mx\/index.php\/2022\/02\/08\/viva-aerobus-amplia-conectividad-de-cancun-con-ruta-a-medellin\/","url":"https:\/\/nitu.mx\/index.php\/2022\/02\/08\/viva-aerobus-amplia-conectividad-de-cancun-con-ruta-a-medellin\/","name":"Viva Aerobus ampl\u00eda conectividad de Canc\u00fan con ruta a Medell\u00edn - Nitu - Noticias de la Industria Turistica","isPartOf":{"@id":"https:\/\/nitu.mx\/#website"},"primaryImageOfPage":{"@id":"https:\/\/nitu.mx\/index.php\/2022\/02\/08\/viva-aerobus-amplia-conectividad-de-cancun-con-ruta-a-medellin\/#primaryimage"},"image":{"@id":"https:\/\/nitu.mx\/index.php\/2022\/02\/08\/viva-aerobus-amplia-conectividad-de-cancun-con-ruta-a-medellin\/#primaryimage"},"thumbnailUrl":"https:\/\/nitu.mx\/wp-content\/uploads\/2022\/02\/Viva-Aerobus-rutas-Canc\u00fan-CDMX-Medell\u00edn.jpg","datePublished":"2022-02-08T22:36:24+00:00","dateModified":"2022-02-09T05:56:24+00:00","breadcrumb":{"@id":"https:\/\/nitu.mx\/index.php\/2022\/02\/08\/viva-aerobus-amplia-conectividad-de-cancun-con-ruta-a-medellin\/#breadcrumb"},"inLanguage":"es-MX","potentialAction":[{"@type":"ReadAction","target":["https:\/\/nitu.mx\/index.php\/2022\/02\/08\/viva-aerobus-amplia-conectividad-de-cancun-con-ruta-a-medellin\/"]}]},{"@type":"ImageObject","inLanguage":"es-MX","@id":"https:\/\/nitu.mx\/index.php\/2022\/02\/08\/viva-aerobus-amplia-conectividad-de-cancun-con-ruta-a-medellin\/#primaryimage","url":"https:\/\/nitu.mx\/wp-content\/uploads\/2022\/02\/Viva-Aerobus-rutas-Canc\u00fan-CDMX-Medell\u00edn.jpg","contentUrl":"https:\/\/nitu.mx\/wp-content\/uploads\/2022\/02\/Viva-Aerobus-rutas-Canc\u00fan-CDMX-Medell\u00edn.jpg","width":1200,"height":675,"caption":"Viva Aerobus"},{"@type":"BreadcrumbList","@id":"https:\/\/nitu.mx\/index.php\/2022\/02\/08\/viva-aerobus-amplia-conectividad-de-cancun-con-ruta-a-medellin\/#breadcrumb","itemListElement":[{"@type":"ListItem","position":1,"name":"Inicio","item":"https:\/\/nitu.mx\/"},{"@type":"ListItem","position":2,"name":"Viva Aerobus ampl\u00eda conectividad de Canc\u00fan con ruta a Medell\u00edn"}]},{"@type":"WebSite","@id":"https:\/\/nitu.mx\/#website","url":"https:\/\/nitu.mx\/","name":"Nitu - Noticias de la Industria Turistica","description":"Noticias de la Industria Turistica","publisher":{"@id":"https:\/\/nitu.mx\/#\/schema\/person\/ae7a53426417292d3dd07b45a33e01bc"},"alternateName":"Noticias de la Industria Turistica","potentialAction":[{"@type":"SearchAction","target":{"@type":"EntryPoint","urlTemplate":"https:\/\/nitu.mx\/?s={search_term_string}"},"query-input":"required name=search_term_string"}],"inLanguage":"es-MX"},{"@type":["Person","Organization"],"@id":"https:\/\/nitu.mx\/#\/schema\/person\/ae7a53426417292d3dd07b45a33e01bc","name":"Arturo Medina","image":{"@type":"ImageObject","inLanguage":"es-MX","@id":"https:\/\/nitu.mx\/#\/schema\/person\/image\/","url":"https:\/\/nitu.mx\/wp-content\/uploads\/2024\/04\/4A315622-1904-4D5C-B022-878CDC840E04-90x90-1.jpeg","contentUrl":"https:\/\/nitu.mx\/wp-content\/uploads\/2024\/04\/4A315622-1904-4D5C-B022-878CDC840E04-90x90-1.jpeg","width":90,"height":90,"caption":"Arturo Medina"},"logo":{"@id":"https:\/\/nitu.mx\/#\/schema\/person\/image\/"},"description":"Director NITU.mx, Egresado de la Escuela de Periodismo Carlos Septi\u00e9n Garc\u00eda. Periodista y analista especializado en turismo desde hace 35 a\u00f1os, radicado en Canc\u00fan Q.Roo. arturo@nitu.mx","sameAs":["https:\/\/nitu.mx","https:\/\/www.facebook.com\/NITUmx\/","medinacancun","https:\/\/twitter.com\/@Arturo_Medina_G"]},{"@type":"Person","@id":"https:\/\/nitu.mx\/#\/schema\/person\/4a28fe9bd65924f7c90623773daf1b0b","name":"Redacci\u00f3n","image":{"@type":"ImageObject","inLanguage":"es-MX","@id":"https:\/\/nitu.mx\/#\/schema\/person\/image\/","url":"https:\/\/secure.gravatar.com\/avatar\/5dd011c8ccfc5cd7e4c81e42252aab38?s=96&d=mm&r=g","contentUrl":"https:\/\/secure.gravatar.com\/avatar\/5dd011c8ccfc5cd7e4c81e42252aab38?s=96&d=mm&r=g","caption":"Redacci\u00f3n"},"url":"https:\/\/nitu.mx\/index.php\/author\/redaccion\/"}]}},"views":369,"_links":{"self":[{"href":"https:\/\/nitu.mx\/index.php\/wp-json\/wp\/v2\/posts\/57963"}],"collection":[{"href":"https:\/\/nitu.mx\/index.php\/wp-json\/wp\/v2\/posts"}],"about":[{"href":"https:\/\/nitu.mx\/index.php\/wp-json\/wp\/v2\/types\/post"}],"author":[{"embeddable":true,"href":"https:\/\/nitu.mx\/index.php\/wp-json\/wp\/v2\/users\/17"}],"replies":[{"embeddable":true,"href":"https:\/\/nitu.mx\/index.php\/wp-json\/wp\/v2\/comments?post=57963"}],"version-history":[{"count":2,"href":"https:\/\/nitu.mx\/index.php\/wp-json\/wp\/v2\/posts\/57963\/revisions"}],"predecessor-version":[{"id":57965,"href":"https:\/\/nitu.mx\/index.php\/wp-json\/wp\/v2\/posts\/57963\/revisions\/57965"}],"wp:featuredmedia":[{"embeddable":true,"href":"https:\/\/nitu.mx\/index.php\/wp-json\/wp\/v2\/media\/57966"}],"wp:attachment":[{"href":"https:\/\/nitu.mx\/index.php\/wp-json\/wp\/v2\/media?parent=57963"}],"wp:term":[{"taxonomy":"category","embeddable":true,"href":"https:\/\/nitu.mx\/index.php\/wp-json\/wp\/v2\/categories?post=57963"},{"taxonomy":"post_tag","embeddable":true,"href":"https:\/\/nitu.mx\/index.php\/wp-json\/wp\/v2\/tags?post=57963"}],"curies":[{"name":"wp","href":"https:\/\/api.w.org\/{rel}","templated":true}]}}