{"id":57895,"date":"2022-02-02T01:13:05","date_gmt":"2022-02-02T06:13:05","guid":{"rendered":"https:\/\/www.dev.nitu.mx\/?p=57895"},"modified":"2022-02-02T01:24:00","modified_gmt":"2022-02-02T06:24:00","slug":"solo-el-1-de-la-incidencia-delictiva-es-contra-turistas-fernando-mora","status":"publish","type":"post","link":"https:\/\/nitu.mx\/index.php\/2022\/02\/02\/solo-el-1-de-la-incidencia-delictiva-es-contra-turistas-fernando-mora\/","title":{"rendered":"Solo el 0.1% de la incidencia delictiva es contra turistas: Fernando Mora"},"content":{"rendered":"<p>A pesar de las noticias de delitos de alto impacto en los \u00faltimos d\u00edas, el titular de la Coordinaci\u00f3n de Comunicaci\u00f3n Social del gobierno de Quintana Roo, Fernando Mora, asegura que los n\u00fameros avalan al estado como un destino seguro, ya que solo en el 0.1 por ciento de la incidencia delictiva est\u00e1n involucrados turistas.<\/p>\n<p><img decoding=\"async\" loading=\"lazy\" class=\"aligncenter wp-image-57897 \" src=\"https:\/\/www.dev.nitu.mx\/wp-content\/uploads\/2022\/02\/Captura-de-Pantalla-2022-02-01-a-las-23.13.49.png\" alt=\"\" width=\"624\" height=\"348\" srcset=\"https:\/\/nitu.mx\/wp-content\/uploads\/2022\/02\/Captura-de-Pantalla-2022-02-01-a-las-23.13.49.png 799w, https:\/\/nitu.mx\/wp-content\/uploads\/2022\/02\/Captura-de-Pantalla-2022-02-01-a-las-23.13.49-300x168.png 300w, https:\/\/nitu.mx\/wp-content\/uploads\/2022\/02\/Captura-de-Pantalla-2022-02-01-a-las-23.13.49-768x430.png 768w\" sizes=\"(max-width: 624px) 100vw, 624px\" \/><\/p>\n<p>En n\u00fameros fr\u00edos, en el estado se han registrado 34 denuncias en las que se ven involucrados visitantes al destino, Mora Guillen, se\u00f1al\u00f3 a <em><strong>NITU.mx<\/strong><\/em> que en 2021 hubo 13 millones 380 mil turistas y solo se reportaron 3 fallecidos y 5 lesionados. Estas cifras, asegur\u00f3, son mucho m\u00e1s alentadoras que en otros destinos como Las Vegas, Par\u00eds o Jamaica.<\/p>\n<p><img decoding=\"async\" loading=\"lazy\" class=\"aligncenter wp-image-57896 \" src=\"https:\/\/www.dev.nitu.mx\/wp-content\/uploads\/2022\/02\/Captura-de-Pantalla-2022-02-01-a-las-23.13.57.png\" alt=\"\" width=\"635\" height=\"354\" srcset=\"https:\/\/nitu.mx\/wp-content\/uploads\/2022\/02\/Captura-de-Pantalla-2022-02-01-a-las-23.13.57.png 799w, https:\/\/nitu.mx\/wp-content\/uploads\/2022\/02\/Captura-de-Pantalla-2022-02-01-a-las-23.13.57-300x167.png 300w, https:\/\/nitu.mx\/wp-content\/uploads\/2022\/02\/Captura-de-Pantalla-2022-02-01-a-las-23.13.57-768x429.png 768w\" sizes=\"(max-width: 635px) 100vw, 635px\" \/><\/p>\n<p>El vocero de Quintana Roo, coment\u00f3 que pese a que Canad\u00e1 mostr\u00f3 gran preocupaci\u00f3n por los recientes acontecimientos en los que se vieron involucrados ciudadanos de su pa\u00eds, al irse esclareciendo los hechos bajo la presi\u00f3n al volver que se trat\u00f3 de mafias internacionales del mismo pa\u00eds norteamericano.<\/p>\n<p>Confirm\u00f3 que pese a todo, en el estado se est\u00e1n poniendo en pr\u00e1ctica nuevos procedimientos para mejorar la seguridad, ya est\u00e1 en marcha en colaboraci\u00f3n con el sector empresarial un proyecto que contiene 10 acciones de seguridad en los hoteles y tener m\u00e1s control en los accesos, as\u00ed como una mejor respuesta en caso de un hecho violento. (<a title=\"Presenta Fiscal\u00eda de Quintana Roo 3 detenidos por el caso de Mamita\u2019s Beach Club\" href=\"https:\/\/www.dev.nitu.mx\/index.php\/2022\/01\/30\/presenta-fiscalia-de-quintana-roo-3-detenidos-por-el-caso-de-mamitas-beach-club\/\" rel=\"bookmark\">Presenta Fiscal\u00eda de Quintana Roo 3 detenidos por el caso de Mamita\u2019s Beach Club<\/a>).<\/p>\n<p>Por otro lado se destac\u00f3 el hecho de que no ha existido impunidad en ning\u00fan caso en los eventos en los que se han visto involucrados turistas, la FGE ha detenido a delincuentes quienes ya se encuentran en juicio legal, vinculados a proceso y ha identificado a otros que son buscados en todo el pa\u00eds.<\/p>\n","protected":false},"excerpt":{"rendered":"<p>A pesar de las noticias de delitos de alto impacto en los \u00faltimos d\u00edas, el titular de la Coordinaci\u00f3n de Comunicaci\u00f3n Social del gobierno de Quintana Roo, Fernando Mora, asegura que los n\u00fameros avalan al estado como un destino seguro, ya que solo en el 0.1 por ciento de la incidencia delictiva est\u00e1n involucrados turistas. [&hellip;]<\/p>\n","protected":false},"author":2,"featured_media":57906,"comment_status":"open","ping_status":"open","sticky":false,"template":"","format":"standard","meta":{"footnotes":""},"categories":[18475],"tags":[23093,260],"yoast_head":"<!-- This site is optimized with the Yoast SEO plugin v22.2 - https:\/\/yoast.com\/wordpress\/plugins\/seo\/ -->\n<title>Solo el 0.1% de la incidencia delictiva es contra turistas: Fernando Mora - Nitu - Noticias de la Industria Turistica<\/title>\n<meta name=\"robots\" content=\"index, follow, max-snippet:-1, max-image-preview:large, max-video-preview:-1\" \/>\n<link rel=\"canonical\" href=\"https:\/\/nitu.mx\/index.php\/2022\/02\/02\/solo-el-1-de-la-incidencia-delictiva-es-contra-turistas-fernando-mora\/\" \/>\n<meta name=\"twitter:card\" content=\"summary_large_image\" \/>\n<meta name=\"twitter:title\" content=\"Solo el 0.1% de la incidencia delictiva es contra turistas: Fernando Mora - Nitu - Noticias de la Industria Turistica\" \/>\n<meta name=\"twitter:description\" content=\"A pesar de las noticias de delitos de alto impacto en los \u00faltimos d\u00edas, el titular de la Coordinaci\u00f3n de Comunicaci\u00f3n Social del gobierno de Quintana Roo, Fernando Mora, asegura que los n\u00fameros avalan al estado como un destino seguro, ya que solo en el 0.1 por ciento de la incidencia delictiva est\u00e1n involucrados turistas. [&hellip;]\" \/>\n<meta name=\"twitter:image\" content=\"https:\/\/nitu.mx\/wp-content\/uploads\/2022\/02\/Fernando-Mora-Quintana-Roo.jpg\" \/>\n<meta name=\"twitter:creator\" content=\"@Arturo_Medina_G\" \/>\n<meta name=\"twitter:site\" content=\"@Arturo_Medina_G\" \/>\n<meta name=\"twitter:label1\" content=\"Escrito por\" \/>\n\t<meta name=\"twitter:data1\" content=\"Arturo Medina\" \/>\n\t<meta name=\"twitter:label2\" content=\"Tiempo de lectura\" \/>\n\t<meta name=\"twitter:data2\" content=\"2 minutos\" \/>\n<script type=\"application\/ld+json\" class=\"yoast-schema-graph\">{\"@context\":\"https:\/\/schema.org\",\"@graph\":[{\"@type\":\"Article\",\"@id\":\"https:\/\/nitu.mx\/index.php\/2022\/02\/02\/solo-el-1-de-la-incidencia-delictiva-es-contra-turistas-fernando-mora\/#article\",\"isPartOf\":{\"@id\":\"https:\/\/nitu.mx\/index.php\/2022\/02\/02\/solo-el-1-de-la-incidencia-delictiva-es-contra-turistas-fernando-mora\/\"},\"author\":{\"name\":\"Arturo Medina\",\"@id\":\"https:\/\/nitu.mx\/#\/schema\/person\/ae7a53426417292d3dd07b45a33e01bc\"},\"headline\":\"Solo el 0.1% de la incidencia delictiva es contra turistas: Fernando Mora\",\"datePublished\":\"2022-02-02T06:13:05+00:00\",\"dateModified\":\"2022-02-02T06:24:00+00:00\",\"mainEntityOfPage\":{\"@id\":\"https:\/\/nitu.mx\/index.php\/2022\/02\/02\/solo-el-1-de-la-incidencia-delictiva-es-contra-turistas-fernando-mora\/\"},\"wordCount\":315,\"commentCount\":0,\"publisher\":{\"@id\":\"https:\/\/nitu.mx\/#\/schema\/person\/ae7a53426417292d3dd07b45a33e01bc\"},\"image\":{\"@id\":\"https:\/\/nitu.mx\/index.php\/2022\/02\/02\/solo-el-1-de-la-incidencia-delictiva-es-contra-turistas-fernando-mora\/#primaryimage\"},\"thumbnailUrl\":\"https:\/\/nitu.mx\/wp-content\/uploads\/2022\/02\/Fernando-Mora-Quintana-Roo.jpg\",\"keywords\":[\"Fernando Mora\",\"Quintana Roo\"],\"articleSection\":[\"Caribe Mexicano\"],\"inLanguage\":\"es-MX\",\"potentialAction\":[{\"@type\":\"CommentAction\",\"name\":\"Comment\",\"target\":[\"https:\/\/nitu.mx\/index.php\/2022\/02\/02\/solo-el-1-de-la-incidencia-delictiva-es-contra-turistas-fernando-mora\/#respond\"]}]},{\"@type\":\"WebPage\",\"@id\":\"https:\/\/nitu.mx\/index.php\/2022\/02\/02\/solo-el-1-de-la-incidencia-delictiva-es-contra-turistas-fernando-mora\/\",\"url\":\"https:\/\/nitu.mx\/index.php\/2022\/02\/02\/solo-el-1-de-la-incidencia-delictiva-es-contra-turistas-fernando-mora\/\",\"name\":\"Solo el 0.1% de la incidencia delictiva es contra turistas: Fernando Mora - Nitu - Noticias de la Industria Turistica\",\"isPartOf\":{\"@id\":\"https:\/\/nitu.mx\/#website\"},\"primaryImageOfPage\":{\"@id\":\"https:\/\/nitu.mx\/index.php\/2022\/02\/02\/solo-el-1-de-la-incidencia-delictiva-es-contra-turistas-fernando-mora\/#primaryimage\"},\"image\":{\"@id\":\"https:\/\/nitu.mx\/index.php\/2022\/02\/02\/solo-el-1-de-la-incidencia-delictiva-es-contra-turistas-fernando-mora\/#primaryimage\"},\"thumbnailUrl\":\"https:\/\/nitu.mx\/wp-content\/uploads\/2022\/02\/Fernando-Mora-Quintana-Roo.jpg\",\"datePublished\":\"2022-02-02T06:13:05+00:00\",\"dateModified\":\"2022-02-02T06:24:00+00:00\",\"breadcrumb\":{\"@id\":\"https:\/\/nitu.mx\/index.php\/2022\/02\/02\/solo-el-1-de-la-incidencia-delictiva-es-contra-turistas-fernando-mora\/#breadcrumb\"},\"inLanguage\":\"es-MX\",\"potentialAction\":[{\"@type\":\"ReadAction\",\"target\":[\"https:\/\/nitu.mx\/index.php\/2022\/02\/02\/solo-el-1-de-la-incidencia-delictiva-es-contra-turistas-fernando-mora\/\"]}]},{\"@type\":\"ImageObject\",\"inLanguage\":\"es-MX\",\"@id\":\"https:\/\/nitu.mx\/index.php\/2022\/02\/02\/solo-el-1-de-la-incidencia-delictiva-es-contra-turistas-fernando-mora\/#primaryimage\",\"url\":\"https:\/\/nitu.mx\/wp-content\/uploads\/2022\/02\/Fernando-Mora-Quintana-Roo.jpg\",\"contentUrl\":\"https:\/\/nitu.mx\/wp-content\/uploads\/2022\/02\/Fernando-Mora-Quintana-Roo.jpg\",\"width\":1200,\"height\":675},{\"@type\":\"BreadcrumbList\",\"@id\":\"https:\/\/nitu.mx\/index.php\/2022\/02\/02\/solo-el-1-de-la-incidencia-delictiva-es-contra-turistas-fernando-mora\/#breadcrumb\",\"itemListElement\":[{\"@type\":\"ListItem\",\"position\":1,\"name\":\"Inicio\",\"item\":\"https:\/\/nitu.mx\/\"},{\"@type\":\"ListItem\",\"position\":2,\"name\":\"Solo el 0.1% de la incidencia delictiva es contra turistas: Fernando Mora\"}]},{\"@type\":\"WebSite\",\"@id\":\"https:\/\/nitu.mx\/#website\",\"url\":\"https:\/\/nitu.mx\/\",\"name\":\"Nitu - Noticias de la Industria Turistica\",\"description\":\"Noticias de la Industria Turistica\",\"publisher\":{\"@id\":\"https:\/\/nitu.mx\/#\/schema\/person\/ae7a53426417292d3dd07b45a33e01bc\"},\"alternateName\":\"Noticias de la Industria Turistica\",\"potentialAction\":[{\"@type\":\"SearchAction\",\"target\":{\"@type\":\"EntryPoint\",\"urlTemplate\":\"https:\/\/nitu.mx\/?s={search_term_string}\"},\"query-input\":\"required name=search_term_string\"}],\"inLanguage\":\"es-MX\"},{\"@type\":[\"Person\",\"Organization\"],\"@id\":\"https:\/\/nitu.mx\/#\/schema\/person\/ae7a53426417292d3dd07b45a33e01bc\",\"name\":\"Arturo Medina\",\"image\":{\"@type\":\"ImageObject\",\"inLanguage\":\"es-MX\",\"@id\":\"https:\/\/nitu.mx\/#\/schema\/person\/image\/\",\"url\":\"https:\/\/nitu.mx\/wp-content\/uploads\/2024\/04\/4A315622-1904-4D5C-B022-878CDC840E04-90x90-1.jpeg\",\"contentUrl\":\"https:\/\/nitu.mx\/wp-content\/uploads\/2024\/04\/4A315622-1904-4D5C-B022-878CDC840E04-90x90-1.jpeg\",\"width\":90,\"height\":90,\"caption\":\"Arturo Medina\"},\"logo\":{\"@id\":\"https:\/\/nitu.mx\/#\/schema\/person\/image\/\"},\"description\":\"Director NITU.mx, Egresado de la Escuela de Periodismo Carlos Septi\u00e9n Garc\u00eda. Periodista y analista especializado en turismo desde hace 35 a\u00f1os, radicado en Canc\u00fan Q.Roo. arturo@nitu.mx\",\"sameAs\":[\"https:\/\/nitu.mx\",\"https:\/\/www.facebook.com\/NITUmx\/\",\"medinacancun\",\"https:\/\/twitter.com\/@Arturo_Medina_G\"],\"url\":\"https:\/\/nitu.mx\/index.php\/author\/arturo-medina\/\"}]}<\/script>\n<!-- \/ Yoast SEO plugin. -->","yoast_head_json":{"title":"Solo el 0.1% de la incidencia delictiva es contra turistas: Fernando Mora - Nitu - Noticias de la Industria Turistica","robots":{"index":"index","follow":"follow","max-snippet":"max-snippet:-1","max-image-preview":"max-image-preview:large","max-video-preview":"max-video-preview:-1"},"canonical":"https:\/\/nitu.mx\/index.php\/2022\/02\/02\/solo-el-1-de-la-incidencia-delictiva-es-contra-turistas-fernando-mora\/","twitter_card":"summary_large_image","twitter_title":"Solo el 0.1% de la incidencia delictiva es contra turistas: Fernando Mora - Nitu - Noticias de la Industria Turistica","twitter_description":"A pesar de las noticias de delitos de alto impacto en los \u00faltimos d\u00edas, el titular de la Coordinaci\u00f3n de Comunicaci\u00f3n Social del gobierno de Quintana Roo, Fernando Mora, asegura que los n\u00fameros avalan al estado como un destino seguro, ya que solo en el 0.1 por ciento de la incidencia delictiva est\u00e1n involucrados turistas. [&hellip;]","twitter_image":"https:\/\/nitu.mx\/wp-content\/uploads\/2022\/02\/Fernando-Mora-Quintana-Roo.jpg","twitter_creator":"@Arturo_Medina_G","twitter_site":"@Arturo_Medina_G","twitter_misc":{"Escrito por":"Arturo Medina","Tiempo de lectura":"2 minutos"},"schema":{"@context":"https:\/\/schema.org","@graph":[{"@type":"Article","@id":"https:\/\/nitu.mx\/index.php\/2022\/02\/02\/solo-el-1-de-la-incidencia-delictiva-es-contra-turistas-fernando-mora\/#article","isPartOf":{"@id":"https:\/\/nitu.mx\/index.php\/2022\/02\/02\/solo-el-1-de-la-incidencia-delictiva-es-contra-turistas-fernando-mora\/"},"author":{"name":"Arturo Medina","@id":"https:\/\/nitu.mx\/#\/schema\/person\/ae7a53426417292d3dd07b45a33e01bc"},"headline":"Solo el 0.1% de la incidencia delictiva es contra turistas: Fernando Mora","datePublished":"2022-02-02T06:13:05+00:00","dateModified":"2022-02-02T06:24:00+00:00","mainEntityOfPage":{"@id":"https:\/\/nitu.mx\/index.php\/2022\/02\/02\/solo-el-1-de-la-incidencia-delictiva-es-contra-turistas-fernando-mora\/"},"wordCount":315,"commentCount":0,"publisher":{"@id":"https:\/\/nitu.mx\/#\/schema\/person\/ae7a53426417292d3dd07b45a33e01bc"},"image":{"@id":"https:\/\/nitu.mx\/index.php\/2022\/02\/02\/solo-el-1-de-la-incidencia-delictiva-es-contra-turistas-fernando-mora\/#primaryimage"},"thumbnailUrl":"https:\/\/nitu.mx\/wp-content\/uploads\/2022\/02\/Fernando-Mora-Quintana-Roo.jpg","keywords":["Fernando Mora","Quintana Roo"],"articleSection":["Caribe Mexicano"],"inLanguage":"es-MX","potentialAction":[{"@type":"CommentAction","name":"Comment","target":["https:\/\/nitu.mx\/index.php\/2022\/02\/02\/solo-el-1-de-la-incidencia-delictiva-es-contra-turistas-fernando-mora\/#respond"]}]},{"@type":"WebPage","@id":"https:\/\/nitu.mx\/index.php\/2022\/02\/02\/solo-el-1-de-la-incidencia-delictiva-es-contra-turistas-fernando-mora\/","url":"https:\/\/nitu.mx\/index.php\/2022\/02\/02\/solo-el-1-de-la-incidencia-delictiva-es-contra-turistas-fernando-mora\/","name":"Solo el 0.1% de la incidencia delictiva es contra turistas: Fernando Mora - Nitu - Noticias de la Industria Turistica","isPartOf":{"@id":"https:\/\/nitu.mx\/#website"},"primaryImageOfPage":{"@id":"https:\/\/nitu.mx\/index.php\/2022\/02\/02\/solo-el-1-de-la-incidencia-delictiva-es-contra-turistas-fernando-mora\/#primaryimage"},"image":{"@id":"https:\/\/nitu.mx\/index.php\/2022\/02\/02\/solo-el-1-de-la-incidencia-delictiva-es-contra-turistas-fernando-mora\/#primaryimage"},"thumbnailUrl":"https:\/\/nitu.mx\/wp-content\/uploads\/2022\/02\/Fernando-Mora-Quintana-Roo.jpg","datePublished":"2022-02-02T06:13:05+00:00","dateModified":"2022-02-02T06:24:00+00:00","breadcrumb":{"@id":"https:\/\/nitu.mx\/index.php\/2022\/02\/02\/solo-el-1-de-la-incidencia-delictiva-es-contra-turistas-fernando-mora\/#breadcrumb"},"inLanguage":"es-MX","potentialAction":[{"@type":"ReadAction","target":["https:\/\/nitu.mx\/index.php\/2022\/02\/02\/solo-el-1-de-la-incidencia-delictiva-es-contra-turistas-fernando-mora\/"]}]},{"@type":"ImageObject","inLanguage":"es-MX","@id":"https:\/\/nitu.mx\/index.php\/2022\/02\/02\/solo-el-1-de-la-incidencia-delictiva-es-contra-turistas-fernando-mora\/#primaryimage","url":"https:\/\/nitu.mx\/wp-content\/uploads\/2022\/02\/Fernando-Mora-Quintana-Roo.jpg","contentUrl":"https:\/\/nitu.mx\/wp-content\/uploads\/2022\/02\/Fernando-Mora-Quintana-Roo.jpg","width":1200,"height":675},{"@type":"BreadcrumbList","@id":"https:\/\/nitu.mx\/index.php\/2022\/02\/02\/solo-el-1-de-la-incidencia-delictiva-es-contra-turistas-fernando-mora\/#breadcrumb","itemListElement":[{"@type":"ListItem","position":1,"name":"Inicio","item":"https:\/\/nitu.mx\/"},{"@type":"ListItem","position":2,"name":"Solo el 0.1% de la incidencia delictiva es contra turistas: Fernando Mora"}]},{"@type":"WebSite","@id":"https:\/\/nitu.mx\/#website","url":"https:\/\/nitu.mx\/","name":"Nitu - Noticias de la Industria Turistica","description":"Noticias de la Industria Turistica","publisher":{"@id":"https:\/\/nitu.mx\/#\/schema\/person\/ae7a53426417292d3dd07b45a33e01bc"},"alternateName":"Noticias de la Industria Turistica","potentialAction":[{"@type":"SearchAction","target":{"@type":"EntryPoint","urlTemplate":"https:\/\/nitu.mx\/?s={search_term_string}"},"query-input":"required name=search_term_string"}],"inLanguage":"es-MX"},{"@type":["Person","Organization"],"@id":"https:\/\/nitu.mx\/#\/schema\/person\/ae7a53426417292d3dd07b45a33e01bc","name":"Arturo Medina","image":{"@type":"ImageObject","inLanguage":"es-MX","@id":"https:\/\/nitu.mx\/#\/schema\/person\/image\/","url":"https:\/\/nitu.mx\/wp-content\/uploads\/2024\/04\/4A315622-1904-4D5C-B022-878CDC840E04-90x90-1.jpeg","contentUrl":"https:\/\/nitu.mx\/wp-content\/uploads\/2024\/04\/4A315622-1904-4D5C-B022-878CDC840E04-90x90-1.jpeg","width":90,"height":90,"caption":"Arturo Medina"},"logo":{"@id":"https:\/\/nitu.mx\/#\/schema\/person\/image\/"},"description":"Director NITU.mx, Egresado de la Escuela de Periodismo Carlos Septi\u00e9n Garc\u00eda. Periodista y analista especializado en turismo desde hace 35 a\u00f1os, radicado en Canc\u00fan Q.Roo. arturo@nitu.mx","sameAs":["https:\/\/nitu.mx","https:\/\/www.facebook.com\/NITUmx\/","medinacancun","https:\/\/twitter.com\/@Arturo_Medina_G"],"url":"https:\/\/nitu.mx\/index.php\/author\/arturo-medina\/"}]}},"views":225,"_links":{"self":[{"href":"https:\/\/nitu.mx\/index.php\/wp-json\/wp\/v2\/posts\/57895"}],"collection":[{"href":"https:\/\/nitu.mx\/index.php\/wp-json\/wp\/v2\/posts"}],"about":[{"href":"https:\/\/nitu.mx\/index.php\/wp-json\/wp\/v2\/types\/post"}],"author":[{"embeddable":true,"href":"https:\/\/nitu.mx\/index.php\/wp-json\/wp\/v2\/users\/2"}],"replies":[{"embeddable":true,"href":"https:\/\/nitu.mx\/index.php\/wp-json\/wp\/v2\/comments?post=57895"}],"version-history":[{"count":5,"href":"https:\/\/nitu.mx\/index.php\/wp-json\/wp\/v2\/posts\/57895\/revisions"}],"predecessor-version":[{"id":57910,"href":"https:\/\/nitu.mx\/index.php\/wp-json\/wp\/v2\/posts\/57895\/revisions\/57910"}],"wp:featuredmedia":[{"embeddable":true,"href":"https:\/\/nitu.mx\/index.php\/wp-json\/wp\/v2\/media\/57906"}],"wp:attachment":[{"href":"https:\/\/nitu.mx\/index.php\/wp-json\/wp\/v2\/media?parent=57895"}],"wp:term":[{"taxonomy":"category","embeddable":true,"href":"https:\/\/nitu.mx\/index.php\/wp-json\/wp\/v2\/categories?post=57895"},{"taxonomy":"post_tag","embeddable":true,"href":"https:\/\/nitu.mx\/index.php\/wp-json\/wp\/v2\/tags?post=57895"}],"curies":[{"name":"wp","href":"https:\/\/api.w.org\/{rel}","templated":true}]}}