{"id":57853,"date":"2022-01-31T17:00:20","date_gmt":"2022-01-31T22:00:20","guid":{"rendered":"https:\/\/www.dev.nitu.mx\/?p=57853"},"modified":"2022-02-01T01:01:39","modified_gmt":"2022-02-01T06:01:39","slug":"aeromexico-aumenta-conectividad-entre-mexico-y-campeche","status":"publish","type":"post","link":"https:\/\/nitu.mx\/index.php\/2022\/01\/31\/aeromexico-aumenta-conectividad-entre-mexico-y-campeche\/","title":{"rendered":"Aerom\u00e9xico aumenta conectividad entre M\u00e9xico y Campeche"},"content":{"rendered":"<p>Aerom\u00e9xico agregar\u00e1 cuatro frecuencias en la ruta Campeche-Ciudad de M\u00e9xico a partir del 1\u00ba de abril con lo que operar\u00e1 un total de 11 frecuencias semanales y 2 mil 178 asientos, esto significa un aumento de 57 por ciento.<\/p>\n<p>La aerol\u00ednea bandera de M\u00e9xico incrementar\u00e1 estas frecuencias como parte de su estrategia para reforzar la presencia en el mercado nacional y contribuir con la reactivaci\u00f3n tur\u00edstica en los destinos m\u00e1s relevantes del pa\u00eds, especialmente los de playa.<\/p>\n<p>Tras el anuncio, la gobernadora de Campeche, Layda Sansores, coment\u00f3 que \u201cel incremento de actividad en las frecuencias a\u00e9reas ha sido una solicitud del sector tur\u00edstico y empresarial. Con estas acciones se contribuye al fortalecimiento de la activaci\u00f3n econ\u00f3mica del estado\u201d.<\/p>\n<p>Mientras que el secretario de Turismo de la entidad, Mauricio Arceo Pi\u00f1a, se\u00f1al\u00f3 que \u201cla industria a\u00e9rea juega un papel muy importante al propiciar el crecimiento econ\u00f3mico del estado, que cuenta con una riqueza cultural e hist\u00f3rica indiscutible\u201d.<\/p>\n<p>Campeche es uno de los destinos que opera Aerom\u00e9xico en la Terminal 1 del Aeropuerto Internacional de la Ciudad de M\u00e9xico (AICM) desde diciembre de 2021 junto con otras 11 rutas nacionales.<\/p>\n<p>De acuerdo con la l\u00ednea a\u00e9rea, la extensi\u00f3n del servicio a esta terminal es para brindar a sus clientes agilidad y altos est\u00e1ndares en higiene y seguridad.<\/p>\n<p>El vicepresidente senior de Ventas Globales de Aerom\u00e9xico, Giancarlo Mulinelli, dijo \u201cel incremento de frecuencias es resultado del trabajo en conjunto y los objetivos en com\u00fan que tenemos con la Secretar\u00eda de Turismo de Campeche, para reforzar la visibilidad del estado y sus atractivos. Estamos seguros de que este aumento en nuestros vuelos ser\u00e1 de gran beneficio para los clientes de Aerom\u00e9xico y para el estado de Campeche\u201d.\u00a0<a title=\"Camina sin trabas reestructura de Aerom\u00e9xico\" href=\"https:\/\/www.dev.nitu.mx\/index.php\/2022\/01\/30\/camina-sin-trabas-reestructura-de-aeromexico\/\" rel=\"bookmark\">(Camina sin trabas reestructura de Aerom\u00e9xico<\/a>).<\/p>\n","protected":false},"excerpt":{"rendered":"<p>Aerom\u00e9xico agregar\u00e1 cuatro frecuencias en la ruta Campeche-Ciudad de M\u00e9xico a partir del 1\u00ba de abril con lo que operar\u00e1 un total de 11 frecuencias semanales y 2 mil 178 asientos, esto significa un aumento de 57 por ciento. La aerol\u00ednea bandera de M\u00e9xico incrementar\u00e1 estas frecuencias como parte de su estrategia para reforzar la [&hellip;]<\/p>\n","protected":false},"author":17,"featured_media":46863,"comment_status":"open","ping_status":"open","sticky":false,"template":"","format":"standard","meta":{"footnotes":""},"categories":[29],"tags":[30,294,400,4049,23085],"yoast_head":"<!-- This site is optimized with the Yoast SEO plugin v22.2 - https:\/\/yoast.com\/wordpress\/plugins\/seo\/ -->\n<title>Aerom\u00e9xico aumenta conectividad entre M\u00e9xico y Campeche - Nitu - Noticias de la Industria Turistica<\/title>\n<meta name=\"robots\" content=\"index, follow, max-snippet:-1, max-image-preview:large, max-video-preview:-1\" \/>\n<link rel=\"canonical\" href=\"https:\/\/nitu.mx\/index.php\/2022\/01\/31\/aeromexico-aumenta-conectividad-entre-mexico-y-campeche\/\" \/>\n<meta name=\"twitter:card\" content=\"summary_large_image\" \/>\n<meta name=\"twitter:title\" content=\"Aerom\u00e9xico aumenta conectividad entre M\u00e9xico y Campeche - Nitu - Noticias de la Industria Turistica\" \/>\n<meta name=\"twitter:description\" content=\"Aerom\u00e9xico agregar\u00e1 cuatro frecuencias en la ruta Campeche-Ciudad de M\u00e9xico a partir del 1\u00ba de abril con lo que operar\u00e1 un total de 11 frecuencias semanales y 2 mil 178 asientos, esto significa un aumento de 57 por ciento. La aerol\u00ednea bandera de M\u00e9xico incrementar\u00e1 estas frecuencias como parte de su estrategia para reforzar la [&hellip;]\" \/>\n<meta name=\"twitter:image\" content=\"https:\/\/nitu.mx\/wp-content\/uploads\/2020\/10\/Aeromexico-Cancun-Tijuana.jpg\" \/>\n<meta name=\"twitter:creator\" content=\"@NITUmx\" \/>\n<meta name=\"twitter:site\" content=\"@Arturo_Medina_G\" \/>\n<meta name=\"twitter:label1\" content=\"Escrito por\" \/>\n\t<meta name=\"twitter:data1\" content=\"Redacci\u00f3n\" \/>\n\t<meta name=\"twitter:label2\" content=\"Tiempo de lectura\" \/>\n\t<meta name=\"twitter:data2\" content=\"2 minutos\" \/>\n<script type=\"application\/ld+json\" class=\"yoast-schema-graph\">{\"@context\":\"https:\/\/schema.org\",\"@graph\":[{\"@type\":\"Article\",\"@id\":\"https:\/\/nitu.mx\/index.php\/2022\/01\/31\/aeromexico-aumenta-conectividad-entre-mexico-y-campeche\/#article\",\"isPartOf\":{\"@id\":\"https:\/\/nitu.mx\/index.php\/2022\/01\/31\/aeromexico-aumenta-conectividad-entre-mexico-y-campeche\/\"},\"author\":{\"name\":\"Redacci\u00f3n\",\"@id\":\"https:\/\/nitu.mx\/#\/schema\/person\/4a28fe9bd65924f7c90623773daf1b0b\"},\"headline\":\"Aerom\u00e9xico aumenta conectividad entre M\u00e9xico y Campeche\",\"datePublished\":\"2022-01-31T22:00:20+00:00\",\"dateModified\":\"2022-02-01T06:01:39+00:00\",\"mainEntityOfPage\":{\"@id\":\"https:\/\/nitu.mx\/index.php\/2022\/01\/31\/aeromexico-aumenta-conectividad-entre-mexico-y-campeche\/\"},\"wordCount\":318,\"commentCount\":0,\"publisher\":{\"@id\":\"https:\/\/nitu.mx\/#\/schema\/person\/ae7a53426417292d3dd07b45a33e01bc\"},\"image\":{\"@id\":\"https:\/\/nitu.mx\/index.php\/2022\/01\/31\/aeromexico-aumenta-conectividad-entre-mexico-y-campeche\/#primaryimage\"},\"thumbnailUrl\":\"https:\/\/nitu.mx\/wp-content\/uploads\/2020\/10\/Aeromexico-Cancun-Tijuana.jpg\",\"keywords\":[\"Aerom\u00e9xico\",\"AICM\",\"Campeche\",\"Giancarlo Mulinelli\",\"Layda Sansores\"],\"articleSection\":[\"Aerol\u00edneas\"],\"inLanguage\":\"es-MX\",\"potentialAction\":[{\"@type\":\"CommentAction\",\"name\":\"Comment\",\"target\":[\"https:\/\/nitu.mx\/index.php\/2022\/01\/31\/aeromexico-aumenta-conectividad-entre-mexico-y-campeche\/#respond\"]}]},{\"@type\":\"WebPage\",\"@id\":\"https:\/\/nitu.mx\/index.php\/2022\/01\/31\/aeromexico-aumenta-conectividad-entre-mexico-y-campeche\/\",\"url\":\"https:\/\/nitu.mx\/index.php\/2022\/01\/31\/aeromexico-aumenta-conectividad-entre-mexico-y-campeche\/\",\"name\":\"Aerom\u00e9xico aumenta conectividad entre M\u00e9xico y Campeche - Nitu - Noticias de la Industria Turistica\",\"isPartOf\":{\"@id\":\"https:\/\/nitu.mx\/#website\"},\"primaryImageOfPage\":{\"@id\":\"https:\/\/nitu.mx\/index.php\/2022\/01\/31\/aeromexico-aumenta-conectividad-entre-mexico-y-campeche\/#primaryimage\"},\"image\":{\"@id\":\"https:\/\/nitu.mx\/index.php\/2022\/01\/31\/aeromexico-aumenta-conectividad-entre-mexico-y-campeche\/#primaryimage\"},\"thumbnailUrl\":\"https:\/\/nitu.mx\/wp-content\/uploads\/2020\/10\/Aeromexico-Cancun-Tijuana.jpg\",\"datePublished\":\"2022-01-31T22:00:20+00:00\",\"dateModified\":\"2022-02-01T06:01:39+00:00\",\"breadcrumb\":{\"@id\":\"https:\/\/nitu.mx\/index.php\/2022\/01\/31\/aeromexico-aumenta-conectividad-entre-mexico-y-campeche\/#breadcrumb\"},\"inLanguage\":\"es-MX\",\"potentialAction\":[{\"@type\":\"ReadAction\",\"target\":[\"https:\/\/nitu.mx\/index.php\/2022\/01\/31\/aeromexico-aumenta-conectividad-entre-mexico-y-campeche\/\"]}]},{\"@type\":\"ImageObject\",\"inLanguage\":\"es-MX\",\"@id\":\"https:\/\/nitu.mx\/index.php\/2022\/01\/31\/aeromexico-aumenta-conectividad-entre-mexico-y-campeche\/#primaryimage\",\"url\":\"https:\/\/nitu.mx\/wp-content\/uploads\/2020\/10\/Aeromexico-Cancun-Tijuana.jpg\",\"contentUrl\":\"https:\/\/nitu.mx\/wp-content\/uploads\/2020\/10\/Aeromexico-Cancun-Tijuana.jpg\",\"width\":1200,\"height\":675,\"caption\":\"Aerom\u00e9xico\"},{\"@type\":\"BreadcrumbList\",\"@id\":\"https:\/\/nitu.mx\/index.php\/2022\/01\/31\/aeromexico-aumenta-conectividad-entre-mexico-y-campeche\/#breadcrumb\",\"itemListElement\":[{\"@type\":\"ListItem\",\"position\":1,\"name\":\"Inicio\",\"item\":\"https:\/\/nitu.mx\/\"},{\"@type\":\"ListItem\",\"position\":2,\"name\":\"Aerom\u00e9xico aumenta conectividad entre M\u00e9xico y Campeche\"}]},{\"@type\":\"WebSite\",\"@id\":\"https:\/\/nitu.mx\/#website\",\"url\":\"https:\/\/nitu.mx\/\",\"name\":\"Nitu - Noticias de la Industria Turistica\",\"description\":\"Noticias de la Industria Turistica\",\"publisher\":{\"@id\":\"https:\/\/nitu.mx\/#\/schema\/person\/ae7a53426417292d3dd07b45a33e01bc\"},\"alternateName\":\"Noticias de la Industria Turistica\",\"potentialAction\":[{\"@type\":\"SearchAction\",\"target\":{\"@type\":\"EntryPoint\",\"urlTemplate\":\"https:\/\/nitu.mx\/?s={search_term_string}\"},\"query-input\":\"required name=search_term_string\"}],\"inLanguage\":\"es-MX\"},{\"@type\":[\"Person\",\"Organization\"],\"@id\":\"https:\/\/nitu.mx\/#\/schema\/person\/ae7a53426417292d3dd07b45a33e01bc\",\"name\":\"Arturo Medina\",\"image\":{\"@type\":\"ImageObject\",\"inLanguage\":\"es-MX\",\"@id\":\"https:\/\/nitu.mx\/#\/schema\/person\/image\/\",\"url\":\"https:\/\/nitu.mx\/wp-content\/uploads\/2024\/04\/4A315622-1904-4D5C-B022-878CDC840E04-90x90-1.jpeg\",\"contentUrl\":\"https:\/\/nitu.mx\/wp-content\/uploads\/2024\/04\/4A315622-1904-4D5C-B022-878CDC840E04-90x90-1.jpeg\",\"width\":90,\"height\":90,\"caption\":\"Arturo Medina\"},\"logo\":{\"@id\":\"https:\/\/nitu.mx\/#\/schema\/person\/image\/\"},\"description\":\"Director NITU.mx, Egresado de la Escuela de Periodismo Carlos Septi\u00e9n Garc\u00eda. Periodista y analista especializado en turismo desde hace 35 a\u00f1os, radicado en Canc\u00fan Q.Roo. arturo@nitu.mx\",\"sameAs\":[\"https:\/\/nitu.mx\",\"https:\/\/www.facebook.com\/NITUmx\/\",\"medinacancun\",\"https:\/\/twitter.com\/@Arturo_Medina_G\"]},{\"@type\":\"Person\",\"@id\":\"https:\/\/nitu.mx\/#\/schema\/person\/4a28fe9bd65924f7c90623773daf1b0b\",\"name\":\"Redacci\u00f3n\",\"image\":{\"@type\":\"ImageObject\",\"inLanguage\":\"es-MX\",\"@id\":\"https:\/\/nitu.mx\/#\/schema\/person\/image\/\",\"url\":\"https:\/\/secure.gravatar.com\/avatar\/5dd011c8ccfc5cd7e4c81e42252aab38?s=96&d=mm&r=g\",\"contentUrl\":\"https:\/\/secure.gravatar.com\/avatar\/5dd011c8ccfc5cd7e4c81e42252aab38?s=96&d=mm&r=g\",\"caption\":\"Redacci\u00f3n\"},\"url\":\"https:\/\/nitu.mx\/index.php\/author\/redaccion\/\"}]}<\/script>\n<!-- \/ Yoast SEO plugin. -->","yoast_head_json":{"title":"Aerom\u00e9xico aumenta conectividad entre M\u00e9xico y Campeche - Nitu - Noticias de la Industria Turistica","robots":{"index":"index","follow":"follow","max-snippet":"max-snippet:-1","max-image-preview":"max-image-preview:large","max-video-preview":"max-video-preview:-1"},"canonical":"https:\/\/nitu.mx\/index.php\/2022\/01\/31\/aeromexico-aumenta-conectividad-entre-mexico-y-campeche\/","twitter_card":"summary_large_image","twitter_title":"Aerom\u00e9xico aumenta conectividad entre M\u00e9xico y Campeche - Nitu - Noticias de la Industria Turistica","twitter_description":"Aerom\u00e9xico agregar\u00e1 cuatro frecuencias en la ruta Campeche-Ciudad de M\u00e9xico a partir del 1\u00ba de abril con lo que operar\u00e1 un total de 11 frecuencias semanales y 2 mil 178 asientos, esto significa un aumento de 57 por ciento. La aerol\u00ednea bandera de M\u00e9xico incrementar\u00e1 estas frecuencias como parte de su estrategia para reforzar la [&hellip;]","twitter_image":"https:\/\/nitu.mx\/wp-content\/uploads\/2020\/10\/Aeromexico-Cancun-Tijuana.jpg","twitter_creator":"@NITUmx","twitter_site":"@Arturo_Medina_G","twitter_misc":{"Escrito por":"Redacci\u00f3n","Tiempo de lectura":"2 minutos"},"schema":{"@context":"https:\/\/schema.org","@graph":[{"@type":"Article","@id":"https:\/\/nitu.mx\/index.php\/2022\/01\/31\/aeromexico-aumenta-conectividad-entre-mexico-y-campeche\/#article","isPartOf":{"@id":"https:\/\/nitu.mx\/index.php\/2022\/01\/31\/aeromexico-aumenta-conectividad-entre-mexico-y-campeche\/"},"author":{"name":"Redacci\u00f3n","@id":"https:\/\/nitu.mx\/#\/schema\/person\/4a28fe9bd65924f7c90623773daf1b0b"},"headline":"Aerom\u00e9xico aumenta conectividad entre M\u00e9xico y Campeche","datePublished":"2022-01-31T22:00:20+00:00","dateModified":"2022-02-01T06:01:39+00:00","mainEntityOfPage":{"@id":"https:\/\/nitu.mx\/index.php\/2022\/01\/31\/aeromexico-aumenta-conectividad-entre-mexico-y-campeche\/"},"wordCount":318,"commentCount":0,"publisher":{"@id":"https:\/\/nitu.mx\/#\/schema\/person\/ae7a53426417292d3dd07b45a33e01bc"},"image":{"@id":"https:\/\/nitu.mx\/index.php\/2022\/01\/31\/aeromexico-aumenta-conectividad-entre-mexico-y-campeche\/#primaryimage"},"thumbnailUrl":"https:\/\/nitu.mx\/wp-content\/uploads\/2020\/10\/Aeromexico-Cancun-Tijuana.jpg","keywords":["Aerom\u00e9xico","AICM","Campeche","Giancarlo Mulinelli","Layda Sansores"],"articleSection":["Aerol\u00edneas"],"inLanguage":"es-MX","potentialAction":[{"@type":"CommentAction","name":"Comment","target":["https:\/\/nitu.mx\/index.php\/2022\/01\/31\/aeromexico-aumenta-conectividad-entre-mexico-y-campeche\/#respond"]}]},{"@type":"WebPage","@id":"https:\/\/nitu.mx\/index.php\/2022\/01\/31\/aeromexico-aumenta-conectividad-entre-mexico-y-campeche\/","url":"https:\/\/nitu.mx\/index.php\/2022\/01\/31\/aeromexico-aumenta-conectividad-entre-mexico-y-campeche\/","name":"Aerom\u00e9xico aumenta conectividad entre M\u00e9xico y Campeche - Nitu - Noticias de la Industria Turistica","isPartOf":{"@id":"https:\/\/nitu.mx\/#website"},"primaryImageOfPage":{"@id":"https:\/\/nitu.mx\/index.php\/2022\/01\/31\/aeromexico-aumenta-conectividad-entre-mexico-y-campeche\/#primaryimage"},"image":{"@id":"https:\/\/nitu.mx\/index.php\/2022\/01\/31\/aeromexico-aumenta-conectividad-entre-mexico-y-campeche\/#primaryimage"},"thumbnailUrl":"https:\/\/nitu.mx\/wp-content\/uploads\/2020\/10\/Aeromexico-Cancun-Tijuana.jpg","datePublished":"2022-01-31T22:00:20+00:00","dateModified":"2022-02-01T06:01:39+00:00","breadcrumb":{"@id":"https:\/\/nitu.mx\/index.php\/2022\/01\/31\/aeromexico-aumenta-conectividad-entre-mexico-y-campeche\/#breadcrumb"},"inLanguage":"es-MX","potentialAction":[{"@type":"ReadAction","target":["https:\/\/nitu.mx\/index.php\/2022\/01\/31\/aeromexico-aumenta-conectividad-entre-mexico-y-campeche\/"]}]},{"@type":"ImageObject","inLanguage":"es-MX","@id":"https:\/\/nitu.mx\/index.php\/2022\/01\/31\/aeromexico-aumenta-conectividad-entre-mexico-y-campeche\/#primaryimage","url":"https:\/\/nitu.mx\/wp-content\/uploads\/2020\/10\/Aeromexico-Cancun-Tijuana.jpg","contentUrl":"https:\/\/nitu.mx\/wp-content\/uploads\/2020\/10\/Aeromexico-Cancun-Tijuana.jpg","width":1200,"height":675,"caption":"Aerom\u00e9xico"},{"@type":"BreadcrumbList","@id":"https:\/\/nitu.mx\/index.php\/2022\/01\/31\/aeromexico-aumenta-conectividad-entre-mexico-y-campeche\/#breadcrumb","itemListElement":[{"@type":"ListItem","position":1,"name":"Inicio","item":"https:\/\/nitu.mx\/"},{"@type":"ListItem","position":2,"name":"Aerom\u00e9xico aumenta conectividad entre M\u00e9xico y Campeche"}]},{"@type":"WebSite","@id":"https:\/\/nitu.mx\/#website","url":"https:\/\/nitu.mx\/","name":"Nitu - Noticias de la Industria Turistica","description":"Noticias de la Industria Turistica","publisher":{"@id":"https:\/\/nitu.mx\/#\/schema\/person\/ae7a53426417292d3dd07b45a33e01bc"},"alternateName":"Noticias de la Industria Turistica","potentialAction":[{"@type":"SearchAction","target":{"@type":"EntryPoint","urlTemplate":"https:\/\/nitu.mx\/?s={search_term_string}"},"query-input":"required name=search_term_string"}],"inLanguage":"es-MX"},{"@type":["Person","Organization"],"@id":"https:\/\/nitu.mx\/#\/schema\/person\/ae7a53426417292d3dd07b45a33e01bc","name":"Arturo Medina","image":{"@type":"ImageObject","inLanguage":"es-MX","@id":"https:\/\/nitu.mx\/#\/schema\/person\/image\/","url":"https:\/\/nitu.mx\/wp-content\/uploads\/2024\/04\/4A315622-1904-4D5C-B022-878CDC840E04-90x90-1.jpeg","contentUrl":"https:\/\/nitu.mx\/wp-content\/uploads\/2024\/04\/4A315622-1904-4D5C-B022-878CDC840E04-90x90-1.jpeg","width":90,"height":90,"caption":"Arturo Medina"},"logo":{"@id":"https:\/\/nitu.mx\/#\/schema\/person\/image\/"},"description":"Director NITU.mx, Egresado de la Escuela de Periodismo Carlos Septi\u00e9n Garc\u00eda. Periodista y analista especializado en turismo desde hace 35 a\u00f1os, radicado en Canc\u00fan Q.Roo. arturo@nitu.mx","sameAs":["https:\/\/nitu.mx","https:\/\/www.facebook.com\/NITUmx\/","medinacancun","https:\/\/twitter.com\/@Arturo_Medina_G"]},{"@type":"Person","@id":"https:\/\/nitu.mx\/#\/schema\/person\/4a28fe9bd65924f7c90623773daf1b0b","name":"Redacci\u00f3n","image":{"@type":"ImageObject","inLanguage":"es-MX","@id":"https:\/\/nitu.mx\/#\/schema\/person\/image\/","url":"https:\/\/secure.gravatar.com\/avatar\/5dd011c8ccfc5cd7e4c81e42252aab38?s=96&d=mm&r=g","contentUrl":"https:\/\/secure.gravatar.com\/avatar\/5dd011c8ccfc5cd7e4c81e42252aab38?s=96&d=mm&r=g","caption":"Redacci\u00f3n"},"url":"https:\/\/nitu.mx\/index.php\/author\/redaccion\/"}]}},"views":345,"_links":{"self":[{"href":"https:\/\/nitu.mx\/index.php\/wp-json\/wp\/v2\/posts\/57853"}],"collection":[{"href":"https:\/\/nitu.mx\/index.php\/wp-json\/wp\/v2\/posts"}],"about":[{"href":"https:\/\/nitu.mx\/index.php\/wp-json\/wp\/v2\/types\/post"}],"author":[{"embeddable":true,"href":"https:\/\/nitu.mx\/index.php\/wp-json\/wp\/v2\/users\/17"}],"replies":[{"embeddable":true,"href":"https:\/\/nitu.mx\/index.php\/wp-json\/wp\/v2\/comments?post=57853"}],"version-history":[{"count":2,"href":"https:\/\/nitu.mx\/index.php\/wp-json\/wp\/v2\/posts\/57853\/revisions"}],"predecessor-version":[{"id":57855,"href":"https:\/\/nitu.mx\/index.php\/wp-json\/wp\/v2\/posts\/57853\/revisions\/57855"}],"wp:featuredmedia":[{"embeddable":true,"href":"https:\/\/nitu.mx\/index.php\/wp-json\/wp\/v2\/media\/46863"}],"wp:attachment":[{"href":"https:\/\/nitu.mx\/index.php\/wp-json\/wp\/v2\/media?parent=57853"}],"wp:term":[{"taxonomy":"category","embeddable":true,"href":"https:\/\/nitu.mx\/index.php\/wp-json\/wp\/v2\/categories?post=57853"},{"taxonomy":"post_tag","embeddable":true,"href":"https:\/\/nitu.mx\/index.php\/wp-json\/wp\/v2\/tags?post=57853"}],"curies":[{"name":"wp","href":"https:\/\/api.w.org\/{rel}","templated":true}]}}